{"id":21652,"date":"2021-08-23T03:30:54","date_gmt":"2021-08-23T03:30:54","guid":{"rendered":"https:\/\/larevistadigital.com.ar\/blog\/?p=21652"},"modified":"2021-08-23T03:30:54","modified_gmt":"2021-08-23T03:30:54","slug":"chascomus-en-plena-pandemia-el-intendente-anuncio-el-carnaval-seis-meses-antes","status":"publish","type":"post","link":"https:\/\/larevistadigital.com.ar\/blog\/chascomus-en-plena-pandemia-el-intendente-anuncio-el-carnaval-seis-meses-antes\/","title":{"rendered":"CHASCOM\u00daS: EN PLENA PANDEMIA EL INTENDENTE ANUNCI\u00d3 EL CARNAVAL SEIS MESES ANTES"},"content":{"rendered":"<h3>El Comit\u00e9 de la UCR emiti\u00f3 un comunicado criticando la actitud del alcalde chascomunense Javier Gast\u00f3n que a continuaci\u00f3n reproducimos:<\/h3>\n<p><strong>Comit\u00e9 de la Uni\u00f3n C\u00edvica Radical<\/strong><\/p>\n<p><em><strong>\u201cLo hizo junto a la Subsecretaria de Cultura Julieta Spina cuando las personas sufren desempleo, inseguridad y<\/strong><\/em><br \/>\n<em><strong>problemas de salud\u201d<\/strong><\/em><\/p>\n<p><em><strong>El Comit\u00e9 Chascom\u00fas de la Uni\u00f3n C\u00edvica Radical, con la firma de Flavio Ponce (Presidente), Lorenza M\u00e1rquez (Vicepresidenta) y Ricardo Fas\u00e1n (Secretario) hizo llegar una nota a nuestra redacci\u00f3n que dice lo siguiente:<\/strong><\/em><\/p>\n<p><em><strong>\u201cMientras llevamos un a\u00f1o y medio de pandemia y quienes ocupan responsabilidades p\u00fablicas deber\u00edan estar planificando la salud de una forma m\u00e1s efectiva, teniendo en cuenta que la variante Delta puede golpearnos con una tercera ola, el Intendente nos sorprende en Facebook anunciando con bombos y platillos la vuelta del carnaval.<\/strong><\/em><br \/>\n<em><strong>\u00bfEn pleno mes de agosto se anuncian eventos festivos para dentro de seis meses? No podemos salir del asombro interpretando la intenci\u00f3n de seducir al electorado cuando deber\u00edamos estar debatiendo sobre las propuestas y la planificaci\u00f3n de c\u00f3mo activar la producci\u00f3n y el consumo local<\/strong><\/em><br \/>\n<em><strong>Nos gustar\u00eda estar debatiendo con nuestros equipos de salud y el gobierno como reestructurar el sistema de salud que desbord\u00f3 en plena pandemia. Aclaramos que cuando hablamos de salud hablamos de pol\u00edtica de salud y no de las personas. Nos referimos al funcionamiento y a la incapacidad de las autoridades municipales para gestionar la salud.<\/strong><\/em><br \/>\n<em><strong>Nos gustar\u00eda estar intercambiando ideas sobre seguridad cuando vemos los patrulleros en p\u00e9simo estado y con falta de financiamiento para garantizar la seguridad de los vecinos.<\/strong><\/em><br \/>\n<em><strong>Deber\u00edamos pensar c\u00f3mo recuperar el tiempo perdido por los estudiantes en los diferentes grados y a\u00f1os para asegurar una educaci\u00f3n digna.<\/strong><\/em><br \/>\n<em><strong>Tambi\u00e9n pensamos en que el gobierno local podr\u00eda haber hecho lugar al proyecto que presentamos de la consulta popular por el tratamiento de los residuos y aprovechar la PASO para all\u00ed consultar que piensan los vecinos.<\/strong><\/em><br \/>\n<em><strong>Evidentemente en la agenda del gobierno municipal las prioridades se fundan en eventos y entretenimientos con el objeto de distraer a los vecinos esquivando de esta forma ocuparse de los temas que hacen al verdadero bienestar de todos\u201d.<\/strong><\/em><\/p>\n","protected":false},"excerpt":{"rendered":"<div class=\"mh-excerpt\"><p>El Comit\u00e9 de la UCR emiti\u00f3 un comunicado criticando la actitud del alcalde chascomunense Javier Gast\u00f3n que a continuaci\u00f3n reproducimos: Comit\u00e9 de la Uni\u00f3n C\u00edvica Radical \u201cLo hizo junto a la Subsecretaria de Cultura Julieta <a class=\"mh-excerpt-more\" href=\"https:\/\/larevistadigital.com.ar\/blog\/chascomus-en-plena-pandemia-el-intendente-anuncio-el-carnaval-seis-meses-antes\/\" title=\"CHASCOM\u00daS: EN PLENA PANDEMIA EL INTENDENTE ANUNCI\u00d3 EL CARNAVAL SEIS MESES ANTES\">[Leer M\u00e1s]<\/a><\/p>\n<\/div>","protected":false},"author":3,"featured_media":21653,"comment_status":"open","ping_status":"open","sticky":false,"template":"","format":"standard","meta":{"_jetpack_memberships_contains_paid_content":false,"footnotes":"","jetpack_publicize_message":"","jetpack_publicize_feature_enabled":true,"jetpack_social_post_already_shared":true,"jetpack_social_options":{"image_generator_settings":{"template":"highway","default_image_id":0,"font":"","enabled":false},"version":2}},"categories":[41],"tags":[],"class_list":{"0":"post-21652","1":"post","2":"type-post","3":"status-publish","4":"format-standard","5":"has-post-thumbnail","7":"category-destacadas"},"jetpack_publicize_connections":[],"jetpack_featured_media_url":"https:\/\/i0.wp.com\/larevistadigital.com.ar\/blog\/wp-content\/uploads\/zoom-gaston-spina.png?fit=928%2C517&ssl=1","jetpack_sharing_enabled":true,"jetpack_shortlink":"https:\/\/wp.me\/p8qtrQ-5De","jetpack-related-posts":[{"id":24416,"url":"https:\/\/larevistadigital.com.ar\/blog\/homenaje-de-la-ucr-en-el-dia-internacional-de-la-mujer\/","url_meta":{"origin":21652,"position":0},"title":"HOMENAJE DE LA UCR EN EL D\u00cdA INTERNACIONAL DE LA MUJER","author":"Alejandro Sosa Ruda","date":"8 marzo, 2022","format":false,"excerpt":"Uni\u00f3n C\u00edvica Radical Comit\u00e9 Chascom\u00fas\u00a0\u00a0\u00a0\u00a0\u00a0\u00a0\u00a0\u00a0\u00a0\u00a0\u00a0\u00a0\u00a0\u00a0\u00a0\u00a0\u00a0\u00a0\u00a0\u00a0\u00a0\u00a0\u00a0\u00a0\u00a0\u00a0\u00a0\u00a0\u00a0\u00a0\u00a0\u00a0 8 de marzo de 2022 \u00a0 MARGARITA MALHARRO de TORRES (1921-11994) Profesora, activista y pol\u00edtica argentina, integrante de la Uni\u00f3n C\u00edvica Radical Autora de la Ley 24012.\u00a0 Ley de Cupo Femenino, aprobada en el a\u00f1o 1991. \u00a0 \u00a0\u00a0\u00a0\u00a0\u00a0\u00a0\u00a0\u00a0\u00a0\u00a0\u00a0\u00a0\u00a0\u00a0\u00a0\u00a0\u00a0\u00a0\u00a0\u00a0\u00a0\u00a0\u00a0\u00a0\u00a0\u00a0\u00a0\u00a0 Uni\u00f3n C\u00edvica Radical \u00a0\u00a0 Comit\u00e9 Chascom\u00fas\u00a0\u00a0\u00a0\u00a0\u00a0\u00a0\u00a0\u00a0\u00a0\u00a0\u00a0\u00a0\u00a0\u00a0\u00a0\u00a0\u00a0\u00a0\u00a0\u00a0\u00a0\u00a0\u00a0\u00a0\u00a0\u00a0\u00a0\u00a0\u00a0\u00a0\u00a0\u00a0 8\u2026","rel":"","context":"En \u00abINTERES GENERAL\u00bb","block_context":{"text":"INTERES GENERAL","link":"https:\/\/larevistadigital.com.ar\/blog\/category\/interes-general\/"},"img":{"alt_text":"","src":"https:\/\/i0.wp.com\/larevistadigital.com.ar\/blog\/wp-content\/uploads\/ESTE.jpg?fit=800%2C1154&ssl=1&resize=350%2C200","width":350,"height":200,"srcset":"https:\/\/i0.wp.com\/larevistadigital.com.ar\/blog\/wp-content\/uploads\/ESTE.jpg?fit=800%2C1154&ssl=1&resize=350%2C200 1x, https:\/\/i0.wp.com\/larevistadigital.com.ar\/blog\/wp-content\/uploads\/ESTE.jpg?fit=800%2C1154&ssl=1&resize=525%2C300 1.5x, https:\/\/i0.wp.com\/larevistadigital.com.ar\/blog\/wp-content\/uploads\/ESTE.jpg?fit=800%2C1154&ssl=1&resize=700%2C400 2x"},"classes":[]},{"id":20397,"url":"https:\/\/larevistadigital.com.ar\/blog\/el-presidente-de-la-ucr-cchascomus-cruzo-al-intendente-gaston-y-lo-trato-de-mentiroso\/","url_meta":{"origin":21652,"position":1},"title":"EL PRESIDENTE DE LA UCR CCHASCOM\u00daS CRUZ\u00d3 AL INTENDENTE GAST\u00d3N Y LO TRAT\u00d3 DE MENTIROSO","author":"Alejandro Sosa Ruda","date":"21 mayo, 2021","format":false,"excerpt":"En una nota a la p\u00e1gina web CRONOS, El presidente de la Uni\u00f3n C\u00edvica Radical de Chascom\u00fas se refiri\u00f3 a las declaraciones del intendente del Frente de Todos, Javier Gast\u00f3n, donde dispar\u00f3: \u201cEl intendente miente y falazmente ha dicho que no colaboramos en llevar tranquilidad a la poblaci\u00f3n\u201d CHASCOM\u00daS -\u2026","rel":"","context":"En \u00abINTERES GENERAL\u00bb","block_context":{"text":"INTERES GENERAL","link":"https:\/\/larevistadigital.com.ar\/blog\/category\/interes-general\/"},"img":{"alt_text":"","src":"https:\/\/i0.wp.com\/larevistadigital.com.ar\/blog\/wp-content\/uploads\/flavio-ponce-2.jpg?fit=800%2C911&ssl=1&resize=350%2C200","width":350,"height":200,"srcset":"https:\/\/i0.wp.com\/larevistadigital.com.ar\/blog\/wp-content\/uploads\/flavio-ponce-2.jpg?fit=800%2C911&ssl=1&resize=350%2C200 1x, https:\/\/i0.wp.com\/larevistadigital.com.ar\/blog\/wp-content\/uploads\/flavio-ponce-2.jpg?fit=800%2C911&ssl=1&resize=525%2C300 1.5x, https:\/\/i0.wp.com\/larevistadigital.com.ar\/blog\/wp-content\/uploads\/flavio-ponce-2.jpg?fit=800%2C911&ssl=1&resize=700%2C400 2x"},"classes":[]},{"id":19587,"url":"https:\/\/larevistadigital.com.ar\/blog\/19587-2\/","url_meta":{"origin":21652,"position":2},"title":"LA UCR LOCAL EMITI\u00d3 UN COMUNICADO","author":"Alejandro Sosa Ruda","date":"3 abril, 2021","format":false,"excerpt":"COMUNICADO DE LA UNION CIVICA RADICAL DE CHASCOMUS Frente a la gravedad de la pandemia Necesitamos que se abra al di\u00e1logo Intendente y que se acaben las decisiones a puertas cerradas En estos \u00faltimos d\u00edas es de p\u00fablico conocimiento el incremento de infectados por Covid19 con la novedad que han\u2026","rel":"","context":"En \u00abCHASCOM\u00daS\u00bb","block_context":{"text":"CHASCOM\u00daS","link":"https:\/\/larevistadigital.com.ar\/blog\/category\/chascomus\/"},"img":{"alt_text":"","src":"https:\/\/i0.wp.com\/larevistadigital.com.ar\/blog\/wp-content\/uploads\/ucr_elfuerte-02deoctubre.jpg?fit=737%2C415&ssl=1&resize=350%2C200","width":350,"height":200,"srcset":"https:\/\/i0.wp.com\/larevistadigital.com.ar\/blog\/wp-content\/uploads\/ucr_elfuerte-02deoctubre.jpg?fit=737%2C415&ssl=1&resize=350%2C200 1x, https:\/\/i0.wp.com\/larevistadigital.com.ar\/blog\/wp-content\/uploads\/ucr_elfuerte-02deoctubre.jpg?fit=737%2C415&ssl=1&resize=525%2C300 1.5x, https:\/\/i0.wp.com\/larevistadigital.com.ar\/blog\/wp-content\/uploads\/ucr_elfuerte-02deoctubre.jpg?fit=737%2C415&ssl=1&resize=700%2C400 2x"},"classes":[]},{"id":6716,"url":"https:\/\/larevistadigital.com.ar\/blog\/chascomus-lista-unica-para-la-conduccion-de-la-ucr\/","url_meta":{"origin":21652,"position":3},"title":"CHASCOM\u00daS: LISTA \u00daNICA PARA LA CONDUCCI\u00d3N DE LA UCR","author":"Alejandro Sosa Ruda","date":"2 octubre, 2018","format":false,"excerpt":"La preside An\u00edbal Jos\u00e9 Maffeo, acompa\u00f1ado por Miguel A. Cerimele, Ana Alfons\u00edn, Mar\u00eda Laura M\u00e1rquez y Ana Mar\u00eda de Otaz\u00faa en los primeros lugares y cuenta con el consenso de las diferentes agrupaciones internas. El Comit\u00e9 local de la Uni\u00f3n C\u00edvica Radical Chascom\u00fas informa que, en cumplimiento con lo determinado\u2026","rel":"","context":"En \u00abPOLITICA\u00bb","block_context":{"text":"POLITICA","link":"https:\/\/larevistadigital.com.ar\/blog\/category\/politica\/"},"img":{"alt_text":"","src":"https:\/\/i0.wp.com\/larevistadigital.com.ar\/blog\/wp-content\/uploads\/2018\/10\/mafeo_02deoctubrede2018_elfuerte.jpg?fit=737%2C415&ssl=1&resize=350%2C200","width":350,"height":200,"srcset":"https:\/\/i0.wp.com\/larevistadigital.com.ar\/blog\/wp-content\/uploads\/2018\/10\/mafeo_02deoctubrede2018_elfuerte.jpg?fit=737%2C415&ssl=1&resize=350%2C200 1x, https:\/\/i0.wp.com\/larevistadigital.com.ar\/blog\/wp-content\/uploads\/2018\/10\/mafeo_02deoctubrede2018_elfuerte.jpg?fit=737%2C415&ssl=1&resize=525%2C300 1.5x, https:\/\/i0.wp.com\/larevistadigital.com.ar\/blog\/wp-content\/uploads\/2018\/10\/mafeo_02deoctubrede2018_elfuerte.jpg?fit=737%2C415&ssl=1&resize=700%2C400 2x"},"classes":[]},{"id":911,"url":"https:\/\/larevistadigital.com.ar\/blog\/se-crea-chascomus-instituto-formacion-politicas-publicas-raul-alfonsin\/","url_meta":{"origin":21652,"position":4},"title":"Se crea en Chascom\u00fas el Instituto de Formaci\u00f3n en Pol\u00edticas P\u00fablicas Ra\u00fal Alfons\u00edn","author":"Alejandro Sosa Ruda","date":"10 marzo, 2017","format":false,"excerpt":"Con el prop\u00f3sito de poner en alto las banderas hist\u00f3ricas de la Uni\u00f3n C\u00edvica Radical; esos ideales que forjaron nuestros pr\u00f3ceres y de generar una usina de pensamiento radical como herramienta de fortalecimiento de nuestro centenario partido , el Comit\u00e9 de la Uni\u00f3n C\u00edvica Radical de Chascom\u00fas formalizar\u00e1 la creaci\u00f3n\u2026","rel":"","context":"En \u00abCHASCOM\u00daS\u00bb","block_context":{"text":"CHASCOM\u00daS","link":"https:\/\/larevistadigital.com.ar\/blog\/category\/chascomus\/"},"img":{"alt_text":"","src":"https:\/\/i0.wp.com\/larevistadigital.com.ar\/blog\/wp-content\/uploads\/2017\/03\/UCR.jpg?fit=1200%2C675&ssl=1&resize=350%2C200","width":350,"height":200,"srcset":"https:\/\/i0.wp.com\/larevistadigital.com.ar\/blog\/wp-content\/uploads\/2017\/03\/UCR.jpg?fit=1200%2C675&ssl=1&resize=350%2C200 1x, https:\/\/i0.wp.com\/larevistadigital.com.ar\/blog\/wp-content\/uploads\/2017\/03\/UCR.jpg?fit=1200%2C675&ssl=1&resize=525%2C300 1.5x, https:\/\/i0.wp.com\/larevistadigital.com.ar\/blog\/wp-content\/uploads\/2017\/03\/UCR.jpg?fit=1200%2C675&ssl=1&resize=700%2C400 2x, https:\/\/i0.wp.com\/larevistadigital.com.ar\/blog\/wp-content\/uploads\/2017\/03\/UCR.jpg?fit=1200%2C675&ssl=1&resize=1050%2C600 3x"},"classes":[]},{"id":25090,"url":"https:\/\/larevistadigital.com.ar\/blog\/la-comision-de-salud-de-la-ucr-establecio-el-cronograma-de-temas-a-trabajar\/","url_meta":{"origin":21652,"position":5},"title":"CHASCOM\u00daS: LA COMISI\u00d3N DE SALUD DE LA UCR ESTABLECI\u00d3 EL CRONOGRAMA DE TEMAS A TRABAJAR\u00a0","author":"Alejandro Sosa Ruda","date":"15 abril, 2022","format":false,"excerpt":"Inform\u00f3 el Comit\u00e9 de la UCR de Chascom\u00fas: Los Dres. Santiago Dos Santos, Jos\u00e9 Karger\u00a0\u00a0y Osvaldo Batissacchi que\u00a0\u00a0coordinan la comisi\u00f3n de salud diagramaron un plan de trabajo. Se estableci\u00f3 una agenda sobre los problemas del sistema de salud en nuestro distrito y los coordinadores establecieron\u00a0\u00a0los temas que se trataran de\u2026","rel":"","context":"En \u00abINTERES GENERAL\u00bb","block_context":{"text":"INTERES GENERAL","link":"https:\/\/larevistadigital.com.ar\/blog\/category\/interes-general\/"},"img":{"alt_text":"","src":"https:\/\/i0.wp.com\/larevistadigital.com.ar\/blog\/wp-content\/uploads\/WhatsApp-Image-2022-04-15-at-1.54.43-PM.jpeg?fit=536%2C319&ssl=1&resize=350%2C200","width":350,"height":200,"srcset":"https:\/\/i0.wp.com\/larevistadigital.com.ar\/blog\/wp-content\/uploads\/WhatsApp-Image-2022-04-15-at-1.54.43-PM.jpeg?fit=536%2C319&ssl=1&resize=350%2C200 1x, https:\/\/i0.wp.com\/larevistadigital.com.ar\/blog\/wp-content\/uploads\/WhatsApp-Image-2022-04-15-at-1.54.43-PM.jpeg?fit=536%2C319&ssl=1&resize=525%2C300 1.5x"},"classes":[]}],"_links":{"self":[{"href":"https:\/\/larevistadigital.com.ar\/blog\/wp-json\/wp\/v2\/posts\/21652","targetHints":{"allow":["GET"]}}],"collection":[{"href":"https:\/\/larevistadigital.com.ar\/blog\/wp-json\/wp\/v2\/posts"}],"about":[{"href":"https:\/\/larevistadigital.com.ar\/blog\/wp-json\/wp\/v2\/types\/post"}],"author":[{"embeddable":true,"href":"https:\/\/larevistadigital.com.ar\/blog\/wp-json\/wp\/v2\/users\/3"}],"replies":[{"embeddable":true,"href":"https:\/\/larevistadigital.com.ar\/blog\/wp-json\/wp\/v2\/comments?post=21652"}],"version-history":[{"count":1,"href":"https:\/\/larevistadigital.com.ar\/blog\/wp-json\/wp\/v2\/posts\/21652\/revisions"}],"predecessor-version":[{"id":21654,"href":"https:\/\/larevistadigital.com.ar\/blog\/wp-json\/wp\/v2\/posts\/21652\/revisions\/21654"}],"wp:featuredmedia":[{"embeddable":true,"href":"https:\/\/larevistadigital.com.ar\/blog\/wp-json\/wp\/v2\/media\/21653"}],"wp:attachment":[{"href":"https:\/\/larevistadigital.com.ar\/blog\/wp-json\/wp\/v2\/media?parent=21652"}],"wp:term":[{"taxonomy":"category","embeddable":true,"href":"https:\/\/larevistadigital.com.ar\/blog\/wp-json\/wp\/v2\/categories?post=21652"},{"taxonomy":"post_tag","embeddable":true,"href":"https:\/\/larevistadigital.com.ar\/blog\/wp-json\/wp\/v2\/tags?post=21652"}],"curies":[{"name":"wp","href":"https:\/\/api.w.org\/{rel}","templated":true}]}}