{"id":21764,"date":"2021-08-30T13:01:37","date_gmt":"2021-08-30T13:01:37","guid":{"rendered":"https:\/\/larevistadigital.com.ar\/blog\/?p=21764"},"modified":"2021-08-30T13:17:53","modified_gmt":"2021-08-30T13:17:53","slug":"en-una-manana-chascomus-recibio-a-margarita-stolbizer-cristian-ritondo-y-alejandro-rabinovich-como-una-fuerte-muestra-de-apoyo-a-la-candidatura-de-ramiro-ferrante","status":"publish","type":"post","link":"https:\/\/larevistadigital.com.ar\/blog\/en-una-manana-chascomus-recibio-a-margarita-stolbizer-cristian-ritondo-y-alejandro-rabinovich-como-una-fuerte-muestra-de-apoyo-a-la-candidatura-de-ramiro-ferrante\/","title":{"rendered":"EN UNA MA\u00d1ANA, CHASCOM\u00daS RECIBI\u00d3 A MARGARITA STOLBIZER, CRISTIAN RITONDO Y ALEJANDRO RABINOVICH COMO UNA FUERTE MUESTRA DE APOYO A LA CANDIDATURA DE RAMIRO FERRANTE"},"content":{"rendered":"<h2>La \u00faltima semana, tuvo una ma\u00f1ana movida que prestigi\u00f3 la ciudad con visitas de personajes pol\u00edticos de primera l\u00ednea, que se hicieron presentes en el marco de las pr\u00f3ximas PASO de septiembre, para apoyar al precandidato de Juntos, <strong>Ramiro Ferrante<\/strong>.<\/h2>\n<p><strong>CHASCOM\u00daS &#8211;<\/strong> Como lo expresamos en el t\u00edtulo de la nota, la semana pasada, m\u00e1s precisamente el \u00faltimo viernes, tuvo un gran movimiento de pol\u00edticos de primera l\u00ednea que se acercaron a la ciudad a prestar su apoyo a la candidatura de <strong>Ramiro Ferrante<\/strong>, como referente de \u00abJuntos\u00bb en la ciudad de Chascom\u00fas.<\/p>\n<p>Este importante respaldo a Ferrante, no solo implica la confianza de las autoridades de Juntos, hacia el candidato local, sino que adem\u00e1s deja en evidencia que se ve a Ferrante como un serio postulante a la intendencia de la ciudad, en los comicios de 2023, y que lo ven como \u00absu candidato\u00bb.<\/p>\n<blockquote>\n<h3>De esta manera, la primera en llegar fue la l\u00edder del Partido GEN, <strong>Margarita Stolbizer<\/strong>, recibi\u00f3 a la prensa, para luego, cruzar a la Plaza Independencia, y\u00a0 acompa\u00f1ar la presentaci\u00f3n del proyecto para modernizar la normativa de \u00abAcceso a la informaci\u00f3n P\u00fablica\u00bb, dirigiendo unas palabras a los presentes.<\/h3>\n<\/blockquote>\n<p><em><strong><img data-recalc-dims=\"1\" loading=\"lazy\" decoding=\"async\" class=\"size-full wp-image-21779 alignright\" src=\"https:\/\/i0.wp.com\/larevistadigital.com.ar\/blog\/wp-content\/uploads\/Untitled-2-1.png?resize=1024%2C576&#038;ssl=1\" alt=\"\" width=\"1024\" height=\"576\" srcset=\"https:\/\/i0.wp.com\/larevistadigital.com.ar\/blog\/wp-content\/uploads\/Untitled-2-1.png?w=1024&amp;ssl=1 1024w, https:\/\/i0.wp.com\/larevistadigital.com.ar\/blog\/wp-content\/uploads\/Untitled-2-1.png?resize=300%2C169&amp;ssl=1 300w, https:\/\/i0.wp.com\/larevistadigital.com.ar\/blog\/wp-content\/uploads\/Untitled-2-1.png?resize=768%2C432&amp;ssl=1 768w, https:\/\/i0.wp.com\/larevistadigital.com.ar\/blog\/wp-content\/uploads\/Untitled-2-1.png?resize=678%2C381&amp;ssl=1 678w\" sizes=\"auto, (max-width: 1000px) 100vw, 1000px\" \/>\u00abEstamos haciendo una campa\u00f1a con propuesta, hay que dar un salto de calidad en el debate de la pol\u00edtica, un debate que viene muy pobre, hay que terminar con la grieta, con la culpa es del anterior\u00bb<\/strong><\/em>, dijo la precandidata a Diputada.<\/p>\n<p>Luego culmin\u00f3 diciendo que<strong><em> \u00abHay que poner contenido. Justicia, transparencia y derechos humanos, igualdad de g\u00e9nero, jubilados, econom\u00eda y empleo, son los ejes en que se basa mi propuesta\u00bb.<\/em><\/strong><\/p>\n<p><strong>RITONDO CON FERRANTE:<\/strong><\/p>\n<p><img data-recalc-dims=\"1\" loading=\"lazy\" decoding=\"async\" class=\"size-full wp-image-21781 alignright\" src=\"https:\/\/i0.wp.com\/larevistadigital.com.ar\/blog\/wp-content\/uploads\/FERRANTE-RITONDO.png?resize=527%2C612&#038;ssl=1\" alt=\"\" width=\"527\" height=\"612\" srcset=\"https:\/\/i0.wp.com\/larevistadigital.com.ar\/blog\/wp-content\/uploads\/FERRANTE-RITONDO.png?w=527&amp;ssl=1 527w, https:\/\/i0.wp.com\/larevistadigital.com.ar\/blog\/wp-content\/uploads\/FERRANTE-RITONDO.png?resize=258%2C300&amp;ssl=1 258w\" sizes=\"auto, (max-width: 527px) 100vw, 527px\" \/>En su paso por Chascom\u00fas, <strong>Ritondo<\/strong> dijo que su presencia era para reafirmar la candidatura de Ramiro en Chascom\u00fas y el Colo Santilli en la provincia.<\/p>\n<p>Luego se dirigi\u00f3 al tema seguridad, afirmando que <em><strong>\u00abse ha dejado de dar las peleas contra el narcotr\u00e1fico, los barras bravas y otras que en realidad significaron un retroceso en la materia, asegurando que los vecinos me lo dicen todos los d\u00edas, agregando que con la decisi\u00f3n pol\u00edtica que hab\u00eda que largar a los presos, volvieron los ladrones, los que encarcelamos por violentos, por vender drogas, volvieron los violadores y los homicidas. Se trata de estar del lado de los delincuentes o de la gente y nosotros estamos del lado de la gente\u00bb<\/strong><\/em>.<\/p>\n<h3>Dijo a su vez, que la mayor preocupaci\u00f3n de la gente es la proliferaci\u00f3n de la droga y los transas, porque conocen la realidad que parece que hoy las autoridades no ven.<\/h3>\n<p>Record\u00f3 tambi\u00e9n que <strong><em>\u00abustedes se acuerdan cuando vinieron los fondos que envi\u00e9 a Chascom\u00fas y se hizo el Centro de Monitoreo nuevo&#8230; Hoy llegu\u00e9, y la gente me dice que las c\u00e1maras no funcionan. Luego, miro los patrulleros, y son los mismos que entregue yo cuando era ministro. La pol\u00edtica de seguridad no es un verso en la televisi\u00f3n. Siempre atendimos las necesidades de Chascom\u00fas y nunca nos fijamos en el color pol\u00edtico de la ciudad.\u00bb<\/em><\/strong><\/p>\n<p>&nbsp;<\/p>\n<p>&nbsp;<\/p>\n","protected":false},"excerpt":{"rendered":"<div class=\"mh-excerpt\"><p>La \u00faltima semana, tuvo una ma\u00f1ana movida que prestigi\u00f3 la ciudad con visitas de personajes pol\u00edticos de primera l\u00ednea, que se hicieron presentes en el marco de las pr\u00f3ximas PASO de septiembre, para apoyar al <a class=\"mh-excerpt-more\" href=\"https:\/\/larevistadigital.com.ar\/blog\/en-una-manana-chascomus-recibio-a-margarita-stolbizer-cristian-ritondo-y-alejandro-rabinovich-como-una-fuerte-muestra-de-apoyo-a-la-candidatura-de-ramiro-ferrante\/\" title=\"EN UNA MA\u00d1ANA, CHASCOM\u00daS RECIBI\u00d3 A MARGARITA STOLBIZER, CRISTIAN RITONDO Y ALEJANDRO RABINOVICH COMO UNA FUERTE MUESTRA DE APOYO A LA CANDIDATURA DE RAMIRO FERRANTE\">[Leer M\u00e1s]<\/a><\/p>\n<\/div>","protected":false},"author":3,"featured_media":21784,"comment_status":"open","ping_status":"open","sticky":false,"template":"","format":"standard","meta":{"_jetpack_memberships_contains_paid_content":false,"footnotes":"","jetpack_publicize_message":"","jetpack_publicize_feature_enabled":true,"jetpack_social_post_already_shared":true,"jetpack_social_options":{"image_generator_settings":{"template":"highway","default_image_id":0,"font":"","enabled":false},"version":2}},"categories":[50],"tags":[],"class_list":{"0":"post-21764","1":"post","2":"type-post","3":"status-publish","4":"format-standard","5":"has-post-thumbnail","7":"category-interes-general"},"jetpack_publicize_connections":[],"jetpack_featured_media_url":"https:\/\/i0.wp.com\/larevistadigital.com.ar\/blog\/wp-content\/uploads\/240635266_121617483543113_4429363978634178555_n-1-e1630329462851.jpg?fit=1439%2C763&ssl=1","jetpack_sharing_enabled":true,"jetpack_shortlink":"https:\/\/wp.me\/p8qtrQ-5F2","jetpack-related-posts":[{"id":21380,"url":"https:\/\/larevistadigital.com.ar\/blog\/el-colo-santilli-visita-chascomus-el-dia-de-manana-en-una-clara-muestra-de-apoyo-a-la-lista-que-encabeza-ramiro-ferrante\/","url_meta":{"origin":21764,"position":0},"title":"EL \u00abCOLO\u00bb SANTILLI VISITA CHASCOM\u00daS EL D\u00cdA DE MA\u00d1ANA, EN UNA CLARA MUESTRA DE APOYO A LA LISTA QUE ENCABEZA RAMIRO FERRANTE","author":"Alejandro Sosa Ruda","date":"4 agosto, 2021","format":false,"excerpt":"CHASCOM\u00daS - Durante el d\u00eda de ma\u00f1ana, se har\u00e1 presente en la ciudad de Chascom\u00fas, el precandidato a Diputado Nacional Diego Santilli, a efectos de acompa\u00f1ar la lista de unidad que se conform\u00f3 a nivel local y apoyar a Ramiro Ferrante, que encabeza la misma. De esta manera se da\u2026","rel":"","context":"En \u00abINTERES GENERAL\u00bb","block_context":{"text":"INTERES GENERAL","link":"https:\/\/larevistadigital.com.ar\/blog\/category\/interes-general\/"},"img":{"alt_text":"","src":"https:\/\/i0.wp.com\/larevistadigital.com.ar\/blog\/wp-content\/uploads\/FERRANTE-SANTILLI.jpg?fit=943%2C446&ssl=1&resize=350%2C200","width":350,"height":200,"srcset":"https:\/\/i0.wp.com\/larevistadigital.com.ar\/blog\/wp-content\/uploads\/FERRANTE-SANTILLI.jpg?fit=943%2C446&ssl=1&resize=350%2C200 1x, https:\/\/i0.wp.com\/larevistadigital.com.ar\/blog\/wp-content\/uploads\/FERRANTE-SANTILLI.jpg?fit=943%2C446&ssl=1&resize=525%2C300 1.5x, https:\/\/i0.wp.com\/larevistadigital.com.ar\/blog\/wp-content\/uploads\/FERRANTE-SANTILLI.jpg?fit=943%2C446&ssl=1&resize=700%2C400 2x"},"classes":[]},{"id":22308,"url":"https:\/\/larevistadigital.com.ar\/blog\/con-galeria-de-fotos-de-la-mano-de-ramiro-ferrante-y-con-importante-acompanamiento-diego-santilli-visito-chascomus\/","url_meta":{"origin":21764,"position":1},"title":"[CON GALER\u00cdA DE FOTOS] DE LA MANO DE RAMIRO FERRANTE, Y CON IMPORTANTE ACOMPA\u00d1AMIENTO, DIEGO SANTILLI VISIT\u00d3 CHASCOM\u00daS","author":"Alejandro Sosa Ruda","date":"11 octubre, 2021","format":false,"excerpt":"Lleg\u00f3 nuevamente a la ciudad, como muestra de apoyo mutuo con el candidato a concejal y referente del espacio, Ramiro Ferrante. Se reunieron con vecinos y simpatizantes que brindaron muestras de afecto y compromiso. CHASCOM\u00daS - Durante la jornada de ayer, estuvo en la ciudad de Chascom\u00fas, el primer candidato\u2026","rel":"","context":"En \u00abDESTACADAS\u00bb","block_context":{"text":"DESTACADAS","link":"https:\/\/larevistadigital.com.ar\/blog\/category\/destacadas\/"},"img":{"alt_text":"","src":"https:\/\/i0.wp.com\/larevistadigital.com.ar\/blog\/wp-content\/uploads\/WhatsApp-Image-2021-10-10-at-19.32.43.jpeg?fit=1200%2C900&ssl=1&resize=350%2C200","width":350,"height":200,"srcset":"https:\/\/i0.wp.com\/larevistadigital.com.ar\/blog\/wp-content\/uploads\/WhatsApp-Image-2021-10-10-at-19.32.43.jpeg?fit=1200%2C900&ssl=1&resize=350%2C200 1x, https:\/\/i0.wp.com\/larevistadigital.com.ar\/blog\/wp-content\/uploads\/WhatsApp-Image-2021-10-10-at-19.32.43.jpeg?fit=1200%2C900&ssl=1&resize=525%2C300 1.5x, https:\/\/i0.wp.com\/larevistadigital.com.ar\/blog\/wp-content\/uploads\/WhatsApp-Image-2021-10-10-at-19.32.43.jpeg?fit=1200%2C900&ssl=1&resize=700%2C400 2x, https:\/\/i0.wp.com\/larevistadigital.com.ar\/blog\/wp-content\/uploads\/WhatsApp-Image-2021-10-10-at-19.32.43.jpeg?fit=1200%2C900&ssl=1&resize=1050%2C600 3x"},"classes":[]},{"id":2696,"url":"https:\/\/larevistadigital.com.ar\/blog\/chascomus-federico-pinedo-acompano-a-ramiro-ferrante-en-el-timbreo-de-cambiemos\/","url_meta":{"origin":21764,"position":2},"title":"CHASCOM\u00daS: FEDERICO PINEDO ACOMPA\u00d1\u00d3 A RAMIRO FERRANTE EN EL TIMBREO DE CAMBIEMOS","author":"Alejandro Sosa Ruda","date":"22 julio, 2017","format":false,"excerpt":"El Presidente provisional del Senado de la Naci\u00f3n, Federico Pinedo, acompa\u00f1\u00f3 al precandidato a Concejal por Cambiemos, Ramiro Ferrante durante el timbreo realizado en la ma\u00f1ana de hoy. Pinedo arrib\u00f3 a la ciudad a las 10 de la ma\u00f1ana y se dirigi\u00f3 al local de Cambiemos en la calle Belgrano\u2026","rel":"","context":"En \u00abCHASCOM\u00daS\u00bb","block_context":{"text":"CHASCOM\u00daS","link":"https:\/\/larevistadigital.com.ar\/blog\/category\/chascomus\/"},"img":{"alt_text":"","src":"https:\/\/i0.wp.com\/larevistadigital.com.ar\/blog\/wp-content\/uploads\/2017\/07\/WhatsApp-Image-2017-07-22-at-15.59.32.jpeg?fit=1032%2C581&ssl=1&resize=350%2C200","width":350,"height":200,"srcset":"https:\/\/i0.wp.com\/larevistadigital.com.ar\/blog\/wp-content\/uploads\/2017\/07\/WhatsApp-Image-2017-07-22-at-15.59.32.jpeg?fit=1032%2C581&ssl=1&resize=350%2C200 1x, https:\/\/i0.wp.com\/larevistadigital.com.ar\/blog\/wp-content\/uploads\/2017\/07\/WhatsApp-Image-2017-07-22-at-15.59.32.jpeg?fit=1032%2C581&ssl=1&resize=525%2C300 1.5x, https:\/\/i0.wp.com\/larevistadigital.com.ar\/blog\/wp-content\/uploads\/2017\/07\/WhatsApp-Image-2017-07-22-at-15.59.32.jpeg?fit=1032%2C581&ssl=1&resize=700%2C400 2x"},"classes":[]},{"id":32678,"url":"https:\/\/larevistadigital.com.ar\/blog\/chascomus-ramiro-ferrante-la-renovacion-en-la-politica-es-la-clave\/","url_meta":{"origin":21764,"position":3},"title":"CHASCOM\u00daS: RAMIRO FERRANTE \u00abLA RENOVACI\u00d3N EN LA POL\u00cdTICA ES LA CLAVE\u00bb","author":"Alejandro Sosa Ruda","date":"31 julio, 2023","format":false,"excerpt":"El precandidato a intendente Ramiro Ferrante reflexion\u00f3 luego del triunfo de Ignacio Torres de Juntos por el Cambio en Chubut. 31 de julio de 2023 CHASCOM\u00daS -\u00a0 La aguda crisis socio-econ\u00f3mica y el descreimiento de la gente, presentan un escenario adverso y al mismo tiempo de oportunidades en este a\u00f1o\u2026","rel":"","context":"En \u00abINTERES GENERAL\u00bb","block_context":{"text":"INTERES GENERAL","link":"https:\/\/larevistadigital.com.ar\/blog\/category\/interes-general\/"},"img":{"alt_text":"","src":"https:\/\/i0.wp.com\/larevistadigital.com.ar\/blog\/wp-content\/uploads\/WhatsApp-Image-2023-07-31-at-13.21.49-1.jpeg?fit=905%2C510&ssl=1&resize=350%2C200","width":350,"height":200,"srcset":"https:\/\/i0.wp.com\/larevistadigital.com.ar\/blog\/wp-content\/uploads\/WhatsApp-Image-2023-07-31-at-13.21.49-1.jpeg?fit=905%2C510&ssl=1&resize=350%2C200 1x, https:\/\/i0.wp.com\/larevistadigital.com.ar\/blog\/wp-content\/uploads\/WhatsApp-Image-2023-07-31-at-13.21.49-1.jpeg?fit=905%2C510&ssl=1&resize=525%2C300 1.5x, https:\/\/i0.wp.com\/larevistadigital.com.ar\/blog\/wp-content\/uploads\/WhatsApp-Image-2023-07-31-at-13.21.49-1.jpeg?fit=905%2C510&ssl=1&resize=700%2C400 2x"},"classes":[]},{"id":21941,"url":"https:\/\/larevistadigital.com.ar\/blog\/amplio-triunfo-de-ramiro-ferrante-en-chascomus\/","url_meta":{"origin":21764,"position":4},"title":"AMPLIO TRIUNFO DE RAMIRO FERRANTE EN CHASCOM\u00daS ( actualizado )","author":"Alejandro Sosa Ruda","date":"12 septiembre, 2021","format":false,"excerpt":"Ferrante se afianza en una arrolladora victoria en Chascom\u00fas CHASCOM\u00daS - Los \u00faltimos resultados parciales, en donde los guarismos son los siguientes: \u00a0JUNTOS - Ramiro Ferrante consigui\u00f3 el 54;00 % de los sufragios con 5408 votos \u00a0FRENTE DE TODOS\u00a0 - Julieta Spina con el 27,1% de los sufragios con 2711\u2026","rel":"","context":"En \u00abDESTACADAS\u00bb","block_context":{"text":"DESTACADAS","link":"https:\/\/larevistadigital.com.ar\/blog\/category\/destacadas\/"},"img":{"alt_text":"","src":"https:\/\/i0.wp.com\/larevistadigital.com.ar\/blog\/wp-content\/uploads\/paso2019.jpg?fit=1004%2C565&ssl=1&resize=350%2C200","width":350,"height":200,"srcset":"https:\/\/i0.wp.com\/larevistadigital.com.ar\/blog\/wp-content\/uploads\/paso2019.jpg?fit=1004%2C565&ssl=1&resize=350%2C200 1x, https:\/\/i0.wp.com\/larevistadigital.com.ar\/blog\/wp-content\/uploads\/paso2019.jpg?fit=1004%2C565&ssl=1&resize=525%2C300 1.5x, https:\/\/i0.wp.com\/larevistadigital.com.ar\/blog\/wp-content\/uploads\/paso2019.jpg?fit=1004%2C565&ssl=1&resize=700%2C400 2x"},"classes":[]},{"id":21251,"url":"https:\/\/larevistadigital.com.ar\/blog\/cierre-de-listas-en-chascomus-ramiro-ferrante-consiguio-la-unidad-casi-total-y-va-arriba-con-santilli-y-manes\/","url_meta":{"origin":21764,"position":5},"title":"CIERRE DE LISTAS EN CHASCOM\u00daS: RAMIRO FERRANTE CONSIGUI\u00d3 LA UNIDAD CASI TOTAL, Y VA \u00abARRIBA\u00bb CON SANTILLI Y MANES","author":"Alejandro Sosa Ruda","date":"24 julio, 2021","format":false,"excerpt":"CHASCOM\u00daS -\u00a0Luego de varios idas y vueltas, varias conversaciones y mucha \"rosca\", el espacio de \"Juntos\" que propone a Ramiro Ferrante como primer candidato a concejal, consigui\u00f3 una tan buscada unidad que fue casi total. De esta manera, la lista local estar\u00e1 en las dos listas que se presentar\u00e1n en\u2026","rel":"","context":"En \u00abINTERES GENERAL\u00bb","block_context":{"text":"INTERES GENERAL","link":"https:\/\/larevistadigital.com.ar\/blog\/category\/interes-general\/"},"img":{"alt_text":"","src":"https:\/\/i0.wp.com\/larevistadigital.com.ar\/blog\/wp-content\/uploads\/221732368_1638095529729267_160552958574296564_n.jpg?fit=843%2C843&ssl=1&resize=350%2C200","width":350,"height":200,"srcset":"https:\/\/i0.wp.com\/larevistadigital.com.ar\/blog\/wp-content\/uploads\/221732368_1638095529729267_160552958574296564_n.jpg?fit=843%2C843&ssl=1&resize=350%2C200 1x, https:\/\/i0.wp.com\/larevistadigital.com.ar\/blog\/wp-content\/uploads\/221732368_1638095529729267_160552958574296564_n.jpg?fit=843%2C843&ssl=1&resize=525%2C300 1.5x, https:\/\/i0.wp.com\/larevistadigital.com.ar\/blog\/wp-content\/uploads\/221732368_1638095529729267_160552958574296564_n.jpg?fit=843%2C843&ssl=1&resize=700%2C400 2x"},"classes":[]}],"_links":{"self":[{"href":"https:\/\/larevistadigital.com.ar\/blog\/wp-json\/wp\/v2\/posts\/21764","targetHints":{"allow":["GET"]}}],"collection":[{"href":"https:\/\/larevistadigital.com.ar\/blog\/wp-json\/wp\/v2\/posts"}],"about":[{"href":"https:\/\/larevistadigital.com.ar\/blog\/wp-json\/wp\/v2\/types\/post"}],"author":[{"embeddable":true,"href":"https:\/\/larevistadigital.com.ar\/blog\/wp-json\/wp\/v2\/users\/3"}],"replies":[{"embeddable":true,"href":"https:\/\/larevistadigital.com.ar\/blog\/wp-json\/wp\/v2\/comments?post=21764"}],"version-history":[{"count":6,"href":"https:\/\/larevistadigital.com.ar\/blog\/wp-json\/wp\/v2\/posts\/21764\/revisions"}],"predecessor-version":[{"id":21785,"href":"https:\/\/larevistadigital.com.ar\/blog\/wp-json\/wp\/v2\/posts\/21764\/revisions\/21785"}],"wp:featuredmedia":[{"embeddable":true,"href":"https:\/\/larevistadigital.com.ar\/blog\/wp-json\/wp\/v2\/media\/21784"}],"wp:attachment":[{"href":"https:\/\/larevistadigital.com.ar\/blog\/wp-json\/wp\/v2\/media?parent=21764"}],"wp:term":[{"taxonomy":"category","embeddable":true,"href":"https:\/\/larevistadigital.com.ar\/blog\/wp-json\/wp\/v2\/categories?post=21764"},{"taxonomy":"post_tag","embeddable":true,"href":"https:\/\/larevistadigital.com.ar\/blog\/wp-json\/wp\/v2\/tags?post=21764"}],"curies":[{"name":"wp","href":"https:\/\/api.w.org\/{rel}","templated":true}]}}