{"id":21768,"date":"2021-08-29T00:25:34","date_gmt":"2021-08-29T00:25:34","guid":{"rendered":"https:\/\/larevistadigital.com.ar\/blog\/?p=21768"},"modified":"2021-08-29T00:28:17","modified_gmt":"2021-08-29T00:28:17","slug":"joven-se-quito-la-vida-en-la-orilla-de-la-laguna","status":"publish","type":"post","link":"https:\/\/larevistadigital.com.ar\/blog\/joven-se-quito-la-vida-en-la-orilla-de-la-laguna\/","title":{"rendered":"JOVEN SE QUIT\u00d3 LA VIDA EN LA ORILLA DE LA LAGUNA"},"content":{"rendered":"<p><strong>CHASCOM\u00daS &#8211;<\/strong> A media tarde de hoy, una persona que circulaba en bicicleta observ\u00f3 a una mujer joven, colgando de un \u00e1rbol en el camino costanero, pasando el camping \u00abLa Tapera\u00bb en cercan\u00edas del acceso al Intech. La chica ten\u00eda tez morocha y cabellos oscuros. En el lugar se encontr\u00f3 una carpa y una bicicleta.<\/p>\n<blockquote>\n<h3>M\u00e1s tarde, la joven fue identificada y se constat\u00f3 que ten\u00eda 22 a\u00f1os de edad y viv\u00eda en la localidad de Burzaco.<\/h3>\n<\/blockquote>\n<p>La fiscal de la UFID 9 Dra.<strong> Daniela Bertoletti Tramuja<\/strong> en el marco de la causa caratulada \u201cAveriguaci\u00f3n de causales de muerte\u201d dispuso que la autopsia pertinente se practique el domingo a las 11 de la ma\u00f1ana.<\/p>\n<p>(imagen ilustrativa)<\/p>\n<p>&nbsp;<\/p>\n","protected":false},"excerpt":{"rendered":"<div class=\"mh-excerpt\"><p>CHASCOM\u00daS &#8211; A media tarde de hoy, una persona que circulaba en bicicleta observ\u00f3 a una mujer joven, colgando de un \u00e1rbol en el camino costanero, pasando el camping \u00abLa Tapera\u00bb en cercan\u00edas del acceso <a class=\"mh-excerpt-more\" href=\"https:\/\/larevistadigital.com.ar\/blog\/joven-se-quito-la-vida-en-la-orilla-de-la-laguna\/\" title=\"JOVEN SE QUIT\u00d3 LA VIDA EN LA ORILLA DE LA LAGUNA\">[Leer M\u00e1s]<\/a><\/p>\n<\/div>","protected":false},"author":3,"featured_media":13802,"comment_status":"open","ping_status":"open","sticky":false,"template":"","format":"standard","meta":{"_jetpack_memberships_contains_paid_content":false,"footnotes":"","jetpack_publicize_message":"","jetpack_publicize_feature_enabled":true,"jetpack_social_post_already_shared":true,"jetpack_social_options":{"image_generator_settings":{"template":"highway","default_image_id":0,"font":"","enabled":false},"version":2}},"categories":[41],"tags":[],"class_list":{"0":"post-21768","1":"post","2":"type-post","3":"status-publish","4":"format-standard","5":"has-post-thumbnail","7":"category-destacadas"},"jetpack_publicize_connections":[],"jetpack_featured_media_url":"https:\/\/i0.wp.com\/larevistadigital.com.ar\/blog\/wp-content\/uploads\/Movil-policia-cientifica-662x335.jpg?fit=662%2C335&ssl=1","jetpack_sharing_enabled":true,"jetpack_shortlink":"https:\/\/wp.me\/p8qtrQ-5F6","jetpack-related-posts":[{"id":17880,"url":"https:\/\/larevistadigital.com.ar\/blog\/desesperado-pedido-por-joven-con-retraso-madurativo-que-esta-desaparecido-hace-9-dias\/","url_meta":{"origin":21768,"position":0},"title":"DESESPERADO PEDIDO POR J\u00d3VEN CON RETRASO MADURATIVO QUE EST\u00c1 DESAPARECIDO HACE 9 D\u00cdAS","author":"Alejandro Sosa Ruda","date":"30 noviembre, 2020","format":false,"excerpt":"Sergio Jeldres tiene 26 a\u00f1os y una discapacidad profunda. Se fue de su casa el viernes 20 de noviembre y su familia pide ayuda para localizarlo. La familia de\u00a0Sergio Jeldres, un joven de 26 a\u00f1os que tiene un profundo retraso madurativo, reclama ayuda para ubicarlo ya que est\u00e1 desaparecido desde\u2026","rel":"","context":"En \u00abPOLICIALES\u00bb","block_context":{"text":"POLICIALES","link":"https:\/\/larevistadigital.com.ar\/blog\/category\/policiales\/"},"img":{"alt_text":"","src":"https:\/\/i0.wp.com\/larevistadigital.com.ar\/blog\/wp-content\/uploads\/1606688188534.jpeg?fit=793%2C1122&ssl=1&resize=350%2C200","width":350,"height":200,"srcset":"https:\/\/i0.wp.com\/larevistadigital.com.ar\/blog\/wp-content\/uploads\/1606688188534.jpeg?fit=793%2C1122&ssl=1&resize=350%2C200 1x, https:\/\/i0.wp.com\/larevistadigital.com.ar\/blog\/wp-content\/uploads\/1606688188534.jpeg?fit=793%2C1122&ssl=1&resize=525%2C300 1.5x, https:\/\/i0.wp.com\/larevistadigital.com.ar\/blog\/wp-content\/uploads\/1606688188534.jpeg?fit=793%2C1122&ssl=1&resize=700%2C400 2x"},"classes":[]},{"id":20105,"url":"https:\/\/larevistadigital.com.ar\/blog\/20105-2\/","url_meta":{"origin":21768,"position":1},"title":"LE ROBAN LA BICICLETA Y LE PEGAN UN TIRO EN LA INGLE: SE SALV\u00d3 DE MILAGRO","author":"Alejandro Sosa Ruda","date":"5 mayo, 2021","format":false,"excerpt":"LA PLATA - Durante la tarde de este martes un joven de 20 a\u00f1os fue v\u00edctima de un violento robo que ocurri\u00f3 en la zona de avenida 72 entre 134 y 135. Seg\u00fan lo relatado, los delincuentes ven\u00edan siguiendo al chico desde el Parque Castelli y al llegar a la\u2026","rel":"","context":"En \u00abPOLICIALES\u00bb","block_context":{"text":"POLICIALES","link":"https:\/\/larevistadigital.com.ar\/blog\/category\/policiales\/"},"img":{"alt_text":"","src":"https:\/\/i0.wp.com\/larevistadigital.com.ar\/blog\/wp-content\/uploads\/Hospital-San-Martin.jpg?fit=700%2C392&ssl=1&resize=350%2C200","width":350,"height":200,"srcset":"https:\/\/i0.wp.com\/larevistadigital.com.ar\/blog\/wp-content\/uploads\/Hospital-San-Martin.jpg?fit=700%2C392&ssl=1&resize=350%2C200 1x, https:\/\/i0.wp.com\/larevistadigital.com.ar\/blog\/wp-content\/uploads\/Hospital-San-Martin.jpg?fit=700%2C392&ssl=1&resize=525%2C300 1.5x, https:\/\/i0.wp.com\/larevistadigital.com.ar\/blog\/wp-content\/uploads\/Hospital-San-Martin.jpg?fit=700%2C392&ssl=1&resize=700%2C400 2x"},"classes":[]},{"id":3438,"url":"https:\/\/larevistadigital.com.ar\/blog\/chascomus-lamentablemente-fallecio-la-joven-que-estaba-internada-tras-prenderse-fuego\/","url_meta":{"origin":21768,"position":2},"title":"CHASCOM\u00daS: LAMENTABLEMENTE FALLECI\u00d3 LA JOVEN QUE ESTABA INTERNADA, TRAS PRENDERSE FUEGO.","author":"Alejandro Sosa Ruda","date":"9 octubre, 2017","format":false,"excerpt":"Lamentablemente falleci\u00f3 la joven Gimena Cisneros, de 30 a\u00f1os de edad, que seg\u00fan informamos ayer,\u00a0 en un intento de suicidio se hab\u00eda prendido fuego \"a lo bonzo\" y se encontraba internada en estado reservado. La madre de la fallecida, hab\u00eda dialogado con la FM Por Siempre, contando que la muchacha\u2026","rel":"","context":"En \u00abPOLITICA\u00bb","block_context":{"text":"POLITICA","link":"https:\/\/larevistadigital.com.ar\/blog\/category\/politica\/"},"img":{"alt_text":"","src":"https:\/\/i0.wp.com\/larevistadigital.com.ar\/blog\/wp-content\/uploads\/2017\/10\/CRESP%C3%93N-NEGRO.jpg?fit=900%2C900&ssl=1&resize=350%2C200","width":350,"height":200,"srcset":"https:\/\/i0.wp.com\/larevistadigital.com.ar\/blog\/wp-content\/uploads\/2017\/10\/CRESP%C3%93N-NEGRO.jpg?fit=900%2C900&ssl=1&resize=350%2C200 1x, https:\/\/i0.wp.com\/larevistadigital.com.ar\/blog\/wp-content\/uploads\/2017\/10\/CRESP%C3%93N-NEGRO.jpg?fit=900%2C900&ssl=1&resize=525%2C300 1.5x, https:\/\/i0.wp.com\/larevistadigital.com.ar\/blog\/wp-content\/uploads\/2017\/10\/CRESP%C3%93N-NEGRO.jpg?fit=900%2C900&ssl=1&resize=700%2C400 2x"},"classes":[]},{"id":17164,"url":"https:\/\/larevistadigital.com.ar\/blog\/la-plata-quiso-robar-una-bicicleta-y-lo-reventaron-a-palos\/","url_meta":{"origin":21768,"position":3},"title":"LA PLATA: QUISO ROBAR UNA BICICLETA Y LO REVENTARON A PALOS","author":"Alejandro Sosa Ruda","date":"24 octubre, 2020","format":false,"excerpt":"Un testigo del\u00a0violento episodio en diagonal 80 entre 117 y 118 le relat\u00f3 a 0221.com.ar c\u00f3mo fue que esta persona termin\u00f3 desmayada producto de los golpes. Un violento episodio gener\u00f3 conmoci\u00f3n en la tarde de este viernes en Barrio Hip\u00f3dromo.\u00a0Testigos del hecho explicaron a\u00a00221.com.ar\u00a0que\u00a0todo sucedi\u00f3 cuando un hombre fue descubierto\u2026","rel":"","context":"En \u00abPOLICIALES\u00bb","block_context":{"text":"POLICIALES","link":"https:\/\/larevistadigital.com.ar\/blog\/category\/policiales\/"},"img":{"alt_text":"","src":"https:\/\/i0.wp.com\/larevistadigital.com.ar\/blog\/wp-content\/uploads\/1585350928772.jpg?fit=1200%2C797&ssl=1&resize=350%2C200","width":350,"height":200,"srcset":"https:\/\/i0.wp.com\/larevistadigital.com.ar\/blog\/wp-content\/uploads\/1585350928772.jpg?fit=1200%2C797&ssl=1&resize=350%2C200 1x, https:\/\/i0.wp.com\/larevistadigital.com.ar\/blog\/wp-content\/uploads\/1585350928772.jpg?fit=1200%2C797&ssl=1&resize=525%2C300 1.5x, https:\/\/i0.wp.com\/larevistadigital.com.ar\/blog\/wp-content\/uploads\/1585350928772.jpg?fit=1200%2C797&ssl=1&resize=700%2C400 2x, https:\/\/i0.wp.com\/larevistadigital.com.ar\/blog\/wp-content\/uploads\/1585350928772.jpg?fit=1200%2C797&ssl=1&resize=1050%2C600 3x"},"classes":[]},{"id":24885,"url":"https:\/\/larevistadigital.com.ar\/blog\/ayacucho-joven-de-23-anos-se-quito-la-vida-el-lunes-por-la-tarde\/","url_meta":{"origin":21768,"position":4},"title":"AYACUCHO: JOVEN DE 23 A\u00d1OS SE QUIT\u00d3 LA VIDA EL LUNES POR LA TARDE","author":"Alejandro Sosa Ruda","date":"29 marzo, 2022","format":false,"excerpt":"AYACUCHO -\u00a0 Una joven de solo 23 a\u00f1os se quit\u00f3 la vida este lunes por la tarde. El tr\u00e1gico hecho que enluta a la comunidad se produjo en una vivienda del barrio La Terminal donde fue hallada sin vida la joven mujer que era mam\u00e1 de un peque\u00f1o. Se desconocen\u2026","rel":"","context":"En \u00abREGIONALES\u00bb","block_context":{"text":"REGIONALES","link":"https:\/\/larevistadigital.com.ar\/blog\/category\/regionales\/"},"img":{"alt_text":"","src":"https:\/\/i0.wp.com\/larevistadigital.com.ar\/blog\/wp-content\/uploads\/policia-24-9-2021-4.jpg?fit=1199%2C1200&ssl=1&resize=350%2C200","width":350,"height":200,"srcset":"https:\/\/i0.wp.com\/larevistadigital.com.ar\/blog\/wp-content\/uploads\/policia-24-9-2021-4.jpg?fit=1199%2C1200&ssl=1&resize=350%2C200 1x, https:\/\/i0.wp.com\/larevistadigital.com.ar\/blog\/wp-content\/uploads\/policia-24-9-2021-4.jpg?fit=1199%2C1200&ssl=1&resize=525%2C300 1.5x, https:\/\/i0.wp.com\/larevistadigital.com.ar\/blog\/wp-content\/uploads\/policia-24-9-2021-4.jpg?fit=1199%2C1200&ssl=1&resize=700%2C400 2x, https:\/\/i0.wp.com\/larevistadigital.com.ar\/blog\/wp-content\/uploads\/policia-24-9-2021-4.jpg?fit=1199%2C1200&ssl=1&resize=1050%2C600 3x"},"classes":[]},{"id":11970,"url":"https:\/\/larevistadigital.com.ar\/blog\/robo-una-bicicleta-y-luego-la-devolvio-arrepentido\/","url_meta":{"origin":21768,"position":5},"title":"ROB\u00d3 UNA BICICLETA, Y LUEGO, LA DEVOLVI\u00d3 ARREPENTIDO","author":"Alejandro Sosa Ruda","date":"21 agosto, 2019","format":false,"excerpt":"En la noche del lunes 19 de agosto, a trav\u00e9s de la red social Facebook, circularon im\u00e1genes de un joven robando una bicicleta en un domicilio de esquina Paso y Castelli de la ciudad de Brandsen.\u00a0Tras viralizarse el video y llegar a manos de su familia, lo acompa\u00f1aron a devolverla\u2026","rel":"","context":"En \u00abREGIONALES\u00bb","block_context":{"text":"REGIONALES","link":"https:\/\/larevistadigital.com.ar\/blog\/category\/regionales\/"},"img":{"alt_text":"","src":"https:\/\/i0.wp.com\/larevistadigital.com.ar\/blog\/wp-content\/uploads\/BlurImage_20-8-2019-8-23-32.jpg?fit=1152%2C827&ssl=1&resize=350%2C200","width":350,"height":200,"srcset":"https:\/\/i0.wp.com\/larevistadigital.com.ar\/blog\/wp-content\/uploads\/BlurImage_20-8-2019-8-23-32.jpg?fit=1152%2C827&ssl=1&resize=350%2C200 1x, https:\/\/i0.wp.com\/larevistadigital.com.ar\/blog\/wp-content\/uploads\/BlurImage_20-8-2019-8-23-32.jpg?fit=1152%2C827&ssl=1&resize=525%2C300 1.5x, https:\/\/i0.wp.com\/larevistadigital.com.ar\/blog\/wp-content\/uploads\/BlurImage_20-8-2019-8-23-32.jpg?fit=1152%2C827&ssl=1&resize=700%2C400 2x, https:\/\/i0.wp.com\/larevistadigital.com.ar\/blog\/wp-content\/uploads\/BlurImage_20-8-2019-8-23-32.jpg?fit=1152%2C827&ssl=1&resize=1050%2C600 3x"},"classes":[]}],"_links":{"self":[{"href":"https:\/\/larevistadigital.com.ar\/blog\/wp-json\/wp\/v2\/posts\/21768","targetHints":{"allow":["GET"]}}],"collection":[{"href":"https:\/\/larevistadigital.com.ar\/blog\/wp-json\/wp\/v2\/posts"}],"about":[{"href":"https:\/\/larevistadigital.com.ar\/blog\/wp-json\/wp\/v2\/types\/post"}],"author":[{"embeddable":true,"href":"https:\/\/larevistadigital.com.ar\/blog\/wp-json\/wp\/v2\/users\/3"}],"replies":[{"embeddable":true,"href":"https:\/\/larevistadigital.com.ar\/blog\/wp-json\/wp\/v2\/comments?post=21768"}],"version-history":[{"count":4,"href":"https:\/\/larevistadigital.com.ar\/blog\/wp-json\/wp\/v2\/posts\/21768\/revisions"}],"predecessor-version":[{"id":21772,"href":"https:\/\/larevistadigital.com.ar\/blog\/wp-json\/wp\/v2\/posts\/21768\/revisions\/21772"}],"wp:featuredmedia":[{"embeddable":true,"href":"https:\/\/larevistadigital.com.ar\/blog\/wp-json\/wp\/v2\/media\/13802"}],"wp:attachment":[{"href":"https:\/\/larevistadigital.com.ar\/blog\/wp-json\/wp\/v2\/media?parent=21768"}],"wp:term":[{"taxonomy":"category","embeddable":true,"href":"https:\/\/larevistadigital.com.ar\/blog\/wp-json\/wp\/v2\/categories?post=21768"},{"taxonomy":"post_tag","embeddable":true,"href":"https:\/\/larevistadigital.com.ar\/blog\/wp-json\/wp\/v2\/tags?post=21768"}],"curies":[{"name":"wp","href":"https:\/\/api.w.org\/{rel}","templated":true}]}}