{"id":21774,"date":"2021-08-30T12:15:32","date_gmt":"2021-08-30T12:15:32","guid":{"rendered":"https:\/\/larevistadigital.com.ar\/blog\/?p=21774"},"modified":"2021-08-30T12:15:32","modified_gmt":"2021-08-30T12:15:32","slug":"procedimiento-del-cpr-de-chascomus-por-portacion-ilegal-de-arma-de-fuego-de-uso-civil","status":"publish","type":"post","link":"https:\/\/larevistadigital.com.ar\/blog\/procedimiento-del-cpr-de-chascomus-por-portacion-ilegal-de-arma-de-fuego-de-uso-civil\/","title":{"rendered":"PROCEDIMIENTO DEL CPR DE CHASCOM\u00daS POR PORTACI\u00d3N ILEGAL DE ARMA DE FUEGO DE USO CIVIL"},"content":{"rendered":"<p><strong>CHASCOM\u00daS &#8211; <\/strong>Personal del C.P.R. Chascom\u00fas, en el transcurso de la semana comprendida entre el Martes 17 y el lunes 18 de agosto, labr\u00f3 un procedimiento penal, esclarecido con 5 aprehendidos, caratulado \u201cPortaci\u00f3n ilegal de arma de fuego de uso civil\u201d y un total de 18 infracciones: 7 por infracci\u00f3n a la Ley de Pesca 11.477; 11 por caza furtiva a la Ordenanza Municipal N\u00b05519\/20 con intervenci\u00f3n del Juzgado de Faltas Chascom\u00fas.<\/p>\n<p>Cabe destacar en cuanto a las piezas secuestradas, las mismas fueron incineradas.<\/p>\n<p>En este marco, el domingo 22 de agosto, en el establecimiento rural \u201cLauquen Tala\u201d, ubicado en Ruta N\u00b058, cinco masculinos mayores de edad oriundos de La Plata, Ensenada y Temperley, se encontraban cazando, teniendo en su poder tres armas de fuego, de las cuales ninguno era propietario, ni pose\u00edan la correspondiente documentaci\u00f3n, por lo que se procedi\u00f3 a la incautaci\u00f3n de las mismas y aprehensi\u00f3n de los sujetos; quienes, tras haberse realizado las diligencias de rigor, recuperaron su libertad de acuerdo al art\u00edculo 161 del CPP.<\/p>\n<p>Intervino la Unidad Funcional N\u00b09 de Chascom\u00fas, del Departamento Judicial Dolores, a cargo de la Agente Fiscal Dra. Mar\u00eda Daniela Bertoletti Tramuja.<br \/>\nPor otra parte, el mi\u00e9rcoles 18 de agosto, en el Pesquero \u201cLa Vitel\u201d, Cuartel I, siete masculinos mayores de edad oriundos de nuestro medio, Ensenada y La Plata, se encontraban infringiendo lo normado en el Art\u00edculo 21 Inciso \u201cB\u201d de la Ley de Pesca 11.477, los efectivos actuaron con intervenci\u00f3n del Ministerio de Desarrollo Agrario de la provincia de Buenos Aires.<br \/>\nNo ten\u00edan piezas en su poder.<\/p>\n<p>Tambi\u00e9n, el domingo 22 de agosto, en el establecimiento rural \u201cLauquentala\u201d, Cuartel VIII, cinco masculinos mayores de edad oriundos de La Plata, Ensenada y Temperley, se encontraban infringiendo lo normado en el en la Ordenanza Municipal Chascom\u00fas 5519\/20; la polic\u00eda actu\u00f3 con intervenci\u00f3n del Juzgado de Faltas Municipal.<\/p>\n<p>Ten\u00edan en su poder una vizcacha sin vida.<br \/>\nEn la misma fecha, en el establecimiento rural \u201cSan Antonio\u201d, Cuartel VII, tres masculinos mayores de edad oriundos de nuestro medio, se encontraban infringiendo lo normado en el en la Ordenanza Municipal Chascom\u00fas 5519\/20, sed realiz\u00f3 la actuaci\u00f3n con intervenci\u00f3n del Juzgado de Faltas Municipal, no teniendo piezas en su poder.<\/p>\n<p>Finalmente, ese mismo d\u00eda, en el establecimiento rural \u201cEl Carmen\u201d, Cuartel X, tres masculinos mayores de edad oriundos de nuestro medio, se encontraban infringiendo lo normado en el en la Ordenanza Municipal Chascom\u00fas 5519\/20, con intervenci\u00f3n del Juzgado de Faltas Municipal, teniendo en su poder un ant\u00edlope sin vida.<\/p>\n<p>publicado en elfuertediario.com.ar<\/p>\n","protected":false},"excerpt":{"rendered":"<div class=\"mh-excerpt\"><p>CHASCOM\u00daS &#8211; Personal del C.P.R. Chascom\u00fas, en el transcurso de la semana comprendida entre el Martes 17 y el lunes 18 de agosto, labr\u00f3 un procedimiento penal, esclarecido con 5 aprehendidos, caratulado \u201cPortaci\u00f3n ilegal de <a class=\"mh-excerpt-more\" href=\"https:\/\/larevistadigital.com.ar\/blog\/procedimiento-del-cpr-de-chascomus-por-portacion-ilegal-de-arma-de-fuego-de-uso-civil\/\" title=\"PROCEDIMIENTO DEL CPR DE CHASCOM\u00daS POR PORTACI\u00d3N ILEGAL DE ARMA DE FUEGO DE USO CIVIL\">[Leer M\u00e1s]<\/a><\/p>\n<\/div>","protected":false},"author":3,"featured_media":21776,"comment_status":"open","ping_status":"open","sticky":false,"template":"","format":"standard","meta":{"_jetpack_memberships_contains_paid_content":false,"footnotes":"","jetpack_publicize_message":"","jetpack_publicize_feature_enabled":true,"jetpack_social_post_already_shared":true,"jetpack_social_options":{"image_generator_settings":{"template":"highway","default_image_id":0,"font":"","enabled":false},"version":2}},"categories":[6],"tags":[],"class_list":{"0":"post-21774","1":"post","2":"type-post","3":"status-publish","4":"format-standard","5":"has-post-thumbnail","7":"category-chascomus"},"jetpack_publicize_connections":[],"jetpack_featured_media_url":"https:\/\/i0.wp.com\/larevistadigital.com.ar\/blog\/wp-content\/uploads\/WhatsApp-Image-2021-08-29-at-21.38.22.jpg?fit=900%2C443&ssl=1","jetpack_sharing_enabled":true,"jetpack_shortlink":"https:\/\/wp.me\/p8qtrQ-5Fc","jetpack-related-posts":[{"id":37312,"url":"https:\/\/larevistadigital.com.ar\/blog\/chascomus-detienen-a-un-sujeto-que-proferia-amenazas-con-un-arma-de-fuego-en-el-barrio-san-luis\/","url_meta":{"origin":21774,"position":0},"title":"CHASCOM\u00daS: Detienen a un sujeto que profer\u00eda amenazas con un arma de fuego en el Barrio San Luis","author":"Alejandro Sosa Ruda","date":"25 septiembre, 2024","format":false,"excerpt":"El detenido ya estaba imputado por lesiones. 25 de Septiembre de 2024 CHASCOM\u00daS -\u00a0 \u00a0En horas de la madrugada del dia Domingo, personal policial de E.P.C. Chascomus 1ra. procedio a la aprehension en el barrio San Luis, de una persona masculina de 18 a\u00f1os, luego de que fueran convocados por\u2026","rel":"","context":"En \u00abINTERES GENERAL\u00bb","block_context":{"text":"INTERES GENERAL","link":"https:\/\/larevistadigital.com.ar\/blog\/category\/interes-general\/"},"img":{"alt_text":"","src":"https:\/\/i0.wp.com\/larevistadigital.com.ar\/blog\/wp-content\/uploads\/detenido-esposado.jpg?fit=1024%2C683&ssl=1&resize=350%2C200","width":350,"height":200,"srcset":"https:\/\/i0.wp.com\/larevistadigital.com.ar\/blog\/wp-content\/uploads\/detenido-esposado.jpg?fit=1024%2C683&ssl=1&resize=350%2C200 1x, https:\/\/i0.wp.com\/larevistadigital.com.ar\/blog\/wp-content\/uploads\/detenido-esposado.jpg?fit=1024%2C683&ssl=1&resize=525%2C300 1.5x, https:\/\/i0.wp.com\/larevistadigital.com.ar\/blog\/wp-content\/uploads\/detenido-esposado.jpg?fit=1024%2C683&ssl=1&resize=700%2C400 2x"},"classes":[]},{"id":33318,"url":"https:\/\/larevistadigital.com.ar\/blog\/chascomus-contiene-video-aprehenden-a-un-sujeto-por-abuso-sexual-y-tenencia-ilegal-de-arma-de-fuego\/","url_meta":{"origin":21774,"position":1},"title":"CHASCOM\u00daS: [CONTIENE VIDEO] APREHENDEN A UN SUJETO POR \u00abABUSO SEXUAL Y TENENCIA ILEGAL DE ARMA DE FUEGO\u00bb","author":"Alejandro Sosa Ruda","date":"6 septiembre, 2023","format":false,"excerpt":"Todo se inicia con una denuncia en la Estaci\u00f3n de Polic\u00eda Comunal, que deriv\u00f3 en tareas de investigaci\u00f3n que arrojaron un resultado positivo, logrando aprehender a un sujeto en una vivienda de calle Casalins. 6 de Septiembre de 2023 CHASCOM\u00daS -\u00a0 \u00a0Durante la jornada de hoy,\u00a0 y tras una denuncia\u2026","rel":"","context":"En \u00abDESTACADAS\u00bb","block_context":{"text":"DESTACADAS","link":"https:\/\/larevistadigital.com.ar\/blog\/category\/destacadas\/"},"img":{"alt_text":"","src":"https:\/\/i0.wp.com\/larevistadigital.com.ar\/blog\/wp-content\/uploads\/WhatsApp-Image-2023-09-06-at-22.28.28-e1694051389210.jpeg?fit=820%2C396&ssl=1&resize=350%2C200","width":350,"height":200,"srcset":"https:\/\/i0.wp.com\/larevistadigital.com.ar\/blog\/wp-content\/uploads\/WhatsApp-Image-2023-09-06-at-22.28.28-e1694051389210.jpeg?fit=820%2C396&ssl=1&resize=350%2C200 1x, https:\/\/i0.wp.com\/larevistadigital.com.ar\/blog\/wp-content\/uploads\/WhatsApp-Image-2023-09-06-at-22.28.28-e1694051389210.jpeg?fit=820%2C396&ssl=1&resize=525%2C300 1.5x, https:\/\/i0.wp.com\/larevistadigital.com.ar\/blog\/wp-content\/uploads\/WhatsApp-Image-2023-09-06-at-22.28.28-e1694051389210.jpeg?fit=820%2C396&ssl=1&resize=700%2C400 2x"},"classes":[]},{"id":6707,"url":"https:\/\/larevistadigital.com.ar\/blog\/chascomus-detienen-hombre-por-portacion-de-arma\/","url_meta":{"origin":21774,"position":2},"title":"CHASCOM\u00daS: DETIENEN HOMBRE POR PORTACI\u00d3N DE ARMA","author":"Alejandro Sosa Ruda","date":"1 octubre, 2018","format":false,"excerpt":"Un hombre de treinta y seis a\u00f1os oriundo de Lomas de Zamora, fue aprehendido ayer en Chascom\u00fas, cuando manejaba un autom\u00f3vil marca Audi acompa\u00f1ado por una mujer. Los datos filiatorios no se difundieron, a la espera de que el l\u00f3mense declare hoy ante el fiscal Jonatan Robert, de la UFID\u2026","rel":"","context":"En \u00abPOLICIALES\u00bb","block_context":{"text":"POLICIALES","link":"https:\/\/larevistadigital.com.ar\/blog\/category\/policiales\/"},"img":{"alt_text":"","src":"https:\/\/i0.wp.com\/larevistadigital.com.ar\/blog\/wp-content\/uploads\/2018\/10\/COMISARIA-de-CHASCOMUS_02-05-2015.jpg?fit=800%2C600&ssl=1&resize=350%2C200","width":350,"height":200,"srcset":"https:\/\/i0.wp.com\/larevistadigital.com.ar\/blog\/wp-content\/uploads\/2018\/10\/COMISARIA-de-CHASCOMUS_02-05-2015.jpg?fit=800%2C600&ssl=1&resize=350%2C200 1x, https:\/\/i0.wp.com\/larevistadigital.com.ar\/blog\/wp-content\/uploads\/2018\/10\/COMISARIA-de-CHASCOMUS_02-05-2015.jpg?fit=800%2C600&ssl=1&resize=525%2C300 1.5x, https:\/\/i0.wp.com\/larevistadigital.com.ar\/blog\/wp-content\/uploads\/2018\/10\/COMISARIA-de-CHASCOMUS_02-05-2015.jpg?fit=800%2C600&ssl=1&resize=700%2C400 2x"},"classes":[]},{"id":32151,"url":"https:\/\/larevistadigital.com.ar\/blog\/chascomus-el-comando-de-prevencion-rural-aprehendio-a-dos-sujetos-por-tenencia-ilegal-de-arma-de-fuego-de-uso-civil\/","url_meta":{"origin":21774,"position":3},"title":"CHASCOM\u00daS: EL COMANDO DE PREVENCI\u00d3N RURAL APREHENDI\u00d3 A DOS SUJETOS POR TENENCIA ILEGAL DE ARMA DE FUEGO DE USO CIVIL","author":"Alejandro Sosa Ruda","date":"29 junio, 2023","format":false,"excerpt":"El CPR local, contin\u00faa dando respuestas con tareas de prevenci\u00f3n y atenci\u00f3n de las denuncias de los vecinos del \u00e1mbito rural. 28 de junio de 2023 CHASCOM\u00daS -\u00a0 El CPR (Comando de Prevenci\u00f3n Rural) durante la jornada de hoy, intercept\u00f3 a un veh\u00edculo marca CHEVROLET, modelo CORSA, donde pudieron apreciar\u00a0\u2026","rel":"","context":"En \u00abDESTACADAS\u00bb","block_context":{"text":"DESTACADAS","link":"https:\/\/larevistadigital.com.ar\/blog\/category\/destacadas\/"},"img":{"alt_text":"","src":"https:\/\/i0.wp.com\/larevistadigital.com.ar\/blog\/wp-content\/uploads\/WhatsApp-Image-2023-06-28-at-21.38.04-1-e1688002427972.jpeg?fit=1200%2C648&ssl=1&resize=350%2C200","width":350,"height":200,"srcset":"https:\/\/i0.wp.com\/larevistadigital.com.ar\/blog\/wp-content\/uploads\/WhatsApp-Image-2023-06-28-at-21.38.04-1-e1688002427972.jpeg?fit=1200%2C648&ssl=1&resize=350%2C200 1x, https:\/\/i0.wp.com\/larevistadigital.com.ar\/blog\/wp-content\/uploads\/WhatsApp-Image-2023-06-28-at-21.38.04-1-e1688002427972.jpeg?fit=1200%2C648&ssl=1&resize=525%2C300 1.5x, https:\/\/i0.wp.com\/larevistadigital.com.ar\/blog\/wp-content\/uploads\/WhatsApp-Image-2023-06-28-at-21.38.04-1-e1688002427972.jpeg?fit=1200%2C648&ssl=1&resize=700%2C400 2x, https:\/\/i0.wp.com\/larevistadigital.com.ar\/blog\/wp-content\/uploads\/WhatsApp-Image-2023-06-28-at-21.38.04-1-e1688002427972.jpeg?fit=1200%2C648&ssl=1&resize=1050%2C600 3x"},"classes":[]},{"id":31997,"url":"https:\/\/larevistadigital.com.ar\/blog\/chascomus-interceptan-y-aprehenden-a-4-personas-por-tenencia-ilegal-de-arma-de-fuego-de-uso-civil\/","url_meta":{"origin":21774,"position":4},"title":"CHASCOM\u00daS: INTERCEPTAN Y APREHENDEN A 4 PERSONAS POR \u00abTENENCIA ILEGAL DE ARMA DE FUEGO DE USO CIVIL\u00bb","author":"Alejandro Sosa Ruda","date":"14 junio, 2023","format":false,"excerpt":"Se trat\u00f3 de cuatro individuos que se movilizaban en un FIAT UNO, con una carabina 22 en su poder. 14 de junio de 2023 CHASCOM\u00daS -\u00a0 Anoche,\u00a0 personal del CPR (Comando de Prevenci\u00f3n Rural) de Chascom\u00fas,\u00a0 mientras se encontraba de recorrida en la jurisdicci\u00f3n en cuartel X, m\u00e1s precisamente zona\u2026","rel":"","context":"En \u00abINTERES GENERAL\u00bb","block_context":{"text":"INTERES GENERAL","link":"https:\/\/larevistadigital.com.ar\/blog\/category\/interes-general\/"},"img":{"alt_text":"","src":"https:\/\/i0.wp.com\/larevistadigital.com.ar\/blog\/wp-content\/uploads\/2018\/12\/Patrulla-Rural-4.jpg?fit=1200%2C675&ssl=1&resize=350%2C200","width":350,"height":200,"srcset":"https:\/\/i0.wp.com\/larevistadigital.com.ar\/blog\/wp-content\/uploads\/2018\/12\/Patrulla-Rural-4.jpg?fit=1200%2C675&ssl=1&resize=350%2C200 1x, https:\/\/i0.wp.com\/larevistadigital.com.ar\/blog\/wp-content\/uploads\/2018\/12\/Patrulla-Rural-4.jpg?fit=1200%2C675&ssl=1&resize=525%2C300 1.5x, https:\/\/i0.wp.com\/larevistadigital.com.ar\/blog\/wp-content\/uploads\/2018\/12\/Patrulla-Rural-4.jpg?fit=1200%2C675&ssl=1&resize=700%2C400 2x, https:\/\/i0.wp.com\/larevistadigital.com.ar\/blog\/wp-content\/uploads\/2018\/12\/Patrulla-Rural-4.jpg?fit=1200%2C675&ssl=1&resize=1050%2C600 3x"},"classes":[]},{"id":34141,"url":"https:\/\/larevistadigital.com.ar\/blog\/34141-2\/","url_meta":{"origin":21774,"position":5},"title":"DETIENEN A JOVEN QUE INGRES\u00d3 ARMADO A UN LOCAL DE MC DONALDS","author":"Alejandro Sosa Ruda","date":"19 octubre, 2023","format":false,"excerpt":"Uno de los empleados dio aviso a las autoridades a trav\u00e9s del pulsador de emergencia. El sujeto fue imputado por portaci\u00f3n ilegal de arma. 19 de octubre de 2023 LA PLATA -\u00a0 La Polic\u00eda detuvo a un joven de 23 a\u00f1os que ingres\u00f3 armado al local de McDonalds\u00a0de 8 y\u2026","rel":"","context":"En \u00abINTERES GENERAL\u00bb","block_context":{"text":"INTERES GENERAL","link":"https:\/\/larevistadigital.com.ar\/blog\/category\/interes-general\/"},"img":{"alt_text":"","src":"https:\/\/i0.wp.com\/larevistadigital.com.ar\/blog\/wp-content\/uploads\/Captura-de-pantalla-2023-10-19-235230.png?fit=891%2C489&ssl=1&resize=350%2C200","width":350,"height":200,"srcset":"https:\/\/i0.wp.com\/larevistadigital.com.ar\/blog\/wp-content\/uploads\/Captura-de-pantalla-2023-10-19-235230.png?fit=891%2C489&ssl=1&resize=350%2C200 1x, https:\/\/i0.wp.com\/larevistadigital.com.ar\/blog\/wp-content\/uploads\/Captura-de-pantalla-2023-10-19-235230.png?fit=891%2C489&ssl=1&resize=525%2C300 1.5x, https:\/\/i0.wp.com\/larevistadigital.com.ar\/blog\/wp-content\/uploads\/Captura-de-pantalla-2023-10-19-235230.png?fit=891%2C489&ssl=1&resize=700%2C400 2x"},"classes":[]}],"_links":{"self":[{"href":"https:\/\/larevistadigital.com.ar\/blog\/wp-json\/wp\/v2\/posts\/21774","targetHints":{"allow":["GET"]}}],"collection":[{"href":"https:\/\/larevistadigital.com.ar\/blog\/wp-json\/wp\/v2\/posts"}],"about":[{"href":"https:\/\/larevistadigital.com.ar\/blog\/wp-json\/wp\/v2\/types\/post"}],"author":[{"embeddable":true,"href":"https:\/\/larevistadigital.com.ar\/blog\/wp-json\/wp\/v2\/users\/3"}],"replies":[{"embeddable":true,"href":"https:\/\/larevistadigital.com.ar\/blog\/wp-json\/wp\/v2\/comments?post=21774"}],"version-history":[{"count":1,"href":"https:\/\/larevistadigital.com.ar\/blog\/wp-json\/wp\/v2\/posts\/21774\/revisions"}],"predecessor-version":[{"id":21777,"href":"https:\/\/larevistadigital.com.ar\/blog\/wp-json\/wp\/v2\/posts\/21774\/revisions\/21777"}],"wp:featuredmedia":[{"embeddable":true,"href":"https:\/\/larevistadigital.com.ar\/blog\/wp-json\/wp\/v2\/media\/21776"}],"wp:attachment":[{"href":"https:\/\/larevistadigital.com.ar\/blog\/wp-json\/wp\/v2\/media?parent=21774"}],"wp:term":[{"taxonomy":"category","embeddable":true,"href":"https:\/\/larevistadigital.com.ar\/blog\/wp-json\/wp\/v2\/categories?post=21774"},{"taxonomy":"post_tag","embeddable":true,"href":"https:\/\/larevistadigital.com.ar\/blog\/wp-json\/wp\/v2\/tags?post=21774"}],"curies":[{"name":"wp","href":"https:\/\/api.w.org\/{rel}","templated":true}]}}