{"id":21786,"date":"2021-08-30T13:49:02","date_gmt":"2021-08-30T13:49:02","guid":{"rendered":"https:\/\/larevistadigital.com.ar\/blog\/?p=21786"},"modified":"2021-08-30T13:49:40","modified_gmt":"2021-08-30T13:49:40","slug":"21786-2","status":"publish","type":"post","link":"https:\/\/larevistadigital.com.ar\/blog\/21786-2\/","title":{"rendered":"ROBAN EN FABRICA DE SANGUCHES EN LA PLATA Y SE LLEVAN HASTA EL JAMON"},"content":{"rendered":"<h2 class=\"negrita\">Sucedi\u00f3 durante las \u00faltimas horas en un comercio de Villa Elisa. Los ladrones huyeron con el dinero de la caja, s\u00e1nguches y el fiambre para prepararlos.<\/h2>\n<div class=\"texto\">\n<p><strong>LA PLATA &#8211; Delincuentes atacaron en una f\u00e1brica de s\u00e1nguches de miga de La Plata y se llevaron el dinero de la caja y mercader\u00eda<\/strong>. El episodio fue descubierto por el due\u00f1o del local ubicado en 419 entre Camino Centenario y 14, cuando el pasado s\u00e1bado acudi\u00f3 al comercio para iniciar la jornada y<strong>\u00a0se encontr\u00f3 con la puerta de entrada destrozada<\/strong>.<\/p>\n<blockquote>\n<h3>Los implicados hab\u00edan hecho estallar el cristal para luego ingresar y recorrer el negocio con total tranquilidad. De esta forma,\u00a0<strong>se apoderaron de 1.000 pesos que hab\u00eda en la registradora, gran cantidad de s\u00e1nguches y todos los fiambres que hab\u00eda en la heladera. En total, se alzaron con un bot\u00edn valuado en cerca de 25.000 pesos<\/strong>.<\/h3>\n<\/blockquote>\n<p>Lo cierto es que, tras el golpe,\u00a0<strong>se dieron inmediatamente a la fuga antes de ser identificados y a\u00fan permanecen pr\u00f3fugos<\/strong>. Por su parte, las autoridades tratan de establecer si los sospechosos quedaron registrados en las c\u00e1maras de seguridad p\u00fablicas y privadas de la zona, para tratar de dar con su paradero.<\/p>\n<p>Finalmente, cabe mencionar que\u00a0<strong>este es el tercer robo que el comercio sufre en 18 a\u00f1os<\/strong>. Todos fueron con la misma modalidad:\u00a0<strong>de madrugada y forzando los accesos<\/strong>.<\/p>\n<p>publicado en 0221.com.ar<\/p>\n<\/div>\n","protected":false},"excerpt":{"rendered":"<div class=\"mh-excerpt\"><p>Sucedi\u00f3 durante las \u00faltimas horas en un comercio de Villa Elisa. Los ladrones huyeron con el dinero de la caja, s\u00e1nguches y el fiambre para prepararlos. LA PLATA &#8211; Delincuentes atacaron en una f\u00e1brica de <a class=\"mh-excerpt-more\" href=\"https:\/\/larevistadigital.com.ar\/blog\/21786-2\/\" title=\"ROBAN EN FABRICA DE SANGUCHES EN LA PLATA Y SE LLEVAN HASTA EL JAMON\">[Leer M\u00e1s]<\/a><\/p>\n<\/div>","protected":false},"author":3,"featured_media":21787,"comment_status":"open","ping_status":"open","sticky":false,"template":"","format":"standard","meta":{"_jetpack_memberships_contains_paid_content":false,"footnotes":"","jetpack_publicize_message":"","jetpack_publicize_feature_enabled":true,"jetpack_social_post_already_shared":true,"jetpack_social_options":{"image_generator_settings":{"template":"highway","default_image_id":0,"font":"","enabled":false},"version":2}},"categories":[44,51],"tags":[],"class_list":{"0":"post-21786","1":"post","2":"type-post","3":"status-publish","4":"format-standard","5":"has-post-thumbnail","7":"category-policiales","8":"category-regionales"},"jetpack_publicize_connections":[],"jetpack_featured_media_url":"https:\/\/i0.wp.com\/larevistadigital.com.ar\/blog\/wp-content\/uploads\/nuria-sandwiches-de-miga-e1549649250805.jpg?fit=1200%2C800&ssl=1","jetpack_sharing_enabled":true,"jetpack_shortlink":"https:\/\/wp.me\/p8qtrQ-5Fo","jetpack-related-posts":[{"id":25348,"url":"https:\/\/larevistadigital.com.ar\/blog\/la-plata-salvaje-le-apuntan-a-una-embarazada-mientras-robaban-un-comercio\/","url_meta":{"origin":21786,"position":0},"title":"LA PLATA SALVAJE: LE APUNTAN A UNA EMBARAZADA MIENTRAS ROBABAN UN COMERCIO","author":"Alejandro Sosa Ruda","date":"22 mayo, 2022","format":false,"excerpt":"Sucedi\u00f3 en una forrajer\u00eda de Camino General Belgrano. Los implicados obligaron a los clientes a tirarse al piso y huyeron con la recaudaci\u00f3n. Est\u00e1n pr\u00f3fugos. Delincuentes comandaron\u00a0dos audaces robos en dos comercios de la firma \"Tuc\u00e1n\", uno ubicado en Camino General Belgrano entre 516 y 517, y el otro en\u2026","rel":"","context":"En \u00abPOLICIALES\u00bb","block_context":{"text":"POLICIALES","link":"https:\/\/larevistadigital.com.ar\/blog\/category\/policiales\/"},"img":{"alt_text":"","src":"https:\/\/i0.wp.com\/larevistadigital.com.ar\/blog\/wp-content\/uploads\/6ZKMOGK6VBDR3PPOIGDA4ERLZU.jpg?fit=1200%2C778&ssl=1&resize=350%2C200","width":350,"height":200,"srcset":"https:\/\/i0.wp.com\/larevistadigital.com.ar\/blog\/wp-content\/uploads\/6ZKMOGK6VBDR3PPOIGDA4ERLZU.jpg?fit=1200%2C778&ssl=1&resize=350%2C200 1x, https:\/\/i0.wp.com\/larevistadigital.com.ar\/blog\/wp-content\/uploads\/6ZKMOGK6VBDR3PPOIGDA4ERLZU.jpg?fit=1200%2C778&ssl=1&resize=525%2C300 1.5x, https:\/\/i0.wp.com\/larevistadigital.com.ar\/blog\/wp-content\/uploads\/6ZKMOGK6VBDR3PPOIGDA4ERLZU.jpg?fit=1200%2C778&ssl=1&resize=700%2C400 2x, https:\/\/i0.wp.com\/larevistadigital.com.ar\/blog\/wp-content\/uploads\/6ZKMOGK6VBDR3PPOIGDA4ERLZU.jpg?fit=1200%2C778&ssl=1&resize=1050%2C600 3x"},"classes":[]},{"id":18290,"url":"https:\/\/larevistadigital.com.ar\/blog\/la-plata-hicieron-un-boquete-y-saquearon-la-caja-fuerte-de-un-supermercado\/","url_meta":{"origin":21786,"position":1},"title":"LA PLATA: HICIERON UN BOQUETE Y SAQUEARON LA CAJA FUERTE DE UN SUPERMERCADO","author":"Alejandro Sosa Ruda","date":"22 diciembre, 2020","format":false,"excerpt":"Ocurri\u00f3 en el Super Naty de 13 entre 34 y 35. Los implicados arrancaron uno de los dos cofres que hab\u00eda empotrados y se lo llevaron. Est\u00e1n pr\u00f3fugos. Un grupo de delincuentes ingres\u00f3 durante las \u00faltimas horas a un supermercado de La Plata y se apoder\u00f3 de una caja fuerte\u2026","rel":"","context":"En \u00abPOLICIALES\u00bb","block_context":{"text":"POLICIALES","link":"https:\/\/larevistadigital.com.ar\/blog\/category\/policiales\/"},"img":{"alt_text":"","src":"https:\/\/i0.wp.com\/larevistadigital.com.ar\/blog\/wp-content\/uploads\/Polic%C3%ADa-Bonaerense-Patrulleros-3.jpg?fit=772%2C434&ssl=1&resize=350%2C200","width":350,"height":200,"srcset":"https:\/\/i0.wp.com\/larevistadigital.com.ar\/blog\/wp-content\/uploads\/Polic%C3%ADa-Bonaerense-Patrulleros-3.jpg?fit=772%2C434&ssl=1&resize=350%2C200 1x, https:\/\/i0.wp.com\/larevistadigital.com.ar\/blog\/wp-content\/uploads\/Polic%C3%ADa-Bonaerense-Patrulleros-3.jpg?fit=772%2C434&ssl=1&resize=525%2C300 1.5x, https:\/\/i0.wp.com\/larevistadigital.com.ar\/blog\/wp-content\/uploads\/Polic%C3%ADa-Bonaerense-Patrulleros-3.jpg?fit=772%2C434&ssl=1&resize=700%2C400 2x"},"classes":[]},{"id":26380,"url":"https:\/\/larevistadigital.com.ar\/blog\/mar-del-plata-quiso-robar-y-murio-electrocutado\/","url_meta":{"origin":21786,"position":2},"title":"MAR DEL PLATA: QUISO ROBAR Y MURI\u00d3 ELECTROCUTADO","author":"Alejandro Sosa Ruda","date":"5 julio, 2022","format":false,"excerpt":"Era un hombre de 37 a\u00f1os- Ya fue detenido por robar un cartel en la v\u00eda p\u00fablica, hace una semana. El hombre ten\u00eda 37 a\u00f1os, y\u00a0falleci\u00f3 luego de sufrir una descarga el\u00e9ctrica cuando intentaba sustraer cables de una f\u00e1brica ubicada en el puerto de\u00a0Mar del Plata. Sucedi\u00f3 el\u00a0 pasado domingo,\u00a0\u2026","rel":"","context":"En \u00abPOLICIALES\u00bb","block_context":{"text":"POLICIALES","link":"https:\/\/larevistadigital.com.ar\/blog\/category\/policiales\/"},"img":{"alt_text":"","src":"https:\/\/i0.wp.com\/larevistadigital.com.ar\/blog\/wp-content\/uploads\/Screenshot_1-121.jpg?fit=1007%2C565&ssl=1&resize=350%2C200","width":350,"height":200,"srcset":"https:\/\/i0.wp.com\/larevistadigital.com.ar\/blog\/wp-content\/uploads\/Screenshot_1-121.jpg?fit=1007%2C565&ssl=1&resize=350%2C200 1x, https:\/\/i0.wp.com\/larevistadigital.com.ar\/blog\/wp-content\/uploads\/Screenshot_1-121.jpg?fit=1007%2C565&ssl=1&resize=525%2C300 1.5x, https:\/\/i0.wp.com\/larevistadigital.com.ar\/blog\/wp-content\/uploads\/Screenshot_1-121.jpg?fit=1007%2C565&ssl=1&resize=700%2C400 2x"},"classes":[]},{"id":26850,"url":"https:\/\/larevistadigital.com.ar\/blog\/la-plata-encanonan-a-una-nena-durante-el-robo-a-una-farmacia\/","url_meta":{"origin":21786,"position":3},"title":"LA PLATA: ENCA\u00d1ONAN A UNA NENA DURANTE EL ROBO A UNA FARMACIA","author":"Alejandro Sosa Ruda","date":"28 julio, 2022","format":false,"excerpt":"Sucedi\u00f3 este mi\u00e9rcoles por la tarde en la zona de 7 entre 520 bis y 521. Los implicados, adem\u00e1s, amenazaron a las empleadas y escaparon con la recaudaci\u00f3n. Un dram\u00e1tico robo se registr\u00f3 este mi\u00e9rcoles por la tarde en una farmacia de\u00a0La\u00a0Plata, luego de que\u00a0delincuentes armados ingresaran al comercio, amenazaran\u2026","rel":"","context":"En \u00abPOLICIALES\u00bb","block_context":{"text":"POLICIALES","link":"https:\/\/larevistadigital.com.ar\/blog\/category\/policiales\/"},"img":{"alt_text":"","src":"https:\/\/i0.wp.com\/larevistadigital.com.ar\/blog\/wp-content\/uploads\/1630692889760.jpg?fit=1200%2C594&ssl=1&resize=350%2C200","width":350,"height":200,"srcset":"https:\/\/i0.wp.com\/larevistadigital.com.ar\/blog\/wp-content\/uploads\/1630692889760.jpg?fit=1200%2C594&ssl=1&resize=350%2C200 1x, https:\/\/i0.wp.com\/larevistadigital.com.ar\/blog\/wp-content\/uploads\/1630692889760.jpg?fit=1200%2C594&ssl=1&resize=525%2C300 1.5x, https:\/\/i0.wp.com\/larevistadigital.com.ar\/blog\/wp-content\/uploads\/1630692889760.jpg?fit=1200%2C594&ssl=1&resize=700%2C400 2x, https:\/\/i0.wp.com\/larevistadigital.com.ar\/blog\/wp-content\/uploads\/1630692889760.jpg?fit=1200%2C594&ssl=1&resize=1050%2C600 3x"},"classes":[]},{"id":20125,"url":"https:\/\/larevistadigital.com.ar\/blog\/la-plata-paro-total-de-micros-este-jueves-desde-las-15-hs\/","url_meta":{"origin":21786,"position":4},"title":"LA PLATA: PARO TOTAL DE MICROS ESTE JUEVES DESDE LAS 15 HS.","author":"Alejandro Sosa Ruda","date":"6 mayo, 2021","format":false,"excerpt":"Se trata de una medida anunciada con antelaci\u00f3n, en el marco del reclamo que el sector hizo a empresarios para cobrar la suma de 7 mil pesos. La medida afectar\u00e1 a todas las l\u00edneas de la regi\u00f3n que recorren La Plata, Berisso y Ensenada. El sindicato que encabeza\u00a0Oscar Pedroza\u00a0confirm\u00f3 a\u2026","rel":"","context":"En \u00abREGIONALES\u00bb","block_context":{"text":"REGIONALES","link":"https:\/\/larevistadigital.com.ar\/blog\/category\/regionales\/"},"img":{"alt_text":"","src":"https:\/\/i0.wp.com\/larevistadigital.com.ar\/blog\/wp-content\/uploads\/0000325458.jpg?fit=1200%2C696&ssl=1&resize=350%2C200","width":350,"height":200,"srcset":"https:\/\/i0.wp.com\/larevistadigital.com.ar\/blog\/wp-content\/uploads\/0000325458.jpg?fit=1200%2C696&ssl=1&resize=350%2C200 1x, https:\/\/i0.wp.com\/larevistadigital.com.ar\/blog\/wp-content\/uploads\/0000325458.jpg?fit=1200%2C696&ssl=1&resize=525%2C300 1.5x, https:\/\/i0.wp.com\/larevistadigital.com.ar\/blog\/wp-content\/uploads\/0000325458.jpg?fit=1200%2C696&ssl=1&resize=700%2C400 2x, https:\/\/i0.wp.com\/larevistadigital.com.ar\/blog\/wp-content\/uploads\/0000325458.jpg?fit=1200%2C696&ssl=1&resize=1050%2C600 3x"},"classes":[]},{"id":10941,"url":"https:\/\/larevistadigital.com.ar\/blog\/policia-le-ofrecio-plata-a-una-menor-para-hacer-un-trio-sexual\/","url_meta":{"origin":21786,"position":5},"title":"POLIC\u00cdA LE OFRECI\u00d3 PLATA A UNA MENOR PARA HACER UN TR\u00cdO SEXUAL","author":"Alejandro Sosa Ruda","date":"30 junio, 2019","format":false,"excerpt":"Un policia que cumpl\u00eda funciones en el Grupo de apoyo Departamental (GAD) de La Plata, le ofreci\u00f3 dinero a una ni\u00f1a de 13 a\u00f1os para hacer un tr\u00edo\u00a0sexual el mismo d\u00eda de su casamiento. El agente, identificado como\u00a0Elias Alfonso, fue desafectado de la fuerza, despu\u00e9s de ofrecerle dinero a la\u2026","rel":"","context":"En \u00abREGIONALES\u00bb","block_context":{"text":"REGIONALES","link":"https:\/\/larevistadigital.com.ar\/blog\/category\/regionales\/"},"img":{"alt_text":"","src":"https:\/\/i0.wp.com\/larevistadigital.com.ar\/blog\/wp-content\/uploads\/Screenshot_1-16.jpg?fit=1016%2C641&ssl=1&resize=350%2C200","width":350,"height":200,"srcset":"https:\/\/i0.wp.com\/larevistadigital.com.ar\/blog\/wp-content\/uploads\/Screenshot_1-16.jpg?fit=1016%2C641&ssl=1&resize=350%2C200 1x, https:\/\/i0.wp.com\/larevistadigital.com.ar\/blog\/wp-content\/uploads\/Screenshot_1-16.jpg?fit=1016%2C641&ssl=1&resize=525%2C300 1.5x, https:\/\/i0.wp.com\/larevistadigital.com.ar\/blog\/wp-content\/uploads\/Screenshot_1-16.jpg?fit=1016%2C641&ssl=1&resize=700%2C400 2x"},"classes":[]}],"_links":{"self":[{"href":"https:\/\/larevistadigital.com.ar\/blog\/wp-json\/wp\/v2\/posts\/21786","targetHints":{"allow":["GET"]}}],"collection":[{"href":"https:\/\/larevistadigital.com.ar\/blog\/wp-json\/wp\/v2\/posts"}],"about":[{"href":"https:\/\/larevistadigital.com.ar\/blog\/wp-json\/wp\/v2\/types\/post"}],"author":[{"embeddable":true,"href":"https:\/\/larevistadigital.com.ar\/blog\/wp-json\/wp\/v2\/users\/3"}],"replies":[{"embeddable":true,"href":"https:\/\/larevistadigital.com.ar\/blog\/wp-json\/wp\/v2\/comments?post=21786"}],"version-history":[{"count":2,"href":"https:\/\/larevistadigital.com.ar\/blog\/wp-json\/wp\/v2\/posts\/21786\/revisions"}],"predecessor-version":[{"id":21789,"href":"https:\/\/larevistadigital.com.ar\/blog\/wp-json\/wp\/v2\/posts\/21786\/revisions\/21789"}],"wp:featuredmedia":[{"embeddable":true,"href":"https:\/\/larevistadigital.com.ar\/blog\/wp-json\/wp\/v2\/media\/21787"}],"wp:attachment":[{"href":"https:\/\/larevistadigital.com.ar\/blog\/wp-json\/wp\/v2\/media?parent=21786"}],"wp:term":[{"taxonomy":"category","embeddable":true,"href":"https:\/\/larevistadigital.com.ar\/blog\/wp-json\/wp\/v2\/categories?post=21786"},{"taxonomy":"post_tag","embeddable":true,"href":"https:\/\/larevistadigital.com.ar\/blog\/wp-json\/wp\/v2\/tags?post=21786"}],"curies":[{"name":"wp","href":"https:\/\/api.w.org\/{rel}","templated":true}]}}