{"id":21790,"date":"2021-08-30T13:54:14","date_gmt":"2021-08-30T13:54:14","guid":{"rendered":"https:\/\/larevistadigital.com.ar\/blog\/?p=21790"},"modified":"2021-08-30T13:54:14","modified_gmt":"2021-08-30T13:54:14","slug":"mar-del-plata-balean-a-hombre-el-la-plaza-mariano-moreno-pero-se-niega-a-hacer-la-denuncia","status":"publish","type":"post","link":"https:\/\/larevistadigital.com.ar\/blog\/mar-del-plata-balean-a-hombre-el-la-plaza-mariano-moreno-pero-se-niega-a-hacer-la-denuncia\/","title":{"rendered":"MAR DEL PLATA: BALEAN A HOMBRE EL LA PLAZA MARIANO MORENO, PERO SE NIEGA A HACER LA DENUNCIA"},"content":{"rendered":"<h2>Tiene 43 a\u00f1os y recibi\u00f3 un disparo en la rodilla izquierda. No quiso aportar informaci\u00f3n a la polic\u00eda y los investigadores descartaron que se tratara de un intento de robo.<\/h2>\n<p><strong>MAR DEL PLATA &#8211;<\/strong> Un <strong>hombre de 43 a\u00f1os<\/strong>\u00a0fue baleado en una pierna esta madrugada en la plaza Mariano Moreno por dos hombres, sin embargo cuando fue entrevistado por la polic\u00eda se neg\u00f3 a aportar informaci\u00f3n y radicar la denuncia.<\/p>\n<blockquote>\n<h3>El hecho ocurri\u00f3 esta madrugada en la plaza de avenida\u00a0<strong>Col\u00f3n y Marconi<\/strong>\u00a0cuando, por motivos que son de investigaci\u00f3n se gener\u00f3 una discusi\u00f3n entre la v\u00edctima y otros dos hombres, quienes extranjeros un arma de fuego de entre las prendas y le dispararon en una pierna.<\/h3>\n<\/blockquote>\n<p>La v\u00edctima fue por sus propios medios al Hospital Interzonal, donde lleg\u00f3 l\u00facido y consciente. Los m\u00e9dicos constataron que ten\u00eda una herida de arma de fuego en la pierna izquierda, a la altura de la rodilla.<\/p>\n<blockquote>\n<h3>Como manda el protocolo en estos casos, el personal policial que se encuentra en el hospital entrevist\u00f3 al herido, quien se mostr\u00f3 reticente a brindar informaci\u00f3n y a radicar la denuncia. La v\u00edctima s\u00ed explic\u00f3 que conoc\u00eda a los agresores, con quien ten\u00eda una enemistad de vieja data, aunque no brind\u00f3 mayores detalles.<\/h3>\n<\/blockquote>\n<p>Fuentes oficiales consultadas por LA CAPITAL confirmaron que el hombre cuenta con antecedentes penales por delitos contra la propiedad.<\/p>\n<p>publicaci\u00f3n en Diario La Capital<\/p>\n<p>&nbsp;<\/p>\n","protected":false},"excerpt":{"rendered":"<div class=\"mh-excerpt\"><p>Tiene 43 a\u00f1os y recibi\u00f3 un disparo en la rodilla izquierda. No quiso aportar informaci\u00f3n a la polic\u00eda y los investigadores descartaron que se tratara de un intento de robo. MAR DEL PLATA &#8211; Un <a class=\"mh-excerpt-more\" href=\"https:\/\/larevistadigital.com.ar\/blog\/mar-del-plata-balean-a-hombre-el-la-plaza-mariano-moreno-pero-se-niega-a-hacer-la-denuncia\/\" title=\"MAR DEL PLATA: BALEAN A HOMBRE EL LA PLAZA MARIANO MORENO, PERO SE NIEGA A HACER LA DENUNCIA\">[Leer M\u00e1s]<\/a><\/p>\n<\/div>","protected":false},"author":3,"featured_media":13730,"comment_status":"open","ping_status":"open","sticky":false,"template":"","format":"standard","meta":{"_jetpack_memberships_contains_paid_content":false,"footnotes":"","jetpack_publicize_message":"","jetpack_publicize_feature_enabled":true,"jetpack_social_post_already_shared":true,"jetpack_social_options":{"image_generator_settings":{"template":"highway","default_image_id":0,"font":"","enabled":false},"version":2}},"categories":[44,51],"tags":[],"class_list":{"0":"post-21790","1":"post","2":"type-post","3":"status-publish","4":"format-standard","5":"has-post-thumbnail","7":"category-policiales","8":"category-regionales"},"jetpack_publicize_connections":[],"jetpack_featured_media_url":"https:\/\/i0.wp.com\/larevistadigital.com.ar\/blog\/wp-content\/uploads\/Guardia-Higa-0298.jpg?fit=790%2C444&ssl=1","jetpack_sharing_enabled":true,"jetpack_shortlink":"https:\/\/wp.me\/p8qtrQ-5Fs","jetpack-related-posts":[{"id":16509,"url":"https:\/\/larevistadigital.com.ar\/blog\/mar-del-plata-balean-a-mujer-y-esta-se-nego-a-hacer-la-denuncia\/","url_meta":{"origin":21790,"position":0},"title":"MAR DEL PLATA: BALEAN A MUJER Y ESTA, SE NEG\u00d3 A HACER LA DENUNCIA","author":"Alejandro Sosa Ruda","date":"25 septiembre, 2020","format":false,"excerpt":"La v\u00edctima tiene 26 a\u00f1os y qued\u00f3 internada en el Hospital Interzonal. Recibi\u00f3 un disparo en la pierna y otro en el hombre, pero al llegar al nosocomio no quiso aportar datos a la polic\u00eda ni que se iniciara una investigaci\u00f3n penal. Una\u00a0mujer de 26 a\u00f1os\u00a0fue baleada ayer a la\u2026","rel":"","context":"En \u00abPOLICIALES\u00bb","block_context":{"text":"POLICIALES","link":"https:\/\/larevistadigital.com.ar\/blog\/category\/policiales\/"},"img":{"alt_text":"","src":"https:\/\/i0.wp.com\/larevistadigital.com.ar\/blog\/wp-content\/uploads\/Guardia-Higa-0311.jpg?fit=790%2C444&ssl=1&resize=350%2C200","width":350,"height":200,"srcset":"https:\/\/i0.wp.com\/larevistadigital.com.ar\/blog\/wp-content\/uploads\/Guardia-Higa-0311.jpg?fit=790%2C444&ssl=1&resize=350%2C200 1x, https:\/\/i0.wp.com\/larevistadigital.com.ar\/blog\/wp-content\/uploads\/Guardia-Higa-0311.jpg?fit=790%2C444&ssl=1&resize=525%2C300 1.5x, https:\/\/i0.wp.com\/larevistadigital.com.ar\/blog\/wp-content\/uploads\/Guardia-Higa-0311.jpg?fit=790%2C444&ssl=1&resize=700%2C400 2x"},"classes":[]},{"id":15961,"url":"https:\/\/larevistadigital.com.ar\/blog\/lo-confunden-con-otro-y-le-pegan-un-tiro-en-la-pierna\/","url_meta":{"origin":21790,"position":1},"title":"LO CONFUNDEN CON OTRO Y LE PEGAN UN TIRO EN LA PIERNA","author":"Alejandro Sosa Ruda","date":"12 agosto, 2020","format":false,"excerpt":"El ataque ocurri\u00f3 ayer a la noche en el barrio Fortunato de la Plaza. La v\u00edctima tiene 18 a\u00f1os y fue trasladado de urgencia al Hospital Interzonal. Un\u00a0joven de 18 a\u00f1os fue baleado\u00a0en una pierna ayer a la noche mientras caminaba por el barrio\u00a0Fortunato de la Plaza\u00a0y, seg\u00fan le explic\u00f3\u2026","rel":"","context":"En \u00abPOLICIALES\u00bb","block_context":{"text":"POLICIALES","link":"https:\/\/larevistadigital.com.ar\/blog\/category\/policiales\/"},"img":{"alt_text":"","src":"https:\/\/i0.wp.com\/larevistadigital.com.ar\/blog\/wp-content\/uploads\/Screenshot_1-127.jpg?fit=1008%2C661&ssl=1&resize=350%2C200","width":350,"height":200,"srcset":"https:\/\/i0.wp.com\/larevistadigital.com.ar\/blog\/wp-content\/uploads\/Screenshot_1-127.jpg?fit=1008%2C661&ssl=1&resize=350%2C200 1x, https:\/\/i0.wp.com\/larevistadigital.com.ar\/blog\/wp-content\/uploads\/Screenshot_1-127.jpg?fit=1008%2C661&ssl=1&resize=525%2C300 1.5x, https:\/\/i0.wp.com\/larevistadigital.com.ar\/blog\/wp-content\/uploads\/Screenshot_1-127.jpg?fit=1008%2C661&ssl=1&resize=700%2C400 2x"},"classes":[]},{"id":16078,"url":"https:\/\/larevistadigital.com.ar\/blog\/mar-del-plata-hallan-un-hombre-carbonizado-en-plaza-guemes-se-busca-su-acompanante\/","url_meta":{"origin":21790,"position":2},"title":"MAR DEL PLATA: HALLAN UN HOMBRE CARBONIZADO EN PLAZA G\u00dcEMES. SE BUSCA SU ACOMPA\u00d1ANTE","author":"Alejandro Sosa Ruda","date":"20 agosto, 2020","format":false,"excerpt":"La Justicia y la polic\u00eda investigan el hecho y sospechan que se trat\u00f3 de un accidente, aunque todav\u00eda no descartan ninguna otra hip\u00f3tesis. La v\u00edctima no fue identificada y aguardan los resultados de la autopsia. Un\u00a0hombre fue hallado carbonizado este jueves a la madrugada en la Plaza G\u00fcemes, en el\u2026","rel":"","context":"En \u00abPOLICIALES\u00bb","block_context":{"text":"POLICIALES","link":"https:\/\/larevistadigital.com.ar\/blog\/category\/policiales\/"},"img":{"alt_text":"","src":"https:\/\/i0.wp.com\/larevistadigital.com.ar\/blog\/wp-content\/uploads\/Screenshot_2-101.jpg?fit=1000%2C666&ssl=1&resize=350%2C200","width":350,"height":200,"srcset":"https:\/\/i0.wp.com\/larevistadigital.com.ar\/blog\/wp-content\/uploads\/Screenshot_2-101.jpg?fit=1000%2C666&ssl=1&resize=350%2C200 1x, https:\/\/i0.wp.com\/larevistadigital.com.ar\/blog\/wp-content\/uploads\/Screenshot_2-101.jpg?fit=1000%2C666&ssl=1&resize=525%2C300 1.5x, https:\/\/i0.wp.com\/larevistadigital.com.ar\/blog\/wp-content\/uploads\/Screenshot_2-101.jpg?fit=1000%2C666&ssl=1&resize=700%2C400 2x"},"classes":[]},{"id":14386,"url":"https:\/\/larevistadigital.com.ar\/blog\/mar-del-plata-asaltan-heladeria-a-mano-armada-fueron-detenidos\/","url_meta":{"origin":21790,"position":3},"title":"MAR DEL PLATA: ASALTAN HELADER\u00cdA A MANO ARMADA. FUERON DETENIDOS","author":"Alejandro Sosa Ruda","date":"26 enero, 2020","format":false,"excerpt":"Tres hombres, de entre 28 y 43 a\u00f1os, fueron detenidos esta madrugada acusados de haber robado a mano armada una helader\u00eda en\u00a0Col\u00f3n y Buenos Aires\u00a0y escapado en dos autos tras una persecuci\u00f3n que termin\u00f3 a metros del\u00a0Parque Camet. El hecho se registr\u00f3 cerca de las 4 de la madrugada, cuando\u2026","rel":"","context":"En \u00abPOLICIALES\u00bb","block_context":{"text":"POLICIALES","link":"https:\/\/larevistadigital.com.ar\/blog\/category\/policiales\/"},"img":{"alt_text":"","src":"https:\/\/i0.wp.com\/larevistadigital.com.ar\/blog\/wp-content\/uploads\/Screenshot_2-74.jpg?fit=1010%2C720&ssl=1&resize=350%2C200","width":350,"height":200,"srcset":"https:\/\/i0.wp.com\/larevistadigital.com.ar\/blog\/wp-content\/uploads\/Screenshot_2-74.jpg?fit=1010%2C720&ssl=1&resize=350%2C200 1x, https:\/\/i0.wp.com\/larevistadigital.com.ar\/blog\/wp-content\/uploads\/Screenshot_2-74.jpg?fit=1010%2C720&ssl=1&resize=525%2C300 1.5x, https:\/\/i0.wp.com\/larevistadigital.com.ar\/blog\/wp-content\/uploads\/Screenshot_2-74.jpg?fit=1010%2C720&ssl=1&resize=700%2C400 2x"},"classes":[]},{"id":11944,"url":"https:\/\/larevistadigital.com.ar\/blog\/balearon-a-un-hombre-para-robarle-las-zapatillas\/","url_meta":{"origin":21790,"position":4},"title":"BALEARON A UN HOMBRE PARA ROBARLE LAS ZAPATILLAS","author":"Alejandro Sosa Ruda","date":"20 agosto, 2019","format":false,"excerpt":"El hecho ocurri\u00f3 esta ma\u00f1ana en el barrio Fray Luis Beltr\u00e1n de la ciudad de Mar del Plata. La v\u00edctima tiene 36 a\u00f1os y tuvo que ser traslada al Hospital Interzonal con una herida en una pierna. Un hombre de 36 a\u00f1os fue baleado esta ma\u00f1ana en el barrio\u00a0Fray Luis\u2026","rel":"","context":"En \u00abINTERES GENERAL\u00bb","block_context":{"text":"INTERES GENERAL","link":"https:\/\/larevistadigital.com.ar\/blog\/category\/interes-general\/"},"img":{"alt_text":"","src":"https:\/\/i0.wp.com\/larevistadigital.com.ar\/blog\/wp-content\/uploads\/Screenshot_2-33.jpg?fit=1005%2C664&ssl=1&resize=350%2C200","width":350,"height":200,"srcset":"https:\/\/i0.wp.com\/larevistadigital.com.ar\/blog\/wp-content\/uploads\/Screenshot_2-33.jpg?fit=1005%2C664&ssl=1&resize=350%2C200 1x, https:\/\/i0.wp.com\/larevistadigital.com.ar\/blog\/wp-content\/uploads\/Screenshot_2-33.jpg?fit=1005%2C664&ssl=1&resize=525%2C300 1.5x, https:\/\/i0.wp.com\/larevistadigital.com.ar\/blog\/wp-content\/uploads\/Screenshot_2-33.jpg?fit=1005%2C664&ssl=1&resize=700%2C400 2x"},"classes":[]},{"id":25643,"url":"https:\/\/larevistadigital.com.ar\/blog\/mar-del-plata-lo-balearon-en-una-pierna-y-no-quiso-denunciar-que-le-paso\/","url_meta":{"origin":21790,"position":5},"title":"MAR DEL PLATA: LO BALEARON EN UNA PIERNA Y NO QUISO DENUNCIAR QU\u00c9 LE PAS\u00d3","author":"Alejandro Sosa Ruda","date":"6 junio, 2022","format":false,"excerpt":"Sucedi\u00f3 en el barrio Santa Rita el domingo a la noche. El herido de 42 a\u00f1os no quiso instar acci\u00f3n penal alguna ni dar detalles del ataque. MAR DEL PLATA -\u00a0 Un problema de vieja data, pero sin deseo de que se investigue. Esos fueron los \u00fanicos detalles que un\u2026","rel":"","context":"En \u00abINTERES GENERAL\u00bb","block_context":{"text":"INTERES GENERAL","link":"https:\/\/larevistadigital.com.ar\/blog\/category\/interes-general\/"},"img":{"alt_text":"","src":"https:\/\/i0.wp.com\/larevistadigital.com.ar\/blog\/wp-content\/uploads\/higa.jpg?fit=1140%2C708&ssl=1&resize=350%2C200","width":350,"height":200,"srcset":"https:\/\/i0.wp.com\/larevistadigital.com.ar\/blog\/wp-content\/uploads\/higa.jpg?fit=1140%2C708&ssl=1&resize=350%2C200 1x, https:\/\/i0.wp.com\/larevistadigital.com.ar\/blog\/wp-content\/uploads\/higa.jpg?fit=1140%2C708&ssl=1&resize=525%2C300 1.5x, https:\/\/i0.wp.com\/larevistadigital.com.ar\/blog\/wp-content\/uploads\/higa.jpg?fit=1140%2C708&ssl=1&resize=700%2C400 2x, https:\/\/i0.wp.com\/larevistadigital.com.ar\/blog\/wp-content\/uploads\/higa.jpg?fit=1140%2C708&ssl=1&resize=1050%2C600 3x"},"classes":[]}],"_links":{"self":[{"href":"https:\/\/larevistadigital.com.ar\/blog\/wp-json\/wp\/v2\/posts\/21790","targetHints":{"allow":["GET"]}}],"collection":[{"href":"https:\/\/larevistadigital.com.ar\/blog\/wp-json\/wp\/v2\/posts"}],"about":[{"href":"https:\/\/larevistadigital.com.ar\/blog\/wp-json\/wp\/v2\/types\/post"}],"author":[{"embeddable":true,"href":"https:\/\/larevistadigital.com.ar\/blog\/wp-json\/wp\/v2\/users\/3"}],"replies":[{"embeddable":true,"href":"https:\/\/larevistadigital.com.ar\/blog\/wp-json\/wp\/v2\/comments?post=21790"}],"version-history":[{"count":1,"href":"https:\/\/larevistadigital.com.ar\/blog\/wp-json\/wp\/v2\/posts\/21790\/revisions"}],"predecessor-version":[{"id":21791,"href":"https:\/\/larevistadigital.com.ar\/blog\/wp-json\/wp\/v2\/posts\/21790\/revisions\/21791"}],"wp:featuredmedia":[{"embeddable":true,"href":"https:\/\/larevistadigital.com.ar\/blog\/wp-json\/wp\/v2\/media\/13730"}],"wp:attachment":[{"href":"https:\/\/larevistadigital.com.ar\/blog\/wp-json\/wp\/v2\/media?parent=21790"}],"wp:term":[{"taxonomy":"category","embeddable":true,"href":"https:\/\/larevistadigital.com.ar\/blog\/wp-json\/wp\/v2\/categories?post=21790"},{"taxonomy":"post_tag","embeddable":true,"href":"https:\/\/larevistadigital.com.ar\/blog\/wp-json\/wp\/v2\/tags?post=21790"}],"curies":[{"name":"wp","href":"https:\/\/api.w.org\/{rel}","templated":true}]}}