{"id":21792,"date":"2021-08-30T14:16:47","date_gmt":"2021-08-30T14:16:47","guid":{"rendered":"https:\/\/larevistadigital.com.ar\/blog\/?p=21792"},"modified":"2021-08-30T14:16:47","modified_gmt":"2021-08-30T14:16:47","slug":"mar-del-plata-desconocido-agredio-a-golpes-y-patadas-a-una-mujer-en-un-restaurant","status":"publish","type":"post","link":"https:\/\/larevistadigital.com.ar\/blog\/mar-del-plata-desconocido-agredio-a-golpes-y-patadas-a-una-mujer-en-un-restaurant\/","title":{"rendered":"MAR DEL PLATA: DESCONOCIDO AGREDI\u00d3 A GOLPES Y PATADAS A UNA MUJER EN UN RESTAURANT"},"content":{"rendered":"<h2 class=\"intro\">Un ins\u00f3lito episodio ocurri\u00f3\u00a0 en la localidad de Bat\u00e1n. La mujer, que qued\u00f3 inconsciente, no conoc\u00eda a su agresor.<\/h2>\n<p><strong>MAR DEL PLATA &#8211;<\/strong> Un <strong>violento episodio\u00a0<\/strong>se produjo durante la noche del domingo, cuando un sujeto golpe\u00f3 salvajemente a una mujer que se encontraba en un restaurant junto a su familia y la\u00a0<strong>dej\u00f3 inconsciente<\/strong>. Lo llamativo del caso fue que la\u00a0<strong>mujer no conoc\u00eda al agresor<\/strong>, quien fue aprehendido por la polic\u00eda.<\/p>\n<blockquote>\n<h3>El hecho se produjo este domingo, cuando la mujer de\u00a0<strong>35 a\u00f1os se encontraba junto a su familia<\/strong>\u00a0en un restaurant de la localidad de Bat\u00e1n, ubicado en calle 126 y colectora.<\/h3>\n<\/blockquote>\n<p>Sorpresivamente, el sujeto tom\u00f3 de los pelos a la v\u00edctima, la arrastr\u00f3 por el piso y comenz\u00f3 a darle trompadas y patadas, hasta que la mujer perdi\u00f3 el conocimiento. Luego, el sujeto, completamente fuera de s\u00ed, destruy\u00f3 la vidriera del local.<\/p>\n<blockquote>\n<h3>Seg\u00fan relataron los allegados a la v\u00edctima, la mujer no hab\u00eda visto jam\u00e1s en su vida al atacante y no ten\u00eda ning\u00fan tipo de relaci\u00f3n, por lo que se mostraron sorprendidos por la situaci\u00f3n. Los testigos en el lugar, relataron a las autoridades que el atacante estaba peleando con otro sujeto, cuando inesperadamente comenz\u00f3 a golpear a la mujer.<\/h3>\n<\/blockquote>\n<p>A partir de un llamado al 911, efectivos de la comisar\u00eda octava lograron aprehender al hombre de 35 a\u00f1os, a quien se le inici\u00f3 una causa por lesiones y da\u00f1o, con intervenci\u00f3n de la fiscal\u00eda de Flagrancia en turno, a cargo de Daniel Vicente.<\/p>\n<p>publicado en 0223.com.ar<\/p>\n","protected":false},"excerpt":{"rendered":"<div class=\"mh-excerpt\"><p>Un ins\u00f3lito episodio ocurri\u00f3\u00a0 en la localidad de Bat\u00e1n. La mujer, que qued\u00f3 inconsciente, no conoc\u00eda a su agresor. MAR DEL PLATA &#8211; Un violento episodio\u00a0se produjo durante la noche del domingo, cuando un sujeto <a class=\"mh-excerpt-more\" href=\"https:\/\/larevistadigital.com.ar\/blog\/mar-del-plata-desconocido-agredio-a-golpes-y-patadas-a-una-mujer-en-un-restaurant\/\" title=\"MAR DEL PLATA: DESCONOCIDO AGREDI\u00d3 A GOLPES Y PATADAS A UNA MUJER EN UN RESTAURANT\">[Leer M\u00e1s]<\/a><\/p>\n<\/div>","protected":false},"author":3,"featured_media":21793,"comment_status":"open","ping_status":"open","sticky":false,"template":"","format":"standard","meta":{"_jetpack_memberships_contains_paid_content":false,"footnotes":"","jetpack_publicize_message":"","jetpack_publicize_feature_enabled":true,"jetpack_social_post_already_shared":true,"jetpack_social_options":{"image_generator_settings":{"template":"highway","default_image_id":0,"font":"","enabled":false},"version":2}},"categories":[44,51],"tags":[],"class_list":{"0":"post-21792","1":"post","2":"type-post","3":"status-publish","4":"format-standard","5":"has-post-thumbnail","7":"category-policiales","8":"category-regionales"},"jetpack_publicize_connections":[],"jetpack_featured_media_url":"https:\/\/i0.wp.com\/larevistadigital.com.ar\/blog\/wp-content\/uploads\/AGRESOR.png?fit=1002%2C491&ssl=1","jetpack_sharing_enabled":true,"jetpack_shortlink":"https:\/\/wp.me\/p8qtrQ-5Fu","jetpack-related-posts":[{"id":28265,"url":"https:\/\/larevistadigital.com.ar\/blog\/un-hombre-apunalo-una-perra-y-agredio-a-una-mujer-que-intento-rescatarla\/","url_meta":{"origin":21792,"position":0},"title":"UN HOMBRE APU\u00d1AL\u00d3 UNA PERRA Y AGREDI\u00d3 A UNA MUJER QUE INTENT\u00d3 RESCATARLA","author":"Alejandro Sosa Ruda","date":"4 octubre, 2022","format":false,"excerpt":"En la seccional Segunda de Polic\u00eda se radicaron dos denuncias, una de la due\u00f1a del animal y la otra de la empleada del comercio cercano que intent\u00f3 salvar a la perra y fue atacada tambi\u00e9n por el agresor. 03 de octubre de 2022 OLAVARR\u00cdA -\u00a0 Un violento episodio se produjo\u2026","rel":"","context":"En \u00abPOLICIALES\u00bb","block_context":{"text":"POLICIALES","link":"https:\/\/larevistadigital.com.ar\/blog\/category\/policiales\/"},"img":{"alt_text":"","src":"https:\/\/i0.wp.com\/larevistadigital.com.ar\/blog\/wp-content\/uploads\/20221003133713_perro-durmiendo.jpg?fit=880%2C512&ssl=1&resize=350%2C200","width":350,"height":200,"srcset":"https:\/\/i0.wp.com\/larevistadigital.com.ar\/blog\/wp-content\/uploads\/20221003133713_perro-durmiendo.jpg?fit=880%2C512&ssl=1&resize=350%2C200 1x, https:\/\/i0.wp.com\/larevistadigital.com.ar\/blog\/wp-content\/uploads\/20221003133713_perro-durmiendo.jpg?fit=880%2C512&ssl=1&resize=525%2C300 1.5x, https:\/\/i0.wp.com\/larevistadigital.com.ar\/blog\/wp-content\/uploads\/20221003133713_perro-durmiendo.jpg?fit=880%2C512&ssl=1&resize=700%2C400 2x"},"classes":[]},{"id":7979,"url":"https:\/\/larevistadigital.com.ar\/blog\/mar-del-plata-detienen-a-hombre-acusado-de-violar-a-su-sobrina-de-13-anos\/","url_meta":{"origin":21792,"position":1},"title":"MAR DEL PLATA: DETIENEN A HOMBRE ACUSADO DE VIOLAR A SU SOBRINA DE 13 A\u00d1OS","author":"Alejandro Sosa Ruda","date":"26 enero, 2019","format":false,"excerpt":"El sujeto, de 58 a\u00f1os, se neg\u00f3 a declarar y qued\u00f3 alojado en la Unidad Penal 44 de Bat\u00e1n. Adem\u00e1s, la menor denunci\u00f3 que su t\u00eda ya la hab\u00eda violado, hace unas semanas, cuando estaban en Misiones. El mi\u00e9rcoles la v\u00edctima declarar\u00e1 en C\u00e1mara Gesell. Un hombre de 58 a\u00f1os\u2026","rel":"","context":"En \u00abPOLICIALES\u00bb","block_context":{"text":"POLICIALES","link":"https:\/\/larevistadigital.com.ar\/blog\/category\/policiales\/"},"img":{"alt_text":"","src":"","width":0,"height":0},"classes":[]},{"id":42338,"url":"https:\/\/larevistadigital.com.ar\/blog\/mar-del-plata-detuvieron-a-un-feriante-acusado-de-violar-a-una-mujer\/","url_meta":{"origin":21792,"position":2},"title":"Mar del Plata: detuvieron a un feriante acusado de violar a una mujer","author":"Alejandro Sosa Ruda","date":"1 noviembre, 2025","format":false,"excerpt":"La v\u00edctima, de 47 a\u00f1os, denunci\u00f3 que fue abusada en dos oportunidades por un hombre con antecedentes penales por delitos sexuales. El acusado fue arrestado y qued\u00f3 a disposici\u00f3n de la Justicia. 01 de Noviembre de 2025 MAR DEL PLATA -\u00a0 \u00a0Una mujer de 47 a\u00f1os fue v\u00edctima de una\u2026","rel":"","context":"En \u00abPOLICIALES\u00bb","block_context":{"text":"POLICIALES","link":"https:\/\/larevistadigital.com.ar\/blog\/category\/policiales\/"},"img":{"alt_text":"","src":"https:\/\/i0.wp.com\/larevistadigital.com.ar\/blog\/wp-content\/uploads\/una-mujer-fue-rescatada-la-policia-la-plata.jpg?fit=1200%2C675&ssl=1&resize=350%2C200","width":350,"height":200,"srcset":"https:\/\/i0.wp.com\/larevistadigital.com.ar\/blog\/wp-content\/uploads\/una-mujer-fue-rescatada-la-policia-la-plata.jpg?fit=1200%2C675&ssl=1&resize=350%2C200 1x, https:\/\/i0.wp.com\/larevistadigital.com.ar\/blog\/wp-content\/uploads\/una-mujer-fue-rescatada-la-policia-la-plata.jpg?fit=1200%2C675&ssl=1&resize=525%2C300 1.5x, https:\/\/i0.wp.com\/larevistadigital.com.ar\/blog\/wp-content\/uploads\/una-mujer-fue-rescatada-la-policia-la-plata.jpg?fit=1200%2C675&ssl=1&resize=700%2C400 2x, https:\/\/i0.wp.com\/larevistadigital.com.ar\/blog\/wp-content\/uploads\/una-mujer-fue-rescatada-la-policia-la-plata.jpg?fit=1200%2C675&ssl=1&resize=1050%2C600 3x"},"classes":[]},{"id":39677,"url":"https:\/\/larevistadigital.com.ar\/blog\/tragedia-en-el-centro-de-mar-del-plata-una-mujer-murio-al-caer-desde-un-octavo-piso\/","url_meta":{"origin":21792,"position":3},"title":"Tragedia en el centro de Mar del Plata: una mujer muri\u00f3 al caer desde un octavo piso","author":"Alejandro Sosa Ruda","date":"5 mayo, 2025","format":false,"excerpt":"La v\u00edctima ten\u00eda 50 a\u00f1os y cay\u00f3 al vac\u00edo en plena tarde de domingo. La Justicia investiga las circunstancias del hecho, aunque por ahora no se sospecha de participaci\u00f3n de terceros. 05 de Mayo de 2025 MAR DEL PLATA -\u00a0 Un estremecedor episodio sacudi\u00f3 este domingo por la tarde al\u2026","rel":"","context":"En \u00abPOLICIALES\u00bb","block_context":{"text":"POLICIALES","link":"https:\/\/larevistadigital.com.ar\/blog\/category\/policiales\/"},"img":{"alt_text":"","src":"https:\/\/i0.wp.com\/larevistadigital.com.ar\/blog\/wp-content\/uploads\/d548ce1fd9f26de8c635d7cbe3a5a26d1019dbd3.png?fit=1140%2C698&ssl=1&resize=350%2C200","width":350,"height":200,"srcset":"https:\/\/i0.wp.com\/larevistadigital.com.ar\/blog\/wp-content\/uploads\/d548ce1fd9f26de8c635d7cbe3a5a26d1019dbd3.png?fit=1140%2C698&ssl=1&resize=350%2C200 1x, https:\/\/i0.wp.com\/larevistadigital.com.ar\/blog\/wp-content\/uploads\/d548ce1fd9f26de8c635d7cbe3a5a26d1019dbd3.png?fit=1140%2C698&ssl=1&resize=525%2C300 1.5x, https:\/\/i0.wp.com\/larevistadigital.com.ar\/blog\/wp-content\/uploads\/d548ce1fd9f26de8c635d7cbe3a5a26d1019dbd3.png?fit=1140%2C698&ssl=1&resize=700%2C400 2x, https:\/\/i0.wp.com\/larevistadigital.com.ar\/blog\/wp-content\/uploads\/d548ce1fd9f26de8c635d7cbe3a5a26d1019dbd3.png?fit=1140%2C698&ssl=1&resize=1050%2C600 3x"},"classes":[]},{"id":28596,"url":"https:\/\/larevistadigital.com.ar\/blog\/mar-del-plata-muere-quemado-un-militante-de-la-coalicion-civica-despues-de-un-encuentro-partidario\/","url_meta":{"origin":21792,"position":4},"title":"MAR DEL PLATA: MUERE QUEMADO UN MILITANTE DE LA COALICI\u00d3N C\u00cdVICA, DESPU\u00c9S DE UN ENCUENTRO PARTIDARIO","author":"Alejandro Sosa Ruda","date":"25 octubre, 2022","format":false,"excerpt":"Dami\u00e1n Antonini, de 40 a\u00f1os, apareci\u00f3 tirado en el c\u00e9sped. Una testigo denunci\u00f3 una situaci\u00f3n previa de acoso. El caso lo investiga el fiscal Alejandro Pellegrinelli, titular de la UFI N.\u00ba 5 de Mar del Plata, quien inici\u00f3 una causa por \u201caveriguaci\u00f3n de il\u00edcito\u201d. 25 de octubre de 2022 Un\u2026","rel":"","context":"En \u00abPOLICIALES\u00bb","block_context":{"text":"POLICIALES","link":"https:\/\/larevistadigital.com.ar\/blog\/category\/policiales\/"},"img":{"alt_text":"","src":"https:\/\/i0.wp.com\/larevistadigital.com.ar\/blog\/wp-content\/uploads\/20221024164619_mili.jpg?fit=880%2C512&ssl=1&resize=350%2C200","width":350,"height":200,"srcset":"https:\/\/i0.wp.com\/larevistadigital.com.ar\/blog\/wp-content\/uploads\/20221024164619_mili.jpg?fit=880%2C512&ssl=1&resize=350%2C200 1x, https:\/\/i0.wp.com\/larevistadigital.com.ar\/blog\/wp-content\/uploads\/20221024164619_mili.jpg?fit=880%2C512&ssl=1&resize=525%2C300 1.5x, https:\/\/i0.wp.com\/larevistadigital.com.ar\/blog\/wp-content\/uploads\/20221024164619_mili.jpg?fit=880%2C512&ssl=1&resize=700%2C400 2x"},"classes":[]},{"id":24667,"url":"https:\/\/larevistadigital.com.ar\/blog\/le-pego-tres-tiros-a-su-pareja-y-se-suicido\/","url_meta":{"origin":21792,"position":5},"title":"LE PEG\u00d3 TRES TIROS A SU PAREJA Y SE SUICID\u00d3","author":"Alejandro Sosa Ruda","date":"18 marzo, 2022","format":false,"excerpt":"Ocurri\u00f3 este viernes en Bat\u00e1n. La v\u00edctima, de 77 a\u00f1os, fue baleada en el hombro y en el cuello y se encuentra internada en el Hospital Interzonal, fuera de peligro. Por su parte el hombre, de 80 a\u00f1os, fue hallado sin vida, con un disparo en la cabeza y el\u2026","rel":"","context":"En \u00abPOLICIALES\u00bb","block_context":{"text":"POLICIALES","link":"https:\/\/larevistadigital.com.ar\/blog\/category\/policiales\/"},"img":{"alt_text":"","src":"https:\/\/i0.wp.com\/larevistadigital.com.ar\/blog\/wp-content\/uploads\/Patrullero-La-Plata-Berisso-Policia.jpg?fit=882%2C492&ssl=1&resize=350%2C200","width":350,"height":200,"srcset":"https:\/\/i0.wp.com\/larevistadigital.com.ar\/blog\/wp-content\/uploads\/Patrullero-La-Plata-Berisso-Policia.jpg?fit=882%2C492&ssl=1&resize=350%2C200 1x, https:\/\/i0.wp.com\/larevistadigital.com.ar\/blog\/wp-content\/uploads\/Patrullero-La-Plata-Berisso-Policia.jpg?fit=882%2C492&ssl=1&resize=525%2C300 1.5x, https:\/\/i0.wp.com\/larevistadigital.com.ar\/blog\/wp-content\/uploads\/Patrullero-La-Plata-Berisso-Policia.jpg?fit=882%2C492&ssl=1&resize=700%2C400 2x"},"classes":[]}],"_links":{"self":[{"href":"https:\/\/larevistadigital.com.ar\/blog\/wp-json\/wp\/v2\/posts\/21792","targetHints":{"allow":["GET"]}}],"collection":[{"href":"https:\/\/larevistadigital.com.ar\/blog\/wp-json\/wp\/v2\/posts"}],"about":[{"href":"https:\/\/larevistadigital.com.ar\/blog\/wp-json\/wp\/v2\/types\/post"}],"author":[{"embeddable":true,"href":"https:\/\/larevistadigital.com.ar\/blog\/wp-json\/wp\/v2\/users\/3"}],"replies":[{"embeddable":true,"href":"https:\/\/larevistadigital.com.ar\/blog\/wp-json\/wp\/v2\/comments?post=21792"}],"version-history":[{"count":1,"href":"https:\/\/larevistadigital.com.ar\/blog\/wp-json\/wp\/v2\/posts\/21792\/revisions"}],"predecessor-version":[{"id":21794,"href":"https:\/\/larevistadigital.com.ar\/blog\/wp-json\/wp\/v2\/posts\/21792\/revisions\/21794"}],"wp:featuredmedia":[{"embeddable":true,"href":"https:\/\/larevistadigital.com.ar\/blog\/wp-json\/wp\/v2\/media\/21793"}],"wp:attachment":[{"href":"https:\/\/larevistadigital.com.ar\/blog\/wp-json\/wp\/v2\/media?parent=21792"}],"wp:term":[{"taxonomy":"category","embeddable":true,"href":"https:\/\/larevistadigital.com.ar\/blog\/wp-json\/wp\/v2\/categories?post=21792"},{"taxonomy":"post_tag","embeddable":true,"href":"https:\/\/larevistadigital.com.ar\/blog\/wp-json\/wp\/v2\/tags?post=21792"}],"curies":[{"name":"wp","href":"https:\/\/api.w.org\/{rel}","templated":true}]}}