{"id":21795,"date":"2021-08-30T14:48:19","date_gmt":"2021-08-30T14:48:19","guid":{"rendered":"https:\/\/larevistadigital.com.ar\/blog\/?p=21795"},"modified":"2021-08-30T14:48:19","modified_gmt":"2021-08-30T14:48:19","slug":"triste-noticia-un-nuevo-suicidio-de-una-joven-en-la-ciudad-de-chascomus","status":"publish","type":"post","link":"https:\/\/larevistadigital.com.ar\/blog\/triste-noticia-un-nuevo-suicidio-de-una-joven-en-la-ciudad-de-chascomus\/","title":{"rendered":"TRISTE NOTICIA: UN NUEVO SUICIDIO DE UNA JOVEN EN LA CIUDAD DE CHASCOM\u00daS"},"content":{"rendered":"<p>CHASCOM\u00daS &#8211;\u00a0 Lamentablemente se confirm\u00f3 la noticia que circulaba en redes sociales, dando cuenta de un nuevo suicidio en la ciudad, que fue protagonizado por otra joven, como en el \u00faltimo s\u00e1bado.<\/p>\n<blockquote>\n<h3>En este caso se trata de una chica, que tom\u00f3 la triste decisi\u00f3n de ahorcarse, de entre 20 y 25 a\u00f1os de edad, y que habr\u00eda sido encontrada por su novio en el domicilio donde resid\u00eda la fallecida.<\/h3>\n<\/blockquote>\n<p>Llam\u00f3 a la polic\u00eda, y se dio aviso a\u00a0 la UFI 9 donde la Dra.<strong> Daniela Bertoletti Tramuja<\/strong> dio las instrucciones del caso, disponiendo las diligencias de rigor.<\/p>\n<p><strong>AMPLIAREMOS, NOTICIA EN DESARROLLO<\/strong><\/p>\n","protected":false},"excerpt":{"rendered":"<div class=\"mh-excerpt\"><p>CHASCOM\u00daS &#8211;\u00a0 Lamentablemente se confirm\u00f3 la noticia que circulaba en redes sociales, dando cuenta de un nuevo suicidio en la ciudad, que fue protagonizado por otra joven, como en el \u00faltimo s\u00e1bado. En este caso <a class=\"mh-excerpt-more\" href=\"https:\/\/larevistadigital.com.ar\/blog\/triste-noticia-un-nuevo-suicidio-de-una-joven-en-la-ciudad-de-chascomus\/\" title=\"TRISTE NOTICIA: UN NUEVO SUICIDIO DE UNA JOVEN EN LA CIUDAD DE CHASCOM\u00daS\">[Leer M\u00e1s]<\/a><\/p>\n<\/div>","protected":false},"author":3,"featured_media":10740,"comment_status":"open","ping_status":"open","sticky":false,"template":"","format":"standard","meta":{"_jetpack_memberships_contains_paid_content":false,"footnotes":"","jetpack_publicize_message":"","jetpack_publicize_feature_enabled":true,"jetpack_social_post_already_shared":true,"jetpack_social_options":{"image_generator_settings":{"template":"highway","default_image_id":0,"font":"","enabled":false},"version":2}},"categories":[41],"tags":[],"class_list":{"0":"post-21795","1":"post","2":"type-post","3":"status-publish","4":"format-standard","5":"has-post-thumbnail","7":"category-destacadas"},"jetpack_publicize_connections":[],"jetpack_featured_media_url":"https:\/\/i0.wp.com\/larevistadigital.com.ar\/blog\/wp-content\/uploads\/20190623_120726.jpg?fit=1080%2C713&ssl=1","jetpack_sharing_enabled":true,"jetpack_shortlink":"https:\/\/wp.me\/p8qtrQ-5Fx","jetpack-related-posts":[{"id":28325,"url":"https:\/\/larevistadigital.com.ar\/blog\/chascomus-nuevo-suicidio-de-un-joven-en-la-ciudad\/","url_meta":{"origin":21795,"position":0},"title":"CHASCOM\u00daS: NUEVO SUICIDIO DE UN JOVEN EN LA CIUDAD","author":"Alejandro Sosa Ruda","date":"7 octubre, 2022","format":false,"excerpt":"Se trata de un muchacho de 19 a\u00f1os que fue encontrado por su padre. Otra vida que se trunca tristemente en una ciudad en la que lamentablemente son varios los casos ocurridos. 07 de Octubre de 2022 CHASCOM\u00daS -\u00a0 Otra vez un suicidio. Y otra vez una criatura que estaba\u2026","rel":"","context":"En \u00abDESTACADAS\u00bb","block_context":{"text":"DESTACADAS","link":"https:\/\/larevistadigital.com.ar\/blog\/category\/destacadas\/"},"img":{"alt_text":"","src":"https:\/\/i0.wp.com\/larevistadigital.com.ar\/blog\/wp-content\/uploads\/Captura-de-pantalla-2021-12-29-203210.jpg?fit=1013%2C675&ssl=1&resize=350%2C200","width":350,"height":200,"srcset":"https:\/\/i0.wp.com\/larevistadigital.com.ar\/blog\/wp-content\/uploads\/Captura-de-pantalla-2021-12-29-203210.jpg?fit=1013%2C675&ssl=1&resize=350%2C200 1x, https:\/\/i0.wp.com\/larevistadigital.com.ar\/blog\/wp-content\/uploads\/Captura-de-pantalla-2021-12-29-203210.jpg?fit=1013%2C675&ssl=1&resize=525%2C300 1.5x, https:\/\/i0.wp.com\/larevistadigital.com.ar\/blog\/wp-content\/uploads\/Captura-de-pantalla-2021-12-29-203210.jpg?fit=1013%2C675&ssl=1&resize=700%2C400 2x"},"classes":[]},{"id":21441,"url":"https:\/\/larevistadigital.com.ar\/blog\/manana-fatidica-en-chascomus-2-suicidios-en-distintos-lugares\/","url_meta":{"origin":21795,"position":1},"title":"MA\u00d1ANA FAT\u00cdDICA EN CHASCOM\u00daS: 2 SUICIDIOS EN DISTINTOS LUGARES","author":"Alejandro Sosa Ruda","date":"6 agosto, 2021","format":false,"excerpt":"CHASCOM\u00daS - De manera incre\u00edble, para una ciudad de menos de 50.000 habitantes que se superpongan dos hechos de suicidio en el mismo d\u00eda, pero lamentablemente as\u00ed fue. El primer caso del que se tuvo conocimiento se habr\u00eda producido por ahorcamiento en calle Colombia entre Yrigoyen y Machado, trat\u00e1ndose de\u2026","rel":"","context":"En \u00abDESTACADAS\u00bb","block_context":{"text":"DESTACADAS","link":"https:\/\/larevistadigital.com.ar\/blog\/category\/destacadas\/"},"img":{"alt_text":"","src":"https:\/\/i0.wp.com\/larevistadigital.com.ar\/blog\/wp-content\/uploads\/227084464_3001331213483496_887253315477204883_n.jpg?fit=1200%2C675&ssl=1&resize=350%2C200","width":350,"height":200,"srcset":"https:\/\/i0.wp.com\/larevistadigital.com.ar\/blog\/wp-content\/uploads\/227084464_3001331213483496_887253315477204883_n.jpg?fit=1200%2C675&ssl=1&resize=350%2C200 1x, https:\/\/i0.wp.com\/larevistadigital.com.ar\/blog\/wp-content\/uploads\/227084464_3001331213483496_887253315477204883_n.jpg?fit=1200%2C675&ssl=1&resize=525%2C300 1.5x, https:\/\/i0.wp.com\/larevistadigital.com.ar\/blog\/wp-content\/uploads\/227084464_3001331213483496_887253315477204883_n.jpg?fit=1200%2C675&ssl=1&resize=700%2C400 2x, https:\/\/i0.wp.com\/larevistadigital.com.ar\/blog\/wp-content\/uploads\/227084464_3001331213483496_887253315477204883_n.jpg?fit=1200%2C675&ssl=1&resize=1050%2C600 3x"},"classes":[]},{"id":19705,"url":"https:\/\/larevistadigital.com.ar\/blog\/chascomus-joven-tomo-la-tragica-decision-de-quitarse-la-vida\/","url_meta":{"origin":21795,"position":2},"title":"CHASCOM\u00daS : JOVEN TOM\u00d3 LA TR\u00c1GICA DECISI\u00d3N DE QUITARSE LA VIDA","author":"Alejandro Sosa Ruda","date":"18 abril, 2021","format":false,"excerpt":"CHASCOM\u00daS - Trascendi\u00f3 la noticia de que un joven chascomunense de 30 a\u00f1os de edad, habr\u00eda tomado la triste decisi\u00f3n de quitarse la vida. Seg\u00fan indican fuentes policiales, se tom\u00f3 conocimiento del hecho a trav\u00e9s de un llamado al 911 del padre del muchacho, que lo habr\u00eda encontrado ahorcado en\u2026","rel":"","context":"En \u00abDESTACADAS\u00bb","block_context":{"text":"DESTACADAS","link":"https:\/\/larevistadigital.com.ar\/blog\/category\/destacadas\/"},"img":{"alt_text":"","src":"https:\/\/i0.wp.com\/larevistadigital.com.ar\/blog\/wp-content\/uploads\/2017\/10\/CRESP%C3%93N-NEGRO.jpg?fit=900%2C900&ssl=1&resize=350%2C200","width":350,"height":200,"srcset":"https:\/\/i0.wp.com\/larevistadigital.com.ar\/blog\/wp-content\/uploads\/2017\/10\/CRESP%C3%93N-NEGRO.jpg?fit=900%2C900&ssl=1&resize=350%2C200 1x, https:\/\/i0.wp.com\/larevistadigital.com.ar\/blog\/wp-content\/uploads\/2017\/10\/CRESP%C3%93N-NEGRO.jpg?fit=900%2C900&ssl=1&resize=525%2C300 1.5x, https:\/\/i0.wp.com\/larevistadigital.com.ar\/blog\/wp-content\/uploads\/2017\/10\/CRESP%C3%93N-NEGRO.jpg?fit=900%2C900&ssl=1&resize=700%2C400 2x"},"classes":[]},{"id":16337,"url":"https:\/\/larevistadigital.com.ar\/blog\/chascomus-joven-tomo-la-drastica-decision-de-quitarse-la-vida\/","url_meta":{"origin":21795,"position":3},"title":"CHASCOM\u00daS: JOVEN TOM\u00d3 LA DR\u00c1STICA DECISI\u00d3N DE QUITARSE LA VIDA","author":"Alejandro Sosa Ruda","date":"15 septiembre, 2020","format":false,"excerpt":"Lamentablemente un joven de la ciudad de Chascom\u00fas, tom\u00f3 la triste decisi\u00f3n de acabar con su vida, ahorc\u00e1ndose en su vivienda del Barrio El Hueco. Se tratar\u00eda de un adolescente de 17 a\u00f1os de edad, y la polic\u00eda cient\u00edfica trabaja en el lugar. En estos momentos se estar\u00eda realizando la\u2026","rel":"","context":"En \u00abDESTACADAS\u00bb","block_context":{"text":"DESTACADAS","link":"https:\/\/larevistadigital.com.ar\/blog\/category\/destacadas\/"},"img":{"alt_text":"","src":"https:\/\/i0.wp.com\/larevistadigital.com.ar\/blog\/wp-content\/uploads\/ULTIMO-MOMENTO.jpg?fit=760%2C428&ssl=1&resize=350%2C200","width":350,"height":200,"srcset":"https:\/\/i0.wp.com\/larevistadigital.com.ar\/blog\/wp-content\/uploads\/ULTIMO-MOMENTO.jpg?fit=760%2C428&ssl=1&resize=350%2C200 1x, https:\/\/i0.wp.com\/larevistadigital.com.ar\/blog\/wp-content\/uploads\/ULTIMO-MOMENTO.jpg?fit=760%2C428&ssl=1&resize=525%2C300 1.5x, https:\/\/i0.wp.com\/larevistadigital.com.ar\/blog\/wp-content\/uploads\/ULTIMO-MOMENTO.jpg?fit=760%2C428&ssl=1&resize=700%2C400 2x"},"classes":[]},{"id":11676,"url":"https:\/\/larevistadigital.com.ar\/blog\/chascomus-lamentablemente-un-joven-de-23-anos-se-quito-la-vida\/","url_meta":{"origin":21795,"position":4},"title":"CHASCOM\u00daS: LAMENTABLEMENTE UN J\u00d3VEN DE 23 A\u00d1OS SE QUIT\u00d3 LA VIDA","author":"Alejandro Sosa Ruda","date":"2 agosto, 2019","format":false,"excerpt":"Lamentablemente se confirm\u00f3 la informaci\u00f3n que circulaba en redes acerca de la dr\u00e1stica decisi\u00f3n de un j\u00f3ven\u00a0 de quitarse la vida. Su nombre era Jon Brian Errecart de tan solo 23 a\u00f1os de edad. El hecho ocurri\u00f3 en la calle Tandil 323 (entre Venezuela y v\u00edas), que es el domicilio\u2026","rel":"","context":"En \u00abDESTACADAS\u00bb","block_context":{"text":"DESTACADAS","link":"https:\/\/larevistadigital.com.ar\/blog\/category\/destacadas\/"},"img":{"alt_text":"","src":"https:\/\/i0.wp.com\/larevistadigital.com.ar\/blog\/wp-content\/uploads\/67490076_2441818149171614_899571073262026752_o.jpg?fit=1040%2C585&ssl=1&resize=350%2C200","width":350,"height":200,"srcset":"https:\/\/i0.wp.com\/larevistadigital.com.ar\/blog\/wp-content\/uploads\/67490076_2441818149171614_899571073262026752_o.jpg?fit=1040%2C585&ssl=1&resize=350%2C200 1x, https:\/\/i0.wp.com\/larevistadigital.com.ar\/blog\/wp-content\/uploads\/67490076_2441818149171614_899571073262026752_o.jpg?fit=1040%2C585&ssl=1&resize=525%2C300 1.5x, https:\/\/i0.wp.com\/larevistadigital.com.ar\/blog\/wp-content\/uploads\/67490076_2441818149171614_899571073262026752_o.jpg?fit=1040%2C585&ssl=1&resize=700%2C400 2x"},"classes":[]},{"id":3438,"url":"https:\/\/larevistadigital.com.ar\/blog\/chascomus-lamentablemente-fallecio-la-joven-que-estaba-internada-tras-prenderse-fuego\/","url_meta":{"origin":21795,"position":5},"title":"CHASCOM\u00daS: LAMENTABLEMENTE FALLECI\u00d3 LA JOVEN QUE ESTABA INTERNADA, TRAS PRENDERSE FUEGO.","author":"Alejandro Sosa Ruda","date":"9 octubre, 2017","format":false,"excerpt":"Lamentablemente falleci\u00f3 la joven Gimena Cisneros, de 30 a\u00f1os de edad, que seg\u00fan informamos ayer,\u00a0 en un intento de suicidio se hab\u00eda prendido fuego \"a lo bonzo\" y se encontraba internada en estado reservado. La madre de la fallecida, hab\u00eda dialogado con la FM Por Siempre, contando que la muchacha\u2026","rel":"","context":"En \u00abPOLITICA\u00bb","block_context":{"text":"POLITICA","link":"https:\/\/larevistadigital.com.ar\/blog\/category\/politica\/"},"img":{"alt_text":"","src":"https:\/\/i0.wp.com\/larevistadigital.com.ar\/blog\/wp-content\/uploads\/2017\/10\/CRESP%C3%93N-NEGRO.jpg?fit=900%2C900&ssl=1&resize=350%2C200","width":350,"height":200,"srcset":"https:\/\/i0.wp.com\/larevistadigital.com.ar\/blog\/wp-content\/uploads\/2017\/10\/CRESP%C3%93N-NEGRO.jpg?fit=900%2C900&ssl=1&resize=350%2C200 1x, https:\/\/i0.wp.com\/larevistadigital.com.ar\/blog\/wp-content\/uploads\/2017\/10\/CRESP%C3%93N-NEGRO.jpg?fit=900%2C900&ssl=1&resize=525%2C300 1.5x, https:\/\/i0.wp.com\/larevistadigital.com.ar\/blog\/wp-content\/uploads\/2017\/10\/CRESP%C3%93N-NEGRO.jpg?fit=900%2C900&ssl=1&resize=700%2C400 2x"},"classes":[]}],"_links":{"self":[{"href":"https:\/\/larevistadigital.com.ar\/blog\/wp-json\/wp\/v2\/posts\/21795","targetHints":{"allow":["GET"]}}],"collection":[{"href":"https:\/\/larevistadigital.com.ar\/blog\/wp-json\/wp\/v2\/posts"}],"about":[{"href":"https:\/\/larevistadigital.com.ar\/blog\/wp-json\/wp\/v2\/types\/post"}],"author":[{"embeddable":true,"href":"https:\/\/larevistadigital.com.ar\/blog\/wp-json\/wp\/v2\/users\/3"}],"replies":[{"embeddable":true,"href":"https:\/\/larevistadigital.com.ar\/blog\/wp-json\/wp\/v2\/comments?post=21795"}],"version-history":[{"count":1,"href":"https:\/\/larevistadigital.com.ar\/blog\/wp-json\/wp\/v2\/posts\/21795\/revisions"}],"predecessor-version":[{"id":21796,"href":"https:\/\/larevistadigital.com.ar\/blog\/wp-json\/wp\/v2\/posts\/21795\/revisions\/21796"}],"wp:featuredmedia":[{"embeddable":true,"href":"https:\/\/larevistadigital.com.ar\/blog\/wp-json\/wp\/v2\/media\/10740"}],"wp:attachment":[{"href":"https:\/\/larevistadigital.com.ar\/blog\/wp-json\/wp\/v2\/media?parent=21795"}],"wp:term":[{"taxonomy":"category","embeddable":true,"href":"https:\/\/larevistadigital.com.ar\/blog\/wp-json\/wp\/v2\/categories?post=21795"},{"taxonomy":"post_tag","embeddable":true,"href":"https:\/\/larevistadigital.com.ar\/blog\/wp-json\/wp\/v2\/tags?post=21795"}],"curies":[{"name":"wp","href":"https:\/\/api.w.org\/{rel}","templated":true}]}}