{"id":21798,"date":"2021-08-30T15:43:09","date_gmt":"2021-08-30T15:43:09","guid":{"rendered":"https:\/\/larevistadigital.com.ar\/blog\/?p=21798"},"modified":"2021-08-30T15:43:09","modified_gmt":"2021-08-30T15:43:09","slug":"tandil-desfiguran-a-golpes-a-conocido-comerciante","status":"publish","type":"post","link":"https:\/\/larevistadigital.com.ar\/blog\/tandil-desfiguran-a-golpes-a-conocido-comerciante\/","title":{"rendered":"TANDIL: DESFIGURAN A GOLPES A CONOCIDO COMERCIANTE"},"content":{"rendered":"<p><strong>TANDIL &#8211;<\/strong> Cuatro sujetos atacaron brutalmente al due\u00f1o de La Rosetta en plena v\u00eda p\u00fablica en Villa Italia. El hecho se registr\u00f3 este s\u00e1bado alrededor de las 23 en Dinamarca y Ugarte, y la v\u00edctima es <strong>Mauricio Luj\u00e1n<\/strong>, responsable de La Rosetta, la tradicional casa de comidas para llevar, ubicada en Dinamarca y Quintana (Villa Italia).<\/p>\n<p><strong>Luj\u00e1n<\/strong> hab\u00eda salido de trabajar y alrededor de las 23 horas, cuando caminaba por Dinamarca y Ugarte, lo atacaron cuatro j\u00f3venes que se movilizaban en un Peugeot 306 color verde.<\/p>\n<blockquote>\n<h3>\u201cSe bajaron del auto directo a apu\u00f1alarlo, \u00e9l se defendi\u00f3 pero lo molieron a trompadas\u201d, relat\u00f3 Camila a ABCHoy, la esposa de Mauricio Luj\u00e1n. \u201cPor suerte salieron los vecinos y lo ayudaron, sino lo hubiesen matado\u201d resalt\u00f3.<\/h3>\n<\/blockquote>\n<p>Dijo adem\u00e1s que uno de los agresores es menor de edad y que restar\u00eda identificar a los otros tres.<\/p>\n<blockquote>\n<h3>Al momento de ahondar en las causas de la salvaje agresi\u00f3n, Camila record\u00f3 que es menor de edad <em>\u201chace un a\u00f1o y medio hab\u00eda robado en La Rosetta, pero quedo ah\u00ed. Anoche cuando Mauricio iba caminando, par\u00f3 el auto y le dijo \u2018as\u00ed te quer\u00eda agarrar\u2019 y fue directo apu\u00f1alarlo pero se pudo defender hasta que sali\u00f3 un vecino a ayudarlo\u201d<\/em>.<\/h3>\n<\/blockquote>\n<p>El hecho est\u00e1 siendo investigado por la Comisar\u00eda 3\u00aa.<\/p>\n<p>N. de la R; fuente ABCHOY Tandil.<\/p>\n","protected":false},"excerpt":{"rendered":"<div class=\"mh-excerpt\"><p>TANDIL &#8211; Cuatro sujetos atacaron brutalmente al due\u00f1o de La Rosetta en plena v\u00eda p\u00fablica en Villa Italia. El hecho se registr\u00f3 este s\u00e1bado alrededor de las 23 en Dinamarca y Ugarte, y la v\u00edctima <a class=\"mh-excerpt-more\" href=\"https:\/\/larevistadigital.com.ar\/blog\/tandil-desfiguran-a-golpes-a-conocido-comerciante\/\" title=\"TANDIL: DESFIGURAN A GOLPES A CONOCIDO COMERCIANTE\">[Leer M\u00e1s]<\/a><\/p>\n<\/div>","protected":false},"author":3,"featured_media":21799,"comment_status":"open","ping_status":"open","sticky":false,"template":"","format":"standard","meta":{"_jetpack_memberships_contains_paid_content":false,"footnotes":"","jetpack_publicize_message":"","jetpack_publicize_feature_enabled":true,"jetpack_social_post_already_shared":true,"jetpack_social_options":{"image_generator_settings":{"template":"highway","default_image_id":0,"font":"","enabled":false},"version":2}},"categories":[44,51],"tags":[],"class_list":{"0":"post-21798","1":"post","2":"type-post","3":"status-publish","4":"format-standard","5":"has-post-thumbnail","7":"category-policiales","8":"category-regionales"},"jetpack_publicize_connections":[],"jetpack_featured_media_url":"https:\/\/i0.wp.com\/larevistadigital.com.ar\/blog\/wp-content\/uploads\/lujan-mauricio-agreasion-tandil-29-8-2021.jpg?fit=800%2C530&ssl=1","jetpack_sharing_enabled":true,"jetpack_shortlink":"https:\/\/wp.me\/p8qtrQ-5FA","jetpack-related-posts":[{"id":32950,"url":"https:\/\/larevistadigital.com.ar\/blog\/tandil-atacaron-a-un-joven-a-fierrazos-y-lo-dejaron-en-terapia-intensiva\/","url_meta":{"origin":21798,"position":0},"title":"TANDIL: ATACARON A UN JOVEN A FIERRAZOS Y LO DEJARON EN TERAPIA INTENSIVA","author":"Alejandro Sosa Ruda","date":"21 agosto, 2023","format":false,"excerpt":"Los testimonios de testigos indican que el joven fue atacado por dos hombres que, presuntamente, le reclamaban por una moto que Tifner habr\u00eda robado. Al verlo circular en ella, uno de los agresores le habr\u00eda lanzado un fierrazo que lo hizo caer del rodado. Una vez en el piso, lo\u2026","rel":"","context":"En \u00abPOLICIALES\u00bb","block_context":{"text":"POLICIALES","link":"https:\/\/larevistadigital.com.ar\/blog\/category\/policiales\/"},"img":{"alt_text":"","src":"https:\/\/i0.wp.com\/larevistadigital.com.ar\/blog\/wp-content\/uploads\/TANDIL-1.jpg?fit=880%2C512&ssl=1&resize=350%2C200","width":350,"height":200,"srcset":"https:\/\/i0.wp.com\/larevistadigital.com.ar\/blog\/wp-content\/uploads\/TANDIL-1.jpg?fit=880%2C512&ssl=1&resize=350%2C200 1x, https:\/\/i0.wp.com\/larevistadigital.com.ar\/blog\/wp-content\/uploads\/TANDIL-1.jpg?fit=880%2C512&ssl=1&resize=525%2C300 1.5x, https:\/\/i0.wp.com\/larevistadigital.com.ar\/blog\/wp-content\/uploads\/TANDIL-1.jpg?fit=880%2C512&ssl=1&resize=700%2C400 2x"},"classes":[]},{"id":27426,"url":"https:\/\/larevistadigital.com.ar\/blog\/violento-asalto-en-un-campo-de-carlos-keen-partido-de-lujan\/","url_meta":{"origin":21798,"position":1},"title":"VIOLENTO ASALTO EN UN CAMPO DE CARLOS KEEN, PARTIDO DE LUJ\u00c1N","author":"Alejandro Sosa Ruda","date":"31 agosto, 2022","format":false,"excerpt":"El hecho ocurri\u00f3 este domingo cerca del medio d\u00eda en el campo Don Felipe, ubicado detr\u00e1s del country La Cecilia, en la localidad de Carlos Keen, de Luj\u00e1n, cuando cuatro hombres armados irrumpieron en la vivienda del establecimiento y golpearon a una mujer y amenazaron con secuestrar a los ni\u00f1os.\u2026","rel":"","context":"En \u00abPOLICIALES\u00bb","block_context":{"text":"POLICIALES","link":"https:\/\/larevistadigital.com.ar\/blog\/category\/policiales\/"},"img":{"alt_text":"","src":"https:\/\/i0.wp.com\/larevistadigital.com.ar\/blog\/wp-content\/uploads\/20220831121433_don-felipe-carlos-keen-lujan.jpg?fit=880%2C512&ssl=1&resize=350%2C200","width":350,"height":200,"srcset":"https:\/\/i0.wp.com\/larevistadigital.com.ar\/blog\/wp-content\/uploads\/20220831121433_don-felipe-carlos-keen-lujan.jpg?fit=880%2C512&ssl=1&resize=350%2C200 1x, https:\/\/i0.wp.com\/larevistadigital.com.ar\/blog\/wp-content\/uploads\/20220831121433_don-felipe-carlos-keen-lujan.jpg?fit=880%2C512&ssl=1&resize=525%2C300 1.5x, https:\/\/i0.wp.com\/larevistadigital.com.ar\/blog\/wp-content\/uploads\/20220831121433_don-felipe-carlos-keen-lujan.jpg?fit=880%2C512&ssl=1&resize=700%2C400 2x"},"classes":[]},{"id":12833,"url":"https:\/\/larevistadigital.com.ar\/blog\/parapentista-cae-en-la-autopista-del-oeste-en-lujan-y-muere-atropellado\/","url_meta":{"origin":21798,"position":2},"title":"PARAPENTISTA CAE EN LA AUTOPISTA DEL OESTE EN LUJAN Y MUERE ATROPELLADO","author":"Alejandro Sosa Ruda","date":"27 octubre, 2019","format":false,"excerpt":"El deportista descendi\u00f3 en el cantero que separa ambas manos de la autov\u00eda del Oeste. y el viento lo empuj\u00f3 hacia el medio de la ruta. Ten\u00eda 33 a\u00f1os. Un tr\u00e1gico episodio se produjo este s\u00e1bado en Lujan cuando un joven que practicaba parapente fue sorprendido por una intensa r\u00e1faga\u2026","rel":"","context":"En \u00abINTERES GENERAL\u00bb","block_context":{"text":"INTERES GENERAL","link":"https:\/\/larevistadigital.com.ar\/blog\/category\/interes-general\/"},"img":{"alt_text":"","src":"https:\/\/i0.wp.com\/larevistadigital.com.ar\/blog\/wp-content\/uploads\/Screenshot_2-52.jpg?fit=1200%2C604&ssl=1&resize=350%2C200","width":350,"height":200,"srcset":"https:\/\/i0.wp.com\/larevistadigital.com.ar\/blog\/wp-content\/uploads\/Screenshot_2-52.jpg?fit=1200%2C604&ssl=1&resize=350%2C200 1x, https:\/\/i0.wp.com\/larevistadigital.com.ar\/blog\/wp-content\/uploads\/Screenshot_2-52.jpg?fit=1200%2C604&ssl=1&resize=525%2C300 1.5x, https:\/\/i0.wp.com\/larevistadigital.com.ar\/blog\/wp-content\/uploads\/Screenshot_2-52.jpg?fit=1200%2C604&ssl=1&resize=700%2C400 2x, https:\/\/i0.wp.com\/larevistadigital.com.ar\/blog\/wp-content\/uploads\/Screenshot_2-52.jpg?fit=1200%2C604&ssl=1&resize=1050%2C600 3x"},"classes":[]},{"id":25911,"url":"https:\/\/larevistadigital.com.ar\/blog\/lujan-y-pehuajo-desbaratan-una-banda-que-se-dedicaba-a-estafar-con-el-cuento-del-tio\/","url_meta":{"origin":21798,"position":3},"title":"LUJAN Y PEHUAJ\u00d3: DESBARATAN UNA BANDA QUE SE DEDICABA A ESTAFAR CON EL \u00abCUENTO DEL T\u00cdO\u00bb","author":"Alejandro Sosa Ruda","date":"14 junio, 2022","format":false,"excerpt":"Este s\u00e1bado, efectivos de las fuerzas de seguridad realizaron seis allanamientos en tres barrios de Luj\u00e1n a ra\u00edz de un hecho vinculado al \u201ccuento del t\u00edo\u201d. La investigaci\u00f3n inici\u00f3 en la localidad de Pehuaj\u00f3, donde a una mujer de 83 a\u00f1os le sustrajeron mediante enga\u00f1o telef\u00f3nico USD 200.000 y $80.000.\u2026","rel":"","context":"En \u00abINTERES GENERAL\u00bb","block_context":{"text":"INTERES GENERAL","link":"https:\/\/larevistadigital.com.ar\/blog\/category\/interes-general\/"},"img":{"alt_text":"","src":"https:\/\/i0.wp.com\/larevistadigital.com.ar\/blog\/wp-content\/uploads\/20220614130303_cuento-del-tio-desbaratan-banda-lujan.jpg?fit=880%2C512&ssl=1&resize=350%2C200","width":350,"height":200,"srcset":"https:\/\/i0.wp.com\/larevistadigital.com.ar\/blog\/wp-content\/uploads\/20220614130303_cuento-del-tio-desbaratan-banda-lujan.jpg?fit=880%2C512&ssl=1&resize=350%2C200 1x, https:\/\/i0.wp.com\/larevistadigital.com.ar\/blog\/wp-content\/uploads\/20220614130303_cuento-del-tio-desbaratan-banda-lujan.jpg?fit=880%2C512&ssl=1&resize=525%2C300 1.5x, https:\/\/i0.wp.com\/larevistadigital.com.ar\/blog\/wp-content\/uploads\/20220614130303_cuento-del-tio-desbaratan-banda-lujan.jpg?fit=880%2C512&ssl=1&resize=700%2C400 2x"},"classes":[]},{"id":16718,"url":"https:\/\/larevistadigital.com.ar\/blog\/dolores-camino-20-kilometros-y-llevo-el-pedido-de-sus-vecinos-a-la-virgen-de-lujan\/","url_meta":{"origin":21798,"position":4},"title":"DOLORES: CAMIN\u00d3 20 KIL\u00d3METROS Y LLEV\u00d3 EL PEDIDO DE SUS VECINOS A LA VIRGEN DE LUJ\u00c1N","author":"Alejandro Sosa Ruda","date":"5 octubre, 2020","format":false,"excerpt":"Se trata de de Juan Manuel Alday quien todos los a\u00f1os participa de la Peregrinaci\u00f3n a Luj\u00e1n. Su nombre es Juan Manuel Alday, y todos los a\u00f1os participa de la peregrinaci\u00f3n a Luj\u00e1n, aunque lamentablemente este a\u00f1o la pandemia hizo imposible lo que ocurre siempre: la multitudinaria participaci\u00f3n de los\u2026","rel":"","context":"En \u00abDOLORES\u00bb","block_context":{"text":"DOLORES","link":"https:\/\/larevistadigital.com.ar\/blog\/category\/dolores\/"},"img":{"alt_text":"","src":"https:\/\/i0.wp.com\/larevistadigital.com.ar\/blog\/wp-content\/uploads\/4d05e598015e2d24971eca18d7f9d361f560ba35.jpg?fit=1140%2C829&ssl=1&resize=350%2C200","width":350,"height":200,"srcset":"https:\/\/i0.wp.com\/larevistadigital.com.ar\/blog\/wp-content\/uploads\/4d05e598015e2d24971eca18d7f9d361f560ba35.jpg?fit=1140%2C829&ssl=1&resize=350%2C200 1x, https:\/\/i0.wp.com\/larevistadigital.com.ar\/blog\/wp-content\/uploads\/4d05e598015e2d24971eca18d7f9d361f560ba35.jpg?fit=1140%2C829&ssl=1&resize=525%2C300 1.5x, https:\/\/i0.wp.com\/larevistadigital.com.ar\/blog\/wp-content\/uploads\/4d05e598015e2d24971eca18d7f9d361f560ba35.jpg?fit=1140%2C829&ssl=1&resize=700%2C400 2x, https:\/\/i0.wp.com\/larevistadigital.com.ar\/blog\/wp-content\/uploads\/4d05e598015e2d24971eca18d7f9d361f560ba35.jpg?fit=1140%2C829&ssl=1&resize=1050%2C600 3x"},"classes":[]},{"id":44716,"url":"https:\/\/larevistadigital.com.ar\/blog\/chascomus-el-quirofano-movil-llega-a-villa-lujan\/","url_meta":{"origin":21798,"position":5},"title":"Chascom\u00fas: El Quir\u00f3fano M\u00f3vil llega a Villa Luj\u00e1n","author":"Alejandro Sosa Ruda","date":"25 marzo, 2026","format":false,"excerpt":"El pr\u00f3ximo mi\u00e9rcoles 1 de abril se realizar\u00e1n las revisaciones y se otorgar\u00e1n los turnos para castraciones de mascotas. En la plaza Manuel Belgrano, ubicada en Diagonal 7 de Noviembre y Juli\u00e1n Quintana, habr\u00e1 una nueva jornada de revisaci\u00f3n cl\u00ednica para castraci\u00f3n. En el lugar, a partir de las 8,30\u2026","rel":"","context":"En \u00abCHASCOM\u00daS\u00bb","block_context":{"text":"CHASCOM\u00daS","link":"https:\/\/larevistadigital.com.ar\/blog\/category\/chascomus\/"},"img":{"alt_text":"","src":"https:\/\/i0.wp.com\/larevistadigital.com.ar\/blog\/wp-content\/uploads\/69c4162f10fb3.png?fit=668%2C445&ssl=1&resize=350%2C200","width":350,"height":200,"srcset":"https:\/\/i0.wp.com\/larevistadigital.com.ar\/blog\/wp-content\/uploads\/69c4162f10fb3.png?fit=668%2C445&ssl=1&resize=350%2C200 1x, https:\/\/i0.wp.com\/larevistadigital.com.ar\/blog\/wp-content\/uploads\/69c4162f10fb3.png?fit=668%2C445&ssl=1&resize=525%2C300 1.5x"},"classes":[]}],"_links":{"self":[{"href":"https:\/\/larevistadigital.com.ar\/blog\/wp-json\/wp\/v2\/posts\/21798","targetHints":{"allow":["GET"]}}],"collection":[{"href":"https:\/\/larevistadigital.com.ar\/blog\/wp-json\/wp\/v2\/posts"}],"about":[{"href":"https:\/\/larevistadigital.com.ar\/blog\/wp-json\/wp\/v2\/types\/post"}],"author":[{"embeddable":true,"href":"https:\/\/larevistadigital.com.ar\/blog\/wp-json\/wp\/v2\/users\/3"}],"replies":[{"embeddable":true,"href":"https:\/\/larevistadigital.com.ar\/blog\/wp-json\/wp\/v2\/comments?post=21798"}],"version-history":[{"count":1,"href":"https:\/\/larevistadigital.com.ar\/blog\/wp-json\/wp\/v2\/posts\/21798\/revisions"}],"predecessor-version":[{"id":21800,"href":"https:\/\/larevistadigital.com.ar\/blog\/wp-json\/wp\/v2\/posts\/21798\/revisions\/21800"}],"wp:featuredmedia":[{"embeddable":true,"href":"https:\/\/larevistadigital.com.ar\/blog\/wp-json\/wp\/v2\/media\/21799"}],"wp:attachment":[{"href":"https:\/\/larevistadigital.com.ar\/blog\/wp-json\/wp\/v2\/media?parent=21798"}],"wp:term":[{"taxonomy":"category","embeddable":true,"href":"https:\/\/larevistadigital.com.ar\/blog\/wp-json\/wp\/v2\/categories?post=21798"},{"taxonomy":"post_tag","embeddable":true,"href":"https:\/\/larevistadigital.com.ar\/blog\/wp-json\/wp\/v2\/tags?post=21798"}],"curies":[{"name":"wp","href":"https:\/\/api.w.org\/{rel}","templated":true}]}}