{"id":218,"date":"2017-02-13T02:37:28","date_gmt":"2017-02-13T02:37:28","guid":{"rendered":"https:\/\/larevistadigital.com.ar\/blog\/?p=218"},"modified":"2017-02-18T08:43:35","modified_gmt":"2017-02-18T08:43:35","slug":"se-sumo-gremio-del-transporte-planes-lucha-movilizacion-la-cgt","status":"publish","type":"post","link":"https:\/\/larevistadigital.com.ar\/blog\/se-sumo-gremio-del-transporte-planes-lucha-movilizacion-la-cgt\/","title":{"rendered":"SE SUM\u00d3 EL GREMIO DEL TRANSPORTE &#8211; Planes de lucha y movilizaci\u00f3n de la CGT"},"content":{"rendered":"<h2><strong><em>La central obrera anunci\u00f3 la primera marcha para el 7 de marzo y un paro general para la segunda quincena del mismo mes. Mientras tanto, \u00a0la UTA se sum\u00f3 al reclamo, manifestando que \u201cse perdi\u00f3 la confianza en el gobierno. <\/em><\/strong><\/h2>\n<p><a href=\"https:\/\/i0.wp.com\/larevistadigital.com.ar\/blog\/wp-content\/uploads\/2017\/02\/paro-7mg2cehfe3k0.jpg?ssl=1\"><img data-recalc-dims=\"1\" loading=\"lazy\" decoding=\"async\" class=\"size-medium wp-image-219 alignleft\" src=\"https:\/\/i0.wp.com\/larevistadigital.com.ar\/blog\/wp-content\/uploads\/2017\/02\/paro-7mg2cehfe3k0.jpg?resize=300%2C199&#038;ssl=1\" alt=\"\" width=\"300\" height=\"199\" srcset=\"https:\/\/i0.wp.com\/larevistadigital.com.ar\/blog\/wp-content\/uploads\/2017\/02\/paro-7mg2cehfe3k0.jpg?resize=300%2C199&amp;ssl=1 300w, https:\/\/i0.wp.com\/larevistadigital.com.ar\/blog\/wp-content\/uploads\/2017\/02\/paro-7mg2cehfe3k0.jpg?w=586&amp;ssl=1 586w\" sizes=\"auto, (max-width: 300px) 100vw, 300px\" \/><\/a>Parece que la paciencia de los gremios se va agotando, y a medida que pasan los d\u00edas, son m\u00e1s los gremios que se suman a los reclamos al gobierno de <strong>Mauricio Macri<\/strong>, en un momento en que hasta los m\u00e1s cercanos, o los m\u00e1s pacientes se est\u00e1n mostrando molestos con el incumplimiento de los empresarios con los despidos y la inacci\u00f3n del gobierno nacional.<\/p>\n<p>El plan de lucha qued\u00f3 definido hoy durante la reuni\u00f3n de <strong>Consejo Directivo<\/strong>, que finalmente se realiz\u00f3 en la sede de la <strong>FeMPINRA<\/strong>, encabezada por los tres secretarios generales\u00a0<strong>H\u00e9ctor Daer, Juan Carlos Schmid<\/strong>\u00a0y<strong>\u00a0Carlos Acu\u00f1a<\/strong>\u00a0y con la participaci\u00f3n de la totalidad del cuerpo deliberativo de la central.<\/p>\n<p>Al finalizar la reuni\u00f3n, <strong>Daer <\/strong>sostuvo que: <strong><em>\u00abHoy resolvimos no participar m\u00e1s de las mesas del di\u00e1logo para la producci\u00f3n y el trabajo mientras siga esta situaci\u00f3n cr\u00edtica con los empresarios\u201d<\/em><\/strong><\/p>\n<p><strong><em>\u00abNos vamos a movilizar con los gremios de la industria al Ministerio de la Producci\u00f3n el 7 de marzo donde vamos a comunicar nuestra propuesta\u00bb<\/em><\/strong>. En tanto, manifest\u00f3 que habr\u00e1 <strong><em>\u00abun cese de actividades con una movilizaci\u00f3n de la totalidad de los gremios confederados para la segunda quincena de marzo, con lo cual ya hemos recibido el apoyo de las organizaciones sociales\u00bb.<\/em><\/strong><\/p>\n<p>Desde la <strong>Uni\u00f3n Tranviaria Automotor (UTA)<\/strong> se sumaron a la convocatoria de la central obrera y fueron contundentes: <strong><em>\u00abLa medida de fuerza es un hecho\u00bb<\/em><\/strong>.<\/p>\n<p><strong>Roberto Fern\u00e1ndez<\/strong>, secretario general del gremio, fue contundente al se\u00f1alar: <strong><em>\u00abCada vez hay m\u00e1s despido y suspensiones. Estamos muy preocupados. Si esto no camina, en marzo va a haber problemas\u00bb<\/em><\/strong><\/p>\n<p><strong><em>\u00abLos empresarios se comprometieron a frenar los despidos y las suspensiones y esto contin\u00faa. Nosotros solo queremos cuidar las fuentes de trabajo\u00bb<\/em><\/strong>, a\u00f1adi\u00f3 en declaraciones efectuadas a <strong>Radio Mitre.<\/strong><\/p>\n<p>Lo cierto es que la tensi\u00f3n crece entre los sindicatos y el gobierno, todo esto sumado a que estamos transitando un a\u00f1o electoral, lo que aumentar\u00e1 las presiones y las necesidades desde ambas partes.<\/p>\n","protected":false},"excerpt":{"rendered":"<div class=\"mh-excerpt\"><p>La central obrera anunci\u00f3 la primera marcha para el 7 de marzo y un paro general para la segunda quincena del mismo mes. Mientras tanto, \u00a0la UTA se sum\u00f3 al reclamo, manifestando que \u201cse perdi\u00f3 <a class=\"mh-excerpt-more\" href=\"https:\/\/larevistadigital.com.ar\/blog\/se-sumo-gremio-del-transporte-planes-lucha-movilizacion-la-cgt\/\" title=\"SE SUM\u00d3 EL GREMIO DEL TRANSPORTE &#8211; Planes de lucha y movilizaci\u00f3n de la CGT\">[Leer M\u00e1s]<\/a><\/p>\n<\/div>","protected":false},"author":2,"featured_media":219,"comment_status":"open","ping_status":"open","sticky":false,"template":"","format":"standard","meta":{"_jetpack_memberships_contains_paid_content":false,"footnotes":"","jetpack_publicize_message":"","jetpack_publicize_feature_enabled":true,"jetpack_social_post_already_shared":false,"jetpack_social_options":{"image_generator_settings":{"template":"highway","default_image_id":0,"font":"","enabled":false},"version":2}},"categories":[10,28],"tags":[],"class_list":{"0":"post-218","1":"post","2":"type-post","3":"status-publish","4":"format-standard","5":"has-post-thumbnail","7":"category-gremiales","8":"category-nacionales"},"jetpack_publicize_connections":[],"jetpack_featured_media_url":"https:\/\/i0.wp.com\/larevistadigital.com.ar\/blog\/wp-content\/uploads\/2017\/02\/paro-7mg2cehfe3k0.jpg?fit=586%2C389&ssl=1","jetpack_sharing_enabled":true,"jetpack_shortlink":"https:\/\/wp.me\/p8qtrQ-3w","jetpack-related-posts":[{"id":917,"url":"https:\/\/larevistadigital.com.ar\/blog\/alicia-barletta-sostuvo-estan-lejos-llegar-acuerdo-gobierno-los-gremios-municipales\/","url_meta":{"origin":218,"position":0},"title":"Alicia Barletta sostuvo que est\u00e1n muy lejos de llegar a un acuerdo entre el gobierno y los gremios municipales.","author":"Alejandro Sosa Ruda","date":"10 marzo, 2017","format":false,"excerpt":"En una entrevista de la FM 101.5 durante el programa AM Show, la secretaria general de ATE Mar\u00eda Alicia Barletta se refiri\u00f3 a la negociaci\u00f3n\u00a0con el gobierno municipal acerca de los aumentos salariales. Menciono que estuvieron reunidos los tres gremios municipales con el departamento ejecutivo, en donde hubo una mejora\u2026","rel":"","context":"En \u00abGREMIALES\u00bb","block_context":{"text":"GREMIALES","link":"https:\/\/larevistadigital.com.ar\/blog\/category\/gremiales\/"},"img":{"alt_text":"","src":"https:\/\/i0.wp.com\/larevistadigital.com.ar\/blog\/wp-content\/uploads\/2017\/03\/barleta_Alicia-Copy.jpg?fit=1024%2C768&ssl=1&resize=350%2C200","width":350,"height":200,"srcset":"https:\/\/i0.wp.com\/larevistadigital.com.ar\/blog\/wp-content\/uploads\/2017\/03\/barleta_Alicia-Copy.jpg?fit=1024%2C768&ssl=1&resize=350%2C200 1x, https:\/\/i0.wp.com\/larevistadigital.com.ar\/blog\/wp-content\/uploads\/2017\/03\/barleta_Alicia-Copy.jpg?fit=1024%2C768&ssl=1&resize=525%2C300 1.5x, https:\/\/i0.wp.com\/larevistadigital.com.ar\/blog\/wp-content\/uploads\/2017\/03\/barleta_Alicia-Copy.jpg?fit=1024%2C768&ssl=1&resize=700%2C400 2x"},"classes":[]},{"id":2098,"url":"https:\/\/larevistadigital.com.ar\/blog\/nuevo-record-gobierno-y-gremios-docentes-siguen-con-el-cuarto-intermedio-mas-largo-de-la-historia\/","url_meta":{"origin":218,"position":1},"title":"NUEVO RECORD: GOBIERNO Y GREMIOS DOCENTES SIGUEN CON EL CUARTO INTERMEDIO M\u00c1S LARGO DE LA HISTORIA","author":"Alejandro Sosa Ruda","date":"25 abril, 2017","format":false,"excerpt":"A una semana de rechazar la \u00faltima oferta del Gobierno de\u00a0Mar\u00eda Eugenia Vidal, los gremios docentes de la provincia de Buenos Aires todav\u00eda siguen analizando qu\u00e9 medidas adoptar o si dar\u00e1n una respuesta definitiva de aprobaci\u00f3n, en el marco de la vigencia del cuarto intermedio establecido el lunes 17 que\u2026","rel":"","context":"En \u00abDEPORTES\u00bb","block_context":{"text":"DEPORTES","link":"https:\/\/larevistadigital.com.ar\/blog\/category\/deportes\/"},"img":{"alt_text":"","src":"https:\/\/i0.wp.com\/larevistadigital.com.ar\/blog\/wp-content\/uploads\/2017\/04\/bbx_616724349_cuartt.jpg?fit=1200%2C544&ssl=1&resize=350%2C200","width":350,"height":200,"srcset":"https:\/\/i0.wp.com\/larevistadigital.com.ar\/blog\/wp-content\/uploads\/2017\/04\/bbx_616724349_cuartt.jpg?fit=1200%2C544&ssl=1&resize=350%2C200 1x, https:\/\/i0.wp.com\/larevistadigital.com.ar\/blog\/wp-content\/uploads\/2017\/04\/bbx_616724349_cuartt.jpg?fit=1200%2C544&ssl=1&resize=525%2C300 1.5x, https:\/\/i0.wp.com\/larevistadigital.com.ar\/blog\/wp-content\/uploads\/2017\/04\/bbx_616724349_cuartt.jpg?fit=1200%2C544&ssl=1&resize=700%2C400 2x, https:\/\/i0.wp.com\/larevistadigital.com.ar\/blog\/wp-content\/uploads\/2017\/04\/bbx_616724349_cuartt.jpg?fit=1200%2C544&ssl=1&resize=1050%2C600 3x"},"classes":[]},{"id":9818,"url":"https:\/\/larevistadigital.com.ar\/blog\/lezama-acuerdo-salarial-el-ejecutivo-y-los-gremios-firmaron-un-aumento-del-4041-para-empleados-municipales\/","url_meta":{"origin":218,"position":2},"title":"LEZAMA: ACUERDO SALARIAL: EL EJECUTIVO Y LOS GREMIOS FIRMARON UN AUMENTO DEL 40,41 % PARA EMPLEADOS MUNICIPALES","author":"Alejandro Sosa Ruda","date":"24 abril, 2019","format":false,"excerpt":"En horas del mediod\u00eda del martes, el Intendente Municipal Arnaldo Harispe junto a funcionarios de su gabinete cerr\u00f3 con la totalidad de los gremios un aumento de m\u00e1s del 40 % para el a\u00f1o 2019, que llegar\u00e1 a los sueldos del personal municipal en tres etapas: - 15 % sobre\u2026","rel":"","context":"En \u00abLEZAMA\u00bb","block_context":{"text":"LEZAMA","link":"https:\/\/larevistadigital.com.ar\/blog\/category\/lezama\/"},"img":{"alt_text":"","src":"https:\/\/i0.wp.com\/larevistadigital.com.ar\/blog\/wp-content\/uploads\/2019\/04\/58581911_1445543228971707_750778403807821824_n.jpg?fit=812%2C473&ssl=1&resize=350%2C200","width":350,"height":200,"srcset":"https:\/\/i0.wp.com\/larevistadigital.com.ar\/blog\/wp-content\/uploads\/2019\/04\/58581911_1445543228971707_750778403807821824_n.jpg?fit=812%2C473&ssl=1&resize=350%2C200 1x, https:\/\/i0.wp.com\/larevistadigital.com.ar\/blog\/wp-content\/uploads\/2019\/04\/58581911_1445543228971707_750778403807821824_n.jpg?fit=812%2C473&ssl=1&resize=525%2C300 1.5x, https:\/\/i0.wp.com\/larevistadigital.com.ar\/blog\/wp-content\/uploads\/2019\/04\/58581911_1445543228971707_750778403807821824_n.jpg?fit=812%2C473&ssl=1&resize=700%2C400 2x"},"classes":[]},{"id":1669,"url":"https:\/\/larevistadigital.com.ar\/blog\/fuerte-apoyo-de-la-provincia-al-plan-de-lucha-de-los-trabajadores-petroleros\/","url_meta":{"origin":218,"position":3},"title":"Fuerte apoyo de la provincia al plan de lucha de los trabajadores petroleros","author":"editor","date":"27 marzo, 2017","format":false,"excerpt":"Tanto la Provincia como la Intendencia local ratificaron su apoyo al plan de lucha del sindicato petrolero, y exigen que al gobierno nacional que se le d\u00e9 a Chubut, los mismos beneficios que a Neuqu\u00e9n en materia de gas y petr\u00f3leo. El gobernador Das Neves pidi\u00f3 a sus ministros estar\u2026","rel":"","context":"En \u00abGREMIALES\u00bb","block_context":{"text":"GREMIALES","link":"https:\/\/larevistadigital.com.ar\/blog\/category\/gremiales\/"},"img":{"alt_text":"","src":"https:\/\/i0.wp.com\/larevistadigital.com.ar\/blog\/wp-content\/uploads\/2017\/03\/20170326122647_carlos_linares_baja.jpg?fit=620%2C370&ssl=1&resize=350%2C200","width":350,"height":200,"srcset":"https:\/\/i0.wp.com\/larevistadigital.com.ar\/blog\/wp-content\/uploads\/2017\/03\/20170326122647_carlos_linares_baja.jpg?fit=620%2C370&ssl=1&resize=350%2C200 1x, https:\/\/i0.wp.com\/larevistadigital.com.ar\/blog\/wp-content\/uploads\/2017\/03\/20170326122647_carlos_linares_baja.jpg?fit=620%2C370&ssl=1&resize=525%2C300 1.5x"},"classes":[]},{"id":43450,"url":"https:\/\/larevistadigital.com.ar\/blog\/buenos-aires-la-provincia-acordo-con-los-gremios-bonaerenses-un-nuevo-aumento-salarial-en-enero\/","url_meta":{"origin":218,"position":4},"title":"Buenos Aires: La Provincia acord\u00f3 con los gremios bonaerenses un nuevo aumento salarial en enero","author":"Alejandro Sosa Ruda","date":"19 enero, 2026","format":false,"excerpt":"La oferta incluye un retroactivo a diciembre con el proporcional del aguinaldo; y un 3% en enero, respecto de los haberes vigentes al mes de octubre. 19 de enero de 2026 El Gobierno de la provincia de Buenos Aires, en un marco de emergencia econ\u00f3mica provocada por las pol\u00edticas del\u2026","rel":"","context":"En \u00abGREMIALES\u00bb","block_context":{"text":"GREMIALES","link":"https:\/\/larevistadigital.com.ar\/blog\/category\/gremiales\/"},"img":{"alt_text":"","src":"https:\/\/i0.wp.com\/larevistadigital.com.ar\/blog\/wp-content\/uploads\/Captura-de-pantalla-2026-01-19-132851.jpg?fit=699%2C439&ssl=1&resize=350%2C200","width":350,"height":200,"srcset":"https:\/\/i0.wp.com\/larevistadigital.com.ar\/blog\/wp-content\/uploads\/Captura-de-pantalla-2026-01-19-132851.jpg?fit=699%2C439&ssl=1&resize=350%2C200 1x, https:\/\/i0.wp.com\/larevistadigital.com.ar\/blog\/wp-content\/uploads\/Captura-de-pantalla-2026-01-19-132851.jpg?fit=699%2C439&ssl=1&resize=525%2C300 1.5x"},"classes":[]},{"id":1081,"url":"https:\/\/larevistadigital.com.ar\/blog\/los-gremios-lanzan-4-jornadas-mas-de-paro-nacional-y-se-agudiza-el-conflicto-docente\/","url_meta":{"origin":218,"position":5},"title":"Los gremios lanzan 4 jornadas m\u00e1s de paro nacional y se agudiza el conflicto docente","author":"editor","date":"11 marzo, 2017","format":false,"excerpt":"El Gobierno Nacional insiste en no convocar a la paritaria docente nacional y los maestros lanzaron otros dos paros de 48 horas.\u00a0En Provincia y en CABA tampoco hubo acuerdo. Se agudiza el conflicto. La Confederaci\u00f3n Nacional de Trabajadores de la Educaci\u00f3n (Ctera) convoc\u00f3 a un paro de 48 horas para\u2026","rel":"","context":"En \u00abGREMIALES\u00bb","block_context":{"text":"GREMIALES","link":"https:\/\/larevistadigital.com.ar\/blog\/category\/gremiales\/"},"img":{"alt_text":"","src":"https:\/\/i0.wp.com\/larevistadigital.com.ar\/blog\/wp-content\/uploads\/2017\/03\/0010791820-644x340.jpg?fit=644%2C340&ssl=1&resize=350%2C200","width":350,"height":200,"srcset":"https:\/\/i0.wp.com\/larevistadigital.com.ar\/blog\/wp-content\/uploads\/2017\/03\/0010791820-644x340.jpg?fit=644%2C340&ssl=1&resize=350%2C200 1x, https:\/\/i0.wp.com\/larevistadigital.com.ar\/blog\/wp-content\/uploads\/2017\/03\/0010791820-644x340.jpg?fit=644%2C340&ssl=1&resize=525%2C300 1.5x"},"classes":[]}],"_links":{"self":[{"href":"https:\/\/larevistadigital.com.ar\/blog\/wp-json\/wp\/v2\/posts\/218","targetHints":{"allow":["GET"]}}],"collection":[{"href":"https:\/\/larevistadigital.com.ar\/blog\/wp-json\/wp\/v2\/posts"}],"about":[{"href":"https:\/\/larevistadigital.com.ar\/blog\/wp-json\/wp\/v2\/types\/post"}],"author":[{"embeddable":true,"href":"https:\/\/larevistadigital.com.ar\/blog\/wp-json\/wp\/v2\/users\/2"}],"replies":[{"embeddable":true,"href":"https:\/\/larevistadigital.com.ar\/blog\/wp-json\/wp\/v2\/comments?post=218"}],"version-history":[{"count":1,"href":"https:\/\/larevistadigital.com.ar\/blog\/wp-json\/wp\/v2\/posts\/218\/revisions"}],"predecessor-version":[{"id":220,"href":"https:\/\/larevistadigital.com.ar\/blog\/wp-json\/wp\/v2\/posts\/218\/revisions\/220"}],"wp:featuredmedia":[{"embeddable":true,"href":"https:\/\/larevistadigital.com.ar\/blog\/wp-json\/wp\/v2\/media\/219"}],"wp:attachment":[{"href":"https:\/\/larevistadigital.com.ar\/blog\/wp-json\/wp\/v2\/media?parent=218"}],"wp:term":[{"taxonomy":"category","embeddable":true,"href":"https:\/\/larevistadigital.com.ar\/blog\/wp-json\/wp\/v2\/categories?post=218"},{"taxonomy":"post_tag","embeddable":true,"href":"https:\/\/larevistadigital.com.ar\/blog\/wp-json\/wp\/v2\/tags?post=218"}],"curies":[{"name":"wp","href":"https:\/\/api.w.org\/{rel}","templated":true}]}}