{"id":21801,"date":"2021-08-30T15:51:30","date_gmt":"2021-08-30T15:51:30","guid":{"rendered":"https:\/\/larevistadigital.com.ar\/blog\/?p=21801"},"modified":"2021-08-30T15:51:30","modified_gmt":"2021-08-30T15:51:30","slug":"la-plata-garro-furioso-por-el-robo-de-luces-led-estoy-caliente-y-con-bronca","status":"publish","type":"post","link":"https:\/\/larevistadigital.com.ar\/blog\/la-plata-garro-furioso-por-el-robo-de-luces-led-estoy-caliente-y-con-bronca\/","title":{"rendered":"LA PLATA: GARRO FURIOSO POR EL ROBO DE LUCES LED&#8230;\u00bbESTOY CALIENTE Y CON BRONCA\u00bb"},"content":{"rendered":"<h2 class=\"negrita\">El intendente de La Plata manifest\u00f3 su indignaci\u00f3n en redes y comparti\u00f3 el video donde se ve c\u00f3mo roban las luces LED de la ciudad.<\/h2>\n<div class=\"texto\">\n<p><strong>LA PLATA &#8211;<\/strong> El intendente de La Plata, <strong>Julio Garro<\/strong>, expres\u00f3 toda su indignaci\u00f3n en su cuenta de Twitter y se manifest\u00f3 tras el robo de luces LED y cables en m\u00faltiples zonas de la ciudad.<\/p>\n<p lang=\"ES-ES\" xml:lang=\"ES-ES\"><em><strong>\u201cEstoy caliente y con bronca. As\u00ed se roban las LED y los cables en varias zonas de la Ciudad. Despu\u00e9s del esfuerzo de miles de platenses, no podemos tolerar esto. La denuncia penal ya est\u00e1 en la Justicia y esperemos que se caiga con todo el peso de la Ley contra estos delincuentes\u201d<\/strong><\/em>, comparti\u00f3 el funcionario en su cuenta de Twitter.<\/p>\n<div class=\"twitter-tweet twitter-tweet-rendered\"><\/div>\n<blockquote>\n<h3>El robo de cables en la ciudad es un nuevo fen\u00f3meno que no cesa y todas las semanas se conocen nuevos episodios como el que present\u00f3 el intendente, que qued\u00f3 documentado a trav\u00e9s de una\u00a0c\u00e1mara\u00a0de seguridad de la ciudad.<\/h3>\n<\/blockquote>\n<p lang=\"ES-ES\" xml:lang=\"ES-ES\">Por \u00faltimo, el funcionario resalt\u00f3 que la denuncia penal se encuentra en proceso y va a caer\u00a0<strong>\u00abcon todo el peso de la Ley\u00bb\u00a0<\/strong>contra los delincuentes que se dedican a robar los tendidos de cables y luces LED que pagan los contribuyentes platenses.<\/p>\n<p lang=\"ES-ES\" xml:lang=\"ES-ES\">publicado en 0221.com.ar<\/p>\n<\/div>\n","protected":false},"excerpt":{"rendered":"<div class=\"mh-excerpt\"><p>El intendente de La Plata manifest\u00f3 su indignaci\u00f3n en redes y comparti\u00f3 el video donde se ve c\u00f3mo roban las luces LED de la ciudad. LA PLATA &#8211; El intendente de La Plata, Julio Garro, <a class=\"mh-excerpt-more\" href=\"https:\/\/larevistadigital.com.ar\/blog\/la-plata-garro-furioso-por-el-robo-de-luces-led-estoy-caliente-y-con-bronca\/\" title=\"LA PLATA: GARRO FURIOSO POR EL ROBO DE LUCES LED&#8230;\u00bbESTOY CALIENTE Y CON BRONCA\u00bb\">[Leer M\u00e1s]<\/a><\/p>\n<\/div>","protected":false},"author":3,"featured_media":21802,"comment_status":"open","ping_status":"open","sticky":false,"template":"","format":"standard","meta":{"_jetpack_memberships_contains_paid_content":false,"footnotes":"","jetpack_publicize_message":"","jetpack_publicize_feature_enabled":true,"jetpack_social_post_already_shared":true,"jetpack_social_options":{"image_generator_settings":{"template":"highway","default_image_id":0,"font":"","enabled":false},"version":2}},"categories":[50],"tags":[],"class_list":{"0":"post-21801","1":"post","2":"type-post","3":"status-publish","4":"format-standard","5":"has-post-thumbnail","7":"category-interes-general"},"jetpack_publicize_connections":[],"jetpack_featured_media_url":"https:\/\/i0.wp.com\/larevistadigital.com.ar\/blog\/wp-content\/uploads\/e1f41fba5b88b8b3d29fc073adccfeb5.jpg?fit=1200%2C696&ssl=1","jetpack_sharing_enabled":true,"jetpack_shortlink":"https:\/\/wp.me\/p8qtrQ-5FD","jetpack-related-posts":[{"id":34390,"url":"https:\/\/larevistadigital.com.ar\/blog\/primer-acto-de-alak-como-intendente-electo-hay-que-empezar-a-trabajar-en-lo-mucho-que-se-dejo-de-hacer\/","url_meta":{"origin":21801,"position":0},"title":"PRIMER ACTO DE ALAK COMO INTENDENTE ELECTO: \u00abHAY QUE EMPEZAR A TRABAJAR EN LO MUCHO QUE SE DEJ\u00d3 DE HACER\u00bb","author":"Alejandro Sosa Ruda","date":"6 noviembre, 2023","format":false,"excerpt":"Dijo que habl\u00f3 con Garro y que comienza la transici\u00f3n. 6 de Noviembre de 2023 LA PLATA -\u00a0 El intendente electo de La Plata, Julio Alak, comparti\u00f3 su primer acto pol\u00edtico despu\u00e9s del reconocimiento de su tri\u00fanfo por parte de Julio Garro. \u00a0Consultado por el portal Lanoticia1.com, sobre si tuvo\u2026","rel":"","context":"En \u00abPOLITICA PROVINCIAL\u00bb","block_context":{"text":"POLITICA PROVINCIAL","link":"https:\/\/larevistadigital.com.ar\/blog\/category\/politica\/politica-provincial\/"},"img":{"alt_text":"","src":"https:\/\/i0.wp.com\/larevistadigital.com.ar\/blog\/wp-content\/uploads\/6549743ff2831_1200-1.jpg?fit=1200%2C675&ssl=1&resize=350%2C200","width":350,"height":200,"srcset":"https:\/\/i0.wp.com\/larevistadigital.com.ar\/blog\/wp-content\/uploads\/6549743ff2831_1200-1.jpg?fit=1200%2C675&ssl=1&resize=350%2C200 1x, https:\/\/i0.wp.com\/larevistadigital.com.ar\/blog\/wp-content\/uploads\/6549743ff2831_1200-1.jpg?fit=1200%2C675&ssl=1&resize=525%2C300 1.5x, https:\/\/i0.wp.com\/larevistadigital.com.ar\/blog\/wp-content\/uploads\/6549743ff2831_1200-1.jpg?fit=1200%2C675&ssl=1&resize=700%2C400 2x, https:\/\/i0.wp.com\/larevistadigital.com.ar\/blog\/wp-content\/uploads\/6549743ff2831_1200-1.jpg?fit=1200%2C675&ssl=1&resize=1050%2C600 3x"},"classes":[]},{"id":12679,"url":"https:\/\/larevistadigital.com.ar\/blog\/la-plata-sin-santout-se-desarrollo-el-debate-entre-los-candidatos-a-intendente\/","url_meta":{"origin":21801,"position":1},"title":"LA PLATA: SIN SANTOUT SE DESARROLL\u00d3 EL DEBATE ENTRE LOS CANDIDATOS A INTENDENTE","author":"Alejandro Sosa Ruda","date":"17 octubre, 2019","format":false,"excerpt":"El Jefe Municipal\u00a0Julio Garro (Juntos por el Cambio), Gabriel Crespi (Consenso Federal), Luana Simioni (FIT) y Marcelo Pe\u00f1a (NOS) debatieron este mi\u00e9rcoles en el Colegio de Abogados de la capital bonaerense, de cara a las elecciones Generales del 27 de octubre. No particip\u00f3 la candidata del Frente de Todos, Florencia\u2026","rel":"","context":"En \u00abPOLITICA\u00bb","block_context":{"text":"POLITICA","link":"https:\/\/larevistadigital.com.ar\/blog\/category\/politica\/"},"img":{"alt_text":"","src":"https:\/\/i0.wp.com\/larevistadigital.com.ar\/blog\/wp-content\/uploads\/1571271014743.jpeg?fit=1200%2C797&ssl=1&resize=350%2C200","width":350,"height":200,"srcset":"https:\/\/i0.wp.com\/larevistadigital.com.ar\/blog\/wp-content\/uploads\/1571271014743.jpeg?fit=1200%2C797&ssl=1&resize=350%2C200 1x, https:\/\/i0.wp.com\/larevistadigital.com.ar\/blog\/wp-content\/uploads\/1571271014743.jpeg?fit=1200%2C797&ssl=1&resize=525%2C300 1.5x, https:\/\/i0.wp.com\/larevistadigital.com.ar\/blog\/wp-content\/uploads\/1571271014743.jpeg?fit=1200%2C797&ssl=1&resize=700%2C400 2x, https:\/\/i0.wp.com\/larevistadigital.com.ar\/blog\/wp-content\/uploads\/1571271014743.jpeg?fit=1200%2C797&ssl=1&resize=1050%2C600 3x"},"classes":[]},{"id":12711,"url":"https:\/\/larevistadigital.com.ar\/blog\/la-plata-partido-justicialista-denuncio-a-garro-aqui-los-detalles\/","url_meta":{"origin":21801,"position":2},"title":"LA PLATA: PARTIDO JUSTICIALISTA DENUNCI\u00d3 A GARRO. AQU\u00cd LOS DETALLES","author":"Alejandro Sosa Ruda","date":"18 octubre, 2019","format":false,"excerpt":"La aparici\u00f3n de afiches promoviendo el corte de boleta contra la candidata del Frente de Todos, Florencia Saintout, y a favor del actual mandatario, Julio Garro, llevaron al PJ local a denunciar este hecho ante la justicia electoral. Dentro del Justicialismo hay sectores que apoyan la candidatura del jefe comunal\u2026","rel":"","context":"En \u00abPOLITICA PROVINCIAL\u00bb","block_context":{"text":"POLITICA PROVINCIAL","link":"https:\/\/larevistadigital.com.ar\/blog\/category\/politica\/politica-provincial\/"},"img":{"alt_text":"","src":"https:\/\/i0.wp.com\/larevistadigital.com.ar\/blog\/wp-content\/uploads\/EHAlKr3WwAASEvv.jpg?fit=900%2C506&ssl=1&resize=350%2C200","width":350,"height":200,"srcset":"https:\/\/i0.wp.com\/larevistadigital.com.ar\/blog\/wp-content\/uploads\/EHAlKr3WwAASEvv.jpg?fit=900%2C506&ssl=1&resize=350%2C200 1x, https:\/\/i0.wp.com\/larevistadigital.com.ar\/blog\/wp-content\/uploads\/EHAlKr3WwAASEvv.jpg?fit=900%2C506&ssl=1&resize=525%2C300 1.5x, https:\/\/i0.wp.com\/larevistadigital.com.ar\/blog\/wp-content\/uploads\/EHAlKr3WwAASEvv.jpg?fit=900%2C506&ssl=1&resize=700%2C400 2x"},"classes":[]},{"id":21758,"url":"https:\/\/larevistadigital.com.ar\/blog\/allanamientos-secuestros-y-detenidos-por-robo-de-cables-en-la-plata\/","url_meta":{"origin":21801,"position":3},"title":"ALLANAMIENTOS, SECUESTROS Y DETENIDOS POR ROBO DE CABLES EN LA PLATA","author":"Alejandro Sosa Ruda","date":"27 agosto, 2021","format":false,"excerpt":"Fue durante un amplio despliegue tras los reiterados robos de cableado. Tambi\u00e9n hubo actuaciones en Berisso y Ensenada. Luego de los m\u00faltiples\u00a0robos de cables\u00a0que dejaron sin servicio a gran cantidad de personas en la ciudad, se despleg\u00f3 un importante operativo y\u00a0detuvieron a 10 personas, a quienes vincularon con ese il\u00edcito.\u2026","rel":"","context":"En \u00abPOLICIALES\u00bb","block_context":{"text":"POLICIALES","link":"https:\/\/larevistadigital.com.ar\/blog\/category\/policiales\/"},"img":{"alt_text":"","src":"https:\/\/i0.wp.com\/larevistadigital.com.ar\/blog\/wp-content\/uploads\/Captura-de-pantalla-2021-08-27-105612.png?fit=826%2C626&ssl=1&resize=350%2C200","width":350,"height":200,"srcset":"https:\/\/i0.wp.com\/larevistadigital.com.ar\/blog\/wp-content\/uploads\/Captura-de-pantalla-2021-08-27-105612.png?fit=826%2C626&ssl=1&resize=350%2C200 1x, https:\/\/i0.wp.com\/larevistadigital.com.ar\/blog\/wp-content\/uploads\/Captura-de-pantalla-2021-08-27-105612.png?fit=826%2C626&ssl=1&resize=525%2C300 1.5x, https:\/\/i0.wp.com\/larevistadigital.com.ar\/blog\/wp-content\/uploads\/Captura-de-pantalla-2021-08-27-105612.png?fit=826%2C626&ssl=1&resize=700%2C400 2x"},"classes":[]},{"id":35561,"url":"https:\/\/larevistadigital.com.ar\/blog\/la-plata-el-ex-intendente-garro-se-suma-al-gobierno-de-milei-como-secretario-de-deportes\/","url_meta":{"origin":21801,"position":4},"title":"LA PLATA: EL EX INTENDENTE GARRO SE SUMA AL GOBIERNO DE MILEI COMO SECRETARIO DE DEPORTES","author":"Alejandro Sosa Ruda","date":"15 marzo, 2024","format":false,"excerpt":"Con el apoyo de Mauricio Macri, el exintendente de La Plata es el nuevo subsecretario de Deportes de la Naci\u00f3n. 15 de Marzo de 2024 LA PLATA -\u00a0 El exintendente de La Plata, Julio Garro,\u00a0 se sum\u00f3 al gobierno nacional de La Libertad Avanza\u00a0(LLA)\u00a0y estar\u00e1 al frente de la Subsecretar\u00eda\u2026","rel":"","context":"En \u00abINTERES GENERAL\u00bb","block_context":{"text":"INTERES GENERAL","link":"https:\/\/larevistadigital.com.ar\/blog\/category\/interes-general\/"},"img":{"alt_text":"","src":"https:\/\/i0.wp.com\/larevistadigital.com.ar\/blog\/wp-content\/uploads\/Captura-de-pantalla-2024-03-15-092557.png?fit=845%2C493&ssl=1&resize=350%2C200","width":350,"height":200,"srcset":"https:\/\/i0.wp.com\/larevistadigital.com.ar\/blog\/wp-content\/uploads\/Captura-de-pantalla-2024-03-15-092557.png?fit=845%2C493&ssl=1&resize=350%2C200 1x, https:\/\/i0.wp.com\/larevistadigital.com.ar\/blog\/wp-content\/uploads\/Captura-de-pantalla-2024-03-15-092557.png?fit=845%2C493&ssl=1&resize=525%2C300 1.5x, https:\/\/i0.wp.com\/larevistadigital.com.ar\/blog\/wp-content\/uploads\/Captura-de-pantalla-2024-03-15-092557.png?fit=845%2C493&ssl=1&resize=700%2C400 2x"},"classes":[]},{"id":15152,"url":"https:\/\/larevistadigital.com.ar\/blog\/la-plata-12-industrias-pueden-abrir-pero-los-comercios-deben-permanecer-cerrados\/","url_meta":{"origin":21801,"position":5},"title":"LA PLATA: 12 INDUSTRIAS PUEDEN ABRIR, PERO LOS COMERCIOS DEBEN PERMANECER CERRADOS","author":"Alejandro Sosa Ruda","date":"11 mayo, 2020","format":false,"excerpt":"El intendente de La Plata, Julio Garro, inform\u00f3 hoy que el Gobernador Axel Kicillof, autoriz\u00f3 la posibilidad de que 12 industrias en la ciudad puedan reabrir sus plantas, con estrictos protocolos sanitarios. Se siguen evaluando el resto de las propuestas, por ahora comercios deben permanecer cerrados. La autorizaci\u00f3n fue dada\u2026","rel":"","context":"En \u00abREGIONALES\u00bb","block_context":{"text":"REGIONALES","link":"https:\/\/larevistadigital.com.ar\/blog\/category\/regionales\/"},"img":{"alt_text":"","src":"https:\/\/i0.wp.com\/larevistadigital.com.ar\/blog\/wp-content\/uploads\/20200510204657_6da3d1a3_d24f_4f51_a976_c2168ec63a6e.jpg?fit=880%2C586&ssl=1&resize=350%2C200","width":350,"height":200,"srcset":"https:\/\/i0.wp.com\/larevistadigital.com.ar\/blog\/wp-content\/uploads\/20200510204657_6da3d1a3_d24f_4f51_a976_c2168ec63a6e.jpg?fit=880%2C586&ssl=1&resize=350%2C200 1x, https:\/\/i0.wp.com\/larevistadigital.com.ar\/blog\/wp-content\/uploads\/20200510204657_6da3d1a3_d24f_4f51_a976_c2168ec63a6e.jpg?fit=880%2C586&ssl=1&resize=525%2C300 1.5x, https:\/\/i0.wp.com\/larevistadigital.com.ar\/blog\/wp-content\/uploads\/20200510204657_6da3d1a3_d24f_4f51_a976_c2168ec63a6e.jpg?fit=880%2C586&ssl=1&resize=700%2C400 2x"},"classes":[]}],"_links":{"self":[{"href":"https:\/\/larevistadigital.com.ar\/blog\/wp-json\/wp\/v2\/posts\/21801","targetHints":{"allow":["GET"]}}],"collection":[{"href":"https:\/\/larevistadigital.com.ar\/blog\/wp-json\/wp\/v2\/posts"}],"about":[{"href":"https:\/\/larevistadigital.com.ar\/blog\/wp-json\/wp\/v2\/types\/post"}],"author":[{"embeddable":true,"href":"https:\/\/larevistadigital.com.ar\/blog\/wp-json\/wp\/v2\/users\/3"}],"replies":[{"embeddable":true,"href":"https:\/\/larevistadigital.com.ar\/blog\/wp-json\/wp\/v2\/comments?post=21801"}],"version-history":[{"count":1,"href":"https:\/\/larevistadigital.com.ar\/blog\/wp-json\/wp\/v2\/posts\/21801\/revisions"}],"predecessor-version":[{"id":21803,"href":"https:\/\/larevistadigital.com.ar\/blog\/wp-json\/wp\/v2\/posts\/21801\/revisions\/21803"}],"wp:featuredmedia":[{"embeddable":true,"href":"https:\/\/larevistadigital.com.ar\/blog\/wp-json\/wp\/v2\/media\/21802"}],"wp:attachment":[{"href":"https:\/\/larevistadigital.com.ar\/blog\/wp-json\/wp\/v2\/media?parent=21801"}],"wp:term":[{"taxonomy":"category","embeddable":true,"href":"https:\/\/larevistadigital.com.ar\/blog\/wp-json\/wp\/v2\/categories?post=21801"},{"taxonomy":"post_tag","embeddable":true,"href":"https:\/\/larevistadigital.com.ar\/blog\/wp-json\/wp\/v2\/tags?post=21801"}],"curies":[{"name":"wp","href":"https:\/\/api.w.org\/{rel}","templated":true}]}}