{"id":21804,"date":"2021-08-30T15:59:33","date_gmt":"2021-08-30T15:59:33","guid":{"rendered":"https:\/\/larevistadigital.com.ar\/blog\/?p=21804"},"modified":"2021-08-30T15:59:33","modified_gmt":"2021-08-30T15:59:33","slug":"y-los-proyectos-declaraciones-de-victoria-tolosa-paz-en-el-peronismo-siempre-se-garcho","status":"publish","type":"post","link":"https:\/\/larevistadigital.com.ar\/blog\/y-los-proyectos-declaraciones-de-victoria-tolosa-paz-en-el-peronismo-siempre-se-garcho\/","title":{"rendered":"\u00bfY LOS PROYECTOS? DECLARACIONES DE VICTORIA TOLOSA PAZ: \u00abEN EL PERONISMO SIEMPRE SE GARCH\u00d3\u00bb"},"content":{"rendered":"<p>La precandidata a diputada nacional por el Frente de Todos en la provincia de Buenos Aires, <strong>Victoria Tolosa Paz<\/strong>, brind\u00f3 una entrevista en tono informal en donde\u00a0<strong>reivindic\u00f3 el \u201cgoce\u201d y el \u201cdisfrute\u201d como una parte importante de la vida, asegur\u00f3 que \u201clos pibes est\u00e1n desesperados\u201d y afirm\u00f3: \u201cEn el peronismo siempre se garch\u00f3, es as\u00ed\u201d.<\/strong><\/p>\n<p><em><strong>\u201cNosotros vinimos para hacer posible la felicidad de un pueblo y la grandeza de una patria, y\u00a0no hay felicidad de un pueblo sin garchar. Perd\u00f3n, nosotros somos as\u00ed. Lo que digo, es parte importante de la vida, el baile, el disfrute, el goce, no lo vamos a ocultar. Somos seres humanos, nos gusta gozar, nos gusta divertirnos\u201d<\/strong><\/em>, se\u00f1al\u00f3 <strong>Tolosa Paz<\/strong> en di\u00e1logo con <strong>Pedro Rosenblat<\/strong>, tambi\u00e9n conocido como el Cadete, y <strong>Mart\u00edn Rechimuzzi<\/strong>.<\/p>\n<p>La dirigente del peronismo, adem\u00e1s, hizo una comparaci\u00f3n sobre la campa\u00f1a del Frente de Todos para las elecciones legislativas de este a\u00f1o, y tambi\u00e9n para los comicios presidenciales de 2023.<\/p>\n<blockquote>\n<h3>A su vez, agreg\u00f3 que\u00a0<strong>\u201clos pibes est\u00e1n desesperados, hartos de los aforos; los pibes quieren bailar\u201d.<\/strong><\/h3>\n<\/blockquote>\n<p>No es la primera vez que, en medio de la campa\u00f1a, el Frente de Todos aborda este tipo de cuestiones que apuntan a un electorado m\u00e1s joven. La semana pasada, el precandidato a diputado por la ciudad de Buenos Aires,<strong> Leandro Santoro<\/strong>, incluy\u00f3 a la coalici\u00f3n oficialista como parte de una <em><strong>\u201cizquierda democr\u00e1tica\u201d que \u201cest\u00e1 teniendo un problema para construir argumentos que movilicen a los sectores populares en los centros urbanos\u201d<\/strong><\/em>.<\/p>\n<blockquote>\n<h3>\u201cCreo que hay que ir por el feminismo, el ambientalismo. Tenemos que pensar qu\u00e9 significa la buena vida y otros temas de agenda, como la reivindicaci\u00f3n del goce, el tiempo libre, el disfrute\u201d, ejemplific\u00f3.<\/h3>\n<\/blockquote>\n<p>Por otro lado, en los \u00faltimos d\u00edas, <strong>Tolosa Paz<\/strong> tambi\u00e9n se expres\u00f3 sobre la docente que increp\u00f3 a un alumno durante una clase en una escuela del partido de La Matanza y que fue reivindicada por el propio Alberto Fern\u00e1ndez. A diferencia del Presidente, la precandidata indic\u00f3 que<strong><em> \u201cno actu\u00f3 en funci\u00f3n de su formaci\u00f3n\u201d <\/em><\/strong>y remarc\u00f3 que <strong><em>\u201dpor algo est\u00e1 apartada de su cargo\u201d.<\/em><\/strong><\/p>\n<p><em><strong>\u201dHa quedado de manifiesto que pedag\u00f3gicamente la docente no actu\u00f3 en funci\u00f3n de su formaci\u00f3n. Un docente tiene que tener obviamente una formaci\u00f3n pedag\u00f3gica, que es la estructura para poder ense\u00f1ar, b\u00e1sicamente\u201d<\/strong><\/em>, sostuvo la ex presidenta del Consejo Nacional de Coordinaci\u00f3n de Pol\u00edticas Sociales.<\/p>\n<p>publicado en DLN<\/p>\n","protected":false},"excerpt":{"rendered":"<div class=\"mh-excerpt\"><p>La precandidata a diputada nacional por el Frente de Todos en la provincia de Buenos Aires, Victoria Tolosa Paz, brind\u00f3 una entrevista en tono informal en donde\u00a0reivindic\u00f3 el \u201cgoce\u201d y el \u201cdisfrute\u201d como una parte <a class=\"mh-excerpt-more\" href=\"https:\/\/larevistadigital.com.ar\/blog\/y-los-proyectos-declaraciones-de-victoria-tolosa-paz-en-el-peronismo-siempre-se-garcho\/\" title=\"\u00bfY LOS PROYECTOS? DECLARACIONES DE VICTORIA TOLOSA PAZ: \u00abEN EL PERONISMO SIEMPRE SE GARCH\u00d3\u00bb\">[Leer M\u00e1s]<\/a><\/p>\n<\/div>","protected":false},"author":3,"featured_media":21805,"comment_status":"open","ping_status":"open","sticky":false,"template":"","format":"standard","meta":{"_jetpack_memberships_contains_paid_content":false,"footnotes":"","jetpack_publicize_message":"","jetpack_publicize_feature_enabled":true,"jetpack_social_post_already_shared":true,"jetpack_social_options":{"image_generator_settings":{"template":"highway","default_image_id":0,"font":"","enabled":false},"version":2}},"categories":[50,12],"tags":[],"class_list":{"0":"post-21804","1":"post","2":"type-post","3":"status-publish","4":"format-standard","5":"has-post-thumbnail","7":"category-interes-general","8":"category-politica"},"jetpack_publicize_connections":[],"jetpack_featured_media_url":"https:\/\/i0.wp.com\/larevistadigital.com.ar\/blog\/wp-content\/uploads\/victoria-tolosa-paz-precandidata-a-diputada-nacional-del-frente-de-todosjpg.jpg?fit=1200%2C675&ssl=1","jetpack_sharing_enabled":true,"jetpack_shortlink":"https:\/\/wp.me\/p8qtrQ-5FG","jetpack-related-posts":[{"id":22640,"url":"https:\/\/larevistadigital.com.ar\/blog\/con-el-95-de-mesas-escrutadas-santilli-se-impuso-a-tolosa-paz-en-la-provincia-de-buenos-aires\/","url_meta":{"origin":21804,"position":0},"title":"CON EL 95% DE MESAS ESCRUTADAS, SANTILLI SE IMPUSO A TOLOSA PAZ EN LA PROVINCIA DE BUENOS AIRES","author":"Alejandro Sosa Ruda","date":"15 noviembre, 2021","format":false,"excerpt":"En una elecci\u00f3n m\u00e1s re\u00f1ida de lo esperado, el candidato de JUNTOS, Diego Santilli obtuvo el 39,91% de los sufragios (3.379.157 votos), imponi\u00e9ndose sobre la candidata del Frente de Todos, Victoria Tolosa Paz, que alcanza el 38,49% de los sufragios (3.275.213 votos). En tercer lugar, se ubic\u00f3 el liberal de\u2026","rel":"","context":"En \u00abINTERES GENERAL\u00bb","block_context":{"text":"INTERES GENERAL","link":"https:\/\/larevistadigital.com.ar\/blog\/category\/interes-general\/"},"img":{"alt_text":"","src":"https:\/\/i0.wp.com\/larevistadigital.com.ar\/blog\/wp-content\/uploads\/Captura-de-pantalla-2021-11-14-230739.jpg?fit=966%2C357&ssl=1&resize=350%2C200","width":350,"height":200,"srcset":"https:\/\/i0.wp.com\/larevistadigital.com.ar\/blog\/wp-content\/uploads\/Captura-de-pantalla-2021-11-14-230739.jpg?fit=966%2C357&ssl=1&resize=350%2C200 1x, https:\/\/i0.wp.com\/larevistadigital.com.ar\/blog\/wp-content\/uploads\/Captura-de-pantalla-2021-11-14-230739.jpg?fit=966%2C357&ssl=1&resize=525%2C300 1.5x, https:\/\/i0.wp.com\/larevistadigital.com.ar\/blog\/wp-content\/uploads\/Captura-de-pantalla-2021-11-14-230739.jpg?fit=966%2C357&ssl=1&resize=700%2C400 2x"},"classes":[]},{"id":32517,"url":"https:\/\/larevistadigital.com.ar\/blog\/tolosa-paz-en-azul-la-argentina-que-viene-tendra-el-trabajo-y-el-deporte-como-grandes-motores-de-inclusion-social\/","url_meta":{"origin":21804,"position":1},"title":"TOLOSA PAZ EN AZUL: \u00abLA ARGENTINA QUE VIENE TENDR\u00c1 EL TRABAJO Y EL DEPORTE COMO GRANDES MOTORES DE INCLUSI\u00d3N SOCIAL\u00bb","author":"Alejandro Sosa Ruda","date":"20 julio, 2023","format":false,"excerpt":"La ministra de Desarrollo Social de la Naci\u00f3n, junto a la secretaria de Deportes, In\u00e9s Arrondo, y el dirigente Omar Seoane, entregaron maquinarias a emprendimientos productivos locales y materiales deportivos a numerosos clubes de barrio de ese municipio bonaerense. 20 de julio de 2023 La ministra de Desarrollo Social de\u2026","rel":"","context":"En \u00abPOLITICA\u00bb","block_context":{"text":"POLITICA","link":"https:\/\/larevistadigital.com.ar\/blog\/category\/politica\/"},"img":{"alt_text":"","src":"https:\/\/i0.wp.com\/larevistadigital.com.ar\/blog\/wp-content\/uploads\/VTP-en-Azul1.jpg?fit=1200%2C800&ssl=1&resize=350%2C200","width":350,"height":200,"srcset":"https:\/\/i0.wp.com\/larevistadigital.com.ar\/blog\/wp-content\/uploads\/VTP-en-Azul1.jpg?fit=1200%2C800&ssl=1&resize=350%2C200 1x, https:\/\/i0.wp.com\/larevistadigital.com.ar\/blog\/wp-content\/uploads\/VTP-en-Azul1.jpg?fit=1200%2C800&ssl=1&resize=525%2C300 1.5x, https:\/\/i0.wp.com\/larevistadigital.com.ar\/blog\/wp-content\/uploads\/VTP-en-Azul1.jpg?fit=1200%2C800&ssl=1&resize=700%2C400 2x, https:\/\/i0.wp.com\/larevistadigital.com.ar\/blog\/wp-content\/uploads\/VTP-en-Azul1.jpg?fit=1200%2C800&ssl=1&resize=1050%2C600 3x"},"classes":[]},{"id":30165,"url":"https:\/\/larevistadigital.com.ar\/blog\/tolosa-paz-el-piquete-y-la-extorsion-no-es-la-contraprestacion-del-potenciar-trabajo\/","url_meta":{"origin":21804,"position":2},"title":"TOLOSA PAZ: \u00abEL PIQUETE Y LA EXTORSI\u00d3N NO ES LA CONTRAPRESTACI\u00d3N DEL POTENCIAR TRABAJO\u00bb","author":"Alejandro Sosa Ruda","date":"15 febrero, 2023","format":false,"excerpt":"La ministra critic\u00f3 al movimiento que encabeza Eduardo Belliboni, que anunci\u00f3 una nueva \"movilizaci\u00f3n y acampe\" frente a la sede del Ministerio de Desarrollo Social para esta tarde, en reclamo de \"suspensiones y bajas\" del mencionado programa, entre otras demandas. 15 de febrero de 2023 La ministra de Desarrollo Social,\u00a0Victoria\u2026","rel":"","context":"En \u00abPOLITICA\u00bb","block_context":{"text":"POLITICA","link":"https:\/\/larevistadigital.com.ar\/blog\/category\/politica\/"},"img":{"alt_text":"","src":"https:\/\/i0.wp.com\/larevistadigital.com.ar\/blog\/wp-content\/uploads\/ss.jpg?fit=766%2C411&ssl=1&resize=350%2C200","width":350,"height":200,"srcset":"https:\/\/i0.wp.com\/larevistadigital.com.ar\/blog\/wp-content\/uploads\/ss.jpg?fit=766%2C411&ssl=1&resize=350%2C200 1x, https:\/\/i0.wp.com\/larevistadigital.com.ar\/blog\/wp-content\/uploads\/ss.jpg?fit=766%2C411&ssl=1&resize=525%2C300 1.5x, https:\/\/i0.wp.com\/larevistadigital.com.ar\/blog\/wp-content\/uploads\/ss.jpg?fit=766%2C411&ssl=1&resize=700%2C400 2x"},"classes":[]},{"id":23998,"url":"https:\/\/larevistadigital.com.ar\/blog\/pj-bonaerense-unidad-en-la-mayoria-de-los-distritos-y-el-jueves-define-en-la-plata\/","url_meta":{"origin":21804,"position":3},"title":"PJ BONAERENSE: UNIDAD EN LA MAYOR\u00cdA DE LOS DISTRITOS Y EL JUEVES DEFINE EN LA PLATA","author":"Alejandro Sosa Ruda","date":"15 febrero, 2022","format":false,"excerpt":"Durante un encuentro en nuestra ciudad, encabezado por el presidente partidario M\u00e1ximo Kirchner, se avanz\u00f3 en la conformaci\u00f3n de listas de unidad con vista al cierre de este jueves. Alak, Saintout, Tolosa Paz y Bruera, entre otros consejeros platenses formaron parte de la movida. A\u00fan no hay definici\u00f3n en el\u2026","rel":"","context":"En \u00abINTERES GENERAL\u00bb","block_context":{"text":"INTERES GENERAL","link":"https:\/\/larevistadigital.com.ar\/blog\/category\/interes-general\/"},"img":{"alt_text":"","src":"https:\/\/i0.wp.com\/larevistadigital.com.ar\/blog\/wp-content\/uploads\/1644936088155.jpg?fit=1024%2C579&ssl=1&resize=350%2C200","width":350,"height":200,"srcset":"https:\/\/i0.wp.com\/larevistadigital.com.ar\/blog\/wp-content\/uploads\/1644936088155.jpg?fit=1024%2C579&ssl=1&resize=350%2C200 1x, https:\/\/i0.wp.com\/larevistadigital.com.ar\/blog\/wp-content\/uploads\/1644936088155.jpg?fit=1024%2C579&ssl=1&resize=525%2C300 1.5x, https:\/\/i0.wp.com\/larevistadigital.com.ar\/blog\/wp-content\/uploads\/1644936088155.jpg?fit=1024%2C579&ssl=1&resize=700%2C400 2x"},"classes":[]},{"id":17626,"url":"https:\/\/larevistadigital.com.ar\/blog\/upsra-junto-al-bloque-de-concejales-del-frente-de-todos-en-defensa-de-los-trabajadores-de-seguridad-privada-de-la-plata\/","url_meta":{"origin":21804,"position":4},"title":"UPSRA JUNTO AL BLOQUE DE CONCEJALES DEL FRENTE DE TODOS EN DEFENSA DE LOS TRABAJADORES DE SEGURIDAD PRIVADA DE LA PLATA","author":"Alejandro Sosa Ruda","date":"11 noviembre, 2020","format":false,"excerpt":"En raz\u00f3n del mandato del Secretario General del Gremio, Leonidas Garc\u00eda y la importancia que ha tomado la reuni\u00f3n del Concejo Deliberante platense, donde se tratar\u00e1 por iniciativa de la concejal Victoria Tolosa Paz se hicieron presentes en el lugar el Delegado Regional y miembro de la CD Nacional Pablo\u2026","rel":"","context":"En \u00abGREMIALES\u00bb","block_context":{"text":"GREMIALES","link":"https:\/\/larevistadigital.com.ar\/blog\/category\/gremiales\/"},"img":{"alt_text":"","src":"https:\/\/i0.wp.com\/larevistadigital.com.ar\/blog\/wp-content\/uploads\/UPSRA-EN-LA-PLATA.jpg?fit=1000%2C580&ssl=1&resize=350%2C200","width":350,"height":200,"srcset":"https:\/\/i0.wp.com\/larevistadigital.com.ar\/blog\/wp-content\/uploads\/UPSRA-EN-LA-PLATA.jpg?fit=1000%2C580&ssl=1&resize=350%2C200 1x, https:\/\/i0.wp.com\/larevistadigital.com.ar\/blog\/wp-content\/uploads\/UPSRA-EN-LA-PLATA.jpg?fit=1000%2C580&ssl=1&resize=525%2C300 1.5x, https:\/\/i0.wp.com\/larevistadigital.com.ar\/blog\/wp-content\/uploads\/UPSRA-EN-LA-PLATA.jpg?fit=1000%2C580&ssl=1&resize=700%2C400 2x"},"classes":[]},{"id":14854,"url":"https:\/\/larevistadigital.com.ar\/blog\/brandsen-llega-la-tarjeta-alimentar-del-plan-argentina-contra-el-hambre\/","url_meta":{"origin":21804,"position":5},"title":"BRANDSEN: LLEGA LA TARJETA ALIMENTAR, DEL PLAN \u00abARGENTINA CONTRA EL HAMBRE\u00bb","author":"Alejandro Sosa Ruda","date":"14 febrero, 2020","format":false,"excerpt":"Fue anunciado por el ministro de Desarrollo. Calculan que llegar\u00e1 en los pr\u00f3ximos d\u00edas. El ministro de Desarrollo Social, Daniel Arroyo, y la titular del Consejo Nacional de Coordinaci\u00f3n de Pol\u00edticas Sociales, Victoria Tolosa Paz, confirmaron en un acto en el rectorado de la UNLP que la tarjeta alimentAR llegar\u00e1\u00a0Brandsen.\u2026","rel":"","context":"En \u00abREGIONALES\u00bb","block_context":{"text":"REGIONALES","link":"https:\/\/larevistadigital.com.ar\/blog\/category\/regionales\/"},"img":{"alt_text":"","src":"https:\/\/i0.wp.com\/larevistadigital.com.ar\/blog\/wp-content\/uploads\/tarjeta-alimentar.jpg?fit=950%2C637&ssl=1&resize=350%2C200","width":350,"height":200,"srcset":"https:\/\/i0.wp.com\/larevistadigital.com.ar\/blog\/wp-content\/uploads\/tarjeta-alimentar.jpg?fit=950%2C637&ssl=1&resize=350%2C200 1x, https:\/\/i0.wp.com\/larevistadigital.com.ar\/blog\/wp-content\/uploads\/tarjeta-alimentar.jpg?fit=950%2C637&ssl=1&resize=525%2C300 1.5x, https:\/\/i0.wp.com\/larevistadigital.com.ar\/blog\/wp-content\/uploads\/tarjeta-alimentar.jpg?fit=950%2C637&ssl=1&resize=700%2C400 2x"},"classes":[]}],"_links":{"self":[{"href":"https:\/\/larevistadigital.com.ar\/blog\/wp-json\/wp\/v2\/posts\/21804","targetHints":{"allow":["GET"]}}],"collection":[{"href":"https:\/\/larevistadigital.com.ar\/blog\/wp-json\/wp\/v2\/posts"}],"about":[{"href":"https:\/\/larevistadigital.com.ar\/blog\/wp-json\/wp\/v2\/types\/post"}],"author":[{"embeddable":true,"href":"https:\/\/larevistadigital.com.ar\/blog\/wp-json\/wp\/v2\/users\/3"}],"replies":[{"embeddable":true,"href":"https:\/\/larevistadigital.com.ar\/blog\/wp-json\/wp\/v2\/comments?post=21804"}],"version-history":[{"count":1,"href":"https:\/\/larevistadigital.com.ar\/blog\/wp-json\/wp\/v2\/posts\/21804\/revisions"}],"predecessor-version":[{"id":21806,"href":"https:\/\/larevistadigital.com.ar\/blog\/wp-json\/wp\/v2\/posts\/21804\/revisions\/21806"}],"wp:featuredmedia":[{"embeddable":true,"href":"https:\/\/larevistadigital.com.ar\/blog\/wp-json\/wp\/v2\/media\/21805"}],"wp:attachment":[{"href":"https:\/\/larevistadigital.com.ar\/blog\/wp-json\/wp\/v2\/media?parent=21804"}],"wp:term":[{"taxonomy":"category","embeddable":true,"href":"https:\/\/larevistadigital.com.ar\/blog\/wp-json\/wp\/v2\/categories?post=21804"},{"taxonomy":"post_tag","embeddable":true,"href":"https:\/\/larevistadigital.com.ar\/blog\/wp-json\/wp\/v2\/tags?post=21804"}],"curies":[{"name":"wp","href":"https:\/\/api.w.org\/{rel}","templated":true}]}}