{"id":21807,"date":"2021-08-30T16:37:45","date_gmt":"2021-08-30T16:37:45","guid":{"rendered":"https:\/\/larevistadigital.com.ar\/blog\/?p=21807"},"modified":"2021-08-30T16:37:45","modified_gmt":"2021-08-30T16:37:45","slug":"atacan-en-la-plata-un-local-de-manes-que-se-inauguro-hace-dos-dias","status":"publish","type":"post","link":"https:\/\/larevistadigital.com.ar\/blog\/atacan-en-la-plata-un-local-de-manes-que-se-inauguro-hace-dos-dias\/","title":{"rendered":"ATACAN EN LA PLATA UN LOCAL DE MANES QUE SE INAUGUR\u00d3 HACE DOS D\u00cdAS"},"content":{"rendered":"<h2>El comit\u00e9 radical hab\u00eda sido inaugurado el s\u00e1bado pasado con la presencia de los principales precandidatos platenses. Esta madrugada apareci\u00f3 vandalizado.<\/h2>\n<p><strong>LA PLATA &#8211;<\/strong> El comit\u00e9 radical de la localidad de Villa Elisa, ubicado en Avenida Arana entre 5 y 6, que fue inaugurado el s\u00e1bado pasado con la presencia de los precandidatos de la lista de <strong>Facundo Manes<\/strong> en La Plata, apareci\u00f3 vandalizado esta madrugada con una serie de pintadas agresivas.<\/p>\n<blockquote>\n<h3>\u201cAyer se vieron a algunos chicos rompiendo carteleria de Facundo Manes en Villa Elisa y luego aparecieron estas pintadas de un supuesto grupo anarquista, es algo muy raro. Es otro ataque a la democracia\u201d, precisaron desde la Juventud Radical a Diputados Bonaerenses.<\/h3>\n<\/blockquote>\n<p>En ese sentido, consideraron que<em><strong> \u201cel ataque pudo a haber venido de varios lados diferentes, no descartamos nada, fue dos d\u00edas despu\u00e9s de inaugurar el local\u201d. \u201cNo esper\u00e1bamos otro ataque cuanto estamos concentrados en competir sanamente en las urnas. Esta pelea territorial no tiene sentido\u201d<\/strong><\/em>, se quejaron.<\/p>\n<blockquote>\n<h3>\u201cEs un local importante porque en Villa Elisa estamos conformando un grupo muy grande de militantes hist\u00f3ricos y j\u00f3venes que se acercaron a querer colaborar, que demuestra el crecimiento en la zona norte de la ciudad de La Plata\u201d, agregaron.<\/h3>\n<\/blockquote>\n<p>Desde la Juventud Radical explicaron que el de Villa Elisa<em><strong> \u201ces un local importante porque estamos conformando un grupo muy grande de militantes hist\u00f3ricos y j\u00f3venes que se acercaron a querer colaborar, lo que demuestra el crecimiento en la zona norte de la ciudad de La Plata\u201d.<\/strong><\/em><\/p>\n<p>Uno de los que sali\u00f3 a denunciar p\u00fablicamente el ataque fue el dirigente platense <em><strong>Pablo Nicoletti. \u201cPor estos motivos es tan necesario Dar el Paso. Otra vez violencia pol\u00edtica en la ciudad de La Plata. Esta vez en Villa Elisa, el s\u00e1bado inauguramos local de campa\u00f1a y ya amaneci\u00f3 vandalizado\u201d<\/strong><\/em>, cuestion\u00f3.<\/p>\n<blockquote>\n<h3>El nuevo ataque se da luego de que el equipo de campa\u00f1a de Manes en La Plata denunciara hace algunas semanas la rotura de m\u00e1s de 100 banners, a los que le cortaron la cara, y otros tantos pasacalles. Esa acci\u00f3n fue atribuida por muchos radicales fuera de micr\u00f3fono al intendente del PRO, Julio Garro.<\/h3>\n<\/blockquote>\n<p>Durante la inauguraci\u00f3n del local vandalizado participaron los principales precandidatos de <strong>Facundo Manes<\/strong> en la capital provincial. Durante la jornada tambi\u00e9n recorrieron el Club Alberti de calle 27 entre 37 y 38 y la plaza de 25 y 44, donde dialogaron con vecinos a quienes presentaron sus propuestas.<\/p>\n<p>El s\u00e1bado durante la inauguraci\u00f3n del comit\u00e9 el precandidato a primer concejal,<strong> Diego Rovella<\/strong>, asegur\u00f3 que<strong><em> \u201cla lista est\u00e1 teniendo una muy buena recepci\u00f3n porque ven en la figura de Facundo una oportunidad para ponerle un l\u00edmite al kirchnerismo\u201d. \u201cEl triunfo de Dar El Paso representa una esperanza\u201d<\/em><\/strong>, analiz\u00f3.<\/p>\n<blockquote>\n<h3>Por su parte, el precandidato a diputado provincial, Claudio Frangul, indic\u00f3 que \u201c<em>vamos a seguir caminando la ciudad para acercar nuestras propuestas y escuchar a los platenses\u201d. \u201cNos entusiasma ver que la gente est\u00e1 dispuesta a dar el paso porque conf\u00edan en la figura de Facundo\u201d<\/em>, consider\u00f3.<\/h3>\n<\/blockquote>\n<p>El radicalismo tiene un desaf\u00edo importante en la capital provincial donde por estas horas se impone por una diferencia de cinco puntos, aunque otros sondeos lo ubican dos puntos arriba, a los precandidatos impuestos por el intendente macrista Julio Garro.<\/p>\n","protected":false},"excerpt":{"rendered":"<div class=\"mh-excerpt\"><p>El comit\u00e9 radical hab\u00eda sido inaugurado el s\u00e1bado pasado con la presencia de los principales precandidatos platenses. Esta madrugada apareci\u00f3 vandalizado. LA PLATA &#8211; El comit\u00e9 radical de la localidad de Villa Elisa, ubicado en <a class=\"mh-excerpt-more\" href=\"https:\/\/larevistadigital.com.ar\/blog\/atacan-en-la-plata-un-local-de-manes-que-se-inauguro-hace-dos-dias\/\" title=\"ATACAN EN LA PLATA UN LOCAL DE MANES QUE SE INAUGUR\u00d3 HACE DOS D\u00cdAS\">[Leer M\u00e1s]<\/a><\/p>\n<\/div>","protected":false},"author":3,"featured_media":21808,"comment_status":"open","ping_status":"open","sticky":false,"template":"","format":"standard","meta":{"_jetpack_memberships_contains_paid_content":false,"footnotes":"","jetpack_publicize_message":"","jetpack_publicize_feature_enabled":true,"jetpack_social_post_already_shared":true,"jetpack_social_options":{"image_generator_settings":{"template":"highway","default_image_id":0,"font":"","enabled":false},"version":2}},"categories":[50,24],"tags":[],"class_list":{"0":"post-21807","1":"post","2":"type-post","3":"status-publish","4":"format-standard","5":"has-post-thumbnail","7":"category-interes-general","8":"category-politica-provincial"},"jetpack_publicize_connections":[],"jetpack_featured_media_url":"https:\/\/i0.wp.com\/larevistadigital.com.ar\/blog\/wp-content\/uploads\/Manes-La-Plata.jpeg?fit=880%2C586&ssl=1","jetpack_sharing_enabled":true,"jetpack_shortlink":"https:\/\/wp.me\/p8qtrQ-5FJ","jetpack-related-posts":[{"id":26483,"url":"https:\/\/larevistadigital.com.ar\/blog\/la-ucr-platense-presento-una-nueva-agrupacion-referenciada-con-facundo-manes\/","url_meta":{"origin":21807,"position":0},"title":"LA UCR PLATENSE PRESENT\u00d3 UNA NUEVA AGRUPACI\u00d3N REFERENCIADA CON FACUNDO MANES","author":"Alejandro Sosa Ruda","date":"11 julio, 2022","format":false,"excerpt":"Un sector de la Uni\u00f3n C\u00edvica Radical (UCR) de la ciudad de La Plata present\u00f3 una nueva agrupaci\u00f3n pol\u00edtica denominada \"Avancemos\", que tiene como referente a nivel nacional al diputado Facundo Manes. \"Avancemos\" es parte del espacio radical que a nivel nacional conduce el neurocient\u00edfico y diputado nacional Manes, y\u2026","rel":"","context":"En \u00abREGIONALES\u00bb","block_context":{"text":"REGIONALES","link":"https:\/\/larevistadigital.com.ar\/blog\/category\/regionales\/"},"img":{"alt_text":"","src":"https:\/\/i0.wp.com\/larevistadigital.com.ar\/blog\/wp-content\/uploads\/20220710152344_avancemos-manes-juventud-ucr-2.jpg?fit=880%2C512&ssl=1&resize=350%2C200","width":350,"height":200,"srcset":"https:\/\/i0.wp.com\/larevistadigital.com.ar\/blog\/wp-content\/uploads\/20220710152344_avancemos-manes-juventud-ucr-2.jpg?fit=880%2C512&ssl=1&resize=350%2C200 1x, https:\/\/i0.wp.com\/larevistadigital.com.ar\/blog\/wp-content\/uploads\/20220710152344_avancemos-manes-juventud-ucr-2.jpg?fit=880%2C512&ssl=1&resize=525%2C300 1.5x, https:\/\/i0.wp.com\/larevistadigital.com.ar\/blog\/wp-content\/uploads\/20220710152344_avancemos-manes-juventud-ucr-2.jpg?fit=880%2C512&ssl=1&resize=700%2C400 2x"},"classes":[]},{"id":21425,"url":"https:\/\/larevistadigital.com.ar\/blog\/facundo-manes-en-la-plata-el-adversario-es-el-kirchnerismo-que-encarna-el-modelo-de-venezuela\/","url_meta":{"origin":21807,"position":1},"title":"FACUNDO MANES EN LA PLATA: \u00abEL ADVERSARIO ES EL KIRCHNER\u00cdSMO QUE ENCARNA EL MODELO DE VENEZUELA\u00bb","author":"Alejandro Sosa Ruda","date":"6 agosto, 2021","format":false,"excerpt":"El precandidato radical a diputado nacional en las pr\u00f3ximas elecciones PASO visit\u00f3 nuevamente la ciudad de La Plata, pero esta vez en modo campa\u00f1a. Manes particip\u00f3 de un encuentro con Padres Organizados frente al Ministerio de Educaci\u00f3n para recorrer posteriormente el centro comercial de la capital bonaerense, brindando una conferencia\u2026","rel":"","context":"En \u00abPOLITICA\u00bb","block_context":{"text":"POLITICA","link":"https:\/\/larevistadigital.com.ar\/blog\/category\/politica\/"},"img":{"alt_text":"","src":"https:\/\/i0.wp.com\/larevistadigital.com.ar\/blog\/wp-content\/uploads\/manes.jpg?fit=900%2C650&ssl=1&resize=350%2C200","width":350,"height":200,"srcset":"https:\/\/i0.wp.com\/larevistadigital.com.ar\/blog\/wp-content\/uploads\/manes.jpg?fit=900%2C650&ssl=1&resize=350%2C200 1x, https:\/\/i0.wp.com\/larevistadigital.com.ar\/blog\/wp-content\/uploads\/manes.jpg?fit=900%2C650&ssl=1&resize=525%2C300 1.5x, https:\/\/i0.wp.com\/larevistadigital.com.ar\/blog\/wp-content\/uploads\/manes.jpg?fit=900%2C650&ssl=1&resize=700%2C400 2x"},"classes":[]},{"id":21003,"url":"https:\/\/larevistadigital.com.ar\/blog\/convencion-radical-de-la-provincia-de-buenos-aires-aqui-la-resolucion\/","url_meta":{"origin":21807,"position":2},"title":"CONVENCI\u00d3N RADICAL DE LA PROVINCIA DE BUENOS AIRES. AQU\u00cd LA RESOLUCI\u00d3N","author":"Alejandro Sosa Ruda","date":"4 julio, 2021","format":false,"excerpt":"Durante la jornada del s\u00e1bado se llev\u00f3 a cabo la Convenci\u00f3n Radical de la Provincia de Buenos Aires, donde entre otras cosas qued\u00f3 impl\u00edcito en los discursos el apoyo total a la postulaci\u00f3n a la candidatura de Facundo Manes. El resultado de la votaci\u00f3n, arroj\u00f3 un total de 337 votos\u2026","rel":"","context":"En \u00abINTERES GENERAL\u00bb","block_context":{"text":"INTERES GENERAL","link":"https:\/\/larevistadigital.com.ar\/blog\/category\/interes-general\/"},"img":{"alt_text":"","src":"https:\/\/i0.wp.com\/larevistadigital.com.ar\/blog\/wp-content\/uploads\/facundo-manesjpg.jpg?fit=1200%2C675&ssl=1&resize=350%2C200","width":350,"height":200,"srcset":"https:\/\/i0.wp.com\/larevistadigital.com.ar\/blog\/wp-content\/uploads\/facundo-manesjpg.jpg?fit=1200%2C675&ssl=1&resize=350%2C200 1x, https:\/\/i0.wp.com\/larevistadigital.com.ar\/blog\/wp-content\/uploads\/facundo-manesjpg.jpg?fit=1200%2C675&ssl=1&resize=525%2C300 1.5x, https:\/\/i0.wp.com\/larevistadigital.com.ar\/blog\/wp-content\/uploads\/facundo-manesjpg.jpg?fit=1200%2C675&ssl=1&resize=700%2C400 2x, https:\/\/i0.wp.com\/larevistadigital.com.ar\/blog\/wp-content\/uploads\/facundo-manesjpg.jpg?fit=1200%2C675&ssl=1&resize=1050%2C600 3x"},"classes":[]},{"id":21503,"url":"https:\/\/larevistadigital.com.ar\/blog\/stolbizer-facundo-manes-nos-permite-salir-del-discurso-de-la-grieta\/","url_meta":{"origin":21807,"position":3},"title":"STOLBIZER: \u00abFACUNDO MANES NOS PERMITE SALIR DEL DISCURSO DE LA GRIETA\u00bb","author":"Alejandro Sosa Ruda","date":"11 agosto, 2021","format":false,"excerpt":"Margarita Stolbizer visit\u00f3 la ciudad de La Plata como parte de la campa\u00f1a pol\u00edtica para las pr\u00f3ximas elecciones legislativas PASO del 12 de setiembre. En este contexto, la l\u00edder del Gen dijo en su visita a la capital bonaerense que: \u201cManes nos permite discutir de educaci\u00f3n, de ciencia, de conocimiento,\u2026","rel":"","context":"En \u00abINTERES GENERAL\u00bb","block_context":{"text":"INTERES GENERAL","link":"https:\/\/larevistadigital.com.ar\/blog\/category\/interes-general\/"},"img":{"alt_text":"","src":"https:\/\/i0.wp.com\/larevistadigital.com.ar\/blog\/wp-content\/uploads\/prensa.jpg?fit=900%2C374&ssl=1&resize=350%2C200","width":350,"height":200,"srcset":"https:\/\/i0.wp.com\/larevistadigital.com.ar\/blog\/wp-content\/uploads\/prensa.jpg?fit=900%2C374&ssl=1&resize=350%2C200 1x, https:\/\/i0.wp.com\/larevistadigital.com.ar\/blog\/wp-content\/uploads\/prensa.jpg?fit=900%2C374&ssl=1&resize=525%2C300 1.5x, https:\/\/i0.wp.com\/larevistadigital.com.ar\/blog\/wp-content\/uploads\/prensa.jpg?fit=900%2C374&ssl=1&resize=700%2C400 2x"},"classes":[]},{"id":24506,"url":"https:\/\/larevistadigital.com.ar\/blog\/invitan-a-la-charla-que-facundo-manes-dara-en-el-teatro-brazzola\/","url_meta":{"origin":21807,"position":4},"title":"INVITAN A LA CHARLA QUE FACUNDO MANES DAR\u00c1 EN EL TEATRO BRAZZOLA","author":"Alejandro Sosa Ruda","date":"11 marzo, 2022","format":false,"excerpt":"La entrada es libre y gratuita y se puede retirar en la sala teatral de 9 a 16 horas. Presentar\u00e1 su libro Este s\u00e1bado, 12 de marzo, a las 20 horas, el Dr. Facundo Manes dar\u00e1 una charla en el Teatro Municipal Brazzola, en la que presentar\u00e1 el nuevo libro\u2026","rel":"","context":"En \u00abINTERES GENERAL\u00bb","block_context":{"text":"INTERES GENERAL","link":"https:\/\/larevistadigital.com.ar\/blog\/category\/interes-general\/"},"img":{"alt_text":"","src":"https:\/\/i0.wp.com\/larevistadigital.com.ar\/blog\/wp-content\/uploads\/WhatsApp-Image-2022-03-09-at-21.36.44.jpeg?fit=966%2C1200&ssl=1&resize=350%2C200","width":350,"height":200,"srcset":"https:\/\/i0.wp.com\/larevistadigital.com.ar\/blog\/wp-content\/uploads\/WhatsApp-Image-2022-03-09-at-21.36.44.jpeg?fit=966%2C1200&ssl=1&resize=350%2C200 1x, https:\/\/i0.wp.com\/larevistadigital.com.ar\/blog\/wp-content\/uploads\/WhatsApp-Image-2022-03-09-at-21.36.44.jpeg?fit=966%2C1200&ssl=1&resize=525%2C300 1.5x, https:\/\/i0.wp.com\/larevistadigital.com.ar\/blog\/wp-content\/uploads\/WhatsApp-Image-2022-03-09-at-21.36.44.jpeg?fit=966%2C1200&ssl=1&resize=700%2C400 2x"},"classes":[]},{"id":39888,"url":"https:\/\/larevistadigital.com.ar\/blog\/facundo-manes-presento-en-tigre-su-nuevo-partido-para-adelante\/","url_meta":{"origin":21807,"position":5},"title":"Facundo Manes present\u00f3 en Tigre su nuevo partido \u201cPara Adelante\u201d","author":"Alejandro Sosa Ruda","date":"25 mayo, 2025","format":false,"excerpt":"El diputado de la Uni\u00f3n C\u00edvica Radical, Facundo Manes, oficializ\u00f3 en Tigre la creaci\u00f3n de su nuevo espacio pol\u00edtico llamado \"Para Adelante\", a pocos d\u00edas de que su hermano, Gast\u00f3n Manes, renunciara a la Convenci\u00f3n Nacional del radicalismo. 25 de Mayo de 2025 TIGRE -\u00a0 En su discurso, el legislador\u2026","rel":"","context":"En \u00abPOLITICA PROVINCIAL\u00bb","block_context":{"text":"POLITICA PROVINCIAL","link":"https:\/\/larevistadigital.com.ar\/blog\/category\/politica\/politica-provincial\/"},"img":{"alt_text":"","src":"https:\/\/i0.wp.com\/larevistadigital.com.ar\/blog\/wp-content\/uploads\/20250524134343_facundo-manes-para-adelante-tigre.jpg?fit=880%2C512&ssl=1&resize=350%2C200","width":350,"height":200,"srcset":"https:\/\/i0.wp.com\/larevistadigital.com.ar\/blog\/wp-content\/uploads\/20250524134343_facundo-manes-para-adelante-tigre.jpg?fit=880%2C512&ssl=1&resize=350%2C200 1x, https:\/\/i0.wp.com\/larevistadigital.com.ar\/blog\/wp-content\/uploads\/20250524134343_facundo-manes-para-adelante-tigre.jpg?fit=880%2C512&ssl=1&resize=525%2C300 1.5x, https:\/\/i0.wp.com\/larevistadigital.com.ar\/blog\/wp-content\/uploads\/20250524134343_facundo-manes-para-adelante-tigre.jpg?fit=880%2C512&ssl=1&resize=700%2C400 2x"},"classes":[]}],"_links":{"self":[{"href":"https:\/\/larevistadigital.com.ar\/blog\/wp-json\/wp\/v2\/posts\/21807","targetHints":{"allow":["GET"]}}],"collection":[{"href":"https:\/\/larevistadigital.com.ar\/blog\/wp-json\/wp\/v2\/posts"}],"about":[{"href":"https:\/\/larevistadigital.com.ar\/blog\/wp-json\/wp\/v2\/types\/post"}],"author":[{"embeddable":true,"href":"https:\/\/larevistadigital.com.ar\/blog\/wp-json\/wp\/v2\/users\/3"}],"replies":[{"embeddable":true,"href":"https:\/\/larevistadigital.com.ar\/blog\/wp-json\/wp\/v2\/comments?post=21807"}],"version-history":[{"count":1,"href":"https:\/\/larevistadigital.com.ar\/blog\/wp-json\/wp\/v2\/posts\/21807\/revisions"}],"predecessor-version":[{"id":21809,"href":"https:\/\/larevistadigital.com.ar\/blog\/wp-json\/wp\/v2\/posts\/21807\/revisions\/21809"}],"wp:featuredmedia":[{"embeddable":true,"href":"https:\/\/larevistadigital.com.ar\/blog\/wp-json\/wp\/v2\/media\/21808"}],"wp:attachment":[{"href":"https:\/\/larevistadigital.com.ar\/blog\/wp-json\/wp\/v2\/media?parent=21807"}],"wp:term":[{"taxonomy":"category","embeddable":true,"href":"https:\/\/larevistadigital.com.ar\/blog\/wp-json\/wp\/v2\/categories?post=21807"},{"taxonomy":"post_tag","embeddable":true,"href":"https:\/\/larevistadigital.com.ar\/blog\/wp-json\/wp\/v2\/tags?post=21807"}],"curies":[{"name":"wp","href":"https:\/\/api.w.org\/{rel}","templated":true}]}}