{"id":21811,"date":"2021-08-30T18:55:20","date_gmt":"2021-08-30T18:55:20","guid":{"rendered":"https:\/\/larevistadigital.com.ar\/blog\/?p=21811"},"modified":"2021-08-30T18:56:41","modified_gmt":"2021-08-30T18:56:41","slug":"21811-2","status":"publish","type":"post","link":"https:\/\/larevistadigital.com.ar\/blog\/21811-2\/","title":{"rendered":"LAURA MOUJAN Y JOS\u00c9 OCHOA VISITARON A LOS BOMBEROS VOLUNTARIOS"},"content":{"rendered":"<p>El mi\u00e9rcoles pr\u00f3ximo pasado, integrantes de la lista 831, que lleva como precandidata a concejal por <strong>Juntos por Chascom\u00fas<\/strong> a <strong>Laura Moujan<\/strong>, se reuni\u00f3 con los integrantes de la comisi\u00f3n de Bomberos Voluntarios de Chascom\u00fas a los fines de escuchar las distintas inquietudes de los mismos e intercambiar ideas sobre el rol del Concejo Deliberante. &#8211;<\/p>\n<blockquote>\n<h3><em>\u00abDesde Juntos Por Chascom\u00fas proponemos la modificaci\u00f3n de la Ordenanza 5442\/19 otorgando facultades a los Bomberos Voluntarios para que sean quienes lleven adelante las inspecciones de comercios e industrias para el otorgamiento del Certificado Antisiniestral para las habilitaciones, capacitaciones en materia de prevenci\u00f3n, sistema de emergencias, inspecciones de habilitaciones y urgencias en la v\u00eda p\u00fablica\u00bb<\/em>, manifestaron Moujan y Jos\u00e9 Ochoa<\/h3>\n<\/blockquote>\n<p>Agregaron que<em><strong> \u00abLos Bomberos Voluntarios de nuestra ciudad, vienen haciendo esta magn\u00edfica tarea una trayectoria impecable y actualiz\u00e1ndose ellos permanentemente, y vemos que desde el estado municipal podemos brindar muchos m\u00e1s recursos econ\u00f3micos para sumar actualizaciones de equipamiento y recursos que hagan a su desempe\u00f1o y trabajo diario\u00bb.<\/strong><\/em><\/p>\n<blockquote>\n<h3>Por otra parte, dijeron que la prevenci\u00f3n es fundamental, y para ello no solo se necita el esfuerzo de los Bomberos Voluntarios y su estructura, sino que adem\u00e1s debemos como estado brindarle mayores herramientas, fondos y hacerlos parte de las inspecciones en materia de seguridad en prevenci\u00f3n de siniestros de los comercios e industrias locales.<\/h3>\n<\/blockquote>\n<p>Por \u00faltimo, expresaron que <em><strong>\u00abDebemos brindarles un espacio f\u00edsico desde el municipio donde funcione un centro de capacitaciones tanto para comerciantes como vecinos que se interesen en recibir conocimientos de prevenci\u00f3n de siniestros y adelantarnos a posibles situaciones. \u00ab<\/strong><\/em><\/p>\n","protected":false},"excerpt":{"rendered":"<div class=\"mh-excerpt\"><p>El mi\u00e9rcoles pr\u00f3ximo pasado, integrantes de la lista 831, que lleva como precandidata a concejal por Juntos por Chascom\u00fas a Laura Moujan, se reuni\u00f3 con los integrantes de la comisi\u00f3n de Bomberos Voluntarios de Chascom\u00fas <a class=\"mh-excerpt-more\" href=\"https:\/\/larevistadigital.com.ar\/blog\/21811-2\/\" title=\"LAURA MOUJAN Y JOS\u00c9 OCHOA VISITARON A LOS BOMBEROS VOLUNTARIOS\">[Leer M\u00e1s]<\/a><\/p>\n<\/div>","protected":false},"author":3,"featured_media":21812,"comment_status":"open","ping_status":"open","sticky":false,"template":"","format":"standard","meta":{"_jetpack_memberships_contains_paid_content":false,"footnotes":"","jetpack_publicize_message":"","jetpack_publicize_feature_enabled":true,"jetpack_social_post_already_shared":true,"jetpack_social_options":{"image_generator_settings":{"template":"highway","default_image_id":0,"font":"","enabled":false},"version":2}},"categories":[50,23],"tags":[],"class_list":{"0":"post-21811","1":"post","2":"type-post","3":"status-publish","4":"format-standard","5":"has-post-thumbnail","7":"category-interes-general","8":"category-politica-local"},"jetpack_publicize_connections":[],"jetpack_featured_media_url":"https:\/\/i0.wp.com\/larevistadigital.com.ar\/blog\/wp-content\/uploads\/Captura-de-pantalla-2021-08-30-155427.png?fit=845%2C635&ssl=1","jetpack_sharing_enabled":true,"jetpack_shortlink":"https:\/\/wp.me\/p8qtrQ-5FN","jetpack-related-posts":[{"id":21734,"url":"https:\/\/larevistadigital.com.ar\/blog\/moujan-y-ochoa-piden-debatir-con-precandidatos-de-otras-listas-antes-de-las-paso\/","url_meta":{"origin":21811,"position":0},"title":"MOUJAN Y OCHOA PIDEN DEBATIR CON PRECANDIDATOS DE OTRAS LISTAS ANTES DE LAS PASO","author":"Alejandro Sosa Ruda","date":"27 agosto, 2021","format":false,"excerpt":"Los pre candidatos de \"Juntos por Chascom\u00fas\" Laura Moujan, y Jos\u00e9 Ignacio Ochoa, proponen que se realice un debate p\u00fablico con los primeros y segundos candidatos de las otras listas que competir\u00e1n en las pr\u00f3ximas PASO de septiembre. CHASCOM\u00daS - Desde Juntos Por Chascom\u00fas piden que se lleve adelante un\u2026","rel":"","context":"En \u00abCHASCOM\u00daS\u00bb","block_context":{"text":"CHASCOM\u00daS","link":"https:\/\/larevistadigital.com.ar\/blog\/category\/chascomus\/"},"img":{"alt_text":"","src":"https:\/\/i0.wp.com\/larevistadigital.com.ar\/blog\/wp-content\/uploads\/MOUJAN-OCHOA.jpg?fit=900%2C449&ssl=1&resize=350%2C200","width":350,"height":200,"srcset":"https:\/\/i0.wp.com\/larevistadigital.com.ar\/blog\/wp-content\/uploads\/MOUJAN-OCHOA.jpg?fit=900%2C449&ssl=1&resize=350%2C200 1x, https:\/\/i0.wp.com\/larevistadigital.com.ar\/blog\/wp-content\/uploads\/MOUJAN-OCHOA.jpg?fit=900%2C449&ssl=1&resize=525%2C300 1.5x, https:\/\/i0.wp.com\/larevistadigital.com.ar\/blog\/wp-content\/uploads\/MOUJAN-OCHOA.jpg?fit=900%2C449&ssl=1&resize=700%2C400 2x"},"classes":[]},{"id":21273,"url":"https:\/\/larevistadigital.com.ar\/blog\/ochoa-sorprendio-con-una-lista-encabezada-por-laura-moujan\/","url_meta":{"origin":21811,"position":1},"title":"OCHOA SORPRENDI\u00d3 CON UNA LISTA ENCABEZADA POR LAURA MOUJAN","author":"Alejandro Sosa Ruda","date":"26 julio, 2021","format":false,"excerpt":"El abogado chascomunense y Presidente del partido vecinalista \"Juntos por Chascom\u00fas\", Jos\u00e9 Ignacio Ochoa, finalmente difundi\u00f3 una lista que ha sorprendido no solo porque no es encabezada por \u00e9l mismo, sino que adem\u00e1s por la incorporaci\u00f3n de la profesora Laura Moujan encabezando la lista de su partido Juntos Por Chascom\u00fas,\u2026","rel":"","context":"En \u00abDESTACADAS\u00bb","block_context":{"text":"DESTACADAS","link":"https:\/\/larevistadigital.com.ar\/blog\/category\/destacadas\/"},"img":{"alt_text":"","src":"https:\/\/i0.wp.com\/larevistadigital.com.ar\/blog\/wp-content\/uploads\/Moujan-y-Ochoa.jpg?fit=1088%2C560&ssl=1&resize=350%2C200","width":350,"height":200,"srcset":"https:\/\/i0.wp.com\/larevistadigital.com.ar\/blog\/wp-content\/uploads\/Moujan-y-Ochoa.jpg?fit=1088%2C560&ssl=1&resize=350%2C200 1x, https:\/\/i0.wp.com\/larevistadigital.com.ar\/blog\/wp-content\/uploads\/Moujan-y-Ochoa.jpg?fit=1088%2C560&ssl=1&resize=525%2C300 1.5x, https:\/\/i0.wp.com\/larevistadigital.com.ar\/blog\/wp-content\/uploads\/Moujan-y-Ochoa.jpg?fit=1088%2C560&ssl=1&resize=700%2C400 2x, https:\/\/i0.wp.com\/larevistadigital.com.ar\/blog\/wp-content\/uploads\/Moujan-y-Ochoa.jpg?fit=1088%2C560&ssl=1&resize=1050%2C600 3x"},"classes":[]},{"id":22386,"url":"https:\/\/larevistadigital.com.ar\/blog\/laura-moujan-sigue-recorriendo-los-barrios-de-la-ciudad\/","url_meta":{"origin":21811,"position":2},"title":"LAURA MOUJAN, SIGUE RECORRIENDO LOS BARRIOS DE LA CIUDAD","author":"Alejandro Sosa Ruda","date":"14 octubre, 2021","format":false,"excerpt":"En la tarde del s\u00e1bado, la Candidata a Concejal Laura Moujan quien encabeza la lista del Vecinalismo Juntos Por Chascom\u00fas visit\u00f3 el Barrio San Cayetano de nuestra ciudad junto con los integrantes de la lista y compartieron opiniones de las problem\u00e1ticas del barrio con los vecinos. En la recorrida conversaron\u2026","rel":"","context":"En \u00abINTERES GENERAL\u00bb","block_context":{"text":"INTERES GENERAL","link":"https:\/\/larevistadigital.com.ar\/blog\/category\/interes-general\/"},"img":{"alt_text":"","src":"https:\/\/i0.wp.com\/larevistadigital.com.ar\/blog\/wp-content\/uploads\/WhatsApp-Image-2021-10-13-at-21.00.43.jpeg?fit=1200%2C900&ssl=1&resize=350%2C200","width":350,"height":200,"srcset":"https:\/\/i0.wp.com\/larevistadigital.com.ar\/blog\/wp-content\/uploads\/WhatsApp-Image-2021-10-13-at-21.00.43.jpeg?fit=1200%2C900&ssl=1&resize=350%2C200 1x, https:\/\/i0.wp.com\/larevistadigital.com.ar\/blog\/wp-content\/uploads\/WhatsApp-Image-2021-10-13-at-21.00.43.jpeg?fit=1200%2C900&ssl=1&resize=525%2C300 1.5x, https:\/\/i0.wp.com\/larevistadigital.com.ar\/blog\/wp-content\/uploads\/WhatsApp-Image-2021-10-13-at-21.00.43.jpeg?fit=1200%2C900&ssl=1&resize=700%2C400 2x, https:\/\/i0.wp.com\/larevistadigital.com.ar\/blog\/wp-content\/uploads\/WhatsApp-Image-2021-10-13-at-21.00.43.jpeg?fit=1200%2C900&ssl=1&resize=1050%2C600 3x"},"classes":[]},{"id":24475,"url":"https:\/\/larevistadigital.com.ar\/blog\/juntos-por-chascomus-solicito-al-intendente-gaston-que-se-informe-sobre-la-implementacion-del-plan-fines\/","url_meta":{"origin":21811,"position":3},"title":"JUNTOS POR CHASCOM\u00daS SOLICIT\u00d3 AL INTENDENTE GAST\u00d3N QUE SE INFORME SOBRE LA IMPLEMENTACI\u00d3N DEL PLAN FINES","author":"Alejandro Sosa Ruda","date":"11 marzo, 2022","format":false,"excerpt":"La presentaci\u00f3n la hicieron Laura Mouj\u00e1n, y Jose Ochoa, quienes vienen trabajando fuerte en cuestiones de inter\u00e9s de los vecinos, pese a no haber conseguido ingresar al Concejo. CHASCOM\u00daS -\u00a0 \u00a0Los referentes del partido vecinalista Juntos Por Chascom\u00fas, Laura Moujan y Jos\u00e9 Ochoa, hicieron llegar una nota al Intendente municipal\u2026","rel":"","context":"En \u00abCHASCOM\u00daS\u00bb","block_context":{"text":"CHASCOM\u00daS","link":"https:\/\/larevistadigital.com.ar\/blog\/category\/chascomus\/"},"img":{"alt_text":"","src":"https:\/\/i0.wp.com\/larevistadigital.com.ar\/blog\/wp-content\/uploads\/MOUJAN-OCHOA.jpg?fit=900%2C449&ssl=1&resize=350%2C200","width":350,"height":200,"srcset":"https:\/\/i0.wp.com\/larevistadigital.com.ar\/blog\/wp-content\/uploads\/MOUJAN-OCHOA.jpg?fit=900%2C449&ssl=1&resize=350%2C200 1x, https:\/\/i0.wp.com\/larevistadigital.com.ar\/blog\/wp-content\/uploads\/MOUJAN-OCHOA.jpg?fit=900%2C449&ssl=1&resize=525%2C300 1.5x, https:\/\/i0.wp.com\/larevistadigital.com.ar\/blog\/wp-content\/uploads\/MOUJAN-OCHOA.jpg?fit=900%2C449&ssl=1&resize=700%2C400 2x"},"classes":[]},{"id":22681,"url":"https:\/\/larevistadigital.com.ar\/blog\/juntos-por-chascomus-agradece-a-los-vecinos-de-chascomus-gacetilla-de-prensa\/","url_meta":{"origin":21811,"position":4},"title":"JUNTOS POR CHASCOM\u00daS AGRADECE A LOS VECINOS DE CHASCOM\u00daS (gacetilla de prensa)","author":"Alejandro Sosa Ruda","date":"16 noviembre, 2021","format":false,"excerpt":"En la noche de ayer desde el espacio de Juntos Por Chascom\u00fas agradecieron a todos los vecinos de la ciudad que participaron en la elecci\u00f3n, a todos aquellos que fueron a votar para elegir cargos a nivel Nacional, Provincial y Local. En tanto Laura Moujan manifest\u00f3 \u201cqueremos agradecerle a cada\u2026","rel":"","context":"En \u00abINTERES GENERAL\u00bb","block_context":{"text":"INTERES GENERAL","link":"https:\/\/larevistadigital.com.ar\/blog\/category\/interes-general\/"},"img":{"alt_text":"","src":"https:\/\/i0.wp.com\/larevistadigital.com.ar\/blog\/wp-content\/uploads\/WhatsApp-Image-2021-11-15-at-21.19.45-1.jpeg?fit=1200%2C775&ssl=1&resize=350%2C200","width":350,"height":200,"srcset":"https:\/\/i0.wp.com\/larevistadigital.com.ar\/blog\/wp-content\/uploads\/WhatsApp-Image-2021-11-15-at-21.19.45-1.jpeg?fit=1200%2C775&ssl=1&resize=350%2C200 1x, https:\/\/i0.wp.com\/larevistadigital.com.ar\/blog\/wp-content\/uploads\/WhatsApp-Image-2021-11-15-at-21.19.45-1.jpeg?fit=1200%2C775&ssl=1&resize=525%2C300 1.5x, https:\/\/i0.wp.com\/larevistadigital.com.ar\/blog\/wp-content\/uploads\/WhatsApp-Image-2021-11-15-at-21.19.45-1.jpeg?fit=1200%2C775&ssl=1&resize=700%2C400 2x, https:\/\/i0.wp.com\/larevistadigital.com.ar\/blog\/wp-content\/uploads\/WhatsApp-Image-2021-11-15-at-21.19.45-1.jpeg?fit=1200%2C775&ssl=1&resize=1050%2C600 3x"},"classes":[]},{"id":23527,"url":"https:\/\/larevistadigital.com.ar\/blog\/laura-moujan-solicito-el-cambio-de-la-membreteria-oficial-pidiendo-se-destaquen-los-valores-de-los-veteranos-de-la-guerra-de-malvinas\/","url_meta":{"origin":21811,"position":5},"title":"LAURA MOUJAN SOLICIT\u00d3 EL CAMBIO DE LA MEMBRETER\u00cdA OFICIAL, PIDIENDO SE DESTAQUEN LOS VALORES DE LOS VETERANOS DE LA GUERRA DE MALVINAS","author":"Alejandro Sosa Ruda","date":"24 enero, 2022","format":false,"excerpt":"La referente de Juntos por Chascom\u00fas, pidi\u00f3 con una nota enviada desde su partido el cambio de los membretes, homenajeando a los ex combatientes, sobre todo a los nativos de Chascom\u00fas. CHASCOM\u00daS -\u00a0 La referente y ex candidata del partido Juntos por Chascom\u00fas, Mar\u00eda Laura Mouj\u00e1n, solicit\u00f3 en una nota\u2026","rel":"","context":"En \u00abDESTACADAS\u00bb","block_context":{"text":"DESTACADAS","link":"https:\/\/larevistadigital.com.ar\/blog\/category\/destacadas\/"},"img":{"alt_text":"","src":"https:\/\/i0.wp.com\/larevistadigital.com.ar\/blog\/wp-content\/uploads\/240122777_3043475312600964_7222791303099156458_n.jpg?fit=753%2C786&ssl=1&resize=350%2C200","width":350,"height":200,"srcset":"https:\/\/i0.wp.com\/larevistadigital.com.ar\/blog\/wp-content\/uploads\/240122777_3043475312600964_7222791303099156458_n.jpg?fit=753%2C786&ssl=1&resize=350%2C200 1x, https:\/\/i0.wp.com\/larevistadigital.com.ar\/blog\/wp-content\/uploads\/240122777_3043475312600964_7222791303099156458_n.jpg?fit=753%2C786&ssl=1&resize=525%2C300 1.5x, https:\/\/i0.wp.com\/larevistadigital.com.ar\/blog\/wp-content\/uploads\/240122777_3043475312600964_7222791303099156458_n.jpg?fit=753%2C786&ssl=1&resize=700%2C400 2x"},"classes":[]}],"_links":{"self":[{"href":"https:\/\/larevistadigital.com.ar\/blog\/wp-json\/wp\/v2\/posts\/21811","targetHints":{"allow":["GET"]}}],"collection":[{"href":"https:\/\/larevistadigital.com.ar\/blog\/wp-json\/wp\/v2\/posts"}],"about":[{"href":"https:\/\/larevistadigital.com.ar\/blog\/wp-json\/wp\/v2\/types\/post"}],"author":[{"embeddable":true,"href":"https:\/\/larevistadigital.com.ar\/blog\/wp-json\/wp\/v2\/users\/3"}],"replies":[{"embeddable":true,"href":"https:\/\/larevistadigital.com.ar\/blog\/wp-json\/wp\/v2\/comments?post=21811"}],"version-history":[{"count":2,"href":"https:\/\/larevistadigital.com.ar\/blog\/wp-json\/wp\/v2\/posts\/21811\/revisions"}],"predecessor-version":[{"id":21814,"href":"https:\/\/larevistadigital.com.ar\/blog\/wp-json\/wp\/v2\/posts\/21811\/revisions\/21814"}],"wp:featuredmedia":[{"embeddable":true,"href":"https:\/\/larevistadigital.com.ar\/blog\/wp-json\/wp\/v2\/media\/21812"}],"wp:attachment":[{"href":"https:\/\/larevistadigital.com.ar\/blog\/wp-json\/wp\/v2\/media?parent=21811"}],"wp:term":[{"taxonomy":"category","embeddable":true,"href":"https:\/\/larevistadigital.com.ar\/blog\/wp-json\/wp\/v2\/categories?post=21811"},{"taxonomy":"post_tag","embeddable":true,"href":"https:\/\/larevistadigital.com.ar\/blog\/wp-json\/wp\/v2\/tags?post=21811"}],"curies":[{"name":"wp","href":"https:\/\/api.w.org\/{rel}","templated":true}]}}