{"id":21819,"date":"2021-08-31T23:03:08","date_gmt":"2021-08-31T23:03:08","guid":{"rendered":"https:\/\/larevistadigital.com.ar\/blog\/?p=21819"},"modified":"2021-08-31T23:03:08","modified_gmt":"2021-08-31T23:03:08","slug":"video-impresionante-tormenta-en-tres-arroyos","status":"publish","type":"post","link":"https:\/\/larevistadigital.com.ar\/blog\/video-impresionante-tormenta-en-tres-arroyos\/","title":{"rendered":"[VIDEO] IMPRESIONANTE TORMENTA EN TRES ARROYOS"},"content":{"rendered":"<p id=\"noticia-content\"><strong>TRES ARROYOS &#8211;<\/strong> En horas de esta tarde, en Tres arroyos comenz\u00f3 una intensa tormenta, con truenos, rel\u00e1mpagos y hasta granizo. Seg\u00fan inform\u00f3 la oficina del servicio meteorol\u00f3gico local, llovieron al rededor de 24 mil\u00edmetros y hubo viento Sur a 47 km\/h, con r\u00e1fagas de 75 km\/h durante la parte mas intensa del temporal, al momento del granizo.<\/p>\n<p>Actualmente, m\u00e1s en calma, el viento sopla del Sudeste a 34 km\/h, con r\u00e1fagas de 55 km\/h. Se espera que siga lloviendo durante la noche y la madrugada.<\/p>\n<div style=\"width: 640px;\" class=\"wp-video\"><!--[if lt IE 9]><script>document.createElement('video');<\/script><![endif]-->\n<video class=\"wp-video-shortcode\" id=\"video-21819-1\" width=\"640\" height=\"352\" preload=\"metadata\" controls=\"controls\"><source type=\"video\/mp4\" src=\"https:\/\/larevistadigital.com.ar\/blog\/wp-content\/uploads\/WhatsApp-Video-2021-08-31-at-19.38.56.mp4?_=1\" \/><a href=\"https:\/\/larevistadigital.com.ar\/blog\/wp-content\/uploads\/WhatsApp-Video-2021-08-31-at-19.38.56.mp4\">https:\/\/larevistadigital.com.ar\/blog\/wp-content\/uploads\/WhatsApp-Video-2021-08-31-at-19.38.56.mp4<\/a><\/video><\/div>\n","protected":false},"excerpt":{"rendered":"<div class=\"mh-excerpt\"><p>TRES ARROYOS &#8211; En horas de esta tarde, en Tres arroyos comenz\u00f3 una intensa tormenta, con truenos, rel\u00e1mpagos y hasta granizo. Seg\u00fan inform\u00f3 la oficina del servicio meteorol\u00f3gico local, llovieron al rededor de 24 mil\u00edmetros <a class=\"mh-excerpt-more\" href=\"https:\/\/larevistadigital.com.ar\/blog\/video-impresionante-tormenta-en-tres-arroyos\/\" title=\"[VIDEO] IMPRESIONANTE TORMENTA EN TRES ARROYOS\">[Leer M\u00e1s]<\/a><\/p>\n<\/div>","protected":false},"author":3,"featured_media":21820,"comment_status":"open","ping_status":"open","sticky":false,"template":"","format":"standard","meta":{"_jetpack_memberships_contains_paid_content":false,"footnotes":"","jetpack_publicize_message":"","jetpack_publicize_feature_enabled":true,"jetpack_social_post_already_shared":true,"jetpack_social_options":{"image_generator_settings":{"template":"highway","default_image_id":0,"font":"","enabled":false},"version":2}},"categories":[50],"tags":[],"class_list":{"0":"post-21819","1":"post","2":"type-post","3":"status-publish","4":"format-standard","5":"has-post-thumbnail","7":"category-interes-general"},"jetpack_publicize_connections":[],"jetpack_featured_media_url":"https:\/\/i0.wp.com\/larevistadigital.com.ar\/blog\/wp-content\/uploads\/lvp.whatsapp-image-2021-08-31-at-6.40.44-pm.jpeg?fit=1280%2C960&ssl=1","jetpack_sharing_enabled":true,"jetpack_shortlink":"https:\/\/wp.me\/p8qtrQ-5FV","jetpack-related-posts":[{"id":38819,"url":"https:\/\/larevistadigital.com.ar\/blog\/mar-del-plata-elevan-a-naranja-el-alerta-por-tormentas-habra-rafagas-de-100km-h-y-caera-granizo-nuevamente\/","url_meta":{"origin":21819,"position":0},"title":"Mar del Plata: Elevan a naranja el alerta por tormentas: habr\u00e1 r\u00e1fagas de 100km\/h y \u00bfcaer\u00e1 granizo nuevamente?","author":"Alejandro Sosa Ruda","date":"23 febrero, 2025","format":false,"excerpt":"El SMN indic\u00f3 que se espera la llegada de un frente tormentoso muy intenso durante la madrugada que podr\u00eda desatar abundante ca\u00edda de agua en cortos per\u00edodos. 23 de Febrero de 2025 MAR DEL PLATA -\u00a0 Tras los destrozos provocados por la intensa ca\u00edda de granizo el viernes pasado, Mar\u2026","rel":"","context":"En \u00abDESTACADAS\u00bb","block_context":{"text":"DESTACADAS","link":"https:\/\/larevistadigital.com.ar\/blog\/category\/destacadas\/"},"img":{"alt_text":"","src":"https:\/\/i0.wp.com\/larevistadigital.com.ar\/blog\/wp-content\/uploads\/OU2NGJ5D2ZHRRDSK6LKJA6QYOM.jpeg?fit=1200%2C675&ssl=1&resize=350%2C200","width":350,"height":200,"srcset":"https:\/\/i0.wp.com\/larevistadigital.com.ar\/blog\/wp-content\/uploads\/OU2NGJ5D2ZHRRDSK6LKJA6QYOM.jpeg?fit=1200%2C675&ssl=1&resize=350%2C200 1x, https:\/\/i0.wp.com\/larevistadigital.com.ar\/blog\/wp-content\/uploads\/OU2NGJ5D2ZHRRDSK6LKJA6QYOM.jpeg?fit=1200%2C675&ssl=1&resize=525%2C300 1.5x, https:\/\/i0.wp.com\/larevistadigital.com.ar\/blog\/wp-content\/uploads\/OU2NGJ5D2ZHRRDSK6LKJA6QYOM.jpeg?fit=1200%2C675&ssl=1&resize=700%2C400 2x, https:\/\/i0.wp.com\/larevistadigital.com.ar\/blog\/wp-content\/uploads\/OU2NGJ5D2ZHRRDSK6LKJA6QYOM.jpeg?fit=1200%2C675&ssl=1&resize=1050%2C600 3x"},"classes":[]},{"id":38005,"url":"https:\/\/larevistadigital.com.ar\/blog\/la-plata-alerta-amarillo-por-tormentas-con-posible-caida-de-granizo-a-que-hora-llegara\/","url_meta":{"origin":21819,"position":1},"title":"La Plata: Alerta amarillo por tormentas con posible ca\u00edda de granizo. \u00bfA qu\u00e9 hora llegar\u00e1?","author":"Alejandro Sosa Ruda","date":"24 noviembre, 2024","format":false,"excerpt":"24 de Noviembre de 2024 LA PLATA -\u00a0 \u00a0El Servicio Meteorol\u00f3gico Nacional emiti\u00f3 una alerta amarilla, porque se prev\u00e9 que llegar\u00e1n tormantas fuertes con r\u00e1fagas de vientos y probable ca\u00edda de granizo en la ciudad. A esta alerta, se suman Berisso y Ensenada, y las lluvias continuar\u00e1n por la noche\u2026","rel":"","context":"En \u00abREGIONALES\u00bb","block_context":{"text":"REGIONALES","link":"https:\/\/larevistadigital.com.ar\/blog\/category\/regionales\/"},"img":{"alt_text":"","src":"https:\/\/i0.wp.com\/larevistadigital.com.ar\/blog\/wp-content\/uploads\/bbx_337649232_1_unnamed__7_-e1732486703695.jpg?fit=799%2C477&ssl=1&resize=350%2C200","width":350,"height":200,"srcset":"https:\/\/i0.wp.com\/larevistadigital.com.ar\/blog\/wp-content\/uploads\/bbx_337649232_1_unnamed__7_-e1732486703695.jpg?fit=799%2C477&ssl=1&resize=350%2C200 1x, https:\/\/i0.wp.com\/larevistadigital.com.ar\/blog\/wp-content\/uploads\/bbx_337649232_1_unnamed__7_-e1732486703695.jpg?fit=799%2C477&ssl=1&resize=525%2C300 1.5x, https:\/\/i0.wp.com\/larevistadigital.com.ar\/blog\/wp-content\/uploads\/bbx_337649232_1_unnamed__7_-e1732486703695.jpg?fit=799%2C477&ssl=1&resize=700%2C400 2x"},"classes":[]},{"id":18526,"url":"https:\/\/larevistadigital.com.ar\/blog\/videos-e-imagenes-los-desastres-ocasionados-por-el-temporal-en-villa-gesell\/","url_meta":{"origin":21819,"position":2},"title":"[VIDEOS E IM\u00c1GENES] LOS DESASTRES OCASIONADOS POR EL TEMPORAL EN VILLA GESELL","author":"Alejandro Sosa Ruda","date":"6 enero, 2021","format":false,"excerpt":"Las im\u00e1genes son elocuentes, y demuestran la violencia del temporal que provoc\u00f3 graves da\u00f1os en Villa Gesell. Hay alerta roja para Mar del Plata y la zona. Se registraron intensas lluvias, fuertes r\u00e1fagas de viento, calles intransitables y advierten por una ocasional ca\u00edda de granizo en los municipios balnearios. El\u00a0Servicio\u2026","rel":"","context":"En \u00abINTERES GENERAL\u00bb","block_context":{"text":"INTERES GENERAL","link":"https:\/\/larevistadigital.com.ar\/blog\/category\/interes-general\/"},"img":{"alt_text":"","src":"https:\/\/i0.wp.com\/larevistadigital.com.ar\/blog\/wp-content\/uploads\/WhatsApp-Image-2021-01-06-at-13.24.44.jpeg?fit=719%2C1127&ssl=1&resize=350%2C200","width":350,"height":200,"srcset":"https:\/\/i0.wp.com\/larevistadigital.com.ar\/blog\/wp-content\/uploads\/WhatsApp-Image-2021-01-06-at-13.24.44.jpeg?fit=719%2C1127&ssl=1&resize=350%2C200 1x, https:\/\/i0.wp.com\/larevistadigital.com.ar\/blog\/wp-content\/uploads\/WhatsApp-Image-2021-01-06-at-13.24.44.jpeg?fit=719%2C1127&ssl=1&resize=525%2C300 1.5x, https:\/\/i0.wp.com\/larevistadigital.com.ar\/blog\/wp-content\/uploads\/WhatsApp-Image-2021-01-06-at-13.24.44.jpeg?fit=719%2C1127&ssl=1&resize=700%2C400 2x"},"classes":[]},{"id":44548,"url":"https:\/\/larevistadigital.com.ar\/blog\/chascomus-el-municipio-informo-de-alertas-por-tormentas-fuertes-rafagas-granizo-y-lluvias-intensas\/","url_meta":{"origin":21819,"position":3},"title":"Chascom\u00fas: El municipio inform\u00f3 de alertas por tormentas fuertes, r\u00e1fagas, granizo y lluvias intensas","author":"Alejandro Sosa Ruda","date":"16 marzo, 2026","format":false,"excerpt":"El SMN emiti\u00f3 una alerta amarilla para este martes 17. Se esperan tormentas con fuerte actividad el\u00e9ctrica, r\u00e1fagas de viento y abundante ca\u00edda de agua en cortos per\u00edodos. 17 de marzo de 2026 CHASCOM\u00daS -\u00a0 \u00a0El Servicio Meteorol\u00f3gico Nacional emiti\u00f3 una alerta amarilla por tormentas para Chascom\u00fas y la regi\u00f3n,\u2026","rel":"","context":"En \u00abDESTACADAS\u00bb","block_context":{"text":"DESTACADAS","link":"https:\/\/larevistadigital.com.ar\/blog\/category\/destacadas\/"},"img":{"alt_text":"","src":"https:\/\/i0.wp.com\/larevistadigital.com.ar\/blog\/wp-content\/uploads\/ALERTA-METEOROLOGICO.jpg?fit=1140%2C758&ssl=1&resize=350%2C200","width":350,"height":200,"srcset":"https:\/\/i0.wp.com\/larevistadigital.com.ar\/blog\/wp-content\/uploads\/ALERTA-METEOROLOGICO.jpg?fit=1140%2C758&ssl=1&resize=350%2C200 1x, https:\/\/i0.wp.com\/larevistadigital.com.ar\/blog\/wp-content\/uploads\/ALERTA-METEOROLOGICO.jpg?fit=1140%2C758&ssl=1&resize=525%2C300 1.5x, https:\/\/i0.wp.com\/larevistadigital.com.ar\/blog\/wp-content\/uploads\/ALERTA-METEOROLOGICO.jpg?fit=1140%2C758&ssl=1&resize=700%2C400 2x, https:\/\/i0.wp.com\/larevistadigital.com.ar\/blog\/wp-content\/uploads\/ALERTA-METEOROLOGICO.jpg?fit=1140%2C758&ssl=1&resize=1050%2C600 3x"},"classes":[]},{"id":28394,"url":"https:\/\/larevistadigital.com.ar\/blog\/alerta-meteorologica-por-fuertes-vientos-en-la-madrugada\/","url_meta":{"origin":21819,"position":4},"title":"ALERTA METEOROL\u00d3GICA POR FUERTES VIENTOS EN LA MADRUGADA","author":"Alejandro Sosa Ruda","date":"13 octubre, 2022","format":false,"excerpt":"Es por fuertes vientos. Para General Pueyrredon,\u00a0la costa de Mar Chuquita\u00a0y\u00a0General Alvarado. 12 de octubre de 2022 El\u00a0Servicio Meteorol\u00f3gico Nacional\u00a0emiti\u00f3\u00a0una alerta amarilla\u00a0para este jueves a la madrugada por\u00a0fuertes r\u00e1fagas de viento. General Pueyrredon,\u00a0la costa de Mar Chuquita\u00a0y\u00a0General Alvarado\u00a0son las localidades del sudeste de la provincia que se ver\u00e1n afectadas por\u2026","rel":"","context":"En \u00abINTERES GENERAL\u00bb","block_context":{"text":"INTERES GENERAL","link":"https:\/\/larevistadigital.com.ar\/blog\/category\/interes-general\/"},"img":{"alt_text":"","src":"https:\/\/i0.wp.com\/larevistadigital.com.ar\/blog\/wp-content\/uploads\/ALERTA-METEOROLOGICO.jpg?fit=1140%2C758&ssl=1&resize=350%2C200","width":350,"height":200,"srcset":"https:\/\/i0.wp.com\/larevistadigital.com.ar\/blog\/wp-content\/uploads\/ALERTA-METEOROLOGICO.jpg?fit=1140%2C758&ssl=1&resize=350%2C200 1x, https:\/\/i0.wp.com\/larevistadigital.com.ar\/blog\/wp-content\/uploads\/ALERTA-METEOROLOGICO.jpg?fit=1140%2C758&ssl=1&resize=525%2C300 1.5x, https:\/\/i0.wp.com\/larevistadigital.com.ar\/blog\/wp-content\/uploads\/ALERTA-METEOROLOGICO.jpg?fit=1140%2C758&ssl=1&resize=700%2C400 2x, https:\/\/i0.wp.com\/larevistadigital.com.ar\/blog\/wp-content\/uploads\/ALERTA-METEOROLOGICO.jpg?fit=1140%2C758&ssl=1&resize=1050%2C600 3x"},"classes":[]},{"id":18421,"url":"https:\/\/larevistadigital.com.ar\/blog\/mar-del-plata-y-la-zona-alerta-meteorologico-por-vientos-de-hasta-80-km-por-hora\/","url_meta":{"origin":21819,"position":5},"title":"MAR DEL PLATA Y LA ZONA: ALERTA METEOROL\u00d3GICO POR VIENTOS DE HASTA 80 KM. POR HORA","author":"Alejandro Sosa Ruda","date":"30 diciembre, 2020","format":false,"excerpt":"El alerta amarillo abarca la zona de General Pueyrredon, General Alvarado y\u00a0Mar Chiquita. El\u00a0Servicio Meteorol\u00f3gico Nacional (SMN)\u00a0renov\u00f3 el alerta por tormentas y fuertes vientos que rige para \u00a0General Pueyrredon, General Alvarado y\u00a0Mar Chiquita. En el informe emitido a las 8 de este mi\u00e9rcoles, el SMN advierte la presencia por la\u2026","rel":"","context":"En \u00abREGIONALES\u00bb","block_context":{"text":"REGIONALES","link":"https:\/\/larevistadigital.com.ar\/blog\/category\/regionales\/"},"img":{"alt_text":"","src":"https:\/\/i0.wp.com\/larevistadigital.com.ar\/blog\/wp-content\/uploads\/Screenshot_3-65.jpg?fit=997%2C557&ssl=1&resize=350%2C200","width":350,"height":200,"srcset":"https:\/\/i0.wp.com\/larevistadigital.com.ar\/blog\/wp-content\/uploads\/Screenshot_3-65.jpg?fit=997%2C557&ssl=1&resize=350%2C200 1x, https:\/\/i0.wp.com\/larevistadigital.com.ar\/blog\/wp-content\/uploads\/Screenshot_3-65.jpg?fit=997%2C557&ssl=1&resize=525%2C300 1.5x, https:\/\/i0.wp.com\/larevistadigital.com.ar\/blog\/wp-content\/uploads\/Screenshot_3-65.jpg?fit=997%2C557&ssl=1&resize=700%2C400 2x"},"classes":[]}],"_links":{"self":[{"href":"https:\/\/larevistadigital.com.ar\/blog\/wp-json\/wp\/v2\/posts\/21819","targetHints":{"allow":["GET"]}}],"collection":[{"href":"https:\/\/larevistadigital.com.ar\/blog\/wp-json\/wp\/v2\/posts"}],"about":[{"href":"https:\/\/larevistadigital.com.ar\/blog\/wp-json\/wp\/v2\/types\/post"}],"author":[{"embeddable":true,"href":"https:\/\/larevistadigital.com.ar\/blog\/wp-json\/wp\/v2\/users\/3"}],"replies":[{"embeddable":true,"href":"https:\/\/larevistadigital.com.ar\/blog\/wp-json\/wp\/v2\/comments?post=21819"}],"version-history":[{"count":1,"href":"https:\/\/larevistadigital.com.ar\/blog\/wp-json\/wp\/v2\/posts\/21819\/revisions"}],"predecessor-version":[{"id":21822,"href":"https:\/\/larevistadigital.com.ar\/blog\/wp-json\/wp\/v2\/posts\/21819\/revisions\/21822"}],"wp:featuredmedia":[{"embeddable":true,"href":"https:\/\/larevistadigital.com.ar\/blog\/wp-json\/wp\/v2\/media\/21820"}],"wp:attachment":[{"href":"https:\/\/larevistadigital.com.ar\/blog\/wp-json\/wp\/v2\/media?parent=21819"}],"wp:term":[{"taxonomy":"category","embeddable":true,"href":"https:\/\/larevistadigital.com.ar\/blog\/wp-json\/wp\/v2\/categories?post=21819"},{"taxonomy":"post_tag","embeddable":true,"href":"https:\/\/larevistadigital.com.ar\/blog\/wp-json\/wp\/v2\/tags?post=21819"}],"curies":[{"name":"wp","href":"https:\/\/api.w.org\/{rel}","templated":true}]}}