{"id":21823,"date":"2021-08-31T23:13:52","date_gmt":"2021-08-31T23:13:52","guid":{"rendered":"https:\/\/larevistadigital.com.ar\/blog\/?p=21823"},"modified":"2021-08-31T23:13:52","modified_gmt":"2021-08-31T23:13:52","slug":"gustavo-lopez-recorre-sin-pausa-la-quinta-seccion-electoral","status":"publish","type":"post","link":"https:\/\/larevistadigital.com.ar\/blog\/gustavo-lopez-recorre-sin-pausa-la-quinta-seccion-electoral\/","title":{"rendered":"GUSTAVO LOPEZ RECORRE SIN PAUSA LA QUINTA SECCION ELECTORAL"},"content":{"rendered":"<p>A poco m\u00e1s de 15 d\u00edas para las PASO, el precandidato a senador provincial, <strong>Gustavo L\u00f3pez<\/strong>, recorre sin pausa las ciudades que integran la 5ta Secci\u00f3n electoral, llevando las propuestas del espacio \u201cDar el paso\u201d, que encabeza <strong>Facundo Manes<\/strong>.<\/p>\n<p>Este jueves, visit\u00f3 la ciudad de San Miguel del Monte, donde fue recibido por el Intendente <strong>Jos\u00e9 Castro<\/strong>, con quien mantuvo un interesante intercambio de la realidad en que se encuentra la provincia de Buenos Aires y del esfuerzo permanente que desarrollan los municipios del interior generando acciones que permitan mejorar la calidad de vida de los vecinos.<\/p>\n<blockquote>\n<h3>Durante su permanencia en la ciudad, <strong>L\u00f3pez<\/strong> recorri\u00f3 experiencias exitosas de gesti\u00f3n, en materia de seguridad, junto al Secretario de Gesti\u00f3n Institucional, <strong>Mat\u00edas Balsamello, <\/strong>y el Director de Convivencia Ciudadana<strong>, Fernando Lencina.<\/strong><\/h3>\n<\/blockquote>\n<p>En este sentido, no s\u00f3lo visit\u00f3 la Central de Monitoreo de la ciudad, sino tambi\u00e9n una nueva herramienta de prevenci\u00f3n del delito como lo son los M\u00f3dulos de Prevenci\u00f3n Ciudadana, ubicados en puntos estrat\u00e9gicos de la ciudad.<\/p>\n<blockquote>\n<h3>Los m\u00f3dulos poseen equipamiento de \u00faltima tecnolog\u00eda conectados a c\u00e1maras de seguridad que se instalan en la zona aleda\u00f1a a los mismos, monitoreadas por personal especializado las 24 horas del d\u00eda. Las im\u00e1genes obtenidas por las c\u00e1maras y los lectores de patentes, a su vez, se replican en la Central de Monitoreo.<\/h3>\n<\/blockquote>\n<p>Cabe resaltar que el personal apostado en los m\u00f3dulos de prevenci\u00f3n ciudadana, est\u00e1n en permanente comunicaci\u00f3n con los m\u00f3viles policiales y con la central del sistema de comunicaciones, lo que permite una r\u00e1pida respuesta.<\/p>\n<p><img data-recalc-dims=\"1\" loading=\"lazy\" decoding=\"async\" class=\"alignnone size-full wp-image-21825\" src=\"https:\/\/i0.wp.com\/larevistadigital.com.ar\/blog\/wp-content\/uploads\/WhatsApp-Image-2021-08-26-at-23.02.23.jpeg?resize=1600%2C1200&#038;ssl=1\" alt=\"\" width=\"1600\" height=\"1200\" srcset=\"https:\/\/i0.wp.com\/larevistadigital.com.ar\/blog\/wp-content\/uploads\/WhatsApp-Image-2021-08-26-at-23.02.23.jpeg?w=1600&amp;ssl=1 1600w, https:\/\/i0.wp.com\/larevistadigital.com.ar\/blog\/wp-content\/uploads\/WhatsApp-Image-2021-08-26-at-23.02.23.jpeg?resize=300%2C225&amp;ssl=1 300w, https:\/\/i0.wp.com\/larevistadigital.com.ar\/blog\/wp-content\/uploads\/WhatsApp-Image-2021-08-26-at-23.02.23.jpeg?resize=1024%2C768&amp;ssl=1 1024w, https:\/\/i0.wp.com\/larevistadigital.com.ar\/blog\/wp-content\/uploads\/WhatsApp-Image-2021-08-26-at-23.02.23.jpeg?resize=768%2C576&amp;ssl=1 768w, https:\/\/i0.wp.com\/larevistadigital.com.ar\/blog\/wp-content\/uploads\/WhatsApp-Image-2021-08-26-at-23.02.23.jpeg?resize=1536%2C1152&amp;ssl=1 1536w, https:\/\/i0.wp.com\/larevistadigital.com.ar\/blog\/wp-content\/uploads\/WhatsApp-Image-2021-08-26-at-23.02.23.jpeg?resize=678%2C509&amp;ssl=1 678w, https:\/\/i0.wp.com\/larevistadigital.com.ar\/blog\/wp-content\/uploads\/WhatsApp-Image-2021-08-26-at-23.02.23.jpeg?resize=326%2C245&amp;ssl=1 326w, https:\/\/i0.wp.com\/larevistadigital.com.ar\/blog\/wp-content\/uploads\/WhatsApp-Image-2021-08-26-at-23.02.23.jpeg?resize=80%2C60&amp;ssl=1 80w\" sizes=\"auto, (max-width: 1000px) 100vw, 1000px\" \/><\/p>\n","protected":false},"excerpt":{"rendered":"<div class=\"mh-excerpt\"><p>A poco m\u00e1s de 15 d\u00edas para las PASO, el precandidato a senador provincial, Gustavo L\u00f3pez, recorre sin pausa las ciudades que integran la 5ta Secci\u00f3n electoral, llevando las propuestas del espacio \u201cDar el paso\u201d, <a class=\"mh-excerpt-more\" href=\"https:\/\/larevistadigital.com.ar\/blog\/gustavo-lopez-recorre-sin-pausa-la-quinta-seccion-electoral\/\" title=\"GUSTAVO LOPEZ RECORRE SIN PAUSA LA QUINTA SECCION ELECTORAL\">[Leer M\u00e1s]<\/a><\/p>\n<\/div>","protected":false},"author":3,"featured_media":21824,"comment_status":"open","ping_status":"open","sticky":false,"template":"","format":"standard","meta":{"_jetpack_memberships_contains_paid_content":false,"footnotes":"","jetpack_publicize_message":"","jetpack_publicize_feature_enabled":true,"jetpack_social_post_already_shared":true,"jetpack_social_options":{"image_generator_settings":{"template":"highway","default_image_id":0,"font":"","enabled":false},"version":2}},"categories":[50,24],"tags":[],"class_list":{"0":"post-21823","1":"post","2":"type-post","3":"status-publish","4":"format-standard","5":"has-post-thumbnail","7":"category-interes-general","8":"category-politica-provincial"},"jetpack_publicize_connections":[],"jetpack_featured_media_url":"https:\/\/i0.wp.com\/larevistadigital.com.ar\/blog\/wp-content\/uploads\/WhatsApp-Image-2021-08-27-at-20.41.41.jpeg?fit=1280%2C780&ssl=1","jetpack_sharing_enabled":true,"jetpack_shortlink":"https:\/\/wp.me\/p8qtrQ-5FZ","jetpack-related-posts":[{"id":21837,"url":"https:\/\/larevistadigital.com.ar\/blog\/gustavo-lopez-visito-lezama-en-el-marco-de-su-recorrida-por-la-5ta-seccion-electoral\/","url_meta":{"origin":21823,"position":0},"title":"GUSTAVO LOPEZ VISIT\u00d3 LEZAMA EN EL MARCO DE  SU RECORRIDA POR LA 5ta SECCION ELECTORAL","author":"Alejandro Sosa Ruda","date":"2 septiembre, 2021","format":false,"excerpt":"El precandidato a senador provincial, Gustavo L\u00f3pez, contin\u00faa caminando la 5ta Secci\u00f3n electoral, para dialogar con los vecinos de cada una de las ciudades, para escucharlos y contarles que \u201ctenemos un proyecto esperanzador junto a Facundo Manes, transformar la Argentina con la revoluci\u00f3n del conocimiento, con educaci\u00f3n de calidad, con\u2026","rel":"","context":"En \u00abINTERES GENERAL\u00bb","block_context":{"text":"INTERES GENERAL","link":"https:\/\/larevistadigital.com.ar\/blog\/category\/interes-general\/"},"img":{"alt_text":"","src":"https:\/\/i0.wp.com\/larevistadigital.com.ar\/blog\/wp-content\/uploads\/WhatsApp-Image-2021-09-02-at-19.59.52.jpeg?fit=717%2C958&ssl=1&resize=350%2C200","width":350,"height":200,"srcset":"https:\/\/i0.wp.com\/larevistadigital.com.ar\/blog\/wp-content\/uploads\/WhatsApp-Image-2021-09-02-at-19.59.52.jpeg?fit=717%2C958&ssl=1&resize=350%2C200 1x, https:\/\/i0.wp.com\/larevistadigital.com.ar\/blog\/wp-content\/uploads\/WhatsApp-Image-2021-09-02-at-19.59.52.jpeg?fit=717%2C958&ssl=1&resize=525%2C300 1.5x, https:\/\/i0.wp.com\/larevistadigital.com.ar\/blog\/wp-content\/uploads\/WhatsApp-Image-2021-09-02-at-19.59.52.jpeg?fit=717%2C958&ssl=1&resize=700%2C400 2x"},"classes":[]},{"id":21259,"url":"https:\/\/larevistadigital.com.ar\/blog\/el-chascomunense-gustavo-lopez-con-altas-posibilidades-de-obtener-una-senaduria-en-la-proxima-eleccion\/","url_meta":{"origin":21823,"position":1},"title":"EL CHASCOMUNENSE GUSTAVO L\u00d3PEZ, CON ALTAS POSIBILIDADES DE OBTENER UNA SENADUR\u00cdA EN LA PR\u00d3XIMA ELECCI\u00d3N","author":"Alejandro Sosa Ruda","date":"24 julio, 2021","format":false,"excerpt":"Por el lugar que ocupa, contar\u00e1 con muchas posibilidades de ingresar a la c\u00e1mara, logrando un nuevo legislador para la ciudad de Chascom\u00fas. JUNTOS, defini\u00f3 candidatos en la quinta Secci\u00f3n electoral El d\u00eda s\u00e1bado 24 de julio se produjo el cierre de listas tanto a nivel local, como provincial, es\u2026","rel":"","context":"En \u00abDESTACADAS\u00bb","block_context":{"text":"DESTACADAS","link":"https:\/\/larevistadigital.com.ar\/blog\/category\/destacadas\/"},"img":{"alt_text":"","src":"https:\/\/i0.wp.com\/larevistadigital.com.ar\/blog\/wp-content\/uploads\/WhatsApp-Image-2021-07-24-at-19.26.25.jpeg?fit=900%2C1200&ssl=1&resize=350%2C200","width":350,"height":200,"srcset":"https:\/\/i0.wp.com\/larevistadigital.com.ar\/blog\/wp-content\/uploads\/WhatsApp-Image-2021-07-24-at-19.26.25.jpeg?fit=900%2C1200&ssl=1&resize=350%2C200 1x, https:\/\/i0.wp.com\/larevistadigital.com.ar\/blog\/wp-content\/uploads\/WhatsApp-Image-2021-07-24-at-19.26.25.jpeg?fit=900%2C1200&ssl=1&resize=525%2C300 1.5x, https:\/\/i0.wp.com\/larevistadigital.com.ar\/blog\/wp-content\/uploads\/WhatsApp-Image-2021-07-24-at-19.26.25.jpeg?fit=900%2C1200&ssl=1&resize=700%2C400 2x"},"classes":[]},{"id":21893,"url":"https:\/\/larevistadigital.com.ar\/blog\/impresionante-recorrida-de-campana-del-candidato-a-senador-gustavo-lopez\/","url_meta":{"origin":21823,"position":2},"title":"IMPRESIONANTE RECORRIDA DE CAMPA\u00d1A DEL CANDIDATO A SENADOR GUSTAVO L\u00d3PEZ","author":"Alejandro Sosa Ruda","date":"7 septiembre, 2021","format":false,"excerpt":"Gustavo L\u00f3pez : \u201cSomos parte de este proyecto colectivo que nos esperanza a todos. Somos la opci\u00f3n para terminar con la Argentina de la decadencia y la corrupci\u00f3n\u201d. Ya en la \u00faltima semana de campa\u00f1a y cuando se vislumbran claramente las elecciones PASO, que se realizar\u00e1n este domingo 12 de\u2026","rel":"","context":"En \u00abINTERES GENERAL\u00bb","block_context":{"text":"INTERES GENERAL","link":"https:\/\/larevistadigital.com.ar\/blog\/category\/interes-general\/"},"img":{"alt_text":"","src":"https:\/\/i0.wp.com\/larevistadigital.com.ar\/blog\/wp-content\/uploads\/WhatsApp-Image-2021-09-06-at-21.10.01.jpeg?fit=1200%2C900&ssl=1&resize=350%2C200","width":350,"height":200,"srcset":"https:\/\/i0.wp.com\/larevistadigital.com.ar\/blog\/wp-content\/uploads\/WhatsApp-Image-2021-09-06-at-21.10.01.jpeg?fit=1200%2C900&ssl=1&resize=350%2C200 1x, https:\/\/i0.wp.com\/larevistadigital.com.ar\/blog\/wp-content\/uploads\/WhatsApp-Image-2021-09-06-at-21.10.01.jpeg?fit=1200%2C900&ssl=1&resize=525%2C300 1.5x, https:\/\/i0.wp.com\/larevistadigital.com.ar\/blog\/wp-content\/uploads\/WhatsApp-Image-2021-09-06-at-21.10.01.jpeg?fit=1200%2C900&ssl=1&resize=700%2C400 2x, https:\/\/i0.wp.com\/larevistadigital.com.ar\/blog\/wp-content\/uploads\/WhatsApp-Image-2021-09-06-at-21.10.01.jpeg?fit=1200%2C900&ssl=1&resize=1050%2C600 3x"},"classes":[]},{"id":12930,"url":"https:\/\/larevistadigital.com.ar\/blog\/castelli-echarren-fue-el-intendente-mas-votado-de-la-seccion\/","url_meta":{"origin":21823,"position":3},"title":"CASTELLI: ECHARREN FUE EL INTENDENTE M\u00c1S VOTADO DE LA SECCI\u00d3N","author":"Alejandro Sosa Ruda","date":"29 octubre, 2019","format":false,"excerpt":"El jefe comunal de Castelli fue el intendente m\u00e1s votado la Quinta Secci\u00f3n Electoral obteniendo 65 puntos. Detr\u00e1s de \u00e9l se ubicaron Javier Gast\u00f3n de Chascomus y Gustavo Walker de Pila ambos con 63 puntos. Los datos son tomados del escrutinio publicado este 28 de octubre, un dia despu\u00e9s de\u2026","rel":"","context":"En \u00abINTERES GENERAL\u00bb","block_context":{"text":"INTERES GENERAL","link":"https:\/\/larevistadigital.com.ar\/blog\/category\/interes-general\/"},"img":{"alt_text":"","src":"https:\/\/i0.wp.com\/larevistadigital.com.ar\/blog\/wp-content\/uploads\/2017\/11\/echarren.jpg?fit=512%2C512&ssl=1&resize=350%2C200","width":350,"height":200},"classes":[]},{"id":32704,"url":"https:\/\/larevistadigital.com.ar\/blog\/gente-de-patricia-bullrich-martin-yeza-visito-la-ciudad-de-chascomus-y-se-encontro-con-gustavo-lopez\/","url_meta":{"origin":21823,"position":4},"title":"\u00abGENTE DE PATRICIA BULLRICH\u00bb MARTIN YEZA VISIT\u00d3 LA CIUDAD DE CHASCOM\u00daS Y SE ENCONTR\u00d3 CON GUSTAVO L\u00d3PEZ","author":"Alejandro Sosa Ruda","date":"1 agosto, 2023","format":false,"excerpt":"La visita fue en apoyo al precandidato a intendente Gustavo L\u00f3pez, ya que ambos acompa\u00f1an la candidatura de Patricia Bullrich. 1\u00b0 de agosto de 2023 CHASCOM\u00daS -\u00a0 Estuvo visitando nuestra ciudad el precandidato a Diputado Nacional y actual intendente de Pinamar Mart\u00edn Yeza, quien fuera recibido por el precandidato a\u2026","rel":"","context":"En \u00abPOLITICA\u00bb","block_context":{"text":"POLITICA","link":"https:\/\/larevistadigital.com.ar\/blog\/category\/politica\/"},"img":{"alt_text":"","src":"https:\/\/i0.wp.com\/larevistadigital.com.ar\/blog\/wp-content\/uploads\/Captura-de-pantalla-2023-08-01-193834.jpg?fit=800%2C525&ssl=1&resize=350%2C200","width":350,"height":200,"srcset":"https:\/\/i0.wp.com\/larevistadigital.com.ar\/blog\/wp-content\/uploads\/Captura-de-pantalla-2023-08-01-193834.jpg?fit=800%2C525&ssl=1&resize=350%2C200 1x, https:\/\/i0.wp.com\/larevistadigital.com.ar\/blog\/wp-content\/uploads\/Captura-de-pantalla-2023-08-01-193834.jpg?fit=800%2C525&ssl=1&resize=525%2C300 1.5x, https:\/\/i0.wp.com\/larevistadigital.com.ar\/blog\/wp-content\/uploads\/Captura-de-pantalla-2023-08-01-193834.jpg?fit=800%2C525&ssl=1&resize=700%2C400 2x"},"classes":[]},{"id":1442,"url":"https:\/\/larevistadigital.com.ar\/blog\/no-estaba-todo-inventadocambiemos-creo-la-figura-de-los-facilitadores-para-ganar-en-2017\/","url_meta":{"origin":21823,"position":5},"title":"NO ESTABA TODO INVENTADO\u2026CAMBIEMOS CRE\u00d3 LA FIGURA DE LOS \u201cFACILITADORES\u201d PARA GANAR EN 2017","author":"Alejandro Sosa Ruda","date":"20 marzo, 2017","format":false,"excerpt":"Parece que est\u00e1n totalmente dispuestos a dar pelea, pese al gran desgaste que han sufrido en el primer a\u00f1o y medio de gobierno, adem\u00e1s de las internas en el PRO, en la UCR, y entre las dos fuerzas que componen la coalici\u00f3n. La idea, seg\u00fan dicen, es ganar \u201csecci\u00f3n por\u2026","rel":"","context":"En \u00abDESTACADAS\u00bb","block_context":{"text":"DESTACADAS","link":"https:\/\/larevistadigital.com.ar\/blog\/category\/destacadas\/"},"img":{"alt_text":"","src":"https:\/\/i0.wp.com\/larevistadigital.com.ar\/blog\/wp-content\/uploads\/2017\/03\/multimedia.grande.94f0b2b7b2af81e9.766964616c20666f7272615f6772616e64652e6a7067.jpg?fit=960%2C669&ssl=1&resize=350%2C200","width":350,"height":200,"srcset":"https:\/\/i0.wp.com\/larevistadigital.com.ar\/blog\/wp-content\/uploads\/2017\/03\/multimedia.grande.94f0b2b7b2af81e9.766964616c20666f7272615f6772616e64652e6a7067.jpg?fit=960%2C669&ssl=1&resize=350%2C200 1x, https:\/\/i0.wp.com\/larevistadigital.com.ar\/blog\/wp-content\/uploads\/2017\/03\/multimedia.grande.94f0b2b7b2af81e9.766964616c20666f7272615f6772616e64652e6a7067.jpg?fit=960%2C669&ssl=1&resize=525%2C300 1.5x, https:\/\/i0.wp.com\/larevistadigital.com.ar\/blog\/wp-content\/uploads\/2017\/03\/multimedia.grande.94f0b2b7b2af81e9.766964616c20666f7272615f6772616e64652e6a7067.jpg?fit=960%2C669&ssl=1&resize=700%2C400 2x"},"classes":[]}],"_links":{"self":[{"href":"https:\/\/larevistadigital.com.ar\/blog\/wp-json\/wp\/v2\/posts\/21823","targetHints":{"allow":["GET"]}}],"collection":[{"href":"https:\/\/larevistadigital.com.ar\/blog\/wp-json\/wp\/v2\/posts"}],"about":[{"href":"https:\/\/larevistadigital.com.ar\/blog\/wp-json\/wp\/v2\/types\/post"}],"author":[{"embeddable":true,"href":"https:\/\/larevistadigital.com.ar\/blog\/wp-json\/wp\/v2\/users\/3"}],"replies":[{"embeddable":true,"href":"https:\/\/larevistadigital.com.ar\/blog\/wp-json\/wp\/v2\/comments?post=21823"}],"version-history":[{"count":1,"href":"https:\/\/larevistadigital.com.ar\/blog\/wp-json\/wp\/v2\/posts\/21823\/revisions"}],"predecessor-version":[{"id":21826,"href":"https:\/\/larevistadigital.com.ar\/blog\/wp-json\/wp\/v2\/posts\/21823\/revisions\/21826"}],"wp:featuredmedia":[{"embeddable":true,"href":"https:\/\/larevistadigital.com.ar\/blog\/wp-json\/wp\/v2\/media\/21824"}],"wp:attachment":[{"href":"https:\/\/larevistadigital.com.ar\/blog\/wp-json\/wp\/v2\/media?parent=21823"}],"wp:term":[{"taxonomy":"category","embeddable":true,"href":"https:\/\/larevistadigital.com.ar\/blog\/wp-json\/wp\/v2\/categories?post=21823"},{"taxonomy":"post_tag","embeddable":true,"href":"https:\/\/larevistadigital.com.ar\/blog\/wp-json\/wp\/v2\/tags?post=21823"}],"curies":[{"name":"wp","href":"https:\/\/api.w.org\/{rel}","templated":true}]}}