{"id":21867,"date":"2021-09-04T18:57:35","date_gmt":"2021-09-04T18:57:35","guid":{"rendered":"https:\/\/larevistadigital.com.ar\/blog\/?p=21867"},"modified":"2021-09-04T18:57:35","modified_gmt":"2021-09-04T18:57:35","slug":"descubrio-en-facebook-el-longboard-que-le-robaron-arreglo-un-encuentro-y-la-policia-detuvo-a-los-ladrones","status":"publish","type":"post","link":"https:\/\/larevistadigital.com.ar\/blog\/descubrio-en-facebook-el-longboard-que-le-robaron-arreglo-un-encuentro-y-la-policia-detuvo-a-los-ladrones\/","title":{"rendered":"DESCUBRI\u00d3 EN FACEBOOK EL LONGBOARD QUE LE ROBARON, ARREGL\u00d3 UN ENCUENTRO Y LA POLIC\u00cdA DETUVO A LOS LADRONES"},"content":{"rendered":"<h2 class=\"intro\">Lo hab\u00edan robado hace cinco d\u00edas. Una pareja fue aprehendida y notificada de una causa por encubrimiento con fines de lucro.<\/h2>\n<p><strong>MAR DEL PLATA &#8211;<\/strong> Una entrega coordinada con previo aviso a la polic\u00eda permiti\u00f3 aprehender el viernes a la tarde a una pareja que ofreci\u00f3 a la venta un longboard sustra\u00eddo hace menos de una semana del interior de una vivienda. Un hombre de 26 a\u00f1os y una mujer de 35 fueron notificados de la formaci\u00f3n de una causa por<strong>\u00a0encubrimiento con fines de lucro.<\/strong><\/p>\n<blockquote>\n<h3>Todo comenz\u00f3 el 29 de agosto pasado cuando un hombre d 46 a\u00f1os lleg\u00f3 a su casa en inmediaciones de<strong>\u00a0Lamadrid y Alberti<\/strong> y not\u00f3 que le hab\u00eda roto el port\u00f3n de ingreso y sustra\u00eddo un longboard de su interior. A partir de la denuncia que hizo en la comisar\u00eda segunda se realizaron distintas tareas investigativas que posibilitaron hallarlo a la venta a trav\u00e9s de Facebook.<\/h3>\n<\/blockquote>\n<p>Luego de coordinar un encuentro para su compra en la esquina de\u00a0<strong>Espa\u00f1a y San Lorenzo,<\/strong>\u00a0los oficiales aprehendieron a la pareja y restituyeron el longboard\u00a0 su due\u00f1o.<\/p>\n<p>El fiscal\u00a0<strong>Alejandro Pelegrinelli,\u00a0<\/strong>de turno al momento del robo, dispuso la notificaci\u00f3n de la causa a la pareja y la realizaci\u00f3n de actuaciones de rigor.<\/p>\n<p>fuente 0223.com.ar<\/p>\n","protected":false},"excerpt":{"rendered":"<div class=\"mh-excerpt\"><p>Lo hab\u00edan robado hace cinco d\u00edas. Una pareja fue aprehendida y notificada de una causa por encubrimiento con fines de lucro. MAR DEL PLATA &#8211; Una entrega coordinada con previo aviso a la polic\u00eda permiti\u00f3 <a class=\"mh-excerpt-more\" href=\"https:\/\/larevistadigital.com.ar\/blog\/descubrio-en-facebook-el-longboard-que-le-robaron-arreglo-un-encuentro-y-la-policia-detuvo-a-los-ladrones\/\" title=\"DESCUBRI\u00d3 EN FACEBOOK EL LONGBOARD QUE LE ROBARON, ARREGL\u00d3 UN ENCUENTRO Y LA POLIC\u00cdA DETUVO A LOS LADRONES\">[Leer M\u00e1s]<\/a><\/p>\n<\/div>","protected":false},"author":3,"featured_media":21868,"comment_status":"open","ping_status":"open","sticky":false,"template":"","format":"standard","meta":{"_jetpack_memberships_contains_paid_content":false,"footnotes":"","jetpack_publicize_message":"","jetpack_publicize_feature_enabled":true,"jetpack_social_post_already_shared":true,"jetpack_social_options":{"image_generator_settings":{"template":"highway","default_image_id":0,"font":"","enabled":false},"version":2}},"categories":[44,51],"tags":[],"class_list":{"0":"post-21867","1":"post","2":"type-post","3":"status-publish","4":"format-standard","5":"has-post-thumbnail","7":"category-policiales","8":"category-regionales"},"jetpack_publicize_connections":[],"jetpack_featured_media_url":"https:\/\/i0.wp.com\/larevistadigital.com.ar\/blog\/wp-content\/uploads\/Captura-de-pantalla-2021-09-04-154915.png?fit=1002%2C603&ssl=1","jetpack_sharing_enabled":true,"jetpack_shortlink":"https:\/\/wp.me\/p8qtrQ-5GH","jetpack-related-posts":[{"id":30921,"url":"https:\/\/larevistadigital.com.ar\/blog\/insolito-golpeo-y-amenazo-a-su-pareja-y-ella-lo-denuncio-por-tener-motos-robadas-en-su-casa\/","url_meta":{"origin":21867,"position":0},"title":"INS\u00d3LITO: GOLPE\u00d3 Y AMENAZ\u00d3 A SU PAREJA, Y ELLA LO DENUNCI\u00d3 POR TENER MOTOS ROBADAS EN SU CASA","author":"Alejandro Sosa Ruda","date":"6 abril, 2023","format":false,"excerpt":"El hombre tiene 34 a\u00f1os y qued\u00f3 detenido en la Unidad Penal 44 de Bat\u00e1n. La polic\u00eda secuestr\u00f3 en el lugar marihuana, coca\u00edna y dos motos que ten\u00edan pedido de secuestro. 6 de abril de 2023 MAR DEL PLATA -\u00a0 En un domicilio del barrio Las Dalias, una mujer de\u2026","rel":"","context":"En \u00abPOLICIALES\u00bb","block_context":{"text":"POLICIALES","link":"https:\/\/larevistadigital.com.ar\/blog\/category\/policiales\/"},"img":{"alt_text":"","src":"https:\/\/i0.wp.com\/larevistadigital.com.ar\/blog\/wp-content\/uploads\/policia-24-9-2021-4.jpg?fit=1199%2C1200&ssl=1&resize=350%2C200","width":350,"height":200,"srcset":"https:\/\/i0.wp.com\/larevistadigital.com.ar\/blog\/wp-content\/uploads\/policia-24-9-2021-4.jpg?fit=1199%2C1200&ssl=1&resize=350%2C200 1x, https:\/\/i0.wp.com\/larevistadigital.com.ar\/blog\/wp-content\/uploads\/policia-24-9-2021-4.jpg?fit=1199%2C1200&ssl=1&resize=525%2C300 1.5x, https:\/\/i0.wp.com\/larevistadigital.com.ar\/blog\/wp-content\/uploads\/policia-24-9-2021-4.jpg?fit=1199%2C1200&ssl=1&resize=700%2C400 2x, https:\/\/i0.wp.com\/larevistadigital.com.ar\/blog\/wp-content\/uploads\/policia-24-9-2021-4.jpg?fit=1199%2C1200&ssl=1&resize=1050%2C600 3x"},"classes":[]},{"id":44939,"url":"https:\/\/larevistadigital.com.ar\/blog\/persecucion-policial-choque-brutal-y-un-motochorro-perdio-un-pie\/","url_meta":{"origin":21867,"position":1},"title":"Persecuci\u00f3n policial, choque brutal y un motochorro perdi\u00f3 un pie","author":"Alejandro Sosa Ruda","date":"5 abril, 2026","format":false,"excerpt":"El violento episodio termin\u00f3 con un hombre gravemente herido, una joven hospitalizada y una investigaci\u00f3n que incluye portaci\u00f3n ilegal de arma y encubrimiento. 5 de abril de 2026 MAR DEL PLATA -\u00a0 \u00a0Un impactante hecho policial sacudi\u00f3 la ciudad cuando un hombre de 39 a\u00f1os perdi\u00f3 su pie derecho tras\u2026","rel":"","context":"En \u00abPOLICIALES\u00bb","block_context":{"text":"POLICIALES","link":"https:\/\/larevistadigital.com.ar\/blog\/category\/policiales\/"},"img":{"alt_text":"","src":"https:\/\/i0.wp.com\/larevistadigital.com.ar\/blog\/wp-content\/uploads\/Captura-de-pantalla-2026-04-05-231945.jpg?fit=794%2C315&ssl=1&resize=350%2C200","width":350,"height":200,"srcset":"https:\/\/i0.wp.com\/larevistadigital.com.ar\/blog\/wp-content\/uploads\/Captura-de-pantalla-2026-04-05-231945.jpg?fit=794%2C315&ssl=1&resize=350%2C200 1x, https:\/\/i0.wp.com\/larevistadigital.com.ar\/blog\/wp-content\/uploads\/Captura-de-pantalla-2026-04-05-231945.jpg?fit=794%2C315&ssl=1&resize=525%2C300 1.5x, https:\/\/i0.wp.com\/larevistadigital.com.ar\/blog\/wp-content\/uploads\/Captura-de-pantalla-2026-04-05-231945.jpg?fit=794%2C315&ssl=1&resize=700%2C400 2x"},"classes":[]},{"id":39378,"url":"https:\/\/larevistadigital.com.ar\/blog\/allanamiento-en-chascomus-por-robo-recuperan-celular-sustraido\/","url_meta":{"origin":21867,"position":2},"title":"Allanamiento en Chascom\u00fas por robo: recuperan celular sustra\u00eddo","author":"Alejandro Sosa Ruda","date":"15 abril, 2025","format":false,"excerpt":"La polic\u00eda irrumpi\u00f3 en una vivienda de la calle Caseros y secuestr\u00f3 un tel\u00e9fono robado. El sospechoso fue identificado y notificado de la causa en su contra. 15 de Abril de 2025 CHASCOM\u00daS\u00a0 -\u00a0 En las \u00faltimas horas, personal del Grupo T\u00e1ctico Operativo (GTO) de la Estaci\u00f3n de Polic\u00eda Comunal\u2026","rel":"","context":"En \u00abCHASCOM\u00daS\u00bb","block_context":{"text":"CHASCOM\u00daS","link":"https:\/\/larevistadigital.com.ar\/blog\/category\/chascomus\/"},"img":{"alt_text":"","src":"https:\/\/i0.wp.com\/larevistadigital.com.ar\/blog\/wp-content\/uploads\/2017\/10\/movil-policial-camioneta_02-10-2015.jpg?fit=800%2C476&ssl=1&resize=350%2C200","width":350,"height":200,"srcset":"https:\/\/i0.wp.com\/larevistadigital.com.ar\/blog\/wp-content\/uploads\/2017\/10\/movil-policial-camioneta_02-10-2015.jpg?fit=800%2C476&ssl=1&resize=350%2C200 1x, https:\/\/i0.wp.com\/larevistadigital.com.ar\/blog\/wp-content\/uploads\/2017\/10\/movil-policial-camioneta_02-10-2015.jpg?fit=800%2C476&ssl=1&resize=525%2C300 1.5x, https:\/\/i0.wp.com\/larevistadigital.com.ar\/blog\/wp-content\/uploads\/2017\/10\/movil-policial-camioneta_02-10-2015.jpg?fit=800%2C476&ssl=1&resize=700%2C400 2x"},"classes":[]},{"id":15103,"url":"https:\/\/larevistadigital.com.ar\/blog\/acusan-a-pareja-de-intentar-secuestrar-a-una-adolescente-y-robar-un-celular\/","url_meta":{"origin":21867,"position":3},"title":"ACUSAN A PAREJA DE INTENTAR SECUESTRAR A UNA ADOLESCENTE Y ROBAR UN CELULAR","author":"Alejandro Sosa Ruda","date":"1 mayo, 2020","format":false,"excerpt":"Los dos hechos son investigados por el fiscal Juan Pablo L\u00f3dola y ocurrieron el jueves por la tarde. Fueron identificados y quedaron imputados por ambos hechos. MAR DEL PLATA - Un llamado al 911 que alert\u00f3 sobre un intento de secuestro de una adolescente en el barrio Belisario Rold\u00e1n gener\u00f3\u2026","rel":"","context":"En \u00abPOLICIALES\u00bb","block_context":{"text":"POLICIALES","link":"https:\/\/larevistadigital.com.ar\/blog\/category\/policiales\/"},"img":{"alt_text":"","src":"https:\/\/i0.wp.com\/larevistadigital.com.ar\/blog\/wp-content\/uploads\/1588296145456.jpeg?fit=581%2C327&ssl=1&resize=350%2C200","width":350,"height":200,"srcset":"https:\/\/i0.wp.com\/larevistadigital.com.ar\/blog\/wp-content\/uploads\/1588296145456.jpeg?fit=581%2C327&ssl=1&resize=350%2C200 1x, https:\/\/i0.wp.com\/larevistadigital.com.ar\/blog\/wp-content\/uploads\/1588296145456.jpeg?fit=581%2C327&ssl=1&resize=525%2C300 1.5x"},"classes":[]},{"id":28684,"url":"https:\/\/larevistadigital.com.ar\/blog\/tigre-salio-de-la-carcel-hace-tres-meses\/","url_meta":{"origin":21867,"position":4},"title":"TIGRE: SALI\u00d3 DE LA CARCEL HACE TRES MESES Y APU\u00d1AL\u00d3 A SU PAREJA","author":"Alejandro Sosa Ruda","date":"31 octubre, 2022","format":false,"excerpt":"El jueves por la tarde, un hombre identificado como Emilio Juan Garc\u00eda (33) hiri\u00f3 con una cuchilla a su expareja de 31 a\u00f1os y la amenaz\u00f3 de muerte. Hab\u00eda salido de prisi\u00f3n hace 90 d\u00edas por una causa de violencia de g\u00e9nero. 30 de octubre de 2022 TIGRE -\u00a0\u00a0Efectivos del\u2026","rel":"","context":"En \u00abPOLICIALES\u00bb","block_context":{"text":"POLICIALES","link":"https:\/\/larevistadigital.com.ar\/blog\/category\/policiales\/"},"img":{"alt_text":"POLIC\u00cdA","src":"https:\/\/i0.wp.com\/larevistadigital.com.ar\/blog\/wp-content\/uploads\/POLICIA-3.jpg?fit=880%2C512&ssl=1&resize=350%2C200","width":350,"height":200,"srcset":"https:\/\/i0.wp.com\/larevistadigital.com.ar\/blog\/wp-content\/uploads\/POLICIA-3.jpg?fit=880%2C512&ssl=1&resize=350%2C200 1x, https:\/\/i0.wp.com\/larevistadigital.com.ar\/blog\/wp-content\/uploads\/POLICIA-3.jpg?fit=880%2C512&ssl=1&resize=525%2C300 1.5x, https:\/\/i0.wp.com\/larevistadigital.com.ar\/blog\/wp-content\/uploads\/POLICIA-3.jpg?fit=880%2C512&ssl=1&resize=700%2C400 2x"},"classes":[]},{"id":44299,"url":"https:\/\/larevistadigital.com.ar\/blog\/cito-al-ladron-para-pagarle-una-recompensa-por-su-celular-y-le-tendio-una-trampa\/","url_meta":{"origin":21867,"position":5},"title":"Cit\u00f3 al ladr\u00f3n para pagarle una \u201crecompensa\u201d por su celular y le tendi\u00f3 una trampa","author":"Alejandro Sosa Ruda","date":"4 marzo, 2026","format":false,"excerpt":"El hecho ocurri\u00f3 en la zona de Belgrano y La Rioja. La v\u00edctima acord\u00f3 entregar $400.000 para recuperar el tel\u00e9fono, pero dio aviso a la Polic\u00eda y el sospechoso fue aprehendido en el lugar. Una maniobra acordada para recuperar un celular robado termin\u00f3 con el presunto autor detenido. La v\u00edctima,\u2026","rel":"","context":"En \u00abPOLICIALES\u00bb","block_context":{"text":"POLICIALES","link":"https:\/\/larevistadigital.com.ar\/blog\/category\/policiales\/"},"img":{"alt_text":"","src":"https:\/\/i0.wp.com\/larevistadigital.com.ar\/blog\/wp-content\/uploads\/Captura-de-pantalla-2026-03-04-134240.jpg?fit=798%2C430&ssl=1&resize=350%2C200","width":350,"height":200,"srcset":"https:\/\/i0.wp.com\/larevistadigital.com.ar\/blog\/wp-content\/uploads\/Captura-de-pantalla-2026-03-04-134240.jpg?fit=798%2C430&ssl=1&resize=350%2C200 1x, https:\/\/i0.wp.com\/larevistadigital.com.ar\/blog\/wp-content\/uploads\/Captura-de-pantalla-2026-03-04-134240.jpg?fit=798%2C430&ssl=1&resize=525%2C300 1.5x, https:\/\/i0.wp.com\/larevistadigital.com.ar\/blog\/wp-content\/uploads\/Captura-de-pantalla-2026-03-04-134240.jpg?fit=798%2C430&ssl=1&resize=700%2C400 2x"},"classes":[]}],"_links":{"self":[{"href":"https:\/\/larevistadigital.com.ar\/blog\/wp-json\/wp\/v2\/posts\/21867","targetHints":{"allow":["GET"]}}],"collection":[{"href":"https:\/\/larevistadigital.com.ar\/blog\/wp-json\/wp\/v2\/posts"}],"about":[{"href":"https:\/\/larevistadigital.com.ar\/blog\/wp-json\/wp\/v2\/types\/post"}],"author":[{"embeddable":true,"href":"https:\/\/larevistadigital.com.ar\/blog\/wp-json\/wp\/v2\/users\/3"}],"replies":[{"embeddable":true,"href":"https:\/\/larevistadigital.com.ar\/blog\/wp-json\/wp\/v2\/comments?post=21867"}],"version-history":[{"count":1,"href":"https:\/\/larevistadigital.com.ar\/blog\/wp-json\/wp\/v2\/posts\/21867\/revisions"}],"predecessor-version":[{"id":21869,"href":"https:\/\/larevistadigital.com.ar\/blog\/wp-json\/wp\/v2\/posts\/21867\/revisions\/21869"}],"wp:featuredmedia":[{"embeddable":true,"href":"https:\/\/larevistadigital.com.ar\/blog\/wp-json\/wp\/v2\/media\/21868"}],"wp:attachment":[{"href":"https:\/\/larevistadigital.com.ar\/blog\/wp-json\/wp\/v2\/media?parent=21867"}],"wp:term":[{"taxonomy":"category","embeddable":true,"href":"https:\/\/larevistadigital.com.ar\/blog\/wp-json\/wp\/v2\/categories?post=21867"},{"taxonomy":"post_tag","embeddable":true,"href":"https:\/\/larevistadigital.com.ar\/blog\/wp-json\/wp\/v2\/tags?post=21867"}],"curies":[{"name":"wp","href":"https:\/\/api.w.org\/{rel}","templated":true}]}}