{"id":21957,"date":"2021-09-13T03:28:57","date_gmt":"2021-09-13T03:28:57","guid":{"rendered":"https:\/\/larevistadigital.com.ar\/blog\/?p=21957"},"modified":"2021-09-13T03:28:57","modified_gmt":"2021-09-13T03:28:57","slug":"pila-triunfo-del-frente-de-todos","status":"publish","type":"post","link":"https:\/\/larevistadigital.com.ar\/blog\/pila-triunfo-del-frente-de-todos\/","title":{"rendered":"PILA: TRIUNFO DEL FRENTE DE TODOS"},"content":{"rendered":"<p><strong>PILA &#8211;<\/strong> Luego del escrutinio el Frente de Todos, se coron\u00f3 con la victoria en estas PASO. A continuaci\u00f3n los guarismos.<\/p>\n<ol>\n<li>FRENTE DE TODOS&#8230;&#8230;&#8230;&#8230;&#8230;&#8230;&#8230;&#8230;&#8230;&#8230;&#8230;&#8230;&#8230;&#8230;&#8230;&#8230;&#8230;&#8230;53,77% (1262 votos)<\/li>\n<li>JUNTOS POR EL CAMBIO&#8230;&#8230;&#8230;&#8230;&#8230;&#8230;&#8230;&#8230;&#8230;&#8230;&#8230;&#8230;&#8230;.. 28,76% (675 votos)<\/li>\n<li>ALTERNATIVA LEG\u00cdTIMA&#8230;&#8230;&#8230;&#8230;&#8230;&#8230;&#8230;&#8230;&#8230;&#8230;&#8230;&#8230;&#8230;&#8230;. 17,47% (410 votos)<\/li>\n<\/ol>\n","protected":false},"excerpt":{"rendered":"<div class=\"mh-excerpt\"><p>PILA &#8211; Luego del escrutinio el Frente de Todos, se coron\u00f3 con la victoria en estas PASO. A continuaci\u00f3n los guarismos. FRENTE DE TODOS&#8230;&#8230;&#8230;&#8230;&#8230;&#8230;&#8230;&#8230;&#8230;&#8230;&#8230;&#8230;&#8230;&#8230;&#8230;&#8230;&#8230;&#8230;53,77% (1262 votos) JUNTOS POR EL CAMBIO&#8230;&#8230;&#8230;&#8230;&#8230;&#8230;&#8230;&#8230;&#8230;&#8230;&#8230;&#8230;&#8230;.. 28,76% (675 votos) ALTERNATIVA LEG\u00cdTIMA&#8230;&#8230;&#8230;&#8230;&#8230;&#8230;&#8230;&#8230;&#8230;&#8230;&#8230;&#8230;&#8230;&#8230;. <a class=\"mh-excerpt-more\" href=\"https:\/\/larevistadigital.com.ar\/blog\/pila-triunfo-del-frente-de-todos\/\" title=\"PILA: TRIUNFO DEL FRENTE DE TODOS\">[Leer M\u00e1s]<\/a><\/p>\n<\/div>","protected":false},"author":3,"featured_media":21958,"comment_status":"open","ping_status":"open","sticky":false,"template":"","format":"standard","meta":{"_jetpack_memberships_contains_paid_content":false,"footnotes":"","jetpack_publicize_message":"","jetpack_publicize_feature_enabled":true,"jetpack_social_post_already_shared":true,"jetpack_social_options":{"image_generator_settings":{"template":"highway","default_image_id":0,"font":"","enabled":false},"version":2}},"categories":[42,51],"tags":[],"class_list":{"0":"post-21957","1":"post","2":"type-post","3":"status-publish","4":"format-standard","5":"has-post-thumbnail","7":"category-pila","8":"category-regionales"},"jetpack_publicize_connections":[],"jetpack_featured_media_url":"https:\/\/i0.wp.com\/larevistadigital.com.ar\/blog\/wp-content\/uploads\/PILA.jpg?fit=1004%2C565&ssl=1","jetpack_sharing_enabled":true,"jetpack_shortlink":"https:\/\/wp.me\/p8qtrQ-5I9","jetpack-related-posts":[{"id":11825,"url":"https:\/\/larevistadigital.com.ar\/blog\/pila-walker-se-alzo-con-el-triunfo-en-las-paso\/","url_meta":{"origin":21957,"position":0},"title":"PILA: WALKER SE ALZ\u00d3 CON EL TRIUNFO EN LAS PASO","author":"Alejandro Sosa Ruda","date":"12 agosto, 2019","format":false,"excerpt":"En Pila, de acuerdo a lo informado por el diario El Fuerte, el actual Intendente Gustavo Walker del Frente para Todos triunf\u00f3 con 1613 votos, seguido por Claudio Etchemendy de Juntos por el Cambio con 889 y Jurado de Consenso Federal con 30. En el orden Nacional la f\u00f3rmula Fern\u00e1ndez\u2026","rel":"","context":"En \u00abPILA\u00bb","block_context":{"text":"PILA","link":"https:\/\/larevistadigital.com.ar\/blog\/category\/pila\/"},"img":{"alt_text":"","src":"https:\/\/i0.wp.com\/larevistadigital.com.ar\/blog\/wp-content\/uploads\/walker.jpg?fit=737%2C415&ssl=1&resize=350%2C200","width":350,"height":200,"srcset":"https:\/\/i0.wp.com\/larevistadigital.com.ar\/blog\/wp-content\/uploads\/walker.jpg?fit=737%2C415&ssl=1&resize=350%2C200 1x, https:\/\/i0.wp.com\/larevistadigital.com.ar\/blog\/wp-content\/uploads\/walker.jpg?fit=737%2C415&ssl=1&resize=525%2C300 1.5x, https:\/\/i0.wp.com\/larevistadigital.com.ar\/blog\/wp-content\/uploads\/walker.jpg?fit=737%2C415&ssl=1&resize=700%2C400 2x"},"classes":[]},{"id":3590,"url":"https:\/\/larevistadigital.com.ar\/blog\/pila-triunfo-unidad-ciudadana\/","url_meta":{"origin":21957,"position":1},"title":"PILA: TRIUNFO DE UNIDAD CIUDADANA","author":"Alejandro Sosa Ruda","date":"23 octubre, 2017","format":false,"excerpt":"Escrutadas las doce mesas de la ciudad, Unidad Ciudadana se impuso en el comicio, seguido de Cambiemos y quedando 1Pa\u00eds en el tercer lugar. Estos fueron los resultados: 1\u00b0 UNIDAD CIUDADANA..................................................................................1.195 VOTOS (47,33%) 2\u00b0 CAMBIEMOS BUENOS AIRES....................................................................1.118 VOTOS (44,28%) 3\u00b0 1 PA\u00cdS.................................................................................................................\u00a0 \u00a0212 VOTOS (8,40%)","rel":"","context":"En \u00abPILA\u00bb","block_context":{"text":"PILA","link":"https:\/\/larevistadigital.com.ar\/blog\/category\/pila\/"},"img":{"alt_text":"","src":"https:\/\/i0.wp.com\/larevistadigital.com.ar\/blog\/wp-content\/uploads\/2017\/10\/urna.jpg?fit=990%2C871&ssl=1&resize=350%2C200","width":350,"height":200,"srcset":"https:\/\/i0.wp.com\/larevistadigital.com.ar\/blog\/wp-content\/uploads\/2017\/10\/urna.jpg?fit=990%2C871&ssl=1&resize=350%2C200 1x, https:\/\/i0.wp.com\/larevistadigital.com.ar\/blog\/wp-content\/uploads\/2017\/10\/urna.jpg?fit=990%2C871&ssl=1&resize=525%2C300 1.5x, https:\/\/i0.wp.com\/larevistadigital.com.ar\/blog\/wp-content\/uploads\/2017\/10\/urna.jpg?fit=990%2C871&ssl=1&resize=700%2C400 2x"},"classes":[]},{"id":21954,"url":"https:\/\/larevistadigital.com.ar\/blog\/belgrano-juntos-se-impuso-al-frente-de-todos\/","url_meta":{"origin":21957,"position":2},"title":"BELGRANO: JUNTOS SE IMPUSO AL FRENTE DE TODOS","author":"Alejandro Sosa Ruda","date":"13 septiembre, 2021","format":false,"excerpt":"BELGRANO -\u00a0Como en casi toda la provincia, Juntos se impuso al Frente de Todos, por 17 puntos, con 51 de 51 mesas escrutadas. AQU\u00cd LOS\u00a0 RESULTADOS FINALES: JUNTOS.........................................................................................49,91% (5203 votos) FRENTE DE TODOS................................................................... 32,18% (3354 votos) BELGRANO PRIMERO.............................................................. 11,67% (1217 votos) VAMOS CON VOS.....................................................................\u00a0 \u00a06,23% (650 votos) \u00a0","rel":"","context":"En \u00abREGIONALES\u00bb","block_context":{"text":"REGIONALES","link":"https:\/\/larevistadigital.com.ar\/blog\/category\/regionales\/"},"img":{"alt_text":"","src":"https:\/\/i0.wp.com\/larevistadigital.com.ar\/blog\/wp-content\/uploads\/BELGRANO.jpg?fit=1004%2C565&ssl=1&resize=350%2C200","width":350,"height":200,"srcset":"https:\/\/i0.wp.com\/larevistadigital.com.ar\/blog\/wp-content\/uploads\/BELGRANO.jpg?fit=1004%2C565&ssl=1&resize=350%2C200 1x, https:\/\/i0.wp.com\/larevistadigital.com.ar\/blog\/wp-content\/uploads\/BELGRANO.jpg?fit=1004%2C565&ssl=1&resize=525%2C300 1.5x, https:\/\/i0.wp.com\/larevistadigital.com.ar\/blog\/wp-content\/uploads\/BELGRANO.jpg?fit=1004%2C565&ssl=1&resize=700%2C400 2x"},"classes":[]},{"id":11834,"url":"https:\/\/larevistadigital.com.ar\/blog\/todos-los-resultados-de-las-paso-de-la-quinta-seccion-electoral\/","url_meta":{"origin":21957,"position":3},"title":"TODOS LOS RESULTADOS DE LAS PASO DE LA QUINTA SECCI\u00d3N ELECTORAL","author":"Alejandro Sosa Ruda","date":"13 agosto, 2019","format":false,"excerpt":"En esta nota le acercamos los resultados extraoficiales de las PASO que se realizaron ayer en la Quinta Secci\u00f3n Electoral. Esta secci\u00f3n comprende 26 partidos m\u00e1s Dolores. Hubo 1.233.106 electores habilitados en 3.608 mesas. Se votan para elegir a 11 diputados provinciales y 27 intendentes. Ayacucho El oficialismo obtuvo un\u2026","rel":"","context":"En \u00abINTERES GENERAL\u00bb","block_context":{"text":"INTERES GENERAL","link":"https:\/\/larevistadigital.com.ar\/blog\/category\/interes-general\/"},"img":{"alt_text":"","src":"https:\/\/i0.wp.com\/larevistadigital.com.ar\/blog\/wp-content\/uploads\/quinta.jpg?fit=950%2C1200&ssl=1&resize=350%2C200","width":350,"height":200,"srcset":"https:\/\/i0.wp.com\/larevistadigital.com.ar\/blog\/wp-content\/uploads\/quinta.jpg?fit=950%2C1200&ssl=1&resize=350%2C200 1x, https:\/\/i0.wp.com\/larevistadigital.com.ar\/blog\/wp-content\/uploads\/quinta.jpg?fit=950%2C1200&ssl=1&resize=525%2C300 1.5x, https:\/\/i0.wp.com\/larevistadigital.com.ar\/blog\/wp-content\/uploads\/quinta.jpg?fit=950%2C1200&ssl=1&resize=700%2C400 2x"},"classes":[]},{"id":21950,"url":"https:\/\/larevistadigital.com.ar\/blog\/con-75-mesas-escrutadas-ferrante-con-el-547-duplica-al-frente-de-todos-con-el\/","url_meta":{"origin":21957,"position":4},"title":"CON 75 MESAS ESCRUTADAS, FERRANTE CON EL 54,7% DUPLICA AL FRENTE DE TODOS CON EL 26,6%","author":"Alejandro Sosa Ruda","date":"13 septiembre, 2021","format":false,"excerpt":"\u00daltimos datos brindados por la Web del Diario El Fuerte CHASCOM\u00daS - Nuevos datos de las PASO de Chascom\u00fas, con 75 mesas escrutadas Juntos \u2013 Ferrante: 8.708 votos\u00a0\u00a0\u00a0\u00a0\u00a0 54,7% Frente de Todos \u2013 Spina: 4.238 votos\u00a0\u00a0\u00a0 26,6% Juntos Por Chascom\u00fas \u2013 Moujan: 1485 votos\u00a0 9,3% Frente Vamos con Vos\u00a0 \u2013\u2026","rel":"","context":"En \u00abDESTACADAS\u00bb","block_context":{"text":"DESTACADAS","link":"https:\/\/larevistadigital.com.ar\/blog\/category\/destacadas\/"},"img":{"alt_text":"","src":"https:\/\/i0.wp.com\/larevistadigital.com.ar\/blog\/wp-content\/uploads\/237213048_118720407166154_4312019856579861238_n.jpg?fit=1200%2C900&ssl=1&resize=350%2C200","width":350,"height":200,"srcset":"https:\/\/i0.wp.com\/larevistadigital.com.ar\/blog\/wp-content\/uploads\/237213048_118720407166154_4312019856579861238_n.jpg?fit=1200%2C900&ssl=1&resize=350%2C200 1x, https:\/\/i0.wp.com\/larevistadigital.com.ar\/blog\/wp-content\/uploads\/237213048_118720407166154_4312019856579861238_n.jpg?fit=1200%2C900&ssl=1&resize=525%2C300 1.5x, https:\/\/i0.wp.com\/larevistadigital.com.ar\/blog\/wp-content\/uploads\/237213048_118720407166154_4312019856579861238_n.jpg?fit=1200%2C900&ssl=1&resize=700%2C400 2x, https:\/\/i0.wp.com\/larevistadigital.com.ar\/blog\/wp-content\/uploads\/237213048_118720407166154_4312019856579861238_n.jpg?fit=1200%2C900&ssl=1&resize=1050%2C600 3x"},"classes":[]},{"id":12919,"url":"https:\/\/larevistadigital.com.ar\/blog\/chascomus-cinco-concejales-para-el-frente-de-todos-y-tres-para-juntos-por-el-cambio\/","url_meta":{"origin":21957,"position":5},"title":"CHASCOM\u00daS: CINCO CONCEJALES PARA EL FRENTE DE TODOS Y TRES PARA JUNTOS POR EL CAMBIO","author":"Alejandro Sosa Ruda","date":"29 octubre, 2019","format":false,"excerpt":"Luego del acto eleccionario del \u00faltimo domingo, y una vez conocidos los guarismos, el oficialismo de Chascom\u00fas contar\u00e1 con cinco de los ocho puestos en disputa en el concejo, mientras que Juntos por el Cambio sumar\u00e1 tres ediles. Por el lado del Consejo Escolar, el Frente de Todos se quedar\u00e1\u2026","rel":"","context":"En \u00abCHASCOM\u00daS\u00bb","block_context":{"text":"CHASCOM\u00daS","link":"https:\/\/larevistadigital.com.ar\/blog\/category\/chascomus\/"},"img":{"alt_text":"","src":"https:\/\/i0.wp.com\/larevistadigital.com.ar\/blog\/wp-content\/uploads\/2019\/05\/Screenshot_2-7.jpg?fit=1200%2C707&ssl=1&resize=350%2C200","width":350,"height":200,"srcset":"https:\/\/i0.wp.com\/larevistadigital.com.ar\/blog\/wp-content\/uploads\/2019\/05\/Screenshot_2-7.jpg?fit=1200%2C707&ssl=1&resize=350%2C200 1x, https:\/\/i0.wp.com\/larevistadigital.com.ar\/blog\/wp-content\/uploads\/2019\/05\/Screenshot_2-7.jpg?fit=1200%2C707&ssl=1&resize=525%2C300 1.5x, https:\/\/i0.wp.com\/larevistadigital.com.ar\/blog\/wp-content\/uploads\/2019\/05\/Screenshot_2-7.jpg?fit=1200%2C707&ssl=1&resize=700%2C400 2x, https:\/\/i0.wp.com\/larevistadigital.com.ar\/blog\/wp-content\/uploads\/2019\/05\/Screenshot_2-7.jpg?fit=1200%2C707&ssl=1&resize=1050%2C600 3x"},"classes":[]}],"_links":{"self":[{"href":"https:\/\/larevistadigital.com.ar\/blog\/wp-json\/wp\/v2\/posts\/21957","targetHints":{"allow":["GET"]}}],"collection":[{"href":"https:\/\/larevistadigital.com.ar\/blog\/wp-json\/wp\/v2\/posts"}],"about":[{"href":"https:\/\/larevistadigital.com.ar\/blog\/wp-json\/wp\/v2\/types\/post"}],"author":[{"embeddable":true,"href":"https:\/\/larevistadigital.com.ar\/blog\/wp-json\/wp\/v2\/users\/3"}],"replies":[{"embeddable":true,"href":"https:\/\/larevistadigital.com.ar\/blog\/wp-json\/wp\/v2\/comments?post=21957"}],"version-history":[{"count":1,"href":"https:\/\/larevistadigital.com.ar\/blog\/wp-json\/wp\/v2\/posts\/21957\/revisions"}],"predecessor-version":[{"id":21959,"href":"https:\/\/larevistadigital.com.ar\/blog\/wp-json\/wp\/v2\/posts\/21957\/revisions\/21959"}],"wp:featuredmedia":[{"embeddable":true,"href":"https:\/\/larevistadigital.com.ar\/blog\/wp-json\/wp\/v2\/media\/21958"}],"wp:attachment":[{"href":"https:\/\/larevistadigital.com.ar\/blog\/wp-json\/wp\/v2\/media?parent=21957"}],"wp:term":[{"taxonomy":"category","embeddable":true,"href":"https:\/\/larevistadigital.com.ar\/blog\/wp-json\/wp\/v2\/categories?post=21957"},{"taxonomy":"post_tag","embeddable":true,"href":"https:\/\/larevistadigital.com.ar\/blog\/wp-json\/wp\/v2\/tags?post=21957"}],"curies":[{"name":"wp","href":"https:\/\/api.w.org\/{rel}","templated":true}]}}