{"id":21978,"date":"2021-09-15T14:00:10","date_gmt":"2021-09-15T14:00:10","guid":{"rendered":"https:\/\/larevistadigital.com.ar\/blog\/?p=21978"},"modified":"2021-09-15T14:00:10","modified_gmt":"2021-09-15T14:00:10","slug":"murio-un-conductor-al-irse-del-camino-y-salir-despedido-de-su-auto","status":"publish","type":"post","link":"https:\/\/larevistadigital.com.ar\/blog\/murio-un-conductor-al-irse-del-camino-y-salir-despedido-de-su-auto\/","title":{"rendered":"MURI\u00d3 UN CONDUCTOR AL IRSE DEL CAMINO Y SALIR DESPEDIDO DE SU AUTO"},"content":{"rendered":"<h2 class=\"intro\">El hecho se produjo cerca de las 7, cuando el conductor de una camioneta se despist\u00f3 y sali\u00f3 despedido del veh\u00edculo. Ocurri\u00f3 a la altura del camping La Serranita.<\/h2>\n<p>Un\u00a0<strong>hombre muri\u00f3<\/strong>\u00a0este mi\u00e9rcoles durante la madrugada en un siniestro vial en la\u00a0<strong>ruta 226<\/strong>, a la altura del\u00a0<strong>camping La Serranita<\/strong>, seg\u00fan confirmaron fuentes consultadas por\u00a0<strong>0223<\/strong>.<\/p>\n<p>El hecho se produjo cerca de las 7 en la ruta, cuando el conductor de una camioneta, por causas que se tratan de establecer, perdi\u00f3 el control cuando manejaba por la\u00a0<strong>ruta 226, kil\u00f3metro 24,5<\/strong>. Seg\u00fan explicaron las fuentes consultadas, el conductor de la camioneta se sali\u00f3 de la ruta y sali\u00f3 despedido. Las graves heridas le provocaron la muerte.<\/p>\n<p>Un equipo de rescate y personal sanitario se hizo presente en el lugar. Fuentes consultadas por este medio indicaron que el hombre, de unos 30 a\u00f1os, iba solo y, en principio, no habr\u00eda\u00a0<strong>otros veh\u00edculos involucrados en el siniestro.<\/strong><\/p>\n<p>En estos momentos, personal de Polic\u00eda Cient\u00edfica trabaja en el lugar para realizar las pericias correspondientes. Antes hab\u00edan trabajado integrantes del cuartel de\u00a0<strong>bomberos voluntarios de Sierra de los Padres<\/strong>\u00a0y efectivos de la\u00a0<strong>comisar\u00eda 14\u00aa.<\/strong><\/p>\n<div class=\"publiamp\" data-tipo=\"tipo_desktop \" data-pos=\"AMP_P1_cuerpo\"><\/div>\n","protected":false},"excerpt":{"rendered":"<div class=\"mh-excerpt\"><p>El hecho se produjo cerca de las 7, cuando el conductor de una camioneta se despist\u00f3 y sali\u00f3 despedido del veh\u00edculo. Ocurri\u00f3 a la altura del camping La Serranita. Un\u00a0hombre muri\u00f3\u00a0este mi\u00e9rcoles durante la madrugada <a class=\"mh-excerpt-more\" href=\"https:\/\/larevistadigital.com.ar\/blog\/murio-un-conductor-al-irse-del-camino-y-salir-despedido-de-su-auto\/\" title=\"MURI\u00d3 UN CONDUCTOR AL IRSE DEL CAMINO Y SALIR DESPEDIDO DE SU AUTO\">[Leer M\u00e1s]<\/a><\/p>\n<\/div>","protected":false},"author":3,"featured_media":21979,"comment_status":"open","ping_status":"open","sticky":false,"template":"","format":"standard","meta":{"_jetpack_memberships_contains_paid_content":false,"footnotes":"","jetpack_publicize_message":"","jetpack_publicize_feature_enabled":true,"jetpack_social_post_already_shared":true,"jetpack_social_options":{"image_generator_settings":{"template":"highway","default_image_id":0,"font":"","enabled":false},"version":2}},"categories":[44,51],"tags":[],"class_list":{"0":"post-21978","1":"post","2":"type-post","3":"status-publish","4":"format-standard","5":"has-post-thumbnail","7":"category-policiales","8":"category-regionales"},"jetpack_publicize_connections":[],"jetpack_featured_media_url":"https:\/\/i0.wp.com\/larevistadigital.com.ar\/blog\/wp-content\/uploads\/Captura-29.png?fit=899%2C521&ssl=1","jetpack_sharing_enabled":true,"jetpack_shortlink":"https:\/\/wp.me\/p8qtrQ-5Iu","jetpack-related-posts":[{"id":7417,"url":"https:\/\/larevistadigital.com.ar\/blog\/castelli-dos-ciclistas-heridos-por-choque-con-camioneta-en-la-ruta-2\/","url_meta":{"origin":21978,"position":0},"title":"CASTELLI: DOS CICLISTAS HERIDOS POR CHOQUE CON CAMIONETA EN LA RUTA 2","author":"Alejandro Sosa Ruda","date":"28 diciembre, 2018","format":false,"excerpt":"Dos ciclistas de Castelli resultaron con lesiones tras colisionar con una camioneta que estaba parada en la autov\u00eda 2 Seg\u00fan se supo y public\u00f3 en Castelli diario se trata de los pedalistas Carlos Brivio y Hugo Martinez, quienes a\u00a0 bordo de sus bicicletas, impactaron con una camioneta Ford Eco Sport\u2026","rel":"","context":"En \u00abCASTELLI\u00bb","block_context":{"text":"CASTELLI","link":"https:\/\/larevistadigital.com.ar\/blog\/category\/castelli\/"},"img":{"alt_text":"","src":"https:\/\/i0.wp.com\/larevistadigital.com.ar\/blog\/wp-content\/uploads\/2018\/12\/bici-1.jpg?fit=600%2C800&ssl=1&resize=350%2C200","width":350,"height":200,"srcset":"https:\/\/i0.wp.com\/larevistadigital.com.ar\/blog\/wp-content\/uploads\/2018\/12\/bici-1.jpg?fit=600%2C800&ssl=1&resize=350%2C200 1x, https:\/\/i0.wp.com\/larevistadigital.com.ar\/blog\/wp-content\/uploads\/2018\/12\/bici-1.jpg?fit=600%2C800&ssl=1&resize=525%2C300 1.5x"},"classes":[]},{"id":34975,"url":"https:\/\/larevistadigital.com.ar\/blog\/terrible-choque-entre-una-camioneta-y-un-camion\/","url_meta":{"origin":21978,"position":1},"title":"TERRIBLE CHOQUE ENTRE UNA CAMIONETA Y UN CAMI\u00d3N","author":"Alejandro Sosa Ruda","date":"3 enero, 2024","format":false,"excerpt":"Sucedi\u00f3 en Ruta 3, a la altura de la ciudad de Ca\u00f1uelas. A\u00fan no se conocen mayores detalles del hecho, aunque otro involucrado termin\u00f3 herido. 3 de diciembre de 2023 CA\u00d1UELAS -\u00a0 \u00a0Un tr\u00e1gico choque se produjo en las \u00faltimas horas en plena Ruta 3, a la altura de la\u2026","rel":"","context":"En \u00abPOLICIALES\u00bb","block_context":{"text":"POLICIALES","link":"https:\/\/larevistadigital.com.ar\/blog\/category\/policiales\/"},"img":{"alt_text":"","src":"https:\/\/i0.wp.com\/larevistadigital.com.ar\/blog\/wp-content\/uploads\/Captura-de-pantalla-2024-01-03-122956.png?fit=890%2C514&ssl=1&resize=350%2C200","width":350,"height":200,"srcset":"https:\/\/i0.wp.com\/larevistadigital.com.ar\/blog\/wp-content\/uploads\/Captura-de-pantalla-2024-01-03-122956.png?fit=890%2C514&ssl=1&resize=350%2C200 1x, https:\/\/i0.wp.com\/larevistadigital.com.ar\/blog\/wp-content\/uploads\/Captura-de-pantalla-2024-01-03-122956.png?fit=890%2C514&ssl=1&resize=525%2C300 1.5x, https:\/\/i0.wp.com\/larevistadigital.com.ar\/blog\/wp-content\/uploads\/Captura-de-pantalla-2024-01-03-122956.png?fit=890%2C514&ssl=1&resize=700%2C400 2x"},"classes":[]},{"id":24940,"url":"https:\/\/larevistadigital.com.ar\/blog\/tragedia-en-la-ruta-al-menos-tres-muertos-y-cinco-heridos\/","url_meta":{"origin":21978,"position":2},"title":"TRAGEDIA EN LA RUTA: AL MENOS TRES MUERTOS Y CINCO HERIDOS","author":"Alejandro Sosa Ruda","date":"4 abril, 2022","format":false,"excerpt":"Ocurri\u00f3 en la ruta 9. Un Honda Civic se cruz\u00f3 de carril y colision\u00f3 con otros dos veh\u00edculos. Uno de los autos se prendi\u00f3 fuego. Un accidente ocurrido en la\u00a0ruta nacional 9\u00a0a la altura del kil\u00f3metro 121,5 dej\u00f3 un tr\u00e1gico saldo de\u00a0tres personas fallecidas y al menos cinco heridas, seg\u00fan\u2026","rel":"","context":"En \u00abINTERES GENERAL\u00bb","block_context":{"text":"INTERES GENERAL","link":"https:\/\/larevistadigital.com.ar\/blog\/category\/interes-general\/"},"img":{"alt_text":"","src":"https:\/\/i0.wp.com\/larevistadigital.com.ar\/blog\/wp-content\/uploads\/Captura-de-pantalla-2022-04-03-210342.jpg?fit=922%2C492&ssl=1&resize=350%2C200","width":350,"height":200,"srcset":"https:\/\/i0.wp.com\/larevistadigital.com.ar\/blog\/wp-content\/uploads\/Captura-de-pantalla-2022-04-03-210342.jpg?fit=922%2C492&ssl=1&resize=350%2C200 1x, https:\/\/i0.wp.com\/larevistadigital.com.ar\/blog\/wp-content\/uploads\/Captura-de-pantalla-2022-04-03-210342.jpg?fit=922%2C492&ssl=1&resize=525%2C300 1.5x, https:\/\/i0.wp.com\/larevistadigital.com.ar\/blog\/wp-content\/uploads\/Captura-de-pantalla-2022-04-03-210342.jpg?fit=922%2C492&ssl=1&resize=700%2C400 2x"},"classes":[]},{"id":44491,"url":"https:\/\/larevistadigital.com.ar\/blog\/tragedia-en-la-ruta-un-hombre-murio-tras-un-violento-choque\/","url_meta":{"origin":21978,"position":3},"title":"Tragedia en la ruta: un hombre muri\u00f3 tras un violento choque","author":"Alejandro Sosa Ruda","date":"14 marzo, 2026","format":false,"excerpt":"Fue en la ruta 88, cerca de Batan. El conductor de un Renault Clio qued\u00f3 atrapado dentro del veh\u00edculo y falleci\u00f3 en el lugar pese a la intervenci\u00f3n de los equipos de emergencia. 14 de marzo de 2026 BATAN -\u00a0 \u00a0Un hombre muri\u00f3 este viernes tras un violento choque frontal\u2026","rel":"","context":"En \u00abPOLICIALES\u00bb","block_context":{"text":"POLICIALES","link":"https:\/\/larevistadigital.com.ar\/blog\/category\/policiales\/"},"img":{"alt_text":"","src":"https:\/\/i0.wp.com\/larevistadigital.com.ar\/blog\/wp-content\/uploads\/f16ba0ac6ecbcfc4321cec0f8ab58de5803fc019.png?fit=1140%2C691&ssl=1&resize=350%2C200","width":350,"height":200,"srcset":"https:\/\/i0.wp.com\/larevistadigital.com.ar\/blog\/wp-content\/uploads\/f16ba0ac6ecbcfc4321cec0f8ab58de5803fc019.png?fit=1140%2C691&ssl=1&resize=350%2C200 1x, https:\/\/i0.wp.com\/larevistadigital.com.ar\/blog\/wp-content\/uploads\/f16ba0ac6ecbcfc4321cec0f8ab58de5803fc019.png?fit=1140%2C691&ssl=1&resize=525%2C300 1.5x, https:\/\/i0.wp.com\/larevistadigital.com.ar\/blog\/wp-content\/uploads\/f16ba0ac6ecbcfc4321cec0f8ab58de5803fc019.png?fit=1140%2C691&ssl=1&resize=700%2C400 2x, https:\/\/i0.wp.com\/larevistadigital.com.ar\/blog\/wp-content\/uploads\/f16ba0ac6ecbcfc4321cec0f8ab58de5803fc019.png?fit=1140%2C691&ssl=1&resize=1050%2C600 3x"},"classes":[]},{"id":20686,"url":"https:\/\/larevistadigital.com.ar\/blog\/violento-choque-en-la-ruta-11-con-saldo-de-8-heridos\/","url_meta":{"origin":21978,"position":4},"title":"VIOLENTO CHOQUE EN LA RUTA 11 CON SALDO DE 8 HERIDOS","author":"Alejandro Sosa Ruda","date":"9 junio, 2021","format":false,"excerpt":"Ocho heridos\u00a0fue el saldo que dej\u00f3 este mi\u00e9rcoles un\u00a0violento choque\u00a0entre una camioneta y un auto en la ruta 11, seg\u00fan informaron fuentes policiales. El accidente ocurri\u00f3 cerca de las 8.30 de la autov\u00eda en la autov\u00eda que une Santa Clara del Mar con Mar del Plata cuando, por causas que\u2026","rel":"","context":"En \u00abREGIONALES\u00bb","block_context":{"text":"REGIONALES","link":"https:\/\/larevistadigital.com.ar\/blog\/category\/regionales\/"},"img":{"alt_text":"","src":"https:\/\/i0.wp.com\/larevistadigital.com.ar\/blog\/wp-content\/uploads\/choque-mar-del-platajunio-2021.jpg?fit=770%2C577&ssl=1&resize=350%2C200","width":350,"height":200,"srcset":"https:\/\/i0.wp.com\/larevistadigital.com.ar\/blog\/wp-content\/uploads\/choque-mar-del-platajunio-2021.jpg?fit=770%2C577&ssl=1&resize=350%2C200 1x, https:\/\/i0.wp.com\/larevistadigital.com.ar\/blog\/wp-content\/uploads\/choque-mar-del-platajunio-2021.jpg?fit=770%2C577&ssl=1&resize=525%2C300 1.5x, https:\/\/i0.wp.com\/larevistadigital.com.ar\/blog\/wp-content\/uploads\/choque-mar-del-platajunio-2021.jpg?fit=770%2C577&ssl=1&resize=700%2C400 2x"},"classes":[]},{"id":43492,"url":"https:\/\/larevistadigital.com.ar\/blog\/violento-robo-en-la-ruta-226-asaltaron-a-una-familia-mendocina-y-dejaron-a-dos-ninos-solos-en-la-ruta\/","url_meta":{"origin":21978,"position":5},"title":"Violento robo en la Ruta 226: asaltaron a una familia mendocina y dejaron a dos ni\u00f1os solos en la ruta","author":"Alejandro Sosa Ruda","date":"20 enero, 2026","format":false,"excerpt":"Ocurri\u00f3 en el ingreso a Mar del Plata, a la altura de la rotonda del Hip\u00f3dromo. La camioneta fue hallada horas despu\u00e9s en un descampado y los menores fueron encontrados sanos y salvos. 20 de enero de 2026 MAR DEL PLATA -\u00a0 \u00a0Una familia oriunda de la provincia de Mendoza\u2026","rel":"","context":"En \u00abPOLICIALES\u00bb","block_context":{"text":"POLICIALES","link":"https:\/\/larevistadigital.com.ar\/blog\/category\/policiales\/"},"img":{"alt_text":"","src":"https:\/\/i0.wp.com\/larevistadigital.com.ar\/blog\/wp-content\/uploads\/Captura-de-pantalla-2026-01-20-172538.jpg?fit=751%2C340&ssl=1&resize=350%2C200","width":350,"height":200,"srcset":"https:\/\/i0.wp.com\/larevistadigital.com.ar\/blog\/wp-content\/uploads\/Captura-de-pantalla-2026-01-20-172538.jpg?fit=751%2C340&ssl=1&resize=350%2C200 1x, https:\/\/i0.wp.com\/larevistadigital.com.ar\/blog\/wp-content\/uploads\/Captura-de-pantalla-2026-01-20-172538.jpg?fit=751%2C340&ssl=1&resize=525%2C300 1.5x, https:\/\/i0.wp.com\/larevistadigital.com.ar\/blog\/wp-content\/uploads\/Captura-de-pantalla-2026-01-20-172538.jpg?fit=751%2C340&ssl=1&resize=700%2C400 2x"},"classes":[]}],"_links":{"self":[{"href":"https:\/\/larevistadigital.com.ar\/blog\/wp-json\/wp\/v2\/posts\/21978","targetHints":{"allow":["GET"]}}],"collection":[{"href":"https:\/\/larevistadigital.com.ar\/blog\/wp-json\/wp\/v2\/posts"}],"about":[{"href":"https:\/\/larevistadigital.com.ar\/blog\/wp-json\/wp\/v2\/types\/post"}],"author":[{"embeddable":true,"href":"https:\/\/larevistadigital.com.ar\/blog\/wp-json\/wp\/v2\/users\/3"}],"replies":[{"embeddable":true,"href":"https:\/\/larevistadigital.com.ar\/blog\/wp-json\/wp\/v2\/comments?post=21978"}],"version-history":[{"count":1,"href":"https:\/\/larevistadigital.com.ar\/blog\/wp-json\/wp\/v2\/posts\/21978\/revisions"}],"predecessor-version":[{"id":21980,"href":"https:\/\/larevistadigital.com.ar\/blog\/wp-json\/wp\/v2\/posts\/21978\/revisions\/21980"}],"wp:featuredmedia":[{"embeddable":true,"href":"https:\/\/larevistadigital.com.ar\/blog\/wp-json\/wp\/v2\/media\/21979"}],"wp:attachment":[{"href":"https:\/\/larevistadigital.com.ar\/blog\/wp-json\/wp\/v2\/media?parent=21978"}],"wp:term":[{"taxonomy":"category","embeddable":true,"href":"https:\/\/larevistadigital.com.ar\/blog\/wp-json\/wp\/v2\/categories?post=21978"},{"taxonomy":"post_tag","embeddable":true,"href":"https:\/\/larevistadigital.com.ar\/blog\/wp-json\/wp\/v2\/tags?post=21978"}],"curies":[{"name":"wp","href":"https:\/\/api.w.org\/{rel}","templated":true}]}}