{"id":21983,"date":"2021-09-15T16:52:54","date_gmt":"2021-09-15T16:52:54","guid":{"rendered":"https:\/\/larevistadigital.com.ar\/blog\/?p=21983"},"modified":"2021-09-15T16:52:54","modified_gmt":"2021-09-15T16:52:54","slug":"insolito-encontro-restos-de-un-pene-mientras-cortaba-el-pasto","status":"publish","type":"post","link":"https:\/\/larevistadigital.com.ar\/blog\/insolito-encontro-restos-de-un-pene-mientras-cortaba-el-pasto\/","title":{"rendered":"INS\u00d3LITO: ENCONTR\u00d3 RESTOS DE UN PENE, MIENTRAS CORTABA EL PASTO"},"content":{"rendered":"<h2 class=\"nota__hero__summary\">Un hombre estaba cortando el pasto cuando se top\u00f3 con un frasco en el jard\u00edn de una casa. La fiscal\u00eda y la Polic\u00eda Cient\u00edfica investigan el hecho.<\/h2>\n<p><strong>BALCARCE &#8211; <\/strong>Un jardinero de\u00a0<strong>Balcarce\u00a0<\/strong>que se encontraba realizando un trabajo de mantenimiento del c\u00e9sped y poda fue el protagonista de un hecho inusual: con la bordeadora rompi\u00f3 un frasco, que se encontraba entre en el pasto y en cuyo interior hab\u00eda restos de un pene.<\/p>\n<blockquote>\n<h3>El ins\u00f3lito episodio se registr\u00f3 ayer por la tarde en una vivienda del<strong>\u00a0barrio La Estaci\u00f3n<\/strong>, ubicada en calle Maip\u00fa, entre calle 17 y avenida del Valle. Fuentes citadas por La Capital indicaron que el jornalero no dud\u00f3 en dar aviso a la Polic\u00eda apenas se top\u00f3 con el hallazgo.<\/h3>\n<\/blockquote>\n<p>En el caso tom\u00f3 intervenci\u00f3n la<strong>\u00a0Fiscal\u00eda Descentralizada<\/strong>, que realiz\u00f3 las pericias para tratar de determinar el origen de los restos humanos. Adem\u00e1s se busca determinar c\u00f3mo fue que esos restos se encontraban en el frente de esa vivienda que tiene una especie de parque.<\/p>\n<blockquote>\n<h3>\u201c<strong>El miembro estaba en un frasco que rompi\u00f3 el jardinero accidentalmente mientras desmalezaba<\/strong>\u201d, indicaron desde la Estaci\u00f3n de Polic\u00eda Comunal. Desde la Fiscal\u00eda se instruy\u00f3 una causa por \u201cHallazgo de restos humanos\u201d con el objeto de analizar el ins\u00f3lito descubrimiento.<\/h3>\n<\/blockquote>\n<p>Precisamente ese recipiente habr\u00eda actuado como cobertor del pene y de esa forma es que el mismo se encontrar\u00eda conservado. Miembros de la\u00a0<strong>Polic\u00eda Cient\u00edfica<\/strong>\u00a0concurrieron m\u00e1s tarde para realizar pericias correspondientes en la zona y tambi\u00e9n para determinar fehacientemente que fueran restos humanos, como a priori parecer\u00eda seg\u00fan las primeras interpretaciones que realizaron los investigadores.<\/p>\n","protected":false},"excerpt":{"rendered":"<div class=\"mh-excerpt\"><p>Un hombre estaba cortando el pasto cuando se top\u00f3 con un frasco en el jard\u00edn de una casa. La fiscal\u00eda y la Polic\u00eda Cient\u00edfica investigan el hecho. BALCARCE &#8211; Un jardinero de\u00a0Balcarce\u00a0que se encontraba realizando <a class=\"mh-excerpt-more\" href=\"https:\/\/larevistadigital.com.ar\/blog\/insolito-encontro-restos-de-un-pene-mientras-cortaba-el-pasto\/\" title=\"INS\u00d3LITO: ENCONTR\u00d3 RESTOS DE UN PENE, MIENTRAS CORTABA EL PASTO\">[Leer M\u00e1s]<\/a><\/p>\n<\/div>","protected":false},"author":3,"featured_media":21984,"comment_status":"open","ping_status":"open","sticky":false,"template":"","format":"standard","meta":{"_jetpack_memberships_contains_paid_content":false,"footnotes":"","jetpack_publicize_message":"","jetpack_publicize_feature_enabled":true,"jetpack_social_post_already_shared":true,"jetpack_social_options":{"image_generator_settings":{"template":"highway","default_image_id":0,"font":"","enabled":false},"version":2}},"categories":[50],"tags":[],"class_list":{"0":"post-21983","1":"post","2":"type-post","3":"status-publish","4":"format-standard","5":"has-post-thumbnail","7":"category-interes-general"},"jetpack_publicize_connections":[],"jetpack_featured_media_url":"https:\/\/i0.wp.com\/larevistadigital.com.ar\/blog\/wp-content\/uploads\/PENE-NN.jpg?fit=1140%2C722&ssl=1","jetpack_sharing_enabled":true,"jetpack_shortlink":"https:\/\/wp.me\/p8qtrQ-5Iz","jetpack-related-posts":[{"id":31287,"url":"https:\/\/larevistadigital.com.ar\/blog\/muere-aplastado-un-trabajador-rural-por-el-tractor-con-acoplado-que-conducia\/","url_meta":{"origin":21983,"position":0},"title":"MUERE APLASTADO UN TRABAJADOR RURAL, POR EL TRACTOR CON ACOPLADO QUE CONDUC\u00cdA","author":"Alejandro Sosa Ruda","date":"28 abril, 2023","format":false,"excerpt":"El siniestro se produjo en el paraje \u201cCinco Cerros\u201d de Balcarce. El trabajador muri\u00f3 en el acto. 28 de abril de 2023 BALCARCE -\u00a0 Un trabajador rural perdi\u00f3 la vida al volcar el tractor que conduc\u00eda en un camino rural de Balcarce, que conduce desde la Ruta Nacional 226 hacia\u2026","rel":"","context":"En \u00abPOLICIALES\u00bb","block_context":{"text":"POLICIALES","link":"https:\/\/larevistadigital.com.ar\/blog\/category\/policiales\/"},"img":{"alt_text":"","src":"https:\/\/i0.wp.com\/larevistadigital.com.ar\/blog\/wp-content\/uploads\/Captura-de-pantalla-2023-04-28-133604.png?fit=809%2C432&ssl=1&resize=350%2C200","width":350,"height":200,"srcset":"https:\/\/i0.wp.com\/larevistadigital.com.ar\/blog\/wp-content\/uploads\/Captura-de-pantalla-2023-04-28-133604.png?fit=809%2C432&ssl=1&resize=350%2C200 1x, https:\/\/i0.wp.com\/larevistadigital.com.ar\/blog\/wp-content\/uploads\/Captura-de-pantalla-2023-04-28-133604.png?fit=809%2C432&ssl=1&resize=525%2C300 1.5x, https:\/\/i0.wp.com\/larevistadigital.com.ar\/blog\/wp-content\/uploads\/Captura-de-pantalla-2023-04-28-133604.png?fit=809%2C432&ssl=1&resize=700%2C400 2x"},"classes":[]},{"id":28708,"url":"https:\/\/larevistadigital.com.ar\/blog\/mar-del-plata-hallan-muerto-en-el-puerto-a-un-joven-de-balcarce\/","url_meta":{"origin":21983,"position":1},"title":"MAR DEL PLATA: HALLAN MUERTO EN EL PUERTO A UN JOVEN DE BALCARCE","author":"Alejandro Sosa Ruda","date":"31 octubre, 2022","format":false,"excerpt":"Se trata de establecer las causas pero se presume que fue atropellado por un automovilista que huy\u00f3 del lugar. 31 de octubre de 2022 MAR DEL PLATA -\u00a0 Un joven de 24 a\u00f1os, oriundo de la localidad de Balcarce, fue hallado sin vida en una calle del Puerto y por\u2026","rel":"","context":"En \u00abINTERES GENERAL\u00bb","block_context":{"text":"INTERES GENERAL","link":"https:\/\/larevistadigital.com.ar\/blog\/category\/interes-general\/"},"img":{"alt_text":"","src":"https:\/\/i0.wp.com\/larevistadigital.com.ar\/blog\/wp-content\/uploads\/ambulancia-same.png?fit=806%2C432&ssl=1&resize=350%2C200","width":350,"height":200,"srcset":"https:\/\/i0.wp.com\/larevistadigital.com.ar\/blog\/wp-content\/uploads\/ambulancia-same.png?fit=806%2C432&ssl=1&resize=350%2C200 1x, https:\/\/i0.wp.com\/larevistadigital.com.ar\/blog\/wp-content\/uploads\/ambulancia-same.png?fit=806%2C432&ssl=1&resize=525%2C300 1.5x, https:\/\/i0.wp.com\/larevistadigital.com.ar\/blog\/wp-content\/uploads\/ambulancia-same.png?fit=806%2C432&ssl=1&resize=700%2C400 2x"},"classes":[]},{"id":32189,"url":"https:\/\/larevistadigital.com.ar\/blog\/balcarce-aberrante-un-hombre-fue-detenido-por-violar-y-embarazar-a-su-hija-de-11-anos\/","url_meta":{"origin":21983,"position":2},"title":"BALCARCE: ABERRANTE. UN HOMBRE FUE DETENIDO POR VIOLAR Y EMBARAZAR A SU HIJA DE 11 A\u00d1OS","author":"Alejandro Sosa Ruda","date":"30 junio, 2023","format":false,"excerpt":"El caso sali\u00f3 a la luz cuando la ni\u00f1a se anim\u00f3 a contarle a la maestra de la escuela sobre el hecho pero sin mencionar qui\u00e9n hab\u00eda sido. Inmediatamente, las autoridades del establecimiento educativo radicaron la denuncia penal. 30 de junio de 2023 BALCARCE -\u00a0 Un hombre de 41 a\u00f1os\u2026","rel":"","context":"En \u00abPOLICIALES\u00bb","block_context":{"text":"POLICIALES","link":"https:\/\/larevistadigital.com.ar\/blog\/category\/policiales\/"},"img":{"alt_text":"","src":"https:\/\/i0.wp.com\/larevistadigital.com.ar\/blog\/wp-content\/uploads\/20230630172907_balcarce-hijaaa.jpg?fit=880%2C512&ssl=1&resize=350%2C200","width":350,"height":200,"srcset":"https:\/\/i0.wp.com\/larevistadigital.com.ar\/blog\/wp-content\/uploads\/20230630172907_balcarce-hijaaa.jpg?fit=880%2C512&ssl=1&resize=350%2C200 1x, https:\/\/i0.wp.com\/larevistadigital.com.ar\/blog\/wp-content\/uploads\/20230630172907_balcarce-hijaaa.jpg?fit=880%2C512&ssl=1&resize=525%2C300 1.5x, https:\/\/i0.wp.com\/larevistadigital.com.ar\/blog\/wp-content\/uploads\/20230630172907_balcarce-hijaaa.jpg?fit=880%2C512&ssl=1&resize=700%2C400 2x"},"classes":[]},{"id":43240,"url":"https:\/\/larevistadigital.com.ar\/blog\/chascomus-propietarios-y-frentistas-deben-mantener-el-pasto-corto-en-terrenos-y-espacios-verdes-2\/","url_meta":{"origin":21983,"position":3},"title":"Chascom\u00fas: Propietarios y frentistas deben mantener el pasto corto en terrenos y espacios verdes","author":"Alejandro Sosa Ruda","date":"10 enero, 2026","format":false,"excerpt":"El corte de pasto, realizado de manera peri\u00f3dica, ayuda a prevenir problemas mayores y contribuye a un mejor espacio p\u00fablico para todos. 10 de enero de 2026 CHASCOM\u00daS -\u00a0 \u00a0La Municipalidad de Chascom\u00fas recuerda a los propietarios de terrenos bald\u00edos la importancia de mantener el pasto corto y los espacios\u2026","rel":"","context":"En \u00abCHASCOM\u00daS\u00bb","block_context":{"text":"CHASCOM\u00daS","link":"https:\/\/larevistadigital.com.ar\/blog\/category\/chascomus\/"},"img":{"alt_text":"","src":"https:\/\/i0.wp.com\/larevistadigital.com.ar\/blog\/wp-content\/uploads\/69614944afaff.png?fit=668%2C445&ssl=1&resize=350%2C200","width":350,"height":200,"srcset":"https:\/\/i0.wp.com\/larevistadigital.com.ar\/blog\/wp-content\/uploads\/69614944afaff.png?fit=668%2C445&ssl=1&resize=350%2C200 1x, https:\/\/i0.wp.com\/larevistadigital.com.ar\/blog\/wp-content\/uploads\/69614944afaff.png?fit=668%2C445&ssl=1&resize=525%2C300 1.5x"},"classes":[]},{"id":18679,"url":"https:\/\/larevistadigital.com.ar\/blog\/joven-muere-electrocutado-mientras-cortaba-al-pasto\/","url_meta":{"origin":21983,"position":4},"title":"JOVEN MUERE ELECTROCUTADO MIENTRAS CORTABA AL PASTO","author":"Alejandro Sosa Ruda","date":"24 enero, 2021","format":false,"excerpt":"Si bien intentaron reanimarlo falleci\u00f3 pocos minutos despu\u00e9s de recibir la descarga. GENERAL MADARIAGA - Un joven de 22 a\u00f1os muri\u00f3 esta tarde luego de sufrir una descarga el\u00e9ctrica mientras cortaba el pasto. El hecho fue en una vivienda ubicada en inmediaciones de Chile y Colombia de la localidad de\u2026","rel":"","context":"En \u00abREGIONALES\u00bb","block_context":{"text":"REGIONALES","link":"https:\/\/larevistadigital.com.ar\/blog\/category\/regionales\/"},"img":{"alt_text":"","src":"https:\/\/i0.wp.com\/larevistadigital.com.ar\/blog\/wp-content\/uploads\/137c79aacd1e1a48ff0d312e8408097752016a8a.jpg?fit=1140%2C756&ssl=1&resize=350%2C200","width":350,"height":200,"srcset":"https:\/\/i0.wp.com\/larevistadigital.com.ar\/blog\/wp-content\/uploads\/137c79aacd1e1a48ff0d312e8408097752016a8a.jpg?fit=1140%2C756&ssl=1&resize=350%2C200 1x, https:\/\/i0.wp.com\/larevistadigital.com.ar\/blog\/wp-content\/uploads\/137c79aacd1e1a48ff0d312e8408097752016a8a.jpg?fit=1140%2C756&ssl=1&resize=525%2C300 1.5x, https:\/\/i0.wp.com\/larevistadigital.com.ar\/blog\/wp-content\/uploads\/137c79aacd1e1a48ff0d312e8408097752016a8a.jpg?fit=1140%2C756&ssl=1&resize=700%2C400 2x, https:\/\/i0.wp.com\/larevistadigital.com.ar\/blog\/wp-content\/uploads\/137c79aacd1e1a48ff0d312e8408097752016a8a.jpg?fit=1140%2C756&ssl=1&resize=1050%2C600 3x"},"classes":[]},{"id":42217,"url":"https:\/\/larevistadigital.com.ar\/blog\/insolito-un-chancho-salvaje-entro-a-un-supermercado-en-madariaga-y-causo-revuelo-entre-los-clientes\/","url_meta":{"origin":21983,"position":5},"title":"Ins\u00f3lito: un chancho salvaje entr\u00f3 a un supermercado en Madariaga y caus\u00f3 revuelo entre los clientes","author":"Alejandro Sosa Ruda","date":"24 octubre, 2025","format":false,"excerpt":"El animal irrumpi\u00f3 en el local c\u00e9ntrico de la calle Sarmiento y oblig\u00f3 a evacuar el comercio. Fue reducido por la Polic\u00eda, personal municipal y vecinos baqueanos. 24 de Octubre de 2025 MADARIAGA -\u00a0 \u00a0Un hecho tan ins\u00f3lito como real sacudi\u00f3 la rutina del centro de General Madariaga durante la\u2026","rel":"","context":"En \u00abREGIONALES\u00bb","block_context":{"text":"REGIONALES","link":"https:\/\/larevistadigital.com.ar\/blog\/category\/regionales\/"},"img":{"alt_text":"","src":"https:\/\/i0.wp.com\/larevistadigital.com.ar\/blog\/wp-content\/uploads\/07dd8651a37d9e13d4fe0ffee489a98d3e066aa4.jpg?fit=1140%2C708&ssl=1&resize=350%2C200","width":350,"height":200,"srcset":"https:\/\/i0.wp.com\/larevistadigital.com.ar\/blog\/wp-content\/uploads\/07dd8651a37d9e13d4fe0ffee489a98d3e066aa4.jpg?fit=1140%2C708&ssl=1&resize=350%2C200 1x, https:\/\/i0.wp.com\/larevistadigital.com.ar\/blog\/wp-content\/uploads\/07dd8651a37d9e13d4fe0ffee489a98d3e066aa4.jpg?fit=1140%2C708&ssl=1&resize=525%2C300 1.5x, https:\/\/i0.wp.com\/larevistadigital.com.ar\/blog\/wp-content\/uploads\/07dd8651a37d9e13d4fe0ffee489a98d3e066aa4.jpg?fit=1140%2C708&ssl=1&resize=700%2C400 2x, https:\/\/i0.wp.com\/larevistadigital.com.ar\/blog\/wp-content\/uploads\/07dd8651a37d9e13d4fe0ffee489a98d3e066aa4.jpg?fit=1140%2C708&ssl=1&resize=1050%2C600 3x"},"classes":[]}],"_links":{"self":[{"href":"https:\/\/larevistadigital.com.ar\/blog\/wp-json\/wp\/v2\/posts\/21983","targetHints":{"allow":["GET"]}}],"collection":[{"href":"https:\/\/larevistadigital.com.ar\/blog\/wp-json\/wp\/v2\/posts"}],"about":[{"href":"https:\/\/larevistadigital.com.ar\/blog\/wp-json\/wp\/v2\/types\/post"}],"author":[{"embeddable":true,"href":"https:\/\/larevistadigital.com.ar\/blog\/wp-json\/wp\/v2\/users\/3"}],"replies":[{"embeddable":true,"href":"https:\/\/larevistadigital.com.ar\/blog\/wp-json\/wp\/v2\/comments?post=21983"}],"version-history":[{"count":1,"href":"https:\/\/larevistadigital.com.ar\/blog\/wp-json\/wp\/v2\/posts\/21983\/revisions"}],"predecessor-version":[{"id":21985,"href":"https:\/\/larevistadigital.com.ar\/blog\/wp-json\/wp\/v2\/posts\/21983\/revisions\/21985"}],"wp:featuredmedia":[{"embeddable":true,"href":"https:\/\/larevistadigital.com.ar\/blog\/wp-json\/wp\/v2\/media\/21984"}],"wp:attachment":[{"href":"https:\/\/larevistadigital.com.ar\/blog\/wp-json\/wp\/v2\/media?parent=21983"}],"wp:term":[{"taxonomy":"category","embeddable":true,"href":"https:\/\/larevistadigital.com.ar\/blog\/wp-json\/wp\/v2\/categories?post=21983"},{"taxonomy":"post_tag","embeddable":true,"href":"https:\/\/larevistadigital.com.ar\/blog\/wp-json\/wp\/v2\/tags?post=21983"}],"curies":[{"name":"wp","href":"https:\/\/api.w.org\/{rel}","templated":true}]}}