{"id":21986,"date":"2021-09-15T17:20:23","date_gmt":"2021-09-15T17:20:23","guid":{"rendered":"https:\/\/larevistadigital.com.ar\/blog\/?p=21986"},"modified":"2021-09-15T17:20:23","modified_gmt":"2021-09-15T17:20:23","slug":"eloisa-la-nena-de-dolores-que-fuera-transplantada-en-pandemia-tiene-curacion-completa","status":"publish","type":"post","link":"https:\/\/larevistadigital.com.ar\/blog\/eloisa-la-nena-de-dolores-que-fuera-transplantada-en-pandemia-tiene-curacion-completa\/","title":{"rendered":"ELO\u00cdSA, LA NENA DE DOLORES QUE FUERA TRANSPLANTADA EN PANDEMIA, TIENE CURACI\u00d3N COMPLETA"},"content":{"rendered":"<h2 class=\"nota__hero__summary\">La mam\u00e1 le cont\u00f3 a ENTREL\u00cdNEAS.INFO que hoy complet\u00f3 su \u00faltima internaci\u00f3n. Ahora s\u00f3lo deber\u00e1 hacerse controles peri\u00f3dicos y est\u00e1 en condiciones de retomar la vida normal de una ni\u00f1a de 3 a\u00f1os.<\/h2>\n<div class=\"col-xs-24 col-sm-12\">\n<div class=\"nota__author\">\n<div class=\"nota__author__data\">\n<p><strong>DOLORES &#8211; Elo\u00edsa Mel\u00edn<\/strong>, la nena dolorense que recibi\u00f3 un trasplante en plena pandemia, termin\u00f3 hoy su \u00faltima internaci\u00f3n. \u201c<strong>Hoy, Eloisa tiene una curaci\u00f3n completa. Con una m\u00e9dula id\u00e9ntica a la de su pap\u00e1, que fue su donante<\/strong>\u201d, le dijo\u00a0<strong>Giuliana Santilli<\/strong>, su mam\u00e1, a\u00a0<strong>ENTRELINEAS.INFO<\/strong>.<\/p>\n<p>Despu\u00e9s de 2 a\u00f1os, ahora la familia puede decir \u201cmisi\u00f3n cumplida\u201d y comenzar el camino de la recuperaci\u00f3n plena. \u201c<strong>Hace poco pudimos darle su primera vacuna, contra la gripe. Y en enero comenzar\u00e1 con el calendario de vacunaci\u00f3n completa. Y as\u00ed el a\u00f1o que viene podr\u00e1 ir presencialmente al jard\u00edn<\/strong>\u201d, se\u00f1al\u00f3 la mam\u00e1.<\/p>\n<p>Elo\u00edsa fue internada en septiembre de 2019, cuando ten\u00eda 1 a\u00f1o y 7 meses, con el diagn\u00f3stico de una rara enfermedad que se llama s\u00edndrome hemofagoc\u00edtico. La soluci\u00f3n fue un trasplante de m\u00e9dula con un donante no familiar, pero puesto que la situaci\u00f3n de salud de la peque\u00f1a se agrav\u00f3 y que por la pandemia no se pudo esperar un donante desde el exterior, los m\u00e9dicos decidieron trasplantarla con m\u00e9dula de su pap\u00e1.<\/p>\n<p>\u201c<strong>Posterior al trasplante de m\u00e9dula \u00f3sea nos internamos cada 28 d\u00edas para que reciba su medicaci\u00f3n: inmunogammaglobulina<\/strong>\u201d, explic\u00f3 Giuliana. Durante los primeros meses el tratamiento se hizo en el Hospital Italiano de Buenos Aires, donde se hizo el trasplante, y luego en el Hospital de Ni\u00f1os \u201cSor Mar\u00eda Ludovica\u201d de La Plata.<\/p>\n<p>publicado en entrel\u00edneas<\/p>\n<\/div>\n<\/div>\n<\/div>\n","protected":false},"excerpt":{"rendered":"<div class=\"mh-excerpt\"><p>La mam\u00e1 le cont\u00f3 a ENTREL\u00cdNEAS.INFO que hoy complet\u00f3 su \u00faltima internaci\u00f3n. Ahora s\u00f3lo deber\u00e1 hacerse controles peri\u00f3dicos y est\u00e1 en condiciones de retomar la vida normal de una ni\u00f1a de 3 a\u00f1os. DOLORES &#8211; <a class=\"mh-excerpt-more\" href=\"https:\/\/larevistadigital.com.ar\/blog\/eloisa-la-nena-de-dolores-que-fuera-transplantada-en-pandemia-tiene-curacion-completa\/\" title=\"ELO\u00cdSA, LA NENA DE DOLORES QUE FUERA TRANSPLANTADA EN PANDEMIA, TIENE CURACI\u00d3N COMPLETA\">[Leer M\u00e1s]<\/a><\/p>\n<\/div>","protected":false},"author":3,"featured_media":21987,"comment_status":"open","ping_status":"open","sticky":false,"template":"","format":"standard","meta":{"_jetpack_memberships_contains_paid_content":false,"footnotes":"","jetpack_publicize_message":"","jetpack_publicize_feature_enabled":true,"jetpack_social_post_already_shared":true,"jetpack_social_options":{"image_generator_settings":{"template":"highway","default_image_id":0,"font":"","enabled":false},"version":2}},"categories":[51],"tags":[],"class_list":{"0":"post-21986","1":"post","2":"type-post","3":"status-publish","4":"format-standard","5":"has-post-thumbnail","7":"category-regionales"},"jetpack_publicize_connections":[],"jetpack_featured_media_url":"https:\/\/i0.wp.com\/larevistadigital.com.ar\/blog\/wp-content\/uploads\/1e37924e7cee77d4c78a381ea152c236a3dcb14a.jpeg?fit=1140%2C738&ssl=1","jetpack_sharing_enabled":true,"jetpack_shortlink":"https:\/\/wp.me\/p8qtrQ-5IC","jetpack-related-posts":[{"id":18150,"url":"https:\/\/larevistadigital.com.ar\/blog\/profundo-pesar-en-chascomus-por-el-fallecimiento-de-una-nena-de-4-anos\/","url_meta":{"origin":21986,"position":0},"title":"PROFUNDO PESAR EN CHASCOM\u00daS POR EL FALLECIMIENTO DE UNA NENA DE 4 A\u00d1OS","author":"Alejandro Sosa Ruda","date":"15 diciembre, 2020","format":false,"excerpt":"La noticia, es muy triste, y en estos casos, uno no llega a comprender c\u00f3mo pueden ocurrir estas cosas. Lamentablemente, y como consecuencia de una dolencia que la ten\u00eda internada en La Plata, falleci\u00f3 Eloisa Palacios, de tan solo 4 a\u00f1itos de edad. Desde La Revista Digital, queremos llevar nuestro\u2026","rel":"","context":"En \u00abCHASCOM\u00daS\u00bb","block_context":{"text":"CHASCOM\u00daS","link":"https:\/\/larevistadigital.com.ar\/blog\/category\/chascomus\/"},"img":{"alt_text":"","src":"https:\/\/i0.wp.com\/larevistadigital.com.ar\/blog\/wp-content\/uploads\/2017\/10\/CRESP%C3%93N-NEGRO.jpg?fit=900%2C900&ssl=1&resize=350%2C200","width":350,"height":200,"srcset":"https:\/\/i0.wp.com\/larevistadigital.com.ar\/blog\/wp-content\/uploads\/2017\/10\/CRESP%C3%93N-NEGRO.jpg?fit=900%2C900&ssl=1&resize=350%2C200 1x, https:\/\/i0.wp.com\/larevistadigital.com.ar\/blog\/wp-content\/uploads\/2017\/10\/CRESP%C3%93N-NEGRO.jpg?fit=900%2C900&ssl=1&resize=525%2C300 1.5x, https:\/\/i0.wp.com\/larevistadigital.com.ar\/blog\/wp-content\/uploads\/2017\/10\/CRESP%C3%93N-NEGRO.jpg?fit=900%2C900&ssl=1&resize=700%2C400 2x"},"classes":[]},{"id":44415,"url":"https:\/\/larevistadigital.com.ar\/blog\/chascomus-inicio-del-ciclo-lectivo-en-la-escuela-secundaria-municipal-eloisa-gonzalez-de-soler\/","url_meta":{"origin":21986,"position":1},"title":"Chascom\u00fas: Inicio del ciclo lectivo en la Escuela Secundaria Municipal \u201cElo\u00edsa Gonz\u00e1lez de Soler\u201d","author":"Alejandro Sosa Ruda","date":"9 marzo, 2026","format":false,"excerpt":"El intendente Javier Gast\u00f3n particip\u00f3 del acto realizado en el establecimiento del acceso norte. 09 de marzo2026 CHASCOM\u00daS -\u00a0 \u00a0Este lunes comenz\u00f3 el ciclo lectivo en la Escuela Secundaria Municipal \u201cElo\u00edsa Gonz\u00e1lez de Soler\u201d, ubicada en la intersecci\u00f3n de Juli\u00e1n Quintana y 25 de Mayo, en el acceso norte de\u2026","rel":"","context":"En \u00abCHASCOM\u00daS\u00bb","block_context":{"text":"CHASCOM\u00daS","link":"https:\/\/larevistadigital.com.ar\/blog\/category\/chascomus\/"},"img":{"alt_text":"","src":"https:\/\/i0.wp.com\/larevistadigital.com.ar\/blog\/wp-content\/uploads\/69af0a7cafd12.png?fit=668%2C445&ssl=1&resize=350%2C200","width":350,"height":200,"srcset":"https:\/\/i0.wp.com\/larevistadigital.com.ar\/blog\/wp-content\/uploads\/69af0a7cafd12.png?fit=668%2C445&ssl=1&resize=350%2C200 1x, https:\/\/i0.wp.com\/larevistadigital.com.ar\/blog\/wp-content\/uploads\/69af0a7cafd12.png?fit=668%2C445&ssl=1&resize=525%2C300 1.5x"},"classes":[]},{"id":23516,"url":"https:\/\/larevistadigital.com.ar\/blog\/nena-de-9-anos-apunalo-a-su-padrastro-cuando-golpeaba-a-su-mama\/","url_meta":{"origin":21986,"position":2},"title":"NENA DE 9 A\u00d1OS APU\u00d1AL\u00d3 A SU PADRASTRO CUANDO GOLPEABA A SU MAM\u00c1","author":"Alejandro Sosa Ruda","date":"22 enero, 2022","format":false,"excerpt":"Mientras el hombre contin\u00faa internado, la causa fue caratulada como \u201cLesiones graves\u201d y qued\u00f3 a cargo del fiscal de la Unidad Funcional N\u00b0 4 de Pilar. Por estas horas se espera la declaraci\u00f3n testimonial de la madre de la nena. PABLO NOGU\u00c9S -\u00a0 Una nena de 9 a\u00f1os sali\u00f3 en\u2026","rel":"","context":"En \u00abINTERES GENERAL\u00bb","block_context":{"text":"INTERES GENERAL","link":"https:\/\/larevistadigital.com.ar\/blog\/category\/interes-general\/"},"img":{"alt_text":"","src":"https:\/\/i0.wp.com\/larevistadigital.com.ar\/blog\/wp-content\/uploads\/20220119175916_patrullero-2.jpg?fit=880%2C512&ssl=1&resize=350%2C200","width":350,"height":200,"srcset":"https:\/\/i0.wp.com\/larevistadigital.com.ar\/blog\/wp-content\/uploads\/20220119175916_patrullero-2.jpg?fit=880%2C512&ssl=1&resize=350%2C200 1x, https:\/\/i0.wp.com\/larevistadigital.com.ar\/blog\/wp-content\/uploads\/20220119175916_patrullero-2.jpg?fit=880%2C512&ssl=1&resize=525%2C300 1.5x, https:\/\/i0.wp.com\/larevistadigital.com.ar\/blog\/wp-content\/uploads\/20220119175916_patrullero-2.jpg?fit=880%2C512&ssl=1&resize=700%2C400 2x"},"classes":[]},{"id":31468,"url":"https:\/\/larevistadigital.com.ar\/blog\/tragedia-murio-una-nena-de-2-anos-golpeada-por-un-cano-que-llevaba-su-mama\/","url_meta":{"origin":21986,"position":3},"title":"TRAGEDIA: MURI\u00d3 UNA NENA DE 2 A\u00d1OS GOLPEADA POR UN CA\u00d1O QUE LLEVABA SU MAM\u00c1.","author":"Alejandro Sosa Ruda","date":"9 mayo, 2023","format":false,"excerpt":"La madre transportaba ca\u00f1os de calefacci\u00f3n en el changuito del supermercado y uno de ellos golpe\u00f3 en la cabeza a la nena. Un hombre que pasaba por el lugar llev\u00f3 a la nena hasta el Hospital Cura. All\u00ed fue recibida de urgencia por los profesionales del nosocomio, pero poco despu\u00e9s\u2026","rel":"","context":"En \u00abREGIONALES\u00bb","block_context":{"text":"REGIONALES","link":"https:\/\/larevistadigital.com.ar\/blog\/category\/regionales\/"},"img":{"alt_text":"","src":"https:\/\/i0.wp.com\/larevistadigital.com.ar\/blog\/wp-content\/uploads\/20230509144638_olav.jpg?fit=880%2C512&ssl=1&resize=350%2C200","width":350,"height":200,"srcset":"https:\/\/i0.wp.com\/larevistadigital.com.ar\/blog\/wp-content\/uploads\/20230509144638_olav.jpg?fit=880%2C512&ssl=1&resize=350%2C200 1x, https:\/\/i0.wp.com\/larevistadigital.com.ar\/blog\/wp-content\/uploads\/20230509144638_olav.jpg?fit=880%2C512&ssl=1&resize=525%2C300 1.5x, https:\/\/i0.wp.com\/larevistadigital.com.ar\/blog\/wp-content\/uploads\/20230509144638_olav.jpg?fit=880%2C512&ssl=1&resize=700%2C400 2x"},"classes":[]},{"id":9328,"url":"https:\/\/larevistadigital.com.ar\/blog\/chascomus-mama-pide-ayuda-desesperada-para-su-hijita-de-8-anos-y-hasta-ahora-las-autoridades-miran-hacia-otro-lado\/","url_meta":{"origin":21986,"position":4},"title":"CHASCOM\u00daS: MAM\u00c1 PIDE AYUDA DESESPERADA PARA SU HIJITA DE 8 A\u00d1OS Y HASTA AHORA LAS AUTORIDADES MIRAN HACIA OTRO LADO","author":"Alejandro Sosa Ruda","date":"25 marzo, 2019","format":false,"excerpt":"La madre de Sof\u00eda, una nena de 8 a\u00f1os, hizo p\u00fablico a trav\u00e9s de su perfil de facebook un pedido urgente y desesperado de ayuda en raz\u00f3n de la triste situaci\u00f3n que le toca enfrentar a su hijita por la\u00a0 enfermedad que padece. La criatura, est\u00e1 bajo tratamiento por \"pubertad\u2026","rel":"","context":"En \u00abDESTACADAS\u00bb","block_context":{"text":"DESTACADAS","link":"https:\/\/larevistadigital.com.ar\/blog\/category\/destacadas\/"},"img":{"alt_text":"","src":"https:\/\/i0.wp.com\/larevistadigital.com.ar\/blog\/wp-content\/uploads\/2019\/03\/SOF%C3%8DA-G..jpg?fit=515%2C326&ssl=1&resize=350%2C200","width":350,"height":200},"classes":[]},{"id":10912,"url":"https:\/\/larevistadigital.com.ar\/blog\/aberrante-una-nena-de-12-anos-era-sometida-a-golpes-y-violaciones-por-su-padrastro\/","url_meta":{"origin":21986,"position":5},"title":"ABERRANTE: UNA NENA DE 12 A\u00d1OS ERA SOMETIDA A GOLPES Y VIOLACIONES POR SU PADRASTRO","author":"Alejandro Sosa Ruda","date":"28 junio, 2019","format":false,"excerpt":"En las \u00faltimas horas, se detuvo a un sujeto acusado de abusar sexualmente de su hijastra cuando ten\u00eda 12 a\u00f1os. El acusado ten\u00eda pedido de detenci\u00f3n desde el 6 de junio pasado, cuando la C\u00e1mara Gesell y el peritaje ginecol\u00f3gico hab\u00edan dado positivos. Esto sucedi\u00f3 en la localidad de Brandsen\u2026","rel":"","context":"En \u00abDESTACADAS\u00bb","block_context":{"text":"DESTACADAS","link":"https:\/\/larevistadigital.com.ar\/blog\/category\/destacadas\/"},"img":{"alt_text":"","src":"https:\/\/i0.wp.com\/larevistadigital.com.ar\/blog\/wp-content\/uploads\/1523105026721abuso.jpg_642008156.jpg?fit=1024%2C768&ssl=1&resize=350%2C200","width":350,"height":200,"srcset":"https:\/\/i0.wp.com\/larevistadigital.com.ar\/blog\/wp-content\/uploads\/1523105026721abuso.jpg_642008156.jpg?fit=1024%2C768&ssl=1&resize=350%2C200 1x, https:\/\/i0.wp.com\/larevistadigital.com.ar\/blog\/wp-content\/uploads\/1523105026721abuso.jpg_642008156.jpg?fit=1024%2C768&ssl=1&resize=525%2C300 1.5x, https:\/\/i0.wp.com\/larevistadigital.com.ar\/blog\/wp-content\/uploads\/1523105026721abuso.jpg_642008156.jpg?fit=1024%2C768&ssl=1&resize=700%2C400 2x"},"classes":[]}],"_links":{"self":[{"href":"https:\/\/larevistadigital.com.ar\/blog\/wp-json\/wp\/v2\/posts\/21986","targetHints":{"allow":["GET"]}}],"collection":[{"href":"https:\/\/larevistadigital.com.ar\/blog\/wp-json\/wp\/v2\/posts"}],"about":[{"href":"https:\/\/larevistadigital.com.ar\/blog\/wp-json\/wp\/v2\/types\/post"}],"author":[{"embeddable":true,"href":"https:\/\/larevistadigital.com.ar\/blog\/wp-json\/wp\/v2\/users\/3"}],"replies":[{"embeddable":true,"href":"https:\/\/larevistadigital.com.ar\/blog\/wp-json\/wp\/v2\/comments?post=21986"}],"version-history":[{"count":1,"href":"https:\/\/larevistadigital.com.ar\/blog\/wp-json\/wp\/v2\/posts\/21986\/revisions"}],"predecessor-version":[{"id":21988,"href":"https:\/\/larevistadigital.com.ar\/blog\/wp-json\/wp\/v2\/posts\/21986\/revisions\/21988"}],"wp:featuredmedia":[{"embeddable":true,"href":"https:\/\/larevistadigital.com.ar\/blog\/wp-json\/wp\/v2\/media\/21987"}],"wp:attachment":[{"href":"https:\/\/larevistadigital.com.ar\/blog\/wp-json\/wp\/v2\/media?parent=21986"}],"wp:term":[{"taxonomy":"category","embeddable":true,"href":"https:\/\/larevistadigital.com.ar\/blog\/wp-json\/wp\/v2\/categories?post=21986"},{"taxonomy":"post_tag","embeddable":true,"href":"https:\/\/larevistadigital.com.ar\/blog\/wp-json\/wp\/v2\/tags?post=21986"}],"curies":[{"name":"wp","href":"https:\/\/api.w.org\/{rel}","templated":true}]}}