{"id":21990,"date":"2021-09-15T17:47:44","date_gmt":"2021-09-15T17:47:44","guid":{"rendered":"https:\/\/larevistadigital.com.ar\/blog\/?p=21990"},"modified":"2021-09-15T17:47:44","modified_gmt":"2021-09-15T17:47:44","slug":"atencion-anmat-prohibio-la-venta-de-barra-energizante-de-cereales","status":"publish","type":"post","link":"https:\/\/larevistadigital.com.ar\/blog\/atencion-anmat-prohibio-la-venta-de-barra-energizante-de-cereales\/","title":{"rendered":"ATENCI\u00d3N: ANMAT PROHIBI\u00d3 LA VENTA DE BARRA ENERGIZANTE DE CEREALES"},"content":{"rendered":"<h2 class=\"negrita\">El organismo, encargado de controlar los f\u00e1rmacos y alimentos en todo el pa\u00eds, determin\u00f3 que son\u00a0\u00abilegales\u00bb y dio la orden\u00a0de quitarlas del mercado.<\/h2>\n<div class=\"texto\">\n<p><strong>La Administraci\u00f3n Nacional de Medicamentos, Alimentos y Tecnolog\u00eda M\u00e9dica (ANMAT) orden\u00f3 la prohibici\u00f3n de la elaboraci\u00f3n, fraccionamiento y comercializaci\u00f3n de unas barras de cereales energizantes provenientes de Santa Fe.<\/strong>\u00a0La medida se comunic\u00f3\u00a0a trav\u00e9s de una disposici\u00f3n publicada este mi\u00e9rcoles en el Bolet\u00edn Oficial, tras el trabajo del\u00a0programa de monitoreo de la Agencia Santafesina de Seguridad Alimentaria (ASSAL) de aquella provincia.<\/p>\n<p>Mediante la Disposici\u00f3n 6987\/2021, se estableci\u00f3 prohibir \u00abla elaboraci\u00f3n, fraccionamiento y comercializaci\u00f3n en todo el territorio nacional del producto: Olympic, Barra energizante XL, 100% natural, sabor Crema de Man\u00ed, RNPA E\/T y Olympic, Granola proteica con Stevia fortificado con prote\u00ednas sin az\u00facar, RNPA E\/T, por carecer de registros de establecimiento y de producto, resultando ser en consecuencia un producto ilegal\u00bb.<\/p>\n<p><a href=\"https:\/\/i0.wp.com\/pxb.cdn.0221.com.ar\/0221\/092021\/1631706750209.jpeg?ssl=1\"><img data-recalc-dims=\"1\" decoding=\"async\" src=\"https:\/\/i0.wp.com\/pxb.cdn.0221.com.ar\/0221\/092021\/1631706750209.jpeg?ssl=1\" alt=\"\" \/><\/a><\/p>\n<p><em><strong>\u00abLos an\u00e1lisis de las muestras, mediante informes de laboratorio de la ASSAL N\u00b0 38217 y N\u00b0 38218, arrojaron como resultados, en lo que respecta a la rotulaci\u00f3n &#8216;No conforme&#8217;, por declarar RNPA E\/T y por no declarar el RNE, nombre y domicilio de la raz\u00f3n social\u00bb,<\/strong><\/em> informaron.<\/p>\n<blockquote>\n<h3 style=\"text-align: left\">Y en ese marco cerraron: \u00abEn consecuencia, la ASSAL emiti\u00f3 el Alerta Alimentaria N\u00b0 08\/2021, categorizada como Clase I, dirigida a todas las autoridades sanitarias jurisdiccionales del pa\u00eds y a la poblaci\u00f3n en general, y proh\u00edbe la elaboraci\u00f3n, tenencia, fraccionamiento, transporte, comercializaci\u00f3n y exposici\u00f3n en todo el territorio de la Rep\u00fablica Argentina y en su caso, el decomiso, desnaturalizaci\u00f3n y destino final, del citado producto\u00bb.<\/h3>\n<\/blockquote>\n<div class=\"contenedor__publicidad\">\n<div class=\"publicidad P12 \">\n<div id=\"eplAdDivvslider\" class=\"epl_ppp_iniciada\">\n<div id=\"sas_82007\">\n<div id=\"sas_container_8888137\"><\/div>\n<\/div>\n<\/div>\n<\/div>\n<\/div>\n<\/div>\n","protected":false},"excerpt":{"rendered":"<div class=\"mh-excerpt\"><p>El organismo, encargado de controlar los f\u00e1rmacos y alimentos en todo el pa\u00eds, determin\u00f3 que son\u00a0\u00abilegales\u00bb y dio la orden\u00a0de quitarlas del mercado. La Administraci\u00f3n Nacional de Medicamentos, Alimentos y Tecnolog\u00eda M\u00e9dica (ANMAT) orden\u00f3 la <a class=\"mh-excerpt-more\" href=\"https:\/\/larevistadigital.com.ar\/blog\/atencion-anmat-prohibio-la-venta-de-barra-energizante-de-cereales\/\" title=\"ATENCI\u00d3N: ANMAT PROHIBI\u00d3 LA VENTA DE BARRA ENERGIZANTE DE CEREALES\">[Leer M\u00e1s]<\/a><\/p>\n<\/div>","protected":false},"author":3,"featured_media":21991,"comment_status":"open","ping_status":"open","sticky":false,"template":"","format":"standard","meta":{"_jetpack_memberships_contains_paid_content":false,"footnotes":"","jetpack_publicize_message":"","jetpack_publicize_feature_enabled":true,"jetpack_social_post_already_shared":true,"jetpack_social_options":{"image_generator_settings":{"template":"highway","default_image_id":0,"font":"","enabled":false},"version":2}},"categories":[50],"tags":[],"class_list":{"0":"post-21990","1":"post","2":"type-post","3":"status-publish","4":"format-standard","5":"has-post-thumbnail","7":"category-interes-general"},"jetpack_publicize_connections":[],"jetpack_featured_media_url":"https:\/\/i0.wp.com\/larevistadigital.com.ar\/blog\/wp-content\/uploads\/barra_de_cereal.jpg_1112492631.jpg?fit=743%2C367&ssl=1","jetpack_sharing_enabled":true,"jetpack_shortlink":"https:\/\/wp.me\/p8qtrQ-5IG","jetpack-related-posts":[{"id":26966,"url":"https:\/\/larevistadigital.com.ar\/blog\/anmat-prohibio-la-venta-de-dos-mieles-y-tomate-triturado\/","url_meta":{"origin":21990,"position":0},"title":"ANMAT PROHIBI\u00d3 LA VENTA DE DOS MIELES Y TOMATE TRITURADO","author":"Alejandro Sosa Ruda","date":"4 agosto, 2022","format":false,"excerpt":"A trav\u00e9s de publicaciones hechas este jueves 4 de agosto en el Bolet\u00edn Oficial, la Administraci\u00f3n Nacional de Medicamentos, Alimentos y Tecnolog\u00eda M\u00e9dica (ANMAT) prohibi\u00f3 la elaboraci\u00f3n, la venta y la distribuci\u00f3n en todo el territorio argentino de dos mieles y un tomate triturado que incumpl\u00edan la normativa alimentaria vigente.\u2026","rel":"","context":"En \u00abINTERES GENERAL\u00bb","block_context":{"text":"INTERES GENERAL","link":"https:\/\/larevistadigital.com.ar\/blog\/category\/interes-general\/"},"img":{"alt_text":"","src":"https:\/\/i0.wp.com\/larevistadigital.com.ar\/blog\/wp-content\/uploads\/1659621509.jpeg?fit=848%2C477&ssl=1&resize=350%2C200","width":350,"height":200,"srcset":"https:\/\/i0.wp.com\/larevistadigital.com.ar\/blog\/wp-content\/uploads\/1659621509.jpeg?fit=848%2C477&ssl=1&resize=350%2C200 1x, https:\/\/i0.wp.com\/larevistadigital.com.ar\/blog\/wp-content\/uploads\/1659621509.jpeg?fit=848%2C477&ssl=1&resize=525%2C300 1.5x, https:\/\/i0.wp.com\/larevistadigital.com.ar\/blog\/wp-content\/uploads\/1659621509.jpeg?fit=848%2C477&ssl=1&resize=700%2C400 2x"},"classes":[]},{"id":23990,"url":"https:\/\/larevistadigital.com.ar\/blog\/prohibieron-en-todo-el-pais-el-consumo-de-una-marca-de-milanesas-de-soja\/","url_meta":{"origin":21990,"position":1},"title":"PROHIBIERON EN TODO EL PA\u00cdS EL CONSUMO DE UNA MARCA DE MILANESAS DE SOJA","author":"Alejandro Sosa Ruda","date":"15 febrero, 2022","format":false,"excerpt":"La Administraci\u00f3n Nacional de Medicamentos, Alimentos y Tecnolog\u00eda M\u00e9dica (ANMAT) hab\u00eda iniciado una investigaci\u00f3n tras una denuncia en Mendoza. La Administraci\u00f3n Nacional de Medicamentos, Alimentos y Tecnolog\u00eda M\u00e9dica (ANMAT) prohibi\u00f3 en las \u00faltimas horas\u00a0la elaboraci\u00f3n, el fraccionamiento y la comercializaci\u00f3n en todo el pa\u00eds de una milanesa de soja ilegal.\u2026","rel":"","context":"En \u00abINTERES GENERAL\u00bb","block_context":{"text":"INTERES GENERAL","link":"https:\/\/larevistadigital.com.ar\/blog\/category\/interes-general\/"},"img":{"alt_text":"","src":"https:\/\/i0.wp.com\/larevistadigital.com.ar\/blog\/wp-content\/uploads\/imagepng.png?fit=1200%2C676&ssl=1&resize=350%2C200","width":350,"height":200,"srcset":"https:\/\/i0.wp.com\/larevistadigital.com.ar\/blog\/wp-content\/uploads\/imagepng.png?fit=1200%2C676&ssl=1&resize=350%2C200 1x, https:\/\/i0.wp.com\/larevistadigital.com.ar\/blog\/wp-content\/uploads\/imagepng.png?fit=1200%2C676&ssl=1&resize=525%2C300 1.5x, https:\/\/i0.wp.com\/larevistadigital.com.ar\/blog\/wp-content\/uploads\/imagepng.png?fit=1200%2C676&ssl=1&resize=700%2C400 2x, https:\/\/i0.wp.com\/larevistadigital.com.ar\/blog\/wp-content\/uploads\/imagepng.png?fit=1200%2C676&ssl=1&resize=1050%2C600 3x"},"classes":[]},{"id":19827,"url":"https:\/\/larevistadigital.com.ar\/blog\/prohiben-la-venta-de-un-aceite-de-girasol\/","url_meta":{"origin":21990,"position":2},"title":"PROHIBEN LA VENTA DE UN ACEITE DE GIRASOL","author":"Alejandro Sosa Ruda","date":"23 abril, 2021","format":false,"excerpt":"Se trata del aceite marca \"El conquistador\" que carece de registros de establecimiento y est\u00e1 falsamente rotulado. La\u00a0Administraci\u00f3n Nacional de Medicamentos, Alimentos y Tecnolog\u00eda M\u00e9dica (Anmat)\u00a0prohibi\u00f3 este viernes la elaboraci\u00f3n, el fraccionamiento y la comercializaci\u00f3n en todo el pa\u00eds de un aceite de girasol. Seg\u00fan indic\u00f3 la Anmat en el\u2026","rel":"","context":"En \u00abINTERES GENERAL\u00bb","block_context":{"text":"INTERES GENERAL","link":"https:\/\/larevistadigital.com.ar\/blog\/category\/interes-general\/"},"img":{"alt_text":"","src":"https:\/\/i0.wp.com\/larevistadigital.com.ar\/blog\/wp-content\/uploads\/ACEITE-PROHIBIDO.png?fit=997%2C561&ssl=1&resize=350%2C200","width":350,"height":200,"srcset":"https:\/\/i0.wp.com\/larevistadigital.com.ar\/blog\/wp-content\/uploads\/ACEITE-PROHIBIDO.png?fit=997%2C561&ssl=1&resize=350%2C200 1x, https:\/\/i0.wp.com\/larevistadigital.com.ar\/blog\/wp-content\/uploads\/ACEITE-PROHIBIDO.png?fit=997%2C561&ssl=1&resize=525%2C300 1.5x, https:\/\/i0.wp.com\/larevistadigital.com.ar\/blog\/wp-content\/uploads\/ACEITE-PROHIBIDO.png?fit=997%2C561&ssl=1&resize=700%2C400 2x"},"classes":[]},{"id":15973,"url":"https:\/\/larevistadigital.com.ar\/blog\/anmat-prohibio-un-aceite-de-oliva\/","url_meta":{"origin":21990,"position":3},"title":"ANMAT PROHIBI\u00d3 UN ACEITE DE OLIVA","author":"Alejandro Sosa Ruda","date":"12 agosto, 2020","format":false,"excerpt":"La Administraci\u00f3n Nacional de Medicamentos, Alimentos y Tecnolog\u00eda M\u00e9dica (Anmat) prohibi\u00f3 la comercializaci\u00f3n de un aceite de oliva \"por ser un producto falsamente rotulado y en consecuencia ilegal\". Mediante la\u00a0Disposici\u00f3n 5923\/2020\u00a0, publicada este mi\u00e9rcoles en el Bolet\u00edn Oficial, se prohibi\u00f3 la comercializaci\u00f3n del\u00a0aceite de oliva marca Sabrooliva, fabricado en la\u2026","rel":"","context":"En \u00abINTERES GENERAL\u00bb","block_context":{"text":"INTERES GENERAL","link":"https:\/\/larevistadigital.com.ar\/blog\/category\/interes-general\/"},"img":{"alt_text":"","src":"https:\/\/i0.wp.com\/larevistadigital.com.ar\/blog\/wp-content\/uploads\/95995-olive-oil-507129-1280.jpg?fit=960%2C640&ssl=1&resize=350%2C200","width":350,"height":200,"srcset":"https:\/\/i0.wp.com\/larevistadigital.com.ar\/blog\/wp-content\/uploads\/95995-olive-oil-507129-1280.jpg?fit=960%2C640&ssl=1&resize=350%2C200 1x, https:\/\/i0.wp.com\/larevistadigital.com.ar\/blog\/wp-content\/uploads\/95995-olive-oil-507129-1280.jpg?fit=960%2C640&ssl=1&resize=525%2C300 1.5x, https:\/\/i0.wp.com\/larevistadigital.com.ar\/blog\/wp-content\/uploads\/95995-olive-oil-507129-1280.jpg?fit=960%2C640&ssl=1&resize=700%2C400 2x"},"classes":[]},{"id":14460,"url":"https:\/\/larevistadigital.com.ar\/blog\/la-anmat-prohibio-una-yerba-mate-por-tener-bacterias-que-causan-envenenamiento\/","url_meta":{"origin":21990,"position":4},"title":"LA ANMAT PROHIBI\u00d3 UNA YERBA MATE POR TENER BACTERIAS QUE CAUSAN ENVENENAMIENTO","author":"Alejandro Sosa Ruda","date":"31 enero, 2020","format":false,"excerpt":"El producto debi\u00f3 ser retirado del mercado porque estaba contaminado por tres tipos de bacterias. Por medio de la\u00a0disposici\u00f3n 481\/2020\u00a0publicada en el\u00a0Bolet\u00edn Oficial, la\u00a0Administraci\u00f3n Nacional de Medicamentos, Alimentos y Tecnolog\u00eda M\u00e9dica\u00a0(ANMAT) prohibi\u00f3 el uso, la comercializaci\u00f3n y la distribuci\u00f3n en toda la Rep\u00fablica Argentina del producto registrado como \u201cHierbas Serranas\u2026","rel":"","context":"En \u00abINTERES GENERAL\u00bb","block_context":{"text":"INTERES GENERAL","link":"https:\/\/larevistadigital.com.ar\/blog\/category\/interes-general\/"},"img":{"alt_text":"","src":"https:\/\/i0.wp.com\/larevistadigital.com.ar\/blog\/wp-content\/uploads\/yerba_mate_crop1580467237090.jpg_258117318.jpg?fit=829%2C466&ssl=1&resize=350%2C200","width":350,"height":200,"srcset":"https:\/\/i0.wp.com\/larevistadigital.com.ar\/blog\/wp-content\/uploads\/yerba_mate_crop1580467237090.jpg_258117318.jpg?fit=829%2C466&ssl=1&resize=350%2C200 1x, https:\/\/i0.wp.com\/larevistadigital.com.ar\/blog\/wp-content\/uploads\/yerba_mate_crop1580467237090.jpg_258117318.jpg?fit=829%2C466&ssl=1&resize=525%2C300 1.5x, https:\/\/i0.wp.com\/larevistadigital.com.ar\/blog\/wp-content\/uploads\/yerba_mate_crop1580467237090.jpg_258117318.jpg?fit=829%2C466&ssl=1&resize=700%2C400 2x"},"classes":[]},{"id":19322,"url":"https:\/\/larevistadigital.com.ar\/blog\/la-anmat-prohibio-la-venta-de-una-premezcla-para-hacer-pizzas-y-panes\/","url_meta":{"origin":21990,"position":5},"title":"LA ANMAT PROHIBI\u00d3 LA VENTA DE UNA PREMEZCLA PARA HACER PIZZAS Y PANES","author":"Alejandro Sosa Ruda","date":"18 marzo, 2021","format":false,"excerpt":"El organismo confirm\u00f3 la medida en el Bolet\u00edn Oficial y aseguran que el producto est\u00e1 contaminado y presenta irregularidades en su composici\u00f3n. Este jueves la\u00a0Administraci\u00f3n Nacional de Medicamentos, Alimentos y Tecnolog\u00eda M\u00e9dica (ANMAT) prohibi\u00f3 la comercializaci\u00f3n de una marca de premezclas utilizadas generalmente para hacer pizzas y panes. Se trata\u2026","rel":"","context":"En \u00abINTERES GENERAL\u00bb","block_context":{"text":"INTERES GENERAL","link":"https:\/\/larevistadigital.com.ar\/blog\/category\/interes-general\/"},"img":{"alt_text":"","src":"https:\/\/i0.wp.com\/larevistadigital.com.ar\/blog\/wp-content\/uploads\/SJ2YC5V7NNDLVD25LCWEJMYA5M.jpg?fit=1200%2C900&ssl=1&resize=350%2C200","width":350,"height":200,"srcset":"https:\/\/i0.wp.com\/larevistadigital.com.ar\/blog\/wp-content\/uploads\/SJ2YC5V7NNDLVD25LCWEJMYA5M.jpg?fit=1200%2C900&ssl=1&resize=350%2C200 1x, https:\/\/i0.wp.com\/larevistadigital.com.ar\/blog\/wp-content\/uploads\/SJ2YC5V7NNDLVD25LCWEJMYA5M.jpg?fit=1200%2C900&ssl=1&resize=525%2C300 1.5x, https:\/\/i0.wp.com\/larevistadigital.com.ar\/blog\/wp-content\/uploads\/SJ2YC5V7NNDLVD25LCWEJMYA5M.jpg?fit=1200%2C900&ssl=1&resize=700%2C400 2x, https:\/\/i0.wp.com\/larevistadigital.com.ar\/blog\/wp-content\/uploads\/SJ2YC5V7NNDLVD25LCWEJMYA5M.jpg?fit=1200%2C900&ssl=1&resize=1050%2C600 3x"},"classes":[]}],"_links":{"self":[{"href":"https:\/\/larevistadigital.com.ar\/blog\/wp-json\/wp\/v2\/posts\/21990","targetHints":{"allow":["GET"]}}],"collection":[{"href":"https:\/\/larevistadigital.com.ar\/blog\/wp-json\/wp\/v2\/posts"}],"about":[{"href":"https:\/\/larevistadigital.com.ar\/blog\/wp-json\/wp\/v2\/types\/post"}],"author":[{"embeddable":true,"href":"https:\/\/larevistadigital.com.ar\/blog\/wp-json\/wp\/v2\/users\/3"}],"replies":[{"embeddable":true,"href":"https:\/\/larevistadigital.com.ar\/blog\/wp-json\/wp\/v2\/comments?post=21990"}],"version-history":[{"count":1,"href":"https:\/\/larevistadigital.com.ar\/blog\/wp-json\/wp\/v2\/posts\/21990\/revisions"}],"predecessor-version":[{"id":21992,"href":"https:\/\/larevistadigital.com.ar\/blog\/wp-json\/wp\/v2\/posts\/21990\/revisions\/21992"}],"wp:featuredmedia":[{"embeddable":true,"href":"https:\/\/larevistadigital.com.ar\/blog\/wp-json\/wp\/v2\/media\/21991"}],"wp:attachment":[{"href":"https:\/\/larevistadigital.com.ar\/blog\/wp-json\/wp\/v2\/media?parent=21990"}],"wp:term":[{"taxonomy":"category","embeddable":true,"href":"https:\/\/larevistadigital.com.ar\/blog\/wp-json\/wp\/v2\/categories?post=21990"},{"taxonomy":"post_tag","embeddable":true,"href":"https:\/\/larevistadigital.com.ar\/blog\/wp-json\/wp\/v2\/tags?post=21990"}],"curies":[{"name":"wp","href":"https:\/\/api.w.org\/{rel}","templated":true}]}}