{"id":21999,"date":"2021-09-17T03:18:50","date_gmt":"2021-09-17T03:18:50","guid":{"rendered":"https:\/\/larevistadigital.com.ar\/blog\/?p=21999"},"modified":"2021-09-17T03:18:50","modified_gmt":"2021-09-17T03:18:50","slug":"cristina-pateo-el-tabero-con-una-carta-y-alberto-piensa-con-su-entorno-como-reaccionar","status":"publish","type":"post","link":"https:\/\/larevistadigital.com.ar\/blog\/cristina-pateo-el-tabero-con-una-carta-y-alberto-piensa-con-su-entorno-como-reaccionar\/","title":{"rendered":"CRISTINA PATE\u00d3 EL TABERO CON UNA \u00abCARTA\u00bb Y ALBERTO PIENSA CON SU ENTORNO C\u00d3MO REACCIONAR"},"content":{"rendered":"<h2>Las frases m\u00e1s importantes de la carta que dej\u00f3 expuesto lo que ya se sab\u00eda. La relaci\u00f3n entre Alberto y Cristina pareciera haberse roto de manera definitiva<\/h2>\n<p class=\"paragraph\">La vicepresidenta\u00a0<b>Cristina Kirchner<\/b>\u00a0public\u00f3 una carta en la que se expres\u00f3 acerca de la crisis pol\u00edtica interna que atraviesa el Gobierno luego de que diversos ministros y funcionarios que responden a ella pusieran sus renuncias a disposici\u00f3n de\u00a0<b>Alberto Fern\u00e1ndez<\/b>, como m\u00e9todo de presi\u00f3n para que reformule su Gabinete y el rumbo de su gesti\u00f3n. Aqu\u00ed las 15 frases m\u00e1s resonantes:<\/p>\n<p class=\"paragraph\"><strong><em>\u201cComo no soy mentirosa y mucho menos hip\u00f3crita, debo mencionar que durante el a\u00f1o 2021 tuve 19 reuniones de trabajo en Olivos con el Presidente de la Naci\u00f3n. Nos vemos all\u00ed y no en la Casa Rosada a propuesta m\u00eda y con la intenci\u00f3n de evitar cualquier tipo de especulaci\u00f3n y operaci\u00f3n medi\u00e1tica de desgaste institucional\u201d<\/em><\/strong>.<\/p>\n<p class=\"paragraph\"><em><strong><mark class=\"hl_yellow\">\u201cEn las primeras 18 reuniones, siempre le plante\u00e9 al Presidente lo que para m\u00ed constitu\u00eda una delicada situaci\u00f3n social y que se traduc\u00eda, entre otras cosas, en atraso salarial, descontrol de precios y falta de trabajo, sin desconocer, obviamente, el impacto de las dos pandemias: la macrista primero y la sanitaria a los 99 d\u00edas de haber asumido el gobierno. Igualmente siempre remarqu\u00e9 la falta de efectividad en distintas \u00e1reas de gobierno\u201d.<\/mark><\/strong><\/em><\/p>\n<p class=\"paragraph\"><em><strong>\u201cTambi\u00e9n se\u00f1al\u00e9 que cre\u00eda que se estaba llevando a cabo una pol\u00edtica de ajuste fiscal equivocada que estaba impactando negativamente en la actividad econ\u00f3mica y, por lo tanto, en el conjunto de la sociedad y que, indudablemente, esto iba a tener consecuencias electorales\u201d.<\/strong><\/em><\/p>\n<p class=\"paragraph\"><em><strong><mark class=\"hl_yellow\">\u201cNo lo dije una vez\u2026 me cans\u00e9 de decirlo\u2026 y no s\u00f3lo al Presidente de la Naci\u00f3n. La respuesta siempre fue que no era as\u00ed, que estaba equivocada y que, de acuerdo a las encuestas,\u00a0 \u00edbamos a ganar \u2018muy bien\u2019 las elecciones\u201d<\/mark><\/strong><\/em><\/p>\n<p class=\"paragraph\"><em><strong>\u201cMientras escribo estas l\u00edneas tengo el televisor encendido pero muteado y leo un graph: \u2018Alberto jaqueado por Cristina\u2019. No\u2026 no soy yo. Por m\u00e1s que intenten ocultarlo, es el resultado de la elecci\u00f3n y la realidad\u201d<\/strong><\/em>.<\/p>\n<p class=\"paragraph\"><em><strong><mark class=\"hl_yellow\">\u201cAhora, al d\u00eda siguiente de semejante cat\u00e1strofe pol\u00edtica, uno escuchaba a algunos funcionarios y parec\u00eda que en este pa\u00eds no hab\u00eda pasado nada, fingiendo normalidad y, sobre todo, atornill\u00e1ndose a los sillones\u201d.<\/mark><\/strong><\/em><\/p>\n<p class=\"paragraph\"><em><strong>\u201c\u00bfEn serio creen que no es necesario, despu\u00e9s de semejante derrota, presentar p\u00fablicamente las renuncias y que se sepa la actitud de los funcionarios y funcionarias de facilitarle al Presidente la reorganizaci\u00f3n de su gobierno?\u201d.<\/strong><\/em><\/p>\n<p class=\"paragraph\"><em><strong><mark class=\"hl_yellow\">\u201cEl martes 14 tuvo lugar, otra vez en Olivos, mi \u00faltima reuni\u00f3n con el Presidente de la Naci\u00f3n. Hab\u00edan transcurrido 48 hs sin que se comunicara conmigo y me pareci\u00f3 prudente llamarlo y decirle que ten\u00eda que hablar con \u00e9l. Deje pasar 48 hs deliberadamente, para ver si llamaba (debo decir que de las 19 reuniones, la mayor\u00eda fueron a iniciativa m\u00eda)\u201d.<\/mark><\/strong><\/em><\/p>\n<p class=\"paragraph\"><em><strong>\u201cAll\u00ed le manifest\u00e9 que era necesario relanzar su Gobierno y le propuse nombres como el del Gobernador Juan Manzur para la Jefatura de Gabinete\u201d.<\/strong><\/em><\/p>\n<p class=\"paragraph\"><em><strong><mark class=\"hl_yellow\">\u201cNo voy a seguir tolerando las operaciones de prensa que desde el propio entorno presidencial a trav\u00e9s de su vocero se hacen sobre m\u00ed y sobre nuestro espacio pol\u00edtico: Alberto Fern\u00e1ndez quer\u00eda que el Dr. Eduardo De Pedro fuera su Jefe de Gabinete y fui yo la que no estuvo de acuerdo. Mal podr\u00eda ahora promoverlo para ese cargo\u201d.<\/mark><\/strong><\/em><\/p>\n<p class=\"paragraph\"><em><strong>\u201cUn vocero presidencial al que nadie le conoce la voz. \u00bfO tiene alguna otra funci\u00f3n que desconocemos? \u00bfLa de hacer operaciones en off por ejemplo? Verdadero misterio. Por la misma raz\u00f3n me comuniqu\u00e9 con el Ministro de Econom\u00eda cuando se difundi\u00f3 falsamente que en la reuni\u00f3n que mantuve con el Presidente de la Naci\u00f3n hab\u00eda pedido su renuncia\u201d.<\/strong><\/em><\/p>\n<p class=\"paragraph\"><em><strong><mark class=\"hl_yellow\">\u201cLas operaciones son permanentes y, finalmente, s\u00f3lo terminan desgastando al gobierno. Es incre\u00edble que no lo adviertan. Es una pena tanto da\u00f1o autoinfligido\u201d.<\/mark><\/strong><\/em><\/p>\n<p class=\"paragraph\"><em><strong>\u201cConf\u00edo, sinceramente, que con la misma fuerza y convicci\u00f3n que enfrent\u00f3 la pandemia, el Presidente no solamente va a relanzar su gobierno, sino que se va a sentar con su Ministro de Econom\u00eda para mirar los n\u00fameros del presupuesto\u201d.<\/strong><\/em><\/p>\n<p class=\"paragraph\"><em><strong><mark class=\"hl_yellow\">\u201cHasta he sufrido un vicepresidente declaradamente opositor a nuestro gobierno. Duerman tranquilos los argentinos y las argentinas\u2026 eso nunca va a suceder conmigo\u201d.<\/mark><\/strong><\/em><\/p>\n<p class=\"paragraph\"><em><strong>\u201cCuando tom\u00e9 la decisi\u00f3n, y lo hago en la primera persona del singular porque fue realmente as\u00ed, de proponer a Alberto Fern\u00e1ndez como candidato a Presidente de todos los argentinos y las argentinas, lo hice con la convicci\u00f3n de que era lo mejor para mi Patria. S\u00f3lo le pido al Presidente que honre aquella decisi\u00f3n\u201d.<\/strong><\/em><\/p>\n<p>publicado en infobae<\/p>\n","protected":false},"excerpt":{"rendered":"<div class=\"mh-excerpt\"><p>Las frases m\u00e1s importantes de la carta que dej\u00f3 expuesto lo que ya se sab\u00eda. La relaci\u00f3n entre Alberto y Cristina pareciera haberse roto de manera definitiva La vicepresidenta\u00a0Cristina Kirchner\u00a0public\u00f3 una carta en la que <a class=\"mh-excerpt-more\" href=\"https:\/\/larevistadigital.com.ar\/blog\/cristina-pateo-el-tabero-con-una-carta-y-alberto-piensa-con-su-entorno-como-reaccionar\/\" title=\"CRISTINA PATE\u00d3 EL TABERO CON UNA \u00abCARTA\u00bb Y ALBERTO PIENSA CON SU ENTORNO C\u00d3MO REACCIONAR\">[Leer M\u00e1s]<\/a><\/p>\n<\/div>","protected":false},"author":3,"featured_media":22000,"comment_status":"open","ping_status":"open","sticky":false,"template":"","format":"standard","meta":{"_jetpack_memberships_contains_paid_content":false,"footnotes":"","jetpack_publicize_message":"","jetpack_publicize_feature_enabled":true,"jetpack_social_post_already_shared":true,"jetpack_social_options":{"image_generator_settings":{"template":"highway","default_image_id":0,"font":"","enabled":false},"version":2}},"categories":[41],"tags":[],"class_list":{"0":"post-21999","1":"post","2":"type-post","3":"status-publish","4":"format-standard","5":"has-post-thumbnail","7":"category-destacadas"},"jetpack_publicize_connections":[],"jetpack_featured_media_url":"https:\/\/i0.wp.com\/larevistadigital.com.ar\/blog\/wp-content\/uploads\/35c76392-cc0e-4d73-9c8f-346857dc9b49_16-9-discover-aspect-ratio_default_0.jpg?fit=1200%2C675&ssl=1","jetpack_sharing_enabled":true,"jetpack_shortlink":"https:\/\/wp.me\/p8qtrQ-5IP","jetpack-related-posts":[{"id":18051,"url":"https:\/\/larevistadigital.com.ar\/blog\/estela-de-carlotto-apoyo-a-boudou-y-apunto-contra-la-justicia\/","url_meta":{"origin":21999,"position":0},"title":"ESTELA DE CARLOTTO APOY\u00d3 A BOUDOU, Y APUNT\u00d3 CONTRA LA JUSTICIA","author":"Alejandro Sosa Ruda","date":"10 diciembre, 2020","format":false,"excerpt":"\"Al gobierno de Alberto Fern\u00e1ndez le piden cosas que no se pueden hacer en un a\u00f1o. Hace lo m\u00e1s necesario y urgente. Puso el foco en la pandemia, en salvar vidas, y tambi\u00e9n en la deuda externa. Dos temas dur\u00edsimos en los que hubo que trabajar, y se sigue trabajando.\u2026","rel":"","context":"En \u00abINTERES GENERAL\u00bb","block_context":{"text":"INTERES GENERAL","link":"https:\/\/larevistadigital.com.ar\/blog\/category\/interes-general\/"},"img":{"alt_text":"","src":"https:\/\/i0.wp.com\/larevistadigital.com.ar\/blog\/wp-content\/uploads\/Estela-de-Carlotto.jpg?fit=1147%2C765&ssl=1&resize=350%2C200","width":350,"height":200,"srcset":"https:\/\/i0.wp.com\/larevistadigital.com.ar\/blog\/wp-content\/uploads\/Estela-de-Carlotto.jpg?fit=1147%2C765&ssl=1&resize=350%2C200 1x, https:\/\/i0.wp.com\/larevistadigital.com.ar\/blog\/wp-content\/uploads\/Estela-de-Carlotto.jpg?fit=1147%2C765&ssl=1&resize=525%2C300 1.5x, https:\/\/i0.wp.com\/larevistadigital.com.ar\/blog\/wp-content\/uploads\/Estela-de-Carlotto.jpg?fit=1147%2C765&ssl=1&resize=700%2C400 2x, https:\/\/i0.wp.com\/larevistadigital.com.ar\/blog\/wp-content\/uploads\/Estela-de-Carlotto.jpg?fit=1147%2C765&ssl=1&resize=1050%2C600 3x"},"classes":[]},{"id":24649,"url":"https:\/\/larevistadigital.com.ar\/blog\/gabriela-cerruti-reconocio-la-interna-entre-alberto-y-cristina-bueno-ya-vimos-como-se-voto-anoche\/","url_meta":{"origin":21999,"position":1},"title":"GABRIELA CERRUTI RECONOCI\u00d3 LA INTERNA ENTRE ALBERTO Y CRISTINA: \u00abBUENO, YA VIMOS COMO SE VOT\u00d3 ANOCHE\u00bb","author":"Alejandro Sosa Ruda","date":"18 marzo, 2022","format":false,"excerpt":"La portavoz de la Presidencia volvi\u00f3 a hablar de la relaci\u00f3n entre\u00a0el presidente y la vicepresidenta. Fue luego de que el acuerdo con el FMI recibi\u00f3 13 votos en contra en el Senado, todos de legisladores kirchneristas. Este jueves Cerruti tambi\u00e9n hab\u00eda revelado que la exmandataria\u00a0no le respondi\u00f3 un llamado\u2026","rel":"","context":"En \u00abDESTACADAS\u00bb","block_context":{"text":"DESTACADAS","link":"https:\/\/larevistadigital.com.ar\/blog\/category\/destacadas\/"},"img":{"alt_text":"","src":"https:\/\/i0.wp.com\/larevistadigital.com.ar\/blog\/wp-content\/uploads\/alberto-y-cristina-1310987.jpg?fit=1200%2C675&ssl=1&resize=350%2C200","width":350,"height":200,"srcset":"https:\/\/i0.wp.com\/larevistadigital.com.ar\/blog\/wp-content\/uploads\/alberto-y-cristina-1310987.jpg?fit=1200%2C675&ssl=1&resize=350%2C200 1x, https:\/\/i0.wp.com\/larevistadigital.com.ar\/blog\/wp-content\/uploads\/alberto-y-cristina-1310987.jpg?fit=1200%2C675&ssl=1&resize=525%2C300 1.5x, https:\/\/i0.wp.com\/larevistadigital.com.ar\/blog\/wp-content\/uploads\/alberto-y-cristina-1310987.jpg?fit=1200%2C675&ssl=1&resize=700%2C400 2x, https:\/\/i0.wp.com\/larevistadigital.com.ar\/blog\/wp-content\/uploads\/alberto-y-cristina-1310987.jpg?fit=1200%2C675&ssl=1&resize=1050%2C600 3x"},"classes":[]},{"id":14010,"url":"https:\/\/larevistadigital.com.ar\/blog\/upps-insolita-declaracion-de-la-intendenta-de-moreno-cristina-lo-esta-dejando-ser-presidente-a-alberto\/","url_meta":{"origin":21999,"position":2},"title":"UPPS! INS\u00d3LITA DECLARACI\u00d3N DE LA INTENDENTA DE MORENO: \u00abCRISTINA LO EST\u00c1 DEJANDO SER PRESIDENTE A ALBERTO\u00bb","author":"Alejandro Sosa Ruda","date":"6 enero, 2020","format":false,"excerpt":"La jefa comunal del Frente de Todos y dirigente del Movimiento Evita sorprendi\u00f3 al expresar:\u00a0\"Cristina, que es la conducci\u00f3n para m\u00ed, hizo una propuesta que es Alberto y lo est\u00e1 dejando ser presidente a \u00e9l\". Fue durante una entrevista a un matutino porte\u00f1o, donde tambi\u00e9n critic\u00f3 a su antecesor, el\u2026","rel":"","context":"En \u00abINTERES GENERAL\u00bb","block_context":{"text":"INTERES GENERAL","link":"https:\/\/larevistadigital.com.ar\/blog\/category\/interes-general\/"},"img":{"alt_text":"","src":"https:\/\/i0.wp.com\/larevistadigital.com.ar\/blog\/wp-content\/uploads\/mariel.jpg?fit=600%2C375&ssl=1&resize=350%2C200","width":350,"height":200,"srcset":"https:\/\/i0.wp.com\/larevistadigital.com.ar\/blog\/wp-content\/uploads\/mariel.jpg?fit=600%2C375&ssl=1&resize=350%2C200 1x, https:\/\/i0.wp.com\/larevistadigital.com.ar\/blog\/wp-content\/uploads\/mariel.jpg?fit=600%2C375&ssl=1&resize=525%2C300 1.5x"},"classes":[]},{"id":3668,"url":"https:\/\/larevistadigital.com.ar\/blog\/vido-escribio-una-contundente-carta-cristina-los-diputados-k\/","url_meta":{"origin":21999,"position":3},"title":"DE VIDO ESCRIBI\u00d3 UNA CONTUNDENTE CARTA CONTRA CRISTINA Y LOS DIPUTADOS K","author":"Alejandro Sosa Ruda","date":"31 octubre, 2017","format":false,"excerpt":"SIN MENCIONARLA LA FUSTIG\u00d3 HACIENDO REFERENCIA A DECLARACIONES DE LA EX PRESIDENTE Julio De Vido, el ex ministro de N\u00e9stor y Cristina que se encuentra detenido desde hace seis d\u00edas en Ezeiza, public\u00f3 hoy una carta en donde fustig\u00f3 con dureza, pero sin nombrarla a la ex presidente Cristina Fern\u00e1ndez\u2026","rel":"","context":"En \u00abPOLITICA\u00bb","block_context":{"text":"POLITICA","link":"https:\/\/larevistadigital.com.ar\/blog\/category\/politica\/"},"img":{"alt_text":"","src":"https:\/\/i0.wp.com\/larevistadigital.com.ar\/blog\/wp-content\/uploads\/2017\/10\/julio-de-vido-detenido-2557889w620.jpg?fit=620%2C348&ssl=1&resize=350%2C200","width":350,"height":200,"srcset":"https:\/\/i0.wp.com\/larevistadigital.com.ar\/blog\/wp-content\/uploads\/2017\/10\/julio-de-vido-detenido-2557889w620.jpg?fit=620%2C348&ssl=1&resize=350%2C200 1x, https:\/\/i0.wp.com\/larevistadigital.com.ar\/blog\/wp-content\/uploads\/2017\/10\/julio-de-vido-detenido-2557889w620.jpg?fit=620%2C348&ssl=1&resize=525%2C300 1.5x"},"classes":[]},{"id":27693,"url":"https:\/\/larevistadigital.com.ar\/blog\/el-presidente-tras-el-ataque-a-cristina-hablaban-de-que-el-proximo-soy-yo\/","url_meta":{"origin":21999,"position":4},"title":"EL PRESIDENTE TRAS EL ATAQUE A CRISTINA: \u00abHABLABAN DE QUE EL PR\u00d3XIMO SOY YO\u00bb","author":"Alejandro Sosa Ruda","date":"12 septiembre, 2022","format":false,"excerpt":"En un reportaje con un medio espa\u00f1ol, Alberto Fern\u00e1ndez revel\u00f3 conversaciones entre los agresores. \"Hay que estar atentos\", advirti\u00f3. 12 de septiembre de 2022 El presidente Alberto Fern\u00e1ndez calific\u00f3 al intento de magnicidio que sufri\u00f3 la vicepresidente Cristina Fern\u00e1ndez de Kirchner como \u00abun momento de conmoci\u00f3n para todos\u00bb,\u00a0asegur\u00f3 que lo\u2026","rel":"","context":"En \u00abINTERES GENERAL\u00bb","block_context":{"text":"INTERES GENERAL","link":"https:\/\/larevistadigital.com.ar\/blog\/category\/interes-general\/"},"img":{"alt_text":"","src":"https:\/\/i0.wp.com\/larevistadigital.com.ar\/blog\/wp-content\/uploads\/PRESI-1.png?fit=803%2C486&ssl=1&resize=350%2C200","width":350,"height":200,"srcset":"https:\/\/i0.wp.com\/larevistadigital.com.ar\/blog\/wp-content\/uploads\/PRESI-1.png?fit=803%2C486&ssl=1&resize=350%2C200 1x, https:\/\/i0.wp.com\/larevistadigital.com.ar\/blog\/wp-content\/uploads\/PRESI-1.png?fit=803%2C486&ssl=1&resize=525%2C300 1.5x, https:\/\/i0.wp.com\/larevistadigital.com.ar\/blog\/wp-content\/uploads\/PRESI-1.png?fit=803%2C486&ssl=1&resize=700%2C400 2x"},"classes":[]},{"id":26293,"url":"https:\/\/larevistadigital.com.ar\/blog\/cristina-en-ensenada-y-la-respuesta-al-presidente-peron-cazo-la-lapicera-y-no-la-largo-mas\/","url_meta":{"origin":21999,"position":5},"title":"CRISTINA EN ENSENADA Y LA RESPUESTA AL PRESIDENTE \u00abPER\u00d3N CAZ\u00d3 LA LAPICERA Y NO LA LARG\u00d3 M\u00c1S\u00bb","author":"Alejandro Sosa Ruda","date":"2 julio, 2022","format":false,"excerpt":"La vicepresidenta volvi\u00f3 a responderle a Alberto Fern\u00e1ndez, al encabezar este s\u00e1bado un acto en Ensenada en otra de las conmemoraciones por el 48\u00ba aniversario del fallecimiento del general Juan Domingo Per\u00f3n. Volvi\u00f3 a disparar contra el Movimiento Evita. \u201cEleg\u00ed alg\u00fan p\u00e1rrafo de los que N\u00e9stor ten\u00eda se\u00f1alados en un\u2026","rel":"","context":"En \u00abINTERES GENERAL\u00bb","block_context":{"text":"INTERES GENERAL","link":"https:\/\/larevistadigital.com.ar\/blog\/category\/interes-general\/"},"img":{"alt_text":"","src":"https:\/\/i0.wp.com\/larevistadigital.com.ar\/blog\/wp-content\/uploads\/Captura-de-pantalla-2022-07-02-232013.png?fit=800%2C740&ssl=1&resize=350%2C200","width":350,"height":200,"srcset":"https:\/\/i0.wp.com\/larevistadigital.com.ar\/blog\/wp-content\/uploads\/Captura-de-pantalla-2022-07-02-232013.png?fit=800%2C740&ssl=1&resize=350%2C200 1x, https:\/\/i0.wp.com\/larevistadigital.com.ar\/blog\/wp-content\/uploads\/Captura-de-pantalla-2022-07-02-232013.png?fit=800%2C740&ssl=1&resize=525%2C300 1.5x, https:\/\/i0.wp.com\/larevistadigital.com.ar\/blog\/wp-content\/uploads\/Captura-de-pantalla-2022-07-02-232013.png?fit=800%2C740&ssl=1&resize=700%2C400 2x"},"classes":[]}],"_links":{"self":[{"href":"https:\/\/larevistadigital.com.ar\/blog\/wp-json\/wp\/v2\/posts\/21999","targetHints":{"allow":["GET"]}}],"collection":[{"href":"https:\/\/larevistadigital.com.ar\/blog\/wp-json\/wp\/v2\/posts"}],"about":[{"href":"https:\/\/larevistadigital.com.ar\/blog\/wp-json\/wp\/v2\/types\/post"}],"author":[{"embeddable":true,"href":"https:\/\/larevistadigital.com.ar\/blog\/wp-json\/wp\/v2\/users\/3"}],"replies":[{"embeddable":true,"href":"https:\/\/larevistadigital.com.ar\/blog\/wp-json\/wp\/v2\/comments?post=21999"}],"version-history":[{"count":1,"href":"https:\/\/larevistadigital.com.ar\/blog\/wp-json\/wp\/v2\/posts\/21999\/revisions"}],"predecessor-version":[{"id":22001,"href":"https:\/\/larevistadigital.com.ar\/blog\/wp-json\/wp\/v2\/posts\/21999\/revisions\/22001"}],"wp:featuredmedia":[{"embeddable":true,"href":"https:\/\/larevistadigital.com.ar\/blog\/wp-json\/wp\/v2\/media\/22000"}],"wp:attachment":[{"href":"https:\/\/larevistadigital.com.ar\/blog\/wp-json\/wp\/v2\/media?parent=21999"}],"wp:term":[{"taxonomy":"category","embeddable":true,"href":"https:\/\/larevistadigital.com.ar\/blog\/wp-json\/wp\/v2\/categories?post=21999"},{"taxonomy":"post_tag","embeddable":true,"href":"https:\/\/larevistadigital.com.ar\/blog\/wp-json\/wp\/v2\/tags?post=21999"}],"curies":[{"name":"wp","href":"https:\/\/api.w.org\/{rel}","templated":true}]}}