{"id":22064,"date":"2021-09-20T23:33:56","date_gmt":"2021-09-20T23:33:56","guid":{"rendered":"https:\/\/larevistadigital.com.ar\/blog\/?p=22064"},"modified":"2021-09-20T23:33:56","modified_gmt":"2021-09-20T23:33:56","slug":"vuelco-en-camino-rural-en-el-mediodia-de-este-lunes","status":"publish","type":"post","link":"https:\/\/larevistadigital.com.ar\/blog\/vuelco-en-camino-rural-en-el-mediodia-de-este-lunes\/","title":{"rendered":"VUELCO EN CAMINO RURAL EN EL MEDIOD\u00cdA DE ESTE LUNES"},"content":{"rendered":"<p><strong>AYACUCHO &#8211;<\/strong> Las malas condiciones del camino rural habr\u00edan ocasionado un vuelvo de un auto este lunes al mediod\u00eda, en el camino que une la localidad de Fair con la Ruta 74. La mujer que conduc\u00eda el Peugeot 307 debi\u00f3 ser trasladada al Hospital Municipal con una fractura en la cadera adem\u00e1s de politraumatismos varios pero que no revisten gravedad.<\/p>\n<p>fuente: ayacucho al d\u00eda<\/p>\n","protected":false},"excerpt":{"rendered":"<div class=\"mh-excerpt\"><p>AYACUCHO &#8211; Las malas condiciones del camino rural habr\u00edan ocasionado un vuelvo de un auto este lunes al mediod\u00eda, en el camino que une la localidad de Fair con la Ruta 74. La mujer que <a class=\"mh-excerpt-more\" href=\"https:\/\/larevistadigital.com.ar\/blog\/vuelco-en-camino-rural-en-el-mediodia-de-este-lunes\/\" title=\"VUELCO EN CAMINO RURAL EN EL MEDIOD\u00cdA DE ESTE LUNES\">[Leer M\u00e1s]<\/a><\/p>\n<\/div>","protected":false},"author":3,"featured_media":22065,"comment_status":"open","ping_status":"open","sticky":false,"template":"","format":"standard","meta":{"_jetpack_memberships_contains_paid_content":false,"footnotes":"","jetpack_publicize_message":"","jetpack_publicize_feature_enabled":true,"jetpack_social_post_already_shared":true,"jetpack_social_options":{"image_generator_settings":{"template":"highway","default_image_id":0,"font":"","enabled":false},"version":2}},"categories":[44,51],"tags":[],"class_list":{"0":"post-22064","1":"post","2":"type-post","3":"status-publish","4":"format-standard","5":"has-post-thumbnail","7":"category-policiales","8":"category-regionales"},"jetpack_publicize_connections":[],"jetpack_featured_media_url":"https:\/\/i0.wp.com\/larevistadigital.com.ar\/blog\/wp-content\/uploads\/vuelco-peugeot.jpg?fit=500%2C261&ssl=1","jetpack_sharing_enabled":true,"jetpack_shortlink":"https:\/\/wp.me\/p8qtrQ-5JS","jetpack-related-posts":[{"id":14627,"url":"https:\/\/larevistadigital.com.ar\/blog\/fatal-accidente-en-un-camino-rural-tres-muertos\/","url_meta":{"origin":22064,"position":0},"title":"FATAL ACCIDENTE EN UN CAMINO RURAL: TRES MUERTOS","author":"Alejandro Sosa Ruda","date":"4 febrero, 2020","format":false,"excerpt":"El fatal vuelco de un veh\u00edculo en un camino rural, enluta a toda la ciudad de\u00a0Ayacucho\u00a0luego que murieran tres personas producto del siniestro. Todo sucedi\u00f3 en las primeras horas de la tarde de este martes en el camino \u201cEl Cortijo\u201d a 10 kil\u00f3metros de\u00a0Ruta 74,\u00a0en el ingreso a un establecimiento.\u2026","rel":"","context":"En \u00abREGIONALES\u00bb","block_context":{"text":"REGIONALES","link":"https:\/\/larevistadigital.com.ar\/blog\/category\/regionales\/"},"img":{"alt_text":"","src":"https:\/\/i0.wp.com\/larevistadigital.com.ar\/blog\/wp-content\/uploads\/Screenshot_1-93.jpg?fit=1144%2C490&ssl=1&resize=350%2C200","width":350,"height":200,"srcset":"https:\/\/i0.wp.com\/larevistadigital.com.ar\/blog\/wp-content\/uploads\/Screenshot_1-93.jpg?fit=1144%2C490&ssl=1&resize=350%2C200 1x, https:\/\/i0.wp.com\/larevistadigital.com.ar\/blog\/wp-content\/uploads\/Screenshot_1-93.jpg?fit=1144%2C490&ssl=1&resize=525%2C300 1.5x, https:\/\/i0.wp.com\/larevistadigital.com.ar\/blog\/wp-content\/uploads\/Screenshot_1-93.jpg?fit=1144%2C490&ssl=1&resize=700%2C400 2x, https:\/\/i0.wp.com\/larevistadigital.com.ar\/blog\/wp-content\/uploads\/Screenshot_1-93.jpg?fit=1144%2C490&ssl=1&resize=1050%2C600 3x"},"classes":[]},{"id":24885,"url":"https:\/\/larevistadigital.com.ar\/blog\/ayacucho-joven-de-23-anos-se-quito-la-vida-el-lunes-por-la-tarde\/","url_meta":{"origin":22064,"position":1},"title":"AYACUCHO: JOVEN DE 23 A\u00d1OS SE QUIT\u00d3 LA VIDA EL LUNES POR LA TARDE","author":"Alejandro Sosa Ruda","date":"29 marzo, 2022","format":false,"excerpt":"AYACUCHO -\u00a0 Una joven de solo 23 a\u00f1os se quit\u00f3 la vida este lunes por la tarde. El tr\u00e1gico hecho que enluta a la comunidad se produjo en una vivienda del barrio La Terminal donde fue hallada sin vida la joven mujer que era mam\u00e1 de un peque\u00f1o. Se desconocen\u2026","rel":"","context":"En \u00abREGIONALES\u00bb","block_context":{"text":"REGIONALES","link":"https:\/\/larevistadigital.com.ar\/blog\/category\/regionales\/"},"img":{"alt_text":"","src":"https:\/\/i0.wp.com\/larevistadigital.com.ar\/blog\/wp-content\/uploads\/policia-24-9-2021-4.jpg?fit=1199%2C1200&ssl=1&resize=350%2C200","width":350,"height":200,"srcset":"https:\/\/i0.wp.com\/larevistadigital.com.ar\/blog\/wp-content\/uploads\/policia-24-9-2021-4.jpg?fit=1199%2C1200&ssl=1&resize=350%2C200 1x, https:\/\/i0.wp.com\/larevistadigital.com.ar\/blog\/wp-content\/uploads\/policia-24-9-2021-4.jpg?fit=1199%2C1200&ssl=1&resize=525%2C300 1.5x, https:\/\/i0.wp.com\/larevistadigital.com.ar\/blog\/wp-content\/uploads\/policia-24-9-2021-4.jpg?fit=1199%2C1200&ssl=1&resize=700%2C400 2x, https:\/\/i0.wp.com\/larevistadigital.com.ar\/blog\/wp-content\/uploads\/policia-24-9-2021-4.jpg?fit=1199%2C1200&ssl=1&resize=1050%2C600 3x"},"classes":[]},{"id":19760,"url":"https:\/\/larevistadigital.com.ar\/blog\/ayacucho-incendio-de-vehiculo-que-seria-intencional\/","url_meta":{"origin":22064,"position":2},"title":"AYACUCHO: INCENDIO DE VEH\u00cdCULO QUE SER\u00cdA INTENCIONAL","author":"Alejandro Sosa Ruda","date":"20 abril, 2021","format":false,"excerpt":"AYACUCHO - Pasadas las 5,30 de la ma\u00f1ana de este lunes se produjo el incendio de un auto que estaba estacionado en calle Alem y que habr\u00eda sido intencional. A ra\u00edz de ello, fueron convocados los Bomberos Voluntarios quienes prontamente controlaron el siniestro. El auto que tom\u00f3 fuego por completo\u2026","rel":"","context":"En \u00abPOLICIALES\u00bb","block_context":{"text":"POLICIALES","link":"https:\/\/larevistadigital.com.ar\/blog\/category\/policiales\/"},"img":{"alt_text":"","src":"https:\/\/i0.wp.com\/larevistadigital.com.ar\/blog\/wp-content\/uploads\/incendio-fiat-abril-2021.jpeg?fit=1200%2C542&ssl=1&resize=350%2C200","width":350,"height":200,"srcset":"https:\/\/i0.wp.com\/larevistadigital.com.ar\/blog\/wp-content\/uploads\/incendio-fiat-abril-2021.jpeg?fit=1200%2C542&ssl=1&resize=350%2C200 1x, https:\/\/i0.wp.com\/larevistadigital.com.ar\/blog\/wp-content\/uploads\/incendio-fiat-abril-2021.jpeg?fit=1200%2C542&ssl=1&resize=525%2C300 1.5x, https:\/\/i0.wp.com\/larevistadigital.com.ar\/blog\/wp-content\/uploads\/incendio-fiat-abril-2021.jpeg?fit=1200%2C542&ssl=1&resize=700%2C400 2x, https:\/\/i0.wp.com\/larevistadigital.com.ar\/blog\/wp-content\/uploads\/incendio-fiat-abril-2021.jpeg?fit=1200%2C542&ssl=1&resize=1050%2C600 3x"},"classes":[]},{"id":17428,"url":"https:\/\/larevistadigital.com.ar\/blog\/anuncios-del-intendente-de-ayacucho-en-conferencia-de-prensa\/","url_meta":{"origin":22064,"position":3},"title":"ANUNCIOS DEL INTENDENTE DE AYACUCHO EN CONFERENCIA DE PRENSA","author":"Alejandro Sosa Ruda","date":"4 noviembre, 2020","format":false,"excerpt":"Inform\u00f3 el portal \"ayacuchoald\u00eda.com.ar\" que en una conferencia de prensa realizada este mi\u00e9rcoles 4\/11, el Intendente Municipal Lic. Emilio Cordonnier anunci\u00f3; \u2013 Hubo hasta ahora 195 casos en Ayacucho, 21 activos, 172 recuperados, 2 fallecidos. Se habilitan las reuniones familiares hasta 10 personas, recomend\u00e1ndose que sean al aire libre. El\u2026","rel":"","context":"En \u00abREGIONALES\u00bb","block_context":{"text":"REGIONALES","link":"https:\/\/larevistadigital.com.ar\/blog\/category\/regionales\/"},"img":{"alt_text":"","src":"https:\/\/i0.wp.com\/larevistadigital.com.ar\/blog\/wp-content\/uploads\/DSCN0397-800x600-1.jpg?fit=800%2C600&ssl=1&resize=350%2C200","width":350,"height":200,"srcset":"https:\/\/i0.wp.com\/larevistadigital.com.ar\/blog\/wp-content\/uploads\/DSCN0397-800x600-1.jpg?fit=800%2C600&ssl=1&resize=350%2C200 1x, https:\/\/i0.wp.com\/larevistadigital.com.ar\/blog\/wp-content\/uploads\/DSCN0397-800x600-1.jpg?fit=800%2C600&ssl=1&resize=525%2C300 1.5x, https:\/\/i0.wp.com\/larevistadigital.com.ar\/blog\/wp-content\/uploads\/DSCN0397-800x600-1.jpg?fit=800%2C600&ssl=1&resize=700%2C400 2x"},"classes":[]},{"id":19319,"url":"https:\/\/larevistadigital.com.ar\/blog\/ayacucho-el-intendente-se-reunio-con-el-ministro-de-infraestructura-y-servicios-agustin-simone\/","url_meta":{"origin":22064,"position":4},"title":"AYACUCHO: EL INTENDENTE SE REUNI\u00d3 CON EL MINISTRO DE INFRAESTRUCTURA Y SERVICIOS, AGUST\u00cdN SIMONE","author":"Alejandro Sosa Ruda","date":"18 marzo, 2021","format":false,"excerpt":"El ministro de Infraestructura y Servicios P\u00fablicos de la Provincia, Agust\u00edn Simone, recibi\u00f3 al intendente de Ayacucho, Emilio Cordonnier, para conversar sobre proyectos vinculados a la obra p\u00fablica en nuestra ciudad. En ese sentido, hablaron sobre el presupuesto asignado a Ayacucho para este 2021 y sobre obras que fueron paralizadas\u2026","rel":"","context":"En \u00abREGIONALES\u00bb","block_context":{"text":"REGIONALES","link":"https:\/\/larevistadigital.com.ar\/blog\/category\/regionales\/"},"img":{"alt_text":"","src":"https:\/\/i0.wp.com\/larevistadigital.com.ar\/blog\/wp-content\/uploads\/Captura-de-pantalla-2021-03-18-104522.png?fit=843%2C562&ssl=1&resize=350%2C200","width":350,"height":200,"srcset":"https:\/\/i0.wp.com\/larevistadigital.com.ar\/blog\/wp-content\/uploads\/Captura-de-pantalla-2021-03-18-104522.png?fit=843%2C562&ssl=1&resize=350%2C200 1x, https:\/\/i0.wp.com\/larevistadigital.com.ar\/blog\/wp-content\/uploads\/Captura-de-pantalla-2021-03-18-104522.png?fit=843%2C562&ssl=1&resize=525%2C300 1.5x, https:\/\/i0.wp.com\/larevistadigital.com.ar\/blog\/wp-content\/uploads\/Captura-de-pantalla-2021-03-18-104522.png?fit=843%2C562&ssl=1&resize=700%2C400 2x"},"classes":[]},{"id":9389,"url":"https:\/\/larevistadigital.com.ar\/blog\/mar-del-plata-asesinan-a-un-joven-y-dejan-su-cuerpo-tirado-en-un-camino-rural\/","url_meta":{"origin":22064,"position":5},"title":"MAR DEL PLATA: ASESINAN A UN J\u00d3VEN Y DEJAN SU CUERPO TIRADO EN UN CAMINO RURAL","author":"Alejandro Sosa Ruda","date":"26 marzo, 2019","format":false,"excerpt":"En la noche del lunes la polic\u00eda fue convocada a un sector pr\u00f3ximo al predio de disposici\u00f3n final de residuos. All\u00ed, por la calle 515, hab\u00eda un cuerpo con dos disparos. Un joven de alrededor de 30 a\u00f1os fue asesinado de dos disparos y su cad\u00e1ver fue descubierto abandonado en\u2026","rel":"","context":"En \u00abPOLICIALES\u00bb","block_context":{"text":"POLICIALES","link":"https:\/\/larevistadigital.com.ar\/blog\/category\/policiales\/"},"img":{"alt_text":"","src":"https:\/\/i0.wp.com\/larevistadigital.com.ar\/blog\/wp-content\/uploads\/2019\/03\/Screenshot_2-14.jpg?fit=994%2C469&ssl=1&resize=350%2C200","width":350,"height":200,"srcset":"https:\/\/i0.wp.com\/larevistadigital.com.ar\/blog\/wp-content\/uploads\/2019\/03\/Screenshot_2-14.jpg?fit=994%2C469&ssl=1&resize=350%2C200 1x, https:\/\/i0.wp.com\/larevistadigital.com.ar\/blog\/wp-content\/uploads\/2019\/03\/Screenshot_2-14.jpg?fit=994%2C469&ssl=1&resize=525%2C300 1.5x, https:\/\/i0.wp.com\/larevistadigital.com.ar\/blog\/wp-content\/uploads\/2019\/03\/Screenshot_2-14.jpg?fit=994%2C469&ssl=1&resize=700%2C400 2x"},"classes":[]}],"_links":{"self":[{"href":"https:\/\/larevistadigital.com.ar\/blog\/wp-json\/wp\/v2\/posts\/22064","targetHints":{"allow":["GET"]}}],"collection":[{"href":"https:\/\/larevistadigital.com.ar\/blog\/wp-json\/wp\/v2\/posts"}],"about":[{"href":"https:\/\/larevistadigital.com.ar\/blog\/wp-json\/wp\/v2\/types\/post"}],"author":[{"embeddable":true,"href":"https:\/\/larevistadigital.com.ar\/blog\/wp-json\/wp\/v2\/users\/3"}],"replies":[{"embeddable":true,"href":"https:\/\/larevistadigital.com.ar\/blog\/wp-json\/wp\/v2\/comments?post=22064"}],"version-history":[{"count":1,"href":"https:\/\/larevistadigital.com.ar\/blog\/wp-json\/wp\/v2\/posts\/22064\/revisions"}],"predecessor-version":[{"id":22066,"href":"https:\/\/larevistadigital.com.ar\/blog\/wp-json\/wp\/v2\/posts\/22064\/revisions\/22066"}],"wp:featuredmedia":[{"embeddable":true,"href":"https:\/\/larevistadigital.com.ar\/blog\/wp-json\/wp\/v2\/media\/22065"}],"wp:attachment":[{"href":"https:\/\/larevistadigital.com.ar\/blog\/wp-json\/wp\/v2\/media?parent=22064"}],"wp:term":[{"taxonomy":"category","embeddable":true,"href":"https:\/\/larevistadigital.com.ar\/blog\/wp-json\/wp\/v2\/categories?post=22064"},{"taxonomy":"post_tag","embeddable":true,"href":"https:\/\/larevistadigital.com.ar\/blog\/wp-json\/wp\/v2\/tags?post=22064"}],"curies":[{"name":"wp","href":"https:\/\/api.w.org\/{rel}","templated":true}]}}