{"id":22269,"date":"2021-10-07T03:38:31","date_gmt":"2021-10-07T03:38:31","guid":{"rendered":"https:\/\/larevistadigital.com.ar\/blog\/?p=22269"},"modified":"2021-10-07T13:04:12","modified_gmt":"2021-10-07T13:04:12","slug":"capitanich-lloro-al-inaugurar-un-aobra-en-chaco-y-dijo-que-necesita-afecto-de-la-poblacion","status":"publish","type":"post","link":"https:\/\/larevistadigital.com.ar\/blog\/capitanich-lloro-al-inaugurar-un-aobra-en-chaco-y-dijo-que-necesita-afecto-de-la-poblacion\/","title":{"rendered":"CAPITANICH LLOR\u00d3 AL INAUGURAR UNA OBRA EN CHACO Y DIJO QUE \u00abNECESITA AFECTO DE LA POBLACI\u00d3N\u00bb"},"content":{"rendered":"<h2>El gobernador chaque\u00f1o dijo que \u00abnecesita el afecto\u00bb de la poblaci\u00f3n. D\u00edas antes hab\u00eda sido criticado por un grupo de docentes que le reclam\u00f3 un aumento salarial.<\/h2>\n<p><strong>CHACO &#8211;<\/strong> El <a href=\"https:\/\/www.a24.com\/politica\/capitanich-los-cambios-el-gabinete-pidio-un-plan-accion-corto-plazo-n863305\" target=\"_blank\" rel=\"follow noopener\">gobernador de Chaco,\u00a0<strong>Jorge Capitanich<\/strong><\/a>, se emocion\u00f3 al inaugurar una obra de agua potable en la\u00a0<strong>ciudad de Charata<\/strong>, donde un vecino se acerc\u00f3 para agradecerle la medida.<\/p>\n<article class=\"article-body\">\n<div class=\"article-content\">\n<div class=\"news-body-paragraph\" data-twitter-link=\"\">\n<p>\u201c<strong>Necesitamos el afecto,\u00a0<\/strong>el reconocimiento a las cosas que se hacen, porque estas obras tardan mucho tiempo, cuestan mucho dinero y es un gran esfuerzo para toda la sociedad. Por eso yo\u00a0<strong>siento mucha emoci\u00f3n al estar ac\u00e1,<\/strong>\u00a0<strong>porque esta obra me cost\u00f3<\/strong>\u201d, dijo\u00a0<strong>Capitanich<\/strong>\u00a0despu\u00e9s de\u00a0<strong>abrazar al poblador.<\/strong><\/p>\n<\/div>\n<\/div>\n<\/article>\n<article class=\"article-body third-p\">\n<div class=\"article-content\">\n<div class=\"news-body-paragraph\" data-twitter-link=\"\">\n<p>Tras el acto,<strong>\u00a0Capitanich<\/strong>\u00a0escribi\u00f3 en\u00a0<strong>Twitter\u00a0<\/strong>que se emocion\u00f3 porque sinti\u00f3 \u00abel dolor de las criticas infundadas.\u00a0<strong>Nuestros opositores no saben lo que nos cost\u00f3<\/strong>. Si no se hubiera hecho el esfuerzo que hicimos nosotros para realizarla, esta obra, de esta magnitud, que cambia vidas, nunca se hubiera hecho\u00bb, agreg\u00f3.<\/p>\n<div id=\"embed12_wrap\" class=\"embed_cont type_freetext\">\n<div id=\"embed12_content\" class=\"embed_content\">\n<div id=\"embed12_embed\">\n<div class=\"twitter-tweet twitter-tweet-rendered\"><\/div>\n<\/div>\n<\/div>\n<div id=\"embed12_epigrafe\" class=\"embed_epigrafe\"><\/div>\n<\/div>\n<h2>Las cr\u00edticas de la oposici\u00f3n a Capitanich y el estado de la obra inaugurada<\/h2>\n<p class=\"paragraph\">Pese a la emoci\u00f3n del gobernador chaque\u00f1o, el diputado provincial opositor\u00a0<strong>Livio Guti\u00e9rrez\u00a0<\/strong>asegur\u00f3 que la obra h\u00eddrica en\u00a0<strong>Charata<\/strong>\u00a0a\u00fan\u00a0<strong>no est\u00e1 terminada.<\/strong><\/p>\n<p class=\"paragraph\">\u201cVi los avances en la toma de agua para el acueducto del sudoeste.<strong>\u00a0Falta mucho trabajo\u00a0<\/strong>para terminar esta \u00e1rea,\u00a0<strong>faltan las plantas de potenciaci\u00f3n<\/strong>, pero avanza\u00bb, sostuvo<strong>\u00a0Guti\u00e9rrez<\/strong>.<\/p>\n<div id=\"891323-Libre-1579460616_wrap\" class=\"embed_cont type_imagen\">\n<div id=\"891323-Libre-1579460616_content\" class=\"embed_content\"><img data-recalc-dims=\"1\" loading=\"lazy\" decoding=\"async\" id=\"891323-Libre-1579460616_embed\" src=\"https:\/\/i0.wp.com\/media.a24.com\/p\/780caae6694c7d1a4c0e6475aff67524\/adjuntos\/296\/imagenes\/008\/804\/0008804356\/1200x675\/smart\/jorge-capitanichjpg.jpg?resize=1200%2C675&#038;ssl=1\" alt=\"\" width=\"1200\" height=\"675\" data-td-src-property=\"https:\/\/media.a24.com\/p\/780caae6694c7d1a4c0e6475aff67524\/adjuntos\/296\/imagenes\/008\/804\/0008804356\/1200x675\/smart\/jorge-capitanichjpg.jpg\" \/><\/div>\n<div id=\"891323-Libre-1579460616_epigrafe\" class=\"embed_epigrafe\"><\/div>\n<div id=\"891323-Libre-1579460616_copyright\" class=\"embed_copyright\"><\/div>\n<\/div>\n<h2><strong>El reclamo p\u00fablico que hab\u00eda recibido Capitanich semanas antes<\/strong><\/h2>\n<p class=\"com-paragraph --s\">La emoci\u00f3n expresada en Charata tras la inauguraci\u00f3n de la obra de agua potable result\u00f3 la contracara del momento que\u00a0<strong>Capitanich\u00a0<\/strong>vivi\u00f3 semanas atr\u00e1s, cuando\u00a0<a href=\"https:\/\/www.a24.com\/politica\/capitanich-se-cruzo-un-docente-que-le-reclamo-agua-potable-n864240\" target=\"_blank\" rel=\"follow noopener\"><strong>un grupo de docentes y alumnos\u00a0<\/strong>lo abord\u00f3 durante una visita a una escuela<\/a>\u00a0del municipio Los Frentones.<\/p>\n<p class=\"com-paragraph --s\"><strong>\u00abUsted no cumpli\u00f3 su palabra, gobernador\u00bb<\/strong>, le dijo uno de los maestros, quien le recrimin\u00f3 los bajos salarios del sector educativo. \u00ab<strong>Viva usted de esos 35.000 pesos<\/strong>\u00bb mensuales le reclam\u00f3.<\/p>\n<\/div>\n<\/div>\n<\/article>\n","protected":false},"excerpt":{"rendered":"<div class=\"mh-excerpt\"><p>El gobernador chaque\u00f1o dijo que \u00abnecesita el afecto\u00bb de la poblaci\u00f3n. D\u00edas antes hab\u00eda sido criticado por un grupo de docentes que le reclam\u00f3 un aumento salarial. CHACO &#8211; El gobernador de Chaco,\u00a0Jorge Capitanich, se <a class=\"mh-excerpt-more\" href=\"https:\/\/larevistadigital.com.ar\/blog\/capitanich-lloro-al-inaugurar-un-aobra-en-chaco-y-dijo-que-necesita-afecto-de-la-poblacion\/\" title=\"CAPITANICH LLOR\u00d3 AL INAUGURAR UNA OBRA EN CHACO Y DIJO QUE \u00abNECESITA AFECTO DE LA POBLACI\u00d3N\u00bb\">[Leer M\u00e1s]<\/a><\/p>\n<\/div>","protected":false},"author":3,"featured_media":22270,"comment_status":"open","ping_status":"open","sticky":false,"template":"","format":"standard","meta":{"_jetpack_memberships_contains_paid_content":false,"footnotes":"","jetpack_publicize_message":"","jetpack_publicize_feature_enabled":true,"jetpack_social_post_already_shared":true,"jetpack_social_options":{"image_generator_settings":{"template":"highway","default_image_id":0,"font":"","enabled":false},"version":2}},"categories":[50,12],"tags":[],"class_list":{"0":"post-22269","1":"post","2":"type-post","3":"status-publish","4":"format-standard","5":"has-post-thumbnail","7":"category-interes-general","8":"category-politica"},"jetpack_publicize_connections":[],"jetpack_featured_media_url":"https:\/\/i0.wp.com\/larevistadigital.com.ar\/blog\/wp-content\/uploads\/Captura-de-pantalla-2021-10-07-003513.jpg?fit=867%2C487&ssl=1","jetpack_sharing_enabled":true,"jetpack_shortlink":"https:\/\/wp.me\/p8qtrQ-5Nb","jetpack-related-posts":[{"id":26224,"url":"https:\/\/larevistadigital.com.ar\/blog\/senadores-del-oficialismo-avanzan-en-el-proyecto-de-llevar-a-la-corte-suprema-a-25-miembros\/","url_meta":{"origin":22269,"position":0},"title":"SENADORES DEL OFICIALISMO AVANZAN EN EL PROYECTO DE LLEVAR A LA CORTE SUPREMA A 25 MIEMBROS","author":"Alejandro Sosa Ruda","date":"30 junio, 2022","format":false,"excerpt":"Los senadores del interbloque oficialista del Frente de Todos le dieron dictamen de comisi\u00f3n al proyecto impulsado por los gobernadores alineados con el Gobierno que busca llevar a 25 el n\u00famero de integrantes de la Corte Suprema. Ante la ausencia de la oposici\u00f3n, estuvieron presentes siete mandatarios provinciales que expusieron\u2026","rel":"","context":"En \u00abINTERES GENERAL\u00bb","block_context":{"text":"INTERES GENERAL","link":"https:\/\/larevistadigital.com.ar\/blog\/category\/interes-general\/"},"img":{"alt_text":"","src":"https:\/\/i0.wp.com\/larevistadigital.com.ar\/blog\/wp-content\/uploads\/20220630123718_senadores-oficialistas-avanzan-en-el-proyecto-de-llevar-25-miembros-a-la-corte-suprema.jpg?fit=880%2C512&ssl=1&resize=350%2C200","width":350,"height":200,"srcset":"https:\/\/i0.wp.com\/larevistadigital.com.ar\/blog\/wp-content\/uploads\/20220630123718_senadores-oficialistas-avanzan-en-el-proyecto-de-llevar-25-miembros-a-la-corte-suprema.jpg?fit=880%2C512&ssl=1&resize=350%2C200 1x, https:\/\/i0.wp.com\/larevistadigital.com.ar\/blog\/wp-content\/uploads\/20220630123718_senadores-oficialistas-avanzan-en-el-proyecto-de-llevar-25-miembros-a-la-corte-suprema.jpg?fit=880%2C512&ssl=1&resize=525%2C300 1.5x, https:\/\/i0.wp.com\/larevistadigital.com.ar\/blog\/wp-content\/uploads\/20220630123718_senadores-oficialistas-avanzan-en-el-proyecto-de-llevar-25-miembros-a-la-corte-suprema.jpg?fit=880%2C512&ssl=1&resize=700%2C400 2x"},"classes":[]},{"id":46989,"url":"https:\/\/larevistadigital.com.ar\/blog\/kicillof-se-reunio-con-intendentes-chaquenos-dirigentes-gremiales-y-representantes-del-sector-productivo-local\/","url_meta":{"origin":22269,"position":1},"title":"Kicillof se reuni\u00f3 con intendentes chaque\u00f1os, dirigentes gremiales y representantes del sector productivo local","author":"Alejandro Sosa Ruda","date":"19 agosto, 2026","format":false,"excerpt":"Adem\u00e1s, el Gobernador suscribi\u00f3 un convenio de cooperaci\u00f3n con el municipio de Colonia Ben\u00edtez; otros dos con la Universidad Nacional del Nordeste y la Universidad Nacional del Chaco Austral; y particip\u00f3 del acto de renovaci\u00f3n de autoridades de la CGT regional. 19 de agosto de 2026 El gobernador de la\u2026","rel":"","context":"En \u00abINTERES GENERAL\u00bb","block_context":{"text":"INTERES GENERAL","link":"https:\/\/larevistadigital.com.ar\/blog\/category\/interes-general\/"},"img":{"alt_text":"","src":"https:\/\/i0.wp.com\/larevistadigital.com.ar\/blog\/wp-content\/uploads\/AR18583.jpg-scaled.jpeg?fit=1200%2C800&ssl=1&resize=350%2C200","width":350,"height":200,"srcset":"https:\/\/i0.wp.com\/larevistadigital.com.ar\/blog\/wp-content\/uploads\/AR18583.jpg-scaled.jpeg?fit=1200%2C800&ssl=1&resize=350%2C200 1x, https:\/\/i0.wp.com\/larevistadigital.com.ar\/blog\/wp-content\/uploads\/AR18583.jpg-scaled.jpeg?fit=1200%2C800&ssl=1&resize=525%2C300 1.5x, https:\/\/i0.wp.com\/larevistadigital.com.ar\/blog\/wp-content\/uploads\/AR18583.jpg-scaled.jpeg?fit=1200%2C800&ssl=1&resize=700%2C400 2x, https:\/\/i0.wp.com\/larevistadigital.com.ar\/blog\/wp-content\/uploads\/AR18583.jpg-scaled.jpeg?fit=1200%2C800&ssl=1&resize=1050%2C600 3x"},"classes":[]},{"id":882,"url":"https:\/\/larevistadigital.com.ar\/blog\/fue-confirmado-procesamiento-anibal-fernandez-jorge-capitanich-luis-segura\/","url_meta":{"origin":22269,"position":2},"title":"Fue confirmado el procesamiento de An\u00edbal Fern\u00e1ndez, Jorge Capitanich, y Luis Segura.","author":"Alejandro Sosa Ruda","date":"9 marzo, 2017","format":false,"excerpt":"La C\u00e1mara Federal\u00a0 y en el marco de la causa que se sigue por las irregularidades en el manejo de los fondos del programa \u201cf\u00fatbol para todos\u201d, dict\u00f3 el procesamiento de An\u00edbal Fern\u00e1ndez, Jorge Capitanich y Luis Segura. Tambi\u00e9n, podemos afirmar que la Sala I del tribunal tambi\u00e9n ratific\u00f3 por\u2026","rel":"","context":"En \u00abDEPORTES\u00bb","block_context":{"text":"DEPORTES","link":"https:\/\/larevistadigital.com.ar\/blog\/category\/deportes\/"},"img":{"alt_text":"","src":"https:\/\/i0.wp.com\/larevistadigital.com.ar\/blog\/wp-content\/uploads\/2017\/03\/f%C3%BAtbol-para-todos.jpg?fit=639%2C322&ssl=1&resize=350%2C200","width":350,"height":200,"srcset":"https:\/\/i0.wp.com\/larevistadigital.com.ar\/blog\/wp-content\/uploads\/2017\/03\/f%C3%BAtbol-para-todos.jpg?fit=639%2C322&ssl=1&resize=350%2C200 1x, https:\/\/i0.wp.com\/larevistadigital.com.ar\/blog\/wp-content\/uploads\/2017\/03\/f%C3%BAtbol-para-todos.jpg?fit=639%2C322&ssl=1&resize=525%2C300 1.5x"},"classes":[]},{"id":14415,"url":"https:\/\/larevistadigital.com.ar\/blog\/arranca-la-batalla-para-controlar-el-pj\/","url_meta":{"origin":22269,"position":3},"title":"ARRANCA LA BATALLA PARA CONTROLAR EL PJ","author":"Alejandro Sosa Ruda","date":"29 enero, 2020","format":false,"excerpt":"En el mes de mayo, el PJ nacional deber\u00e1 elegir sus nuevas autoridades. Y aunque Jos\u00e9 Luis Gioja aspire a renovar su cargo, trascendi\u00f3 que Cristina Fern\u00e1ndez de Kirchner estar\u00eda dispuesta a darle batalla, y ya tendr\u00eda elegido a su candidato: el gobernador del Chaco, Jorge \u201cCoqui\u201d Capitanich. La contienda\u2026","rel":"","context":"En \u00abINTERES GENERAL\u00bb","block_context":{"text":"INTERES GENERAL","link":"https:\/\/larevistadigital.com.ar\/blog\/category\/interes-general\/"},"img":{"alt_text":"","src":"https:\/\/i0.wp.com\/larevistadigital.com.ar\/blog\/wp-content\/uploads\/20200129002755_captura-de-pantalla-2020-01-29-a-la-s-00-17-41-2.png?fit=880%2C495&ssl=1&resize=350%2C200","width":350,"height":200,"srcset":"https:\/\/i0.wp.com\/larevistadigital.com.ar\/blog\/wp-content\/uploads\/20200129002755_captura-de-pantalla-2020-01-29-a-la-s-00-17-41-2.png?fit=880%2C495&ssl=1&resize=350%2C200 1x, https:\/\/i0.wp.com\/larevistadigital.com.ar\/blog\/wp-content\/uploads\/20200129002755_captura-de-pantalla-2020-01-29-a-la-s-00-17-41-2.png?fit=880%2C495&ssl=1&resize=525%2C300 1.5x, https:\/\/i0.wp.com\/larevistadigital.com.ar\/blog\/wp-content\/uploads\/20200129002755_captura-de-pantalla-2020-01-29-a-la-s-00-17-41-2.png?fit=880%2C495&ssl=1&resize=700%2C400 2x"},"classes":[]},{"id":32170,"url":"https:\/\/larevistadigital.com.ar\/blog\/aqui-un-completo-informe-de-todo-lo-sucedido-en-el-caso-del-presunto-femicidio-de-cecilia\/","url_meta":{"origin":22269,"position":4},"title":"AQU\u00cd UN COMPLETO INFORME DE TODO LO SUCEDIDO EN EL CASO DEL PRESUNTO FEMICIDIO DE CECILIA","author":"Alejandro Sosa Ruda","date":"29 junio, 2023","format":false,"excerpt":"Fue vista por \u00faltima vez el 1 de junio en la casa de Emerenciano Sena, poderoso referente social chaque\u00f1o. El fiscal cree que a la joven de 28 a\u00f1os la mataron \"tras una discusi\u00f3n econ\u00f3mica\" en la casa de Sena. 29 de junio de 2023 CHACO -\u00a0 El impactante caso\u2026","rel":"","context":"En \u00abINTERES GENERAL\u00bb","block_context":{"text":"INTERES GENERAL","link":"https:\/\/larevistadigital.com.ar\/blog\/category\/interes-general\/"},"img":{"alt_text":"","src":"https:\/\/i0.wp.com\/larevistadigital.com.ar\/blog\/wp-content\/uploads\/Captura-de-pantalla-2023-06-29-123937.jpg?fit=965%2C537&ssl=1&resize=350%2C200","width":350,"height":200,"srcset":"https:\/\/i0.wp.com\/larevistadigital.com.ar\/blog\/wp-content\/uploads\/Captura-de-pantalla-2023-06-29-123937.jpg?fit=965%2C537&ssl=1&resize=350%2C200 1x, https:\/\/i0.wp.com\/larevistadigital.com.ar\/blog\/wp-content\/uploads\/Captura-de-pantalla-2023-06-29-123937.jpg?fit=965%2C537&ssl=1&resize=525%2C300 1.5x, https:\/\/i0.wp.com\/larevistadigital.com.ar\/blog\/wp-content\/uploads\/Captura-de-pantalla-2023-06-29-123937.jpg?fit=965%2C537&ssl=1&resize=700%2C400 2x"},"classes":[]},{"id":41657,"url":"https:\/\/larevistadigital.com.ar\/blog\/conmocion-en-chaco-investigan-un-abuso-sexual-agravado-tras-el-parto-de-una-nina-de-11-anos\/","url_meta":{"origin":22269,"position":5},"title":"Conmoci\u00f3n en Chaco: investigan un abuso sexual agravado tras el parto de una ni\u00f1a de 11 a\u00f1os","author":"Alejandro Sosa Ruda","date":"27 septiembre, 2025","format":false,"excerpt":"La menor lleg\u00f3 al hospital con un cuadro ginecol\u00f3gico que revel\u00f3 un parto reciente. Su madre y la pareja fueron detenidos por encubrimiento. El beb\u00e9, en estado cr\u00edtico. 27 de septiembre de 2025 Castelli.- CHACO\u00a0 -\u00a0 \u00a0Un estremecedor caso de abuso sexual agravado sacude a la ciudad de Juan Jos\u00e9\u2026","rel":"","context":"En \u00abINTERES GENERAL\u00bb","block_context":{"text":"INTERES GENERAL","link":"https:\/\/larevistadigital.com.ar\/blog\/category\/interes-general\/"},"img":{"alt_text":"","src":"https:\/\/i0.wp.com\/larevistadigital.com.ar\/blog\/wp-content\/uploads\/Captura-de-pantalla-2025-09-27-132637.jpg?fit=840%2C407&ssl=1&resize=350%2C200","width":350,"height":200,"srcset":"https:\/\/i0.wp.com\/larevistadigital.com.ar\/blog\/wp-content\/uploads\/Captura-de-pantalla-2025-09-27-132637.jpg?fit=840%2C407&ssl=1&resize=350%2C200 1x, https:\/\/i0.wp.com\/larevistadigital.com.ar\/blog\/wp-content\/uploads\/Captura-de-pantalla-2025-09-27-132637.jpg?fit=840%2C407&ssl=1&resize=525%2C300 1.5x, https:\/\/i0.wp.com\/larevistadigital.com.ar\/blog\/wp-content\/uploads\/Captura-de-pantalla-2025-09-27-132637.jpg?fit=840%2C407&ssl=1&resize=700%2C400 2x"},"classes":[]}],"_links":{"self":[{"href":"https:\/\/larevistadigital.com.ar\/blog\/wp-json\/wp\/v2\/posts\/22269","targetHints":{"allow":["GET"]}}],"collection":[{"href":"https:\/\/larevistadigital.com.ar\/blog\/wp-json\/wp\/v2\/posts"}],"about":[{"href":"https:\/\/larevistadigital.com.ar\/blog\/wp-json\/wp\/v2\/types\/post"}],"author":[{"embeddable":true,"href":"https:\/\/larevistadigital.com.ar\/blog\/wp-json\/wp\/v2\/users\/3"}],"replies":[{"embeddable":true,"href":"https:\/\/larevistadigital.com.ar\/blog\/wp-json\/wp\/v2\/comments?post=22269"}],"version-history":[{"count":2,"href":"https:\/\/larevistadigital.com.ar\/blog\/wp-json\/wp\/v2\/posts\/22269\/revisions"}],"predecessor-version":[{"id":22279,"href":"https:\/\/larevistadigital.com.ar\/blog\/wp-json\/wp\/v2\/posts\/22269\/revisions\/22279"}],"wp:featuredmedia":[{"embeddable":true,"href":"https:\/\/larevistadigital.com.ar\/blog\/wp-json\/wp\/v2\/media\/22270"}],"wp:attachment":[{"href":"https:\/\/larevistadigital.com.ar\/blog\/wp-json\/wp\/v2\/media?parent=22269"}],"wp:term":[{"taxonomy":"category","embeddable":true,"href":"https:\/\/larevistadigital.com.ar\/blog\/wp-json\/wp\/v2\/categories?post=22269"},{"taxonomy":"post_tag","embeddable":true,"href":"https:\/\/larevistadigital.com.ar\/blog\/wp-json\/wp\/v2\/tags?post=22269"}],"curies":[{"name":"wp","href":"https:\/\/api.w.org\/{rel}","templated":true}]}}