{"id":22273,"date":"2021-10-07T10:56:36","date_gmt":"2021-10-07T10:56:36","guid":{"rendered":"https:\/\/larevistadigital.com.ar\/blog\/?p=22273"},"modified":"2021-10-07T10:56:36","modified_gmt":"2021-10-07T10:56:36","slug":"hicieron-un-asado-en-una-carpinteria-apagaron-mal-el-fuego-y-se-incendio-todo","status":"publish","type":"post","link":"https:\/\/larevistadigital.com.ar\/blog\/hicieron-un-asado-en-una-carpinteria-apagaron-mal-el-fuego-y-se-incendio-todo\/","title":{"rendered":"HICIERON UN ASADO EN UNA CARPINTER\u00cdA, APAGARON MAL EL FUEGO Y SE INCENDI\u00d3 TODO"},"content":{"rendered":"<div class=\"row\">\n<div class=\"col-12\">\n<div class=\"titulo_bajada\">\n<div class=\"bajada\">\n<h2>El hecho ocurri\u00f3 en Laprida al 5100, este mi\u00e9rcoles a la madrugada. A pesar de la gravedad de lo ocurrido, no se registraron v\u00edctimas ni heridos pero los da\u00f1os fueron de consideraci\u00f3n.<\/h2>\n<p><strong>MAR DEL LATA &#8211;<\/strong> Una vivienda ubicada en Laprida al 5100 en la que adem\u00e1s funciona una carpinter\u00eda se incendi\u00f3 este mi\u00e9rcoles a la madrugada <strong>luego de que los due\u00f1os hicieran un asado cuyas brasas no se apagaron<\/strong>\u00a0de forma correcta.<\/p>\n<\/div>\n<\/div>\n<\/div>\n<\/div>\n<div class=\"row\">\n<div class=\"col-xs-12 col-sm-9 col-md-6 col-lg-8\">\n<p>El hecho, a pesar de su gravedad, s\u00f3lo caus\u00f3 da\u00f1os materiales de consideraci\u00f3n y no hubo v\u00edctimas ni heridos, ya que la familia compuesta por un<strong>\u00a0hombre de 49 a\u00f1os, una mujer de 35 y sus hijos de 12 y 5 lograron salir de la casa<\/strong>\u00a0cuando se desataron las llamas.<\/p>\n<p>Una dotaci\u00f3n del\u00a0<strong>cuartel de bomberos Monolito<\/strong>\u00a0concurri\u00f3 al lugar junto al\u00a0<strong>personal de la comisar\u00eda cuarta<\/strong>\u00a0-con jurisdicci\u00f3n en la zona-, y sofoc\u00f3 el fuego. Dentro del inmueble, hab\u00eda quedado estacionado un autom\u00f3vil que qued\u00f3 destruido.<\/p>\n<p><img data-recalc-dims=\"1\" loading=\"lazy\" decoding=\"async\" class=\"alignnone size-large wp-image-615043\" src=\"https:\/\/i0.wp.com\/storage.lacapitalmdp.com\/2021\/10\/fire-2-1024x768.jpg?resize=1024%2C768&#038;ssl=1\" alt=\"fire 2\" width=\"1024\" height=\"768\" \/><\/p>\n<p>publicado en La Capital<\/p>\n<\/div>\n<\/div>\n","protected":false},"excerpt":{"rendered":"<div class=\"mh-excerpt\"><p>El hecho ocurri\u00f3 en Laprida al 5100, este mi\u00e9rcoles a la madrugada. A pesar de la gravedad de lo ocurrido, no se registraron v\u00edctimas ni heridos pero los da\u00f1os fueron de consideraci\u00f3n. MAR DEL LATA <a class=\"mh-excerpt-more\" href=\"https:\/\/larevistadigital.com.ar\/blog\/hicieron-un-asado-en-una-carpinteria-apagaron-mal-el-fuego-y-se-incendio-todo\/\" title=\"HICIERON UN ASADO EN UNA CARPINTER\u00cdA, APAGARON MAL EL FUEGO Y SE INCENDI\u00d3 TODO\">[Leer M\u00e1s]<\/a><\/p>\n<\/div>","protected":false},"author":3,"featured_media":22274,"comment_status":"open","ping_status":"open","sticky":false,"template":"","format":"standard","meta":{"_jetpack_memberships_contains_paid_content":false,"footnotes":"","jetpack_publicize_message":"","jetpack_publicize_feature_enabled":true,"jetpack_social_post_already_shared":true,"jetpack_social_options":{"image_generator_settings":{"template":"highway","default_image_id":0,"font":"","enabled":false},"version":2}},"categories":[51],"tags":[],"class_list":{"0":"post-22273","1":"post","2":"type-post","3":"status-publish","4":"format-standard","5":"has-post-thumbnail","7":"category-regionales"},"jetpack_publicize_connections":[],"jetpack_featured_media_url":"https:\/\/i0.wp.com\/larevistadigital.com.ar\/blog\/wp-content\/uploads\/Captura-de-pantalla-2021-10-07-074209.jpg?fit=1012%2C532&ssl=1","jetpack_sharing_enabled":true,"jetpack_shortlink":"https:\/\/wp.me\/p8qtrQ-5Nf","jetpack-related-posts":[{"id":21221,"url":"https:\/\/larevistadigital.com.ar\/blog\/necochea-incendio-destroza-30-anos-y-suponen-que-fue-intencional\/","url_meta":{"origin":22273,"position":0},"title":"NECOCHEA: INCENDIO DESTROZA 30 A\u00d1OS Y SUPONEN QUE FUE INTENCIONAL","author":"Alejandro Sosa Ruda","date":"21 julio, 2021","format":false,"excerpt":"Hab\u00eda m\u00e1s de 500 veh\u00edculos y 1500 motos en el lugar. M\u00e1s all\u00e1 de los veh\u00edculos, no se registraron da\u00f1os ni en el club, ni en la Escuela Primaria 10, al lado del predio, ni en la base operativa de la Divisi\u00f3n Municipal de Tr\u00e1nsito. Tampoco hubo que lamentar muertos\u2026","rel":"","context":"En \u00abREGIONALES\u00bb","block_context":{"text":"REGIONALES","link":"https:\/\/larevistadigital.com.ar\/blog\/category\/regionales\/"},"img":{"alt_text":"","src":"https:\/\/i0.wp.com\/larevistadigital.com.ar\/blog\/wp-content\/uploads\/20210720190152_cv.jpg?fit=880%2C512&ssl=1&resize=350%2C200","width":350,"height":200,"srcset":"https:\/\/i0.wp.com\/larevistadigital.com.ar\/blog\/wp-content\/uploads\/20210720190152_cv.jpg?fit=880%2C512&ssl=1&resize=350%2C200 1x, https:\/\/i0.wp.com\/larevistadigital.com.ar\/blog\/wp-content\/uploads\/20210720190152_cv.jpg?fit=880%2C512&ssl=1&resize=525%2C300 1.5x, https:\/\/i0.wp.com\/larevistadigital.com.ar\/blog\/wp-content\/uploads\/20210720190152_cv.jpg?fit=880%2C512&ssl=1&resize=700%2C400 2x"},"classes":[]},{"id":20686,"url":"https:\/\/larevistadigital.com.ar\/blog\/violento-choque-en-la-ruta-11-con-saldo-de-8-heridos\/","url_meta":{"origin":22273,"position":1},"title":"VIOLENTO CHOQUE EN LA RUTA 11 CON SALDO DE 8 HERIDOS","author":"Alejandro Sosa Ruda","date":"9 junio, 2021","format":false,"excerpt":"Ocho heridos\u00a0fue el saldo que dej\u00f3 este mi\u00e9rcoles un\u00a0violento choque\u00a0entre una camioneta y un auto en la ruta 11, seg\u00fan informaron fuentes policiales. El accidente ocurri\u00f3 cerca de las 8.30 de la autov\u00eda en la autov\u00eda que une Santa Clara del Mar con Mar del Plata cuando, por causas que\u2026","rel":"","context":"En \u00abREGIONALES\u00bb","block_context":{"text":"REGIONALES","link":"https:\/\/larevistadigital.com.ar\/blog\/category\/regionales\/"},"img":{"alt_text":"","src":"https:\/\/i0.wp.com\/larevistadigital.com.ar\/blog\/wp-content\/uploads\/choque-mar-del-platajunio-2021.jpg?fit=770%2C577&ssl=1&resize=350%2C200","width":350,"height":200,"srcset":"https:\/\/i0.wp.com\/larevistadigital.com.ar\/blog\/wp-content\/uploads\/choque-mar-del-platajunio-2021.jpg?fit=770%2C577&ssl=1&resize=350%2C200 1x, https:\/\/i0.wp.com\/larevistadigital.com.ar\/blog\/wp-content\/uploads\/choque-mar-del-platajunio-2021.jpg?fit=770%2C577&ssl=1&resize=525%2C300 1.5x, https:\/\/i0.wp.com\/larevistadigital.com.ar\/blog\/wp-content\/uploads\/choque-mar-del-platajunio-2021.jpg?fit=770%2C577&ssl=1&resize=700%2C400 2x"},"classes":[]},{"id":40493,"url":"https:\/\/larevistadigital.com.ar\/blog\/siniestro-vial-en-la-costanera-de-chascomus-un-herido-leve-y-reduccion-de-calzada\/","url_meta":{"origin":22273,"position":2},"title":"Siniestro vial en la Costanera de Chascom\u00fas: un herido leve y reducci\u00f3n de calzada","author":"Alejandro Sosa Ruda","date":"16 julio, 2025","format":false,"excerpt":"El hecho ocurri\u00f3 al mediod\u00eda, y no hubo que lamentar heridos de consideraci\u00f3n. 16 de Julio de 2025 CHASCOM\u00daS\u00a0 -\u00a0 \u00a0Un nuevo accidente de tr\u00e1nsito se registr\u00f3 este mi\u00e9rcoles al mediod\u00eda en la Costanera, a la altura del complejo recreativo Puerto Aventura, donde colisionaron dos veh\u00edculos: un Volkswagen Gol y\u2026","rel":"","context":"En \u00abDESTACADAS\u00bb","block_context":{"text":"DESTACADAS","link":"https:\/\/larevistadigital.com.ar\/blog\/category\/destacadas\/"},"img":{"alt_text":"","src":"https:\/\/i0.wp.com\/larevistadigital.com.ar\/blog\/wp-content\/uploads\/choque-costanera-2.jpg?fit=1080%2C619&ssl=1&resize=350%2C200","width":350,"height":200,"srcset":"https:\/\/i0.wp.com\/larevistadigital.com.ar\/blog\/wp-content\/uploads\/choque-costanera-2.jpg?fit=1080%2C619&ssl=1&resize=350%2C200 1x, https:\/\/i0.wp.com\/larevistadigital.com.ar\/blog\/wp-content\/uploads\/choque-costanera-2.jpg?fit=1080%2C619&ssl=1&resize=525%2C300 1.5x, https:\/\/i0.wp.com\/larevistadigital.com.ar\/blog\/wp-content\/uploads\/choque-costanera-2.jpg?fit=1080%2C619&ssl=1&resize=700%2C400 2x, https:\/\/i0.wp.com\/larevistadigital.com.ar\/blog\/wp-content\/uploads\/choque-costanera-2.jpg?fit=1080%2C619&ssl=1&resize=1050%2C600 3x"},"classes":[]},{"id":12938,"url":"https:\/\/larevistadigital.com.ar\/blog\/hizo-un-asado-y-termino-incendiando-media-casa\/","url_meta":{"origin":22273,"position":3},"title":"HIZO UN ASADO, Y TERMIN\u00d3 INCENDIANDO MEDIA CASA","author":"Alejandro Sosa Ruda","date":"31 octubre, 2019","format":false,"excerpt":"Sucedi\u00f3 este mi\u00e9rcoles por la noche,\u00a0en una vivienda ubicada en calle Leal a metros de avenida Sarmiento. Hizo un asado al mediod\u00eda y los restos de las brasas terminaron ocasionando un incendio que destruy\u00f3 el garage de la casa. El\u00a0fuego de grandes proporciones\u00a0adem\u00e1s de afectar el inmueble destruy\u00f3 una moto\u2026","rel":"","context":"En \u00abINTERES GENERAL\u00bb","block_context":{"text":"INTERES GENERAL","link":"https:\/\/larevistadigital.com.ar\/blog\/category\/interes-general\/"},"img":{"alt_text":"","src":"https:\/\/i0.wp.com\/larevistadigital.com.ar\/blog\/wp-content\/uploads\/20170321202443_whatsapp_image_2017_03_21_at_19_40_32.jpeg?fit=620%2C340&ssl=1&resize=350%2C200","width":350,"height":200,"srcset":"https:\/\/i0.wp.com\/larevistadigital.com.ar\/blog\/wp-content\/uploads\/20170321202443_whatsapp_image_2017_03_21_at_19_40_32.jpeg?fit=620%2C340&ssl=1&resize=350%2C200 1x, https:\/\/i0.wp.com\/larevistadigital.com.ar\/blog\/wp-content\/uploads\/20170321202443_whatsapp_image_2017_03_21_at_19_40_32.jpeg?fit=620%2C340&ssl=1&resize=525%2C300 1.5x"},"classes":[]},{"id":23686,"url":"https:\/\/larevistadigital.com.ar\/blog\/se-incendio-un-vehiculo-en-la-ruta-74-en-cercanias-de-tandil\/","url_meta":{"origin":22273,"position":4},"title":"SE INCENDI\u00d3 UN VEH\u00cdCULO EN LA RUTA 74, EN CERCAN\u00cdAS DE TANDIL","author":"Alejandro Sosa Ruda","date":"30 enero, 2022","format":false,"excerpt":"El hecho se produjo este s\u00e1bado por la tarde entre 4 Esquinas y el cruce Scarminachi y no se registraron heridos, solo da\u00f1os materiales. Un veh\u00edculo Ford Focus, patente DYA753, se incendi\u00f3 minutos antes de las 17, en la Ruta 74, entre 4 Esquinas y el cruce Scarminachi. Pese a\u2026","rel":"","context":"En \u00abPOLICIALES\u00bb","block_context":{"text":"POLICIALES","link":"https:\/\/larevistadigital.com.ar\/blog\/category\/policiales\/"},"img":{"alt_text":"","src":"https:\/\/i0.wp.com\/larevistadigital.com.ar\/blog\/wp-content\/uploads\/incendio-focus-29-1-2022-1.jpg?fit=800%2C534&ssl=1&resize=350%2C200","width":350,"height":200,"srcset":"https:\/\/i0.wp.com\/larevistadigital.com.ar\/blog\/wp-content\/uploads\/incendio-focus-29-1-2022-1.jpg?fit=800%2C534&ssl=1&resize=350%2C200 1x, https:\/\/i0.wp.com\/larevistadigital.com.ar\/blog\/wp-content\/uploads\/incendio-focus-29-1-2022-1.jpg?fit=800%2C534&ssl=1&resize=525%2C300 1.5x, https:\/\/i0.wp.com\/larevistadigital.com.ar\/blog\/wp-content\/uploads\/incendio-focus-29-1-2022-1.jpg?fit=800%2C534&ssl=1&resize=700%2C400 2x"},"classes":[]},{"id":17809,"url":"https:\/\/larevistadigital.com.ar\/blog\/mar-del-plata-se-incendio-casa-en-el-bosque-y-quedo-reducida-a-cenizas\/","url_meta":{"origin":22273,"position":5},"title":"MAR DEL PLATA: SE INCENDI\u00d3 CASA EN EL BOSQUE Y QUEDO REDUCIDA A CENIZAS","author":"Alejandro Sosa Ruda","date":"24 noviembre, 2020","format":false,"excerpt":"Sucedi\u00f3 esta madrugada en una vivienda de Los Cha\u00f1ares al 1500. La moradora de la casa result\u00f3 ilesa. Un voraz incendio se desat\u00f3 este martes a la madrugada sobre una vivienda del\u00a0Bosque de Peralta Ramos, que qued\u00f3 reducida a cenizas. Fuentes consultadas por\u00a00223, indicaron que el hecho sucedi\u00f3 alrededor de\u2026","rel":"","context":"En \u00abREGIONALES\u00bb","block_context":{"text":"REGIONALES","link":"https:\/\/larevistadigital.com.ar\/blog\/category\/regionales\/"},"img":{"alt_text":"","src":"https:\/\/i0.wp.com\/larevistadigital.com.ar\/blog\/wp-content\/uploads\/Screenshot_3-61.jpg?fit=1001%2C559&ssl=1&resize=350%2C200","width":350,"height":200,"srcset":"https:\/\/i0.wp.com\/larevistadigital.com.ar\/blog\/wp-content\/uploads\/Screenshot_3-61.jpg?fit=1001%2C559&ssl=1&resize=350%2C200 1x, https:\/\/i0.wp.com\/larevistadigital.com.ar\/blog\/wp-content\/uploads\/Screenshot_3-61.jpg?fit=1001%2C559&ssl=1&resize=525%2C300 1.5x, https:\/\/i0.wp.com\/larevistadigital.com.ar\/blog\/wp-content\/uploads\/Screenshot_3-61.jpg?fit=1001%2C559&ssl=1&resize=700%2C400 2x"},"classes":[]}],"_links":{"self":[{"href":"https:\/\/larevistadigital.com.ar\/blog\/wp-json\/wp\/v2\/posts\/22273","targetHints":{"allow":["GET"]}}],"collection":[{"href":"https:\/\/larevistadigital.com.ar\/blog\/wp-json\/wp\/v2\/posts"}],"about":[{"href":"https:\/\/larevistadigital.com.ar\/blog\/wp-json\/wp\/v2\/types\/post"}],"author":[{"embeddable":true,"href":"https:\/\/larevistadigital.com.ar\/blog\/wp-json\/wp\/v2\/users\/3"}],"replies":[{"embeddable":true,"href":"https:\/\/larevistadigital.com.ar\/blog\/wp-json\/wp\/v2\/comments?post=22273"}],"version-history":[{"count":1,"href":"https:\/\/larevistadigital.com.ar\/blog\/wp-json\/wp\/v2\/posts\/22273\/revisions"}],"predecessor-version":[{"id":22275,"href":"https:\/\/larevistadigital.com.ar\/blog\/wp-json\/wp\/v2\/posts\/22273\/revisions\/22275"}],"wp:featuredmedia":[{"embeddable":true,"href":"https:\/\/larevistadigital.com.ar\/blog\/wp-json\/wp\/v2\/media\/22274"}],"wp:attachment":[{"href":"https:\/\/larevistadigital.com.ar\/blog\/wp-json\/wp\/v2\/media?parent=22273"}],"wp:term":[{"taxonomy":"category","embeddable":true,"href":"https:\/\/larevistadigital.com.ar\/blog\/wp-json\/wp\/v2\/categories?post=22273"},{"taxonomy":"post_tag","embeddable":true,"href":"https:\/\/larevistadigital.com.ar\/blog\/wp-json\/wp\/v2\/tags?post=22273"}],"curies":[{"name":"wp","href":"https:\/\/api.w.org\/{rel}","templated":true}]}}