{"id":22280,"date":"2021-10-09T03:16:05","date_gmt":"2021-10-09T03:16:05","guid":{"rendered":"https:\/\/larevistadigital.com.ar\/blog\/?p=22280"},"modified":"2021-10-09T03:16:05","modified_gmt":"2021-10-09T03:16:05","slug":"jorge-macchi-afirmo-que-pese-al-aumento-los-municipales-han-perdido-mas-de-un-30-de-su-poder-adquisitivo","status":"publish","type":"post","link":"https:\/\/larevistadigital.com.ar\/blog\/jorge-macchi-afirmo-que-pese-al-aumento-los-municipales-han-perdido-mas-de-un-30-de-su-poder-adquisitivo\/","title":{"rendered":"JORGE MACCHI AFIRM\u00d3 QUE PESE AL AUMENTO, LOS MUNICIPALES HAN PERDIDO M\u00c1S DE UN 30% DE SU PODER ADQUISITIVO"},"content":{"rendered":"<h2>El dirigente del radicalismo, explic\u00f3 porqu\u00e9 el aumento otorgado no es suficiente, recordando que durante 2020 no hubo ning\u00fan incremento salarial, y criticando la actitud del gobierno local, asegurando que \u00abvienen disfrazados de Pap\u00e1 Noel\u00bb&#8230;<\/h2>\n<p><strong>CHASCOM\u00daS &#8211;\u00a0<\/strong> Durante el programa <strong>\u00abAtaque de Radio\u00bb<\/strong> que se emite por <strong>FM ACTIVA (93.1)<\/strong>, el dirigente radical y ex funcionario <strong>Jorge Macchi<\/strong>, mantuvo un di\u00e1logo con <strong>Alejandro \u00abEl Tano\u00bb Sosa<\/strong> y <strong>Carlos Lasserre<\/strong>, donde adelant\u00f3 algunos n\u00fameros que expresan la notable p\u00e9rdida de poder adquisitivo del empleado municipal, pese al incremento que anunci\u00f3 el intendente <strong>Javier Gast\u00f3n<\/strong>, d\u00edas atr\u00e1s.<\/p>\n<blockquote>\n<h3>Machi, expres\u00f3 que la realidad del incremento a los municipales, es que lo que otorg\u00f3 el gobierno municipal fue un 8 % para octubre, y un 2% para diciembre, lo\u00a0 que redondea un 10%, Ya que el resto fue acordado a principio de a\u00f1o cuando se reuni\u00f3 la \u00abMesa del Salario\u00bb. <em>\u00abEstamos haciendo desde el partido, un trabajo que tiene que ver con la ca\u00edda del salario real del empleado municipal\u00bb<\/em>.<\/h3>\n<\/blockquote>\n<p><em><strong>\u00abEsto suena, este anunci\u00f3 a d\u00edas de la elecci\u00f3n suena a que te quieren regalar una bicicleta. Ac\u00e1 hubo un acuerdo con la Mesa Salarial, que contemplaba todo el a\u00f1o que era del cincuenta y pico por ciento, y lo que quedaba para este a\u00f1o, era un diez(10) para octubre y un siete (7) para diciembre, que lo han transformado en un 18% y en un 9%, eso quiere decir que en total le van a dar un 10% m\u00e1s, dividido en dos veces\u00bb<\/strong><\/em>, mencion\u00f3.<\/p>\n<blockquote>\n<h3>Continu\u00f3 diciendo que <em><strong>\u00abEsto redondea un total del 66%, que es una buena cifra, pero lo que hay que ver, es lo siguiente: Un empleado municipal de categor\u00eda 13 en diciembre de 2019, cobraba la suma aproximada de $24.150.-. Con todos estos aumentos en diciembre de 2021, ese empleado, de la misma categor\u00eda, va a cobrar $40.300.- ah\u00ed est\u00e1 el 66% de aumento. \u00bfPero saben que es lo que pas\u00f3? que durante todo el a\u00f1o 2020, no tuvieron un peso de aumento, y ning\u00fan sindicato dijo nada\u00bb<\/strong><\/em>, dispar\u00f3 indignado.<\/h3>\n<\/blockquote>\n<p>Mencion\u00f3 que l\u00f3gicamente ahora los sindicatos apoyan este aumento e hicieron un buen acuerdo, <strong>pero por un a\u00f1o, y el problema es que hay dos a\u00f1os ac\u00e1.<\/strong><\/p>\n<blockquote>\n<h3>Agreg\u00f3 que la canasta b\u00e1sica, para no estar en la l\u00ednea de pobreza, se ubica en $68.000.-, <em><strong>\u00abes decir que toda esta gente est\u00e1 por debajo de la l\u00ednea de pobreza como la mayor\u00eda de los empleados municipales. El kilo de pan en diciembre del 19, sal\u00eda $80 y ahora sale $180. Eso significa un 125% de aumento. Es decir que en diciembre de 2019, con los $24.150.- pod\u00edas comprar 300 kg. de pan, y hoy, si vas con los $40.000.- pod\u00e9s comprar solamente 223 kilos, es decir que perdiste 77 kilos de pan. Comprabas 141 kg. de yerba, ahora compr\u00e1s 80. Leche, comprabas 480 litros y ahora 366 litros. Carne picada, comprabas 200kg. y ahora apenas lleg\u00e1s a 60. Eso es lo que te da de bolsillo. La inflaci\u00f3n ser\u00e1 aproximadamente del 101% desde diciembre del 19 a diciembre del 21, es decir que los municipales perdieron casi un 40% de su poder adquisitivo\u00bb<\/strong><\/em>, sentenci\u00f3.<\/h3>\n<\/blockquote>\n<p><em><strong>\u00abEs por eso que ahora, cuando vienen disfrazados de Pap\u00e1 Noel, a decir, mir\u00e1 toda la plata que te voy a dar, tienen que utilizar un poquito la memoria y acordarse que el a\u00f1o pasado, no le dieron nada. Y tendr\u00edan que tener en cuenta es que la gente no come vidrio y si hay algo que tiene es memoria. Pronto vamos a presentar el trabajo a todos los medios, y te aseguro que hay algunas categor\u00edas que son peores\u00bb<\/strong><\/em>, culmin\u00f3.<\/p>\n<!--[if lt IE 9]><script>document.createElement('audio');<\/script><![endif]-->\n<audio class=\"wp-audio-shortcode\" id=\"audio-22280-1\" preload=\"none\" style=\"width: 100%;\" controls=\"controls\"><source type=\"audio\/mpeg\" src=\"https:\/\/larevistadigital.com.ar\/blog\/wp-content\/uploads\/NOTA-JORGE-MACCHI.mp3?_=1\" \/><a href=\"https:\/\/larevistadigital.com.ar\/blog\/wp-content\/uploads\/NOTA-JORGE-MACCHI.mp3\">https:\/\/larevistadigital.com.ar\/blog\/wp-content\/uploads\/NOTA-JORGE-MACCHI.mp3<\/a><\/audio>\n<p>&nbsp;<\/p>\n<p>&nbsp;<\/p>\n<p>&nbsp;<\/p>\n","protected":false},"excerpt":{"rendered":"<div class=\"mh-excerpt\"><p>El dirigente del radicalismo, explic\u00f3 porqu\u00e9 el aumento otorgado no es suficiente, recordando que durante 2020 no hubo ning\u00fan incremento salarial, y criticando la actitud del gobierno local, asegurando que \u00abvienen disfrazados de Pap\u00e1 Noel\u00bb&#8230; <a class=\"mh-excerpt-more\" href=\"https:\/\/larevistadigital.com.ar\/blog\/jorge-macchi-afirmo-que-pese-al-aumento-los-municipales-han-perdido-mas-de-un-30-de-su-poder-adquisitivo\/\" title=\"JORGE MACCHI AFIRM\u00d3 QUE PESE AL AUMENTO, LOS MUNICIPALES HAN PERDIDO M\u00c1S DE UN 30% DE SU PODER ADQUISITIVO\">[Leer M\u00e1s]<\/a><\/p>\n<\/div>","protected":false},"author":3,"featured_media":22283,"comment_status":"open","ping_status":"open","sticky":false,"template":"","format":"standard","meta":{"_jetpack_memberships_contains_paid_content":false,"footnotes":"","jetpack_publicize_message":"","jetpack_publicize_feature_enabled":true,"jetpack_social_post_already_shared":true,"jetpack_social_options":{"image_generator_settings":{"template":"highway","default_image_id":0,"font":"","enabled":false},"version":2}},"categories":[50,23],"tags":[],"class_list":{"0":"post-22280","1":"post","2":"type-post","3":"status-publish","4":"format-standard","5":"has-post-thumbnail","7":"category-interes-general","8":"category-politica-local"},"jetpack_publicize_connections":[],"jetpack_featured_media_url":"https:\/\/i0.wp.com\/larevistadigital.com.ar\/blog\/wp-content\/uploads\/salarios_1024x512.jpg?fit=1024%2C512&ssl=1","jetpack_sharing_enabled":true,"jetpack_shortlink":"https:\/\/wp.me\/p8qtrQ-5Nm","jetpack-related-posts":[{"id":5195,"url":"https:\/\/larevistadigital.com.ar\/blog\/chascomus-municipio-saber-hubo-acuerdo-los-gremios-19-aumento\/","url_meta":{"origin":22280,"position":0},"title":"CHASCOM\u00daS: EL MUNICIPIO HIZO SABER QUE HUBO ACUERDO CON LOS GREMIOS POR UN 19% DE AUMENTO","author":"Alejandro Sosa Ruda","date":"7 marzo, 2018","format":false,"excerpt":"La Municipalidad de Chascom\u00fas, desde su p\u00e1gina de facebook\u00a0 hizo conocer que tras realizarse el segundo encuentro de la Mesa Paritaria, el Departamento Ejecutivo logr\u00f3 un\u00a0 acuerdo con todos los gremios, sobre un incremento salarial para los empleados municipales del 19,1 %, en tres tramos que incluye la cl\u00e1usula gatillo.\u2026","rel":"","context":"En \u00abGREMIALES\u00bb","block_context":{"text":"GREMIALES","link":"https:\/\/larevistadigital.com.ar\/blog\/category\/gremiales\/"},"img":{"alt_text":"","src":"https:\/\/i0.wp.com\/larevistadigital.com.ar\/blog\/wp-content\/uploads\/2018\/03\/28783319_1801448603209350_666381720539938954_n.jpg?fit=883%2C589&ssl=1&resize=350%2C200","width":350,"height":200,"srcset":"https:\/\/i0.wp.com\/larevistadigital.com.ar\/blog\/wp-content\/uploads\/2018\/03\/28783319_1801448603209350_666381720539938954_n.jpg?fit=883%2C589&ssl=1&resize=350%2C200 1x, https:\/\/i0.wp.com\/larevistadigital.com.ar\/blog\/wp-content\/uploads\/2018\/03\/28783319_1801448603209350_666381720539938954_n.jpg?fit=883%2C589&ssl=1&resize=525%2C300 1.5x, https:\/\/i0.wp.com\/larevistadigital.com.ar\/blog\/wp-content\/uploads\/2018\/03\/28783319_1801448603209350_666381720539938954_n.jpg?fit=883%2C589&ssl=1&resize=700%2C400 2x"},"classes":[]},{"id":13817,"url":"https:\/\/larevistadigital.com.ar\/blog\/chascomus-el-intendente-javier-gaston-anuncio-un-aumento-para-los-trabajadores-municipales\/","url_meta":{"origin":22280,"position":1},"title":"CHASCOM\u00daS: EL INTENDENTE JAVIER GAST\u00d3N ANUNCI\u00d3 UN AUMENTO PARA LOS TRABAJADORES MUNICIPALES","author":"Alejandro Sosa Ruda","date":"26 diciembre, 2019","format":false,"excerpt":"Se inform\u00f3 desde la p\u00e1gina del municipio, que se acord\u00f3 un aumento para los trabajadores municipales que a continuaci\u00f3n reproducimos. La Nota: Tras la reuni\u00f3n con la mesa de negociaci\u00f3n salarial, el departamento ejecutivo y los representantes de los tres gremios municipales acordaron, esta tarde, un nuevo aumento del 12%\u2026","rel":"","context":"En \u00abCHASCOM\u00daS\u00bb","block_context":{"text":"CHASCOM\u00daS","link":"https:\/\/larevistadigital.com.ar\/blog\/category\/chascomus\/"},"img":{"alt_text":"","src":"","width":0,"height":0},"classes":[]},{"id":18569,"url":"https:\/\/larevistadigital.com.ar\/blog\/excelente-y-claro-informe-del-diario-el-fuerte-acerca-de-la-triste-realidad-sobre-la-perdida-del-poder-adquisitivo-de-los-empleados-municipales\/","url_meta":{"origin":22280,"position":2},"title":"EXCELENTE Y CLARO INFORME DEL DIARIO EL FUERTE ACERCA DE LA TRISTE REALIDAD SOBRE LA P\u00c9RDIDA DEL PODER ADQUISITIVO DE LOS EMPLEADOS MUNICIPALES.","author":"Alejandro Sosa Ruda","date":"12 enero, 2021","format":false,"excerpt":"El diario El Fuerte, y el portal elfuertediario.com.ar publicaron un interesante y claro an\u00e1lisis de la triste realidad de la p\u00e9rdida de ingresos de los empleados\u00a0 municipales, que a continuaci\u00f3n reproducimos sin cambiar una coma. \u00a1Felicitaciones a nuestros colegas! Ha sido abrupta la ca\u00edda de los sueldos municipales entre diciembre\u2026","rel":"","context":"En \u00abINTERES GENERAL\u00bb","block_context":{"text":"INTERES GENERAL","link":"https:\/\/larevistadigital.com.ar\/blog\/category\/interes-general\/"},"img":{"alt_text":"","src":"https:\/\/i0.wp.com\/larevistadigital.com.ar\/blog\/wp-content\/uploads\/caida-salarial.jpg?fit=1140%2C759&ssl=1&resize=350%2C200","width":350,"height":200,"srcset":"https:\/\/i0.wp.com\/larevistadigital.com.ar\/blog\/wp-content\/uploads\/caida-salarial.jpg?fit=1140%2C759&ssl=1&resize=350%2C200 1x, https:\/\/i0.wp.com\/larevistadigital.com.ar\/blog\/wp-content\/uploads\/caida-salarial.jpg?fit=1140%2C759&ssl=1&resize=525%2C300 1.5x, https:\/\/i0.wp.com\/larevistadigital.com.ar\/blog\/wp-content\/uploads\/caida-salarial.jpg?fit=1140%2C759&ssl=1&resize=700%2C400 2x, https:\/\/i0.wp.com\/larevistadigital.com.ar\/blog\/wp-content\/uploads\/caida-salarial.jpg?fit=1140%2C759&ssl=1&resize=1050%2C600 3x"},"classes":[]},{"id":18615,"url":"https:\/\/larevistadigital.com.ar\/blog\/ayacucho-anuncio-el-pago-de-un-bono-de-7-000-y-el-aumento-salarial-para-sus-municipales\/","url_meta":{"origin":22280,"position":3},"title":"AYACUCHO ANUNCI\u00d3 EL PAGO DE UN BONO DE $7.000.- Y EL AUMENTO SALARIAL PARA SUS MUNICIPALES","author":"Alejandro Sosa Ruda","date":"14 enero, 2021","format":false,"excerpt":"Tal como se hab\u00eda anunciado, el pr\u00f3ximo viernes 15 de enero la Municipalidad de Ayacucho estar\u00e1 haciendo efectivo el pago del bono para empleados municipales. El mismo ser\u00e1 de $7.000 por agente y alcanzar\u00e1 a empleados activos, jubilados y pensionados municipales, quedando exceptuados todos los cargos pol\u00edticos. De acuerdo a\u2026","rel":"","context":"En \u00abPOLITICA PROVINCIAL\u00bb","block_context":{"text":"POLITICA PROVINCIAL","link":"https:\/\/larevistadigital.com.ar\/blog\/category\/politica\/politica-provincial\/"},"img":{"alt_text":"","src":"https:\/\/i0.wp.com\/larevistadigital.com.ar\/blog\/wp-content\/uploads\/21-10-2020-cordonnier.jpg?fit=1200%2C900&ssl=1&resize=350%2C200","width":350,"height":200,"srcset":"https:\/\/i0.wp.com\/larevistadigital.com.ar\/blog\/wp-content\/uploads\/21-10-2020-cordonnier.jpg?fit=1200%2C900&ssl=1&resize=350%2C200 1x, https:\/\/i0.wp.com\/larevistadigital.com.ar\/blog\/wp-content\/uploads\/21-10-2020-cordonnier.jpg?fit=1200%2C900&ssl=1&resize=525%2C300 1.5x, https:\/\/i0.wp.com\/larevistadigital.com.ar\/blog\/wp-content\/uploads\/21-10-2020-cordonnier.jpg?fit=1200%2C900&ssl=1&resize=700%2C400 2x, https:\/\/i0.wp.com\/larevistadigital.com.ar\/blog\/wp-content\/uploads\/21-10-2020-cordonnier.jpg?fit=1200%2C900&ssl=1&resize=1050%2C600 3x"},"classes":[]},{"id":917,"url":"https:\/\/larevistadigital.com.ar\/blog\/alicia-barletta-sostuvo-estan-lejos-llegar-acuerdo-gobierno-los-gremios-municipales\/","url_meta":{"origin":22280,"position":4},"title":"Alicia Barletta sostuvo que est\u00e1n muy lejos de llegar a un acuerdo entre el gobierno y los gremios municipales.","author":"Alejandro Sosa Ruda","date":"10 marzo, 2017","format":false,"excerpt":"En una entrevista de la FM 101.5 durante el programa AM Show, la secretaria general de ATE Mar\u00eda Alicia Barletta se refiri\u00f3 a la negociaci\u00f3n\u00a0con el gobierno municipal acerca de los aumentos salariales. Menciono que estuvieron reunidos los tres gremios municipales con el departamento ejecutivo, en donde hubo una mejora\u2026","rel":"","context":"En \u00abGREMIALES\u00bb","block_context":{"text":"GREMIALES","link":"https:\/\/larevistadigital.com.ar\/blog\/category\/gremiales\/"},"img":{"alt_text":"","src":"https:\/\/i0.wp.com\/larevistadigital.com.ar\/blog\/wp-content\/uploads\/2017\/03\/barleta_Alicia-Copy.jpg?fit=1024%2C768&ssl=1&resize=350%2C200","width":350,"height":200,"srcset":"https:\/\/i0.wp.com\/larevistadigital.com.ar\/blog\/wp-content\/uploads\/2017\/03\/barleta_Alicia-Copy.jpg?fit=1024%2C768&ssl=1&resize=350%2C200 1x, https:\/\/i0.wp.com\/larevistadigital.com.ar\/blog\/wp-content\/uploads\/2017\/03\/barleta_Alicia-Copy.jpg?fit=1024%2C768&ssl=1&resize=525%2C300 1.5x, https:\/\/i0.wp.com\/larevistadigital.com.ar\/blog\/wp-content\/uploads\/2017\/03\/barleta_Alicia-Copy.jpg?fit=1024%2C768&ssl=1&resize=700%2C400 2x"},"classes":[]},{"id":36632,"url":"https:\/\/larevistadigital.com.ar\/blog\/ejecutivo-y-sindicatos-acuerdan-un-nuevo-aumento-salarial-para-trabajadores-municipales\/","url_meta":{"origin":22280,"position":5},"title":"EJECUTIVO Y SINDICATOS ACUERDAN UN NUEVO AUMENTO SALARIAL PARA TRABAJADORES MUNICIPALES","author":"Alejandro Sosa Ruda","date":"10 julio, 2024","format":false,"excerpt":"El incremento beneficiar\u00e1 a toda la planta municipal en dos etapas y actualizar\u00e1 las asignaciones familiares. 10 de Julio de 2024 CHASCOM\u00daS -\u00a0 El secretario de Recursos Humanos y Modernizaci\u00f3n del Estado, Jos\u00e9 Yezza Ross, y el de Gobierno, Cipriano P\u00e9rez del Cerro se reunieron con representantes gremiales con quienes\u2026","rel":"","context":"En \u00abCHASCOM\u00daS\u00bb","block_context":{"text":"CHASCOM\u00daS","link":"https:\/\/larevistadigital.com.ar\/blog\/category\/chascomus\/"},"img":{"alt_text":"","src":"https:\/\/i0.wp.com\/larevistadigital.com.ar\/blog\/wp-content\/uploads\/2024_07_11_01_30_23_4218651.jpg?fit=600%2C401&ssl=1&resize=350%2C200","width":350,"height":200,"srcset":"https:\/\/i0.wp.com\/larevistadigital.com.ar\/blog\/wp-content\/uploads\/2024_07_11_01_30_23_4218651.jpg?fit=600%2C401&ssl=1&resize=350%2C200 1x, https:\/\/i0.wp.com\/larevistadigital.com.ar\/blog\/wp-content\/uploads\/2024_07_11_01_30_23_4218651.jpg?fit=600%2C401&ssl=1&resize=525%2C300 1.5x"},"classes":[]}],"_links":{"self":[{"href":"https:\/\/larevistadigital.com.ar\/blog\/wp-json\/wp\/v2\/posts\/22280","targetHints":{"allow":["GET"]}}],"collection":[{"href":"https:\/\/larevistadigital.com.ar\/blog\/wp-json\/wp\/v2\/posts"}],"about":[{"href":"https:\/\/larevistadigital.com.ar\/blog\/wp-json\/wp\/v2\/types\/post"}],"author":[{"embeddable":true,"href":"https:\/\/larevistadigital.com.ar\/blog\/wp-json\/wp\/v2\/users\/3"}],"replies":[{"embeddable":true,"href":"https:\/\/larevistadigital.com.ar\/blog\/wp-json\/wp\/v2\/comments?post=22280"}],"version-history":[{"count":2,"href":"https:\/\/larevistadigital.com.ar\/blog\/wp-json\/wp\/v2\/posts\/22280\/revisions"}],"predecessor-version":[{"id":22285,"href":"https:\/\/larevistadigital.com.ar\/blog\/wp-json\/wp\/v2\/posts\/22280\/revisions\/22285"}],"wp:featuredmedia":[{"embeddable":true,"href":"https:\/\/larevistadigital.com.ar\/blog\/wp-json\/wp\/v2\/media\/22283"}],"wp:attachment":[{"href":"https:\/\/larevistadigital.com.ar\/blog\/wp-json\/wp\/v2\/media?parent=22280"}],"wp:term":[{"taxonomy":"category","embeddable":true,"href":"https:\/\/larevistadigital.com.ar\/blog\/wp-json\/wp\/v2\/categories?post=22280"},{"taxonomy":"post_tag","embeddable":true,"href":"https:\/\/larevistadigital.com.ar\/blog\/wp-json\/wp\/v2\/tags?post=22280"}],"curies":[{"name":"wp","href":"https:\/\/api.w.org\/{rel}","templated":true}]}}