{"id":22287,"date":"2021-10-09T03:43:40","date_gmt":"2021-10-09T03:43:40","guid":{"rendered":"https:\/\/larevistadigital.com.ar\/blog\/?p=22287"},"modified":"2021-10-09T03:52:44","modified_gmt":"2021-10-09T03:52:44","slug":"se-volvio-a-averiar-la-santileta-y-el-gobierno-local-aprovecho-para-multarla-mientras-fueron-a-buscar-un-mecanico","status":"publish","type":"post","link":"https:\/\/larevistadigital.com.ar\/blog\/se-volvio-a-averiar-la-santileta-y-el-gobierno-local-aprovecho-para-multarla-mientras-fueron-a-buscar-un-mecanico\/","title":{"rendered":"SE VOLVI\u00d3 A AVERIAR LA \u00abSANTILETA\u00bb, Y EL GOBIERNO LOCAL APROVECH\u00d3 PARA MULTARLA MIENTRAS FUERON A BUSCAR UN MEC\u00c1NICO"},"content":{"rendered":"<p><strong>CHASCOM\u00daS &#8211;<\/strong> La jornada de ayer, tuvo un incidente que parece que le cay\u00f3 del cielo al gobierno local, que aprovech\u00f3 la oportunidad para tomar una peque\u00f1a \u00abvenganza\u00bb contra el partido que pr\u00e1cticamente lo humill\u00f3 en las pasadas PASO.<\/p>\n<p>Sucedi\u00f3 que lleg\u00f3 a la ciudad la denominada <strong>\u00abSantileta\u00bb<\/strong>, que se trata de una Volswagen Kombi, que hace las veces de pintoresco veh\u00edculo de campa\u00f1a del candidato de JUNTOS, <strong>Diego Santilli<\/strong>, quien visitar\u00eda Chascom\u00fas.<\/p>\n<blockquote>\n<h3><img data-recalc-dims=\"1\" loading=\"lazy\" decoding=\"async\" class=\" wp-image-22289 alignright\" src=\"https:\/\/i0.wp.com\/larevistadigital.com.ar\/blog\/wp-content\/uploads\/WhatsApp-Image-2021-10-08-at-19.55.53-2.jpeg?resize=288%2C399&#038;ssl=1\" alt=\"\" width=\"288\" height=\"399\" srcset=\"https:\/\/i0.wp.com\/larevistadigital.com.ar\/blog\/wp-content\/uploads\/WhatsApp-Image-2021-10-08-at-19.55.53-2.jpeg?w=246&amp;ssl=1 246w, https:\/\/i0.wp.com\/larevistadigital.com.ar\/blog\/wp-content\/uploads\/WhatsApp-Image-2021-10-08-at-19.55.53-2.jpeg?resize=216%2C300&amp;ssl=1 216w\" sizes=\"auto, (max-width: 288px) 100vw, 288px\" \/>Lo que ocurri\u00f3, es que la camioneta sufri\u00f3 una aver\u00eda, por lo que dej\u00f3 de funcionar, quedando estacionada en calle Lavalle sobre mano izquierda, por lo que varios militantes, inclusive el mismo primer candidato a concejal Ramiro Ferrrante, fue al lugar y la corrieron, dej\u00e1ndola estacionada como corresponde. Pero alguien, hab\u00eda tomado una foto, de la camioneta parada cuando se descompuso, y aunque cuando los inspectores llegaron al lugar, no estaba en infracci\u00f3n, de todas maneras le labraron una multa.<\/h3>\n<\/blockquote>\n<p>Cabe destacar, que <strong>al momento de empujar la camioneta para dejarla correctamente estacionada, la misma no ten\u00eda multa alguna.<\/strong> Es decir que fueron e infraccionaron cuando la \u00abSantileta\u00bb estaba estacionada en regla.<\/p>\n<p>Pareciera que la infracci\u00f3n fue una suerte de \u00abpeque\u00f1o desquite\u00bb contra el candidato que referencia a <strong>Ferrrante<\/strong>, demostrando una forma infantil y mal intencionada de revancha, de una situaci\u00f3n de la que est\u00e1n observando que les ser\u00e1 a\u00fan m\u00e1s adversa en noviembre.<\/p>\n<p><img data-recalc-dims=\"1\" loading=\"lazy\" decoding=\"async\" class=\"alignnone size-full wp-image-22290\" src=\"https:\/\/i0.wp.com\/larevistadigital.com.ar\/blog\/wp-content\/uploads\/WhatsApp-Image-2021-10-08-at-19.55.53.jpeg?resize=1280%2C793&#038;ssl=1\" alt=\"\" width=\"1280\" height=\"793\" srcset=\"https:\/\/i0.wp.com\/larevistadigital.com.ar\/blog\/wp-content\/uploads\/WhatsApp-Image-2021-10-08-at-19.55.53.jpeg?w=1280&amp;ssl=1 1280w, https:\/\/i0.wp.com\/larevistadigital.com.ar\/blog\/wp-content\/uploads\/WhatsApp-Image-2021-10-08-at-19.55.53.jpeg?resize=300%2C186&amp;ssl=1 300w, https:\/\/i0.wp.com\/larevistadigital.com.ar\/blog\/wp-content\/uploads\/WhatsApp-Image-2021-10-08-at-19.55.53.jpeg?resize=1024%2C634&amp;ssl=1 1024w, https:\/\/i0.wp.com\/larevistadigital.com.ar\/blog\/wp-content\/uploads\/WhatsApp-Image-2021-10-08-at-19.55.53.jpeg?resize=768%2C476&amp;ssl=1 768w\" sizes=\"auto, (max-width: 1000px) 100vw, 1000px\" \/><\/p>\n","protected":false},"excerpt":{"rendered":"<div class=\"mh-excerpt\"><p>CHASCOM\u00daS &#8211; La jornada de ayer, tuvo un incidente que parece que le cay\u00f3 del cielo al gobierno local, que aprovech\u00f3 la oportunidad para tomar una peque\u00f1a \u00abvenganza\u00bb contra el partido que pr\u00e1cticamente lo humill\u00f3 <a class=\"mh-excerpt-more\" href=\"https:\/\/larevistadigital.com.ar\/blog\/se-volvio-a-averiar-la-santileta-y-el-gobierno-local-aprovecho-para-multarla-mientras-fueron-a-buscar-un-mecanico\/\" title=\"SE VOLVI\u00d3 A AVERIAR LA \u00abSANTILETA\u00bb, Y EL GOBIERNO LOCAL APROVECH\u00d3 PARA MULTARLA MIENTRAS FUERON A BUSCAR UN MEC\u00c1NICO\">[Leer M\u00e1s]<\/a><\/p>\n<\/div>","protected":false},"author":3,"featured_media":22288,"comment_status":"open","ping_status":"open","sticky":false,"template":"","format":"standard","meta":{"_jetpack_memberships_contains_paid_content":false,"footnotes":"","jetpack_publicize_message":"","jetpack_publicize_feature_enabled":true,"jetpack_social_post_already_shared":true,"jetpack_social_options":{"image_generator_settings":{"template":"highway","default_image_id":0,"font":"","enabled":false},"version":2}},"categories":[41],"tags":[],"class_list":{"0":"post-22287","1":"post","2":"type-post","3":"status-publish","4":"format-standard","5":"has-post-thumbnail","7":"category-destacadas"},"jetpack_publicize_connections":[],"jetpack_featured_media_url":"https:\/\/i0.wp.com\/larevistadigital.com.ar\/blog\/wp-content\/uploads\/WhatsApp-Image-2021-10-08-at-19.55.53-1.jpeg?fit=543%2C725&ssl=1","jetpack_sharing_enabled":true,"jetpack_shortlink":"https:\/\/wp.me\/p8qtrQ-5Nt","jetpack-related-posts":[{"id":24420,"url":"https:\/\/larevistadigital.com.ar\/blog\/chascomus-el-radicalismo-local-avanza-en-la-unidad-y-tendra-candidato-a-intendente-en-el-2023\/","url_meta":{"origin":22287,"position":0},"title":"CHASCOM\u00daS: EL RADICALISMO LOCAL AVANZA EN LA UNIDAD Y TENDRA CANDIDATO A INTENDENTE EN EL 2023","author":"Alejandro Sosa Ruda","date":"8 marzo, 2022","format":false,"excerpt":"Sus autoridades lo representar\u00e1n dentro de Juntos. El Radicalismo local avanza en la unidad y tendr\u00e1 candidato a Intendente en el 2023 CHASCOM\u00daS -\u00a0 Sobre la base que un Jefe Comunal debe tener un equipo formado para llevar adelante un buen gobierno, se trabaja en distintas \u00e1reas con el aporte\u2026","rel":"","context":"En \u00abINTERES GENERAL\u00bb","block_context":{"text":"INTERES GENERAL","link":"https:\/\/larevistadigital.com.ar\/blog\/category\/interes-general\/"},"img":{"alt_text":"","src":"https:\/\/i0.wp.com\/larevistadigital.com.ar\/blog\/wp-content\/uploads\/ucr_elfuerte-02deoctubre.jpg?fit=737%2C415&ssl=1&resize=350%2C200","width":350,"height":200,"srcset":"https:\/\/i0.wp.com\/larevistadigital.com.ar\/blog\/wp-content\/uploads\/ucr_elfuerte-02deoctubre.jpg?fit=737%2C415&ssl=1&resize=350%2C200 1x, https:\/\/i0.wp.com\/larevistadigital.com.ar\/blog\/wp-content\/uploads\/ucr_elfuerte-02deoctubre.jpg?fit=737%2C415&ssl=1&resize=525%2C300 1.5x, https:\/\/i0.wp.com\/larevistadigital.com.ar\/blog\/wp-content\/uploads\/ucr_elfuerte-02deoctubre.jpg?fit=737%2C415&ssl=1&resize=700%2C400 2x"},"classes":[]},{"id":40827,"url":"https:\/\/larevistadigital.com.ar\/blog\/cote-rossi-hasta-aca-llego-el-gobierno-de-milei-vamos-a-construir-lo-que-viene\/","url_meta":{"origin":22287,"position":1},"title":"Cote Rossi: \u201cHasta ac\u00e1 lleg\u00f3 el gobierno de Milei, vamos a construir lo que viene\u201d.","author":"Alejandro Sosa Ruda","date":"10 agosto, 2025","format":false,"excerpt":"As\u00ed lo expres\u00f3 el candidato a concejal por Fuerza Patria en el acto de presentaci\u00f3n de la lista local. 10 de Agosto de 2025 CHASCOM\u00daS -\u00a0 \u00a0La sede distrital de SMATA fue el lugar elegido para que Fuerza Patria presentara p\u00fablicamente y de manera oficial a sus candidatos y candidatas\u2026","rel":"","context":"En \u00abCHASCOM\u00daS\u00bb","block_context":{"text":"CHASCOM\u00daS","link":"https:\/\/larevistadigital.com.ar\/blog\/category\/chascomus\/"},"img":{"alt_text":"","src":"https:\/\/i0.wp.com\/larevistadigital.com.ar\/blog\/wp-content\/uploads\/O4A3298-scaled.jpg?fit=1200%2C800&ssl=1&resize=350%2C200","width":350,"height":200,"srcset":"https:\/\/i0.wp.com\/larevistadigital.com.ar\/blog\/wp-content\/uploads\/O4A3298-scaled.jpg?fit=1200%2C800&ssl=1&resize=350%2C200 1x, https:\/\/i0.wp.com\/larevistadigital.com.ar\/blog\/wp-content\/uploads\/O4A3298-scaled.jpg?fit=1200%2C800&ssl=1&resize=525%2C300 1.5x, https:\/\/i0.wp.com\/larevistadigital.com.ar\/blog\/wp-content\/uploads\/O4A3298-scaled.jpg?fit=1200%2C800&ssl=1&resize=700%2C400 2x, https:\/\/i0.wp.com\/larevistadigital.com.ar\/blog\/wp-content\/uploads\/O4A3298-scaled.jpg?fit=1200%2C800&ssl=1&resize=1050%2C600 3x"},"classes":[]},{"id":31336,"url":"https:\/\/larevistadigital.com.ar\/blog\/francisco-rodriguez-candidato-a-concejal-por-uxch\/","url_meta":{"origin":22287,"position":2},"title":"\u00bfFRANCISCO RODRIGUEZ CANDIDATO A CONCEJAL POR UXCH?","author":"Alejandro Sosa Ruda","date":"4 mayo, 2023","format":false,"excerpt":"El ex Secretario General de la Seccional Chascom\u00fas de la Asociaci\u00f3n Bancaria, Francisco Rodriguez podr\u00eda ser candidato a concejal de Unidad por Chascom\u00fas, luego de perder el gremio en la \u00faltima elecci\u00f3n. 4 de mayo de 2023 CHASCOM\u00daS -\u00a0 Lleg\u00f3 a nuestra redacci\u00f3n, la informaci\u00f3n de una fuente altamente confiable,\u2026","rel":"","context":"En \u00abGREMIALES\u00bb","block_context":{"text":"GREMIALES","link":"https:\/\/larevistadigital.com.ar\/blog\/category\/gremiales\/"},"img":{"alt_text":"","src":"https:\/\/i0.wp.com\/larevistadigital.com.ar\/blog\/wp-content\/uploads\/FRANCISCO-RODRIGUEZ.jpg?fit=800%2C449&ssl=1&resize=350%2C200","width":350,"height":200,"srcset":"https:\/\/i0.wp.com\/larevistadigital.com.ar\/blog\/wp-content\/uploads\/FRANCISCO-RODRIGUEZ.jpg?fit=800%2C449&ssl=1&resize=350%2C200 1x, https:\/\/i0.wp.com\/larevistadigital.com.ar\/blog\/wp-content\/uploads\/FRANCISCO-RODRIGUEZ.jpg?fit=800%2C449&ssl=1&resize=525%2C300 1.5x, https:\/\/i0.wp.com\/larevistadigital.com.ar\/blog\/wp-content\/uploads\/FRANCISCO-RODRIGUEZ.jpg?fit=800%2C449&ssl=1&resize=700%2C400 2x"},"classes":[]},{"id":10689,"url":"https:\/\/larevistadigital.com.ar\/blog\/primicia-de-lrd-gabriel-macchi-firmando-ahora-su-lista-y-pronto-a-viajar-a-buenos-aires-habra-interna-con-unidad-por-chascomus\/","url_meta":{"origin":22287,"position":3},"title":"PRIMICIA DE LRD: GABRIEL MACCHI FIRMANDO AHORA SU LISTA Y PRONTO A VIAJAR A BUENOS AIRES. HABR\u00c1 INTERNA CON UNIDAD POR CHASCOM\u00daS","author":"Alejandro Sosa Ruda","date":"21 junio, 2019","format":false,"excerpt":"Esto se estar\u00eda desarrollando casi en este momento, donde el Presidente del\u00a0 PJ local estar\u00eda por viajar a Buenos Aires a presentar su lista que ser\u00e1 completa (es decir, con Axel Kicillof como candidato a gobernador de la Provincia de Buenos Aires, y Alberto Fernandez como candidato a presidente). Al\u2026","rel":"","context":"En \u00abDESTACADAS\u00bb","block_context":{"text":"DESTACADAS","link":"https:\/\/larevistadigital.com.ar\/blog\/category\/destacadas\/"},"img":{"alt_text":"","src":"https:\/\/i0.wp.com\/larevistadigital.com.ar\/blog\/wp-content\/uploads\/Sin-t%C3%ADtulo-1-1.jpg?fit=1000%2C800&ssl=1&resize=350%2C200","width":350,"height":200,"srcset":"https:\/\/i0.wp.com\/larevistadigital.com.ar\/blog\/wp-content\/uploads\/Sin-t%C3%ADtulo-1-1.jpg?fit=1000%2C800&ssl=1&resize=350%2C200 1x, https:\/\/i0.wp.com\/larevistadigital.com.ar\/blog\/wp-content\/uploads\/Sin-t%C3%ADtulo-1-1.jpg?fit=1000%2C800&ssl=1&resize=525%2C300 1.5x, https:\/\/i0.wp.com\/larevistadigital.com.ar\/blog\/wp-content\/uploads\/Sin-t%C3%ADtulo-1-1.jpg?fit=1000%2C800&ssl=1&resize=700%2C400 2x"},"classes":[]},{"id":33139,"url":"https:\/\/larevistadigital.com.ar\/blog\/chascomus-dos-santos-se-reunio-con-gustavo-lopez-y-ramiro-ferrante-y-acordaron-trabajar-en-conjunto\/","url_meta":{"origin":22287,"position":4},"title":"CHASCOM\u00daS: DOS SANTOS SE REUNI\u00d3 CON GUSTAVO L\u00d3PEZ Y RAMIRO FERRANTE, Y ACORDARON TRABAJAR EN CONJUNTO","author":"Alejandro Sosa Ruda","date":"30 agosto, 2023","format":false,"excerpt":"Tanto el dirigente radical, como el lider del PRO, acordaron con el candidato el trabajo conjunto para ganar las elecciones de Octubre y dise\u00f1ar una gesti\u00f3n de gobierno municipal. 30 de agosto de 2023 CHASCOM\u00daS -\u00a0 Luego de conversar con Gustavo Lopez y Ramiro Ferrante el candidato a intendente y\u2026","rel":"","context":"En \u00abINTERES GENERAL\u00bb","block_context":{"text":"INTERES GENERAL","link":"https:\/\/larevistadigital.com.ar\/blog\/category\/interes-general\/"},"img":{"alt_text":"","src":"https:\/\/i0.wp.com\/larevistadigital.com.ar\/blog\/wp-content\/uploads\/Captura-de-pantalla-2023-08-30-092917.jpg?fit=700%2C473&ssl=1&resize=350%2C200","width":350,"height":200,"srcset":"https:\/\/i0.wp.com\/larevistadigital.com.ar\/blog\/wp-content\/uploads\/Captura-de-pantalla-2023-08-30-092917.jpg?fit=700%2C473&ssl=1&resize=350%2C200 1x, https:\/\/i0.wp.com\/larevistadigital.com.ar\/blog\/wp-content\/uploads\/Captura-de-pantalla-2023-08-30-092917.jpg?fit=700%2C473&ssl=1&resize=525%2C300 1.5x, https:\/\/i0.wp.com\/larevistadigital.com.ar\/blog\/wp-content\/uploads\/Captura-de-pantalla-2023-08-30-092917.jpg?fit=700%2C473&ssl=1&resize=700%2C400 2x"},"classes":[]},{"id":28820,"url":"https:\/\/larevistadigital.com.ar\/blog\/chascomus-denuncian-robo-de-pertenencias-de-una-camioneta-en-el-estacionamiento-del-local-de-mac-donalds\/","url_meta":{"origin":22287,"position":5},"title":"CHASCOM\u00daS: DENUNCIAN ROBO DE PERTENENCIAS DE UNA CAMIONETA EN EL ESTACIONAMIENTO DEL LOCAL DE MAC DONALDS","author":"Alejandro Sosa Ruda","date":"8 noviembre, 2022","format":false,"excerpt":"Le sustrajeron distintas pertenencias mientras su camioneta estaba estacionada. 7 de noviembre de 2022 CHASCOM\u00daS -\u00a0\u00a0Un hombre fue v\u00edctima de un robo en la playa de estacionamiento del local de Mac Donalds ubicado en la ruta 2. El hecho, ocurri\u00f3 cuando Miguel Stellatelli, de 66 a\u00f1os y oriundo de la\u2026","rel":"","context":"En \u00abINTERES GENERAL\u00bb","block_context":{"text":"INTERES GENERAL","link":"https:\/\/larevistadigital.com.ar\/blog\/category\/interes-general\/"},"img":{"alt_text":"","src":"https:\/\/i0.wp.com\/larevistadigital.com.ar\/blog\/wp-content\/uploads\/ESTACIONAMIENTO-MAC-DONALDS-CHASCOMUS.jpg?fit=800%2C800&ssl=1&resize=350%2C200","width":350,"height":200,"srcset":"https:\/\/i0.wp.com\/larevistadigital.com.ar\/blog\/wp-content\/uploads\/ESTACIONAMIENTO-MAC-DONALDS-CHASCOMUS.jpg?fit=800%2C800&ssl=1&resize=350%2C200 1x, https:\/\/i0.wp.com\/larevistadigital.com.ar\/blog\/wp-content\/uploads\/ESTACIONAMIENTO-MAC-DONALDS-CHASCOMUS.jpg?fit=800%2C800&ssl=1&resize=525%2C300 1.5x, https:\/\/i0.wp.com\/larevistadigital.com.ar\/blog\/wp-content\/uploads\/ESTACIONAMIENTO-MAC-DONALDS-CHASCOMUS.jpg?fit=800%2C800&ssl=1&resize=700%2C400 2x"},"classes":[]}],"_links":{"self":[{"href":"https:\/\/larevistadigital.com.ar\/blog\/wp-json\/wp\/v2\/posts\/22287","targetHints":{"allow":["GET"]}}],"collection":[{"href":"https:\/\/larevistadigital.com.ar\/blog\/wp-json\/wp\/v2\/posts"}],"about":[{"href":"https:\/\/larevistadigital.com.ar\/blog\/wp-json\/wp\/v2\/types\/post"}],"author":[{"embeddable":true,"href":"https:\/\/larevistadigital.com.ar\/blog\/wp-json\/wp\/v2\/users\/3"}],"replies":[{"embeddable":true,"href":"https:\/\/larevistadigital.com.ar\/blog\/wp-json\/wp\/v2\/comments?post=22287"}],"version-history":[{"count":3,"href":"https:\/\/larevistadigital.com.ar\/blog\/wp-json\/wp\/v2\/posts\/22287\/revisions"}],"predecessor-version":[{"id":22296,"href":"https:\/\/larevistadigital.com.ar\/blog\/wp-json\/wp\/v2\/posts\/22287\/revisions\/22296"}],"wp:featuredmedia":[{"embeddable":true,"href":"https:\/\/larevistadigital.com.ar\/blog\/wp-json\/wp\/v2\/media\/22288"}],"wp:attachment":[{"href":"https:\/\/larevistadigital.com.ar\/blog\/wp-json\/wp\/v2\/media?parent=22287"}],"wp:term":[{"taxonomy":"category","embeddable":true,"href":"https:\/\/larevistadigital.com.ar\/blog\/wp-json\/wp\/v2\/categories?post=22287"},{"taxonomy":"post_tag","embeddable":true,"href":"https:\/\/larevistadigital.com.ar\/blog\/wp-json\/wp\/v2\/tags?post=22287"}],"curies":[{"name":"wp","href":"https:\/\/api.w.org\/{rel}","templated":true}]}}