{"id":22316,"date":"2021-10-11T15:45:31","date_gmt":"2021-10-11T15:45:31","guid":{"rendered":"https:\/\/larevistadigital.com.ar\/blog\/?p=22316"},"modified":"2021-10-11T18:35:43","modified_gmt":"2021-10-11T18:35:43","slug":"roban-vivienda-en-ausencia-de-sus-propietarios","status":"publish","type":"post","link":"https:\/\/larevistadigital.com.ar\/blog\/roban-vivienda-en-ausencia-de-sus-propietarios\/","title":{"rendered":"ROBAN VIVIENDA EN AUSENCIA DE SUS PROPIETARIOS"},"content":{"rendered":"<p><strong>CHASCOM\u00daS &#8211;<\/strong>\u00a0 Durante la noche del domingo, desconocidos ingresaron a una vivienda en el centro de Chascom\u00fas, violentando una puerta y aprovechando la situaci\u00f3n de que su propietaria se encontraba ausente.<\/p>\n<blockquote>\n<h3>La vivienda, est\u00e1 ubicada en calle Casalins, entre Maip\u00fa y Chacabuco, y los propietarios al momento del hecho, se encontraban ausentes.<\/h3>\n<\/blockquote>\n<p><img data-recalc-dims=\"1\" loading=\"lazy\" decoding=\"async\" class=\"size-full wp-image-22319 aligncenter\" src=\"https:\/\/i0.wp.com\/larevistadigital.com.ar\/blog\/wp-content\/uploads\/WhatsApp-Image-2021-10-11-at-12.08.39.jpeg?resize=960%2C1280&#038;ssl=1\" alt=\"\" width=\"960\" height=\"1280\" srcset=\"https:\/\/i0.wp.com\/larevistadigital.com.ar\/blog\/wp-content\/uploads\/WhatsApp-Image-2021-10-11-at-12.08.39.jpeg?w=960&amp;ssl=1 960w, https:\/\/i0.wp.com\/larevistadigital.com.ar\/blog\/wp-content\/uploads\/WhatsApp-Image-2021-10-11-at-12.08.39.jpeg?resize=225%2C300&amp;ssl=1 225w, https:\/\/i0.wp.com\/larevistadigital.com.ar\/blog\/wp-content\/uploads\/WhatsApp-Image-2021-10-11-at-12.08.39.jpeg?resize=768%2C1024&amp;ssl=1 768w\" sizes=\"auto, (max-width: 960px) 100vw, 960px\" \/><\/p>\n<p>Rompieron la puerta, en la parte inferior y dejaron un espacio, por lo que habr\u00edan entrado arrastr\u00e1ndose, y se deduce que quien ingres\u00f3 ser\u00eda de contextura f\u00edsica delgada. Una vez en la vivienda, revolvieron absolutamente todo el dormitorio, buscando cosas de valor, y estar\u00edan faltando algunas joyas.<\/p>\n<p>&nbsp;<\/p>\n<p>&nbsp;<\/p>\n","protected":false},"excerpt":{"rendered":"<div class=\"mh-excerpt\"><p>CHASCOM\u00daS &#8211;\u00a0 Durante la noche del domingo, desconocidos ingresaron a una vivienda en el centro de Chascom\u00fas, violentando una puerta y aprovechando la situaci\u00f3n de que su propietaria se encontraba ausente. La vivienda, est\u00e1 ubicada <a class=\"mh-excerpt-more\" href=\"https:\/\/larevistadigital.com.ar\/blog\/roban-vivienda-en-ausencia-de-sus-propietarios\/\" title=\"ROBAN VIVIENDA EN AUSENCIA DE SUS PROPIETARIOS\">[Leer M\u00e1s]<\/a><\/p>\n<\/div>","protected":false},"author":3,"featured_media":22318,"comment_status":"open","ping_status":"open","sticky":false,"template":"","format":"standard","meta":{"_jetpack_memberships_contains_paid_content":false,"footnotes":"","jetpack_publicize_message":"","jetpack_publicize_feature_enabled":true,"jetpack_social_post_already_shared":true,"jetpack_social_options":{"image_generator_settings":{"template":"highway","default_image_id":0,"font":"","enabled":false},"version":2}},"categories":[50,44],"tags":[],"class_list":{"0":"post-22316","1":"post","2":"type-post","3":"status-publish","4":"format-standard","5":"has-post-thumbnail","7":"category-interes-general","8":"category-policiales"},"jetpack_publicize_connections":[],"jetpack_featured_media_url":"https:\/\/i0.wp.com\/larevistadigital.com.ar\/blog\/wp-content\/uploads\/WhatsApp-Image-2021-10-11-at-11.29.26.jpeg?fit=1280%2C960&ssl=1","jetpack_sharing_enabled":true,"jetpack_shortlink":"https:\/\/wp.me\/p8qtrQ-5NW","jetpack-related-posts":[{"id":46769,"url":"https:\/\/larevistadigital.com.ar\/blog\/delincuentes-ingresaron-a-una-vivienda-de-chascomus-y-se-llevaron-un-televisor-una-garrafa-y-otros-elementos\/","url_meta":{"origin":22316,"position":0},"title":"Delincuentes ingresaron a una vivienda de Chascom\u00fas y se llevaron un televisor, una garrafa y otros elementos","author":"Alejandro Sosa Ruda","date":"28 julio, 2026","format":false,"excerpt":"El robo ocurri\u00f3 en una casa ubicada sobre calle Carlos Gardel. Los autores rompieron el candado de la puerta de ingreso y aprovecharon la ausencia de la propietaria para cometer el il\u00edcito. La Polic\u00eda analiza c\u00e1maras de seguridad de la zona. 28 de julio de 2026 CHASCOM\u00daS -\u00a0 \u00a0Un hecho\u2026","rel":"","context":"En \u00abCHASCOM\u00daS\u00bb","block_context":{"text":"CHASCOM\u00daS","link":"https:\/\/larevistadigital.com.ar\/blog\/category\/chascomus\/"},"img":{"alt_text":"","src":"https:\/\/i0.wp.com\/larevistadigital.com.ar\/blog\/wp-content\/uploads\/POLICIA-4.jpg?fit=880%2C512&ssl=1&resize=350%2C200","width":350,"height":200,"srcset":"https:\/\/i0.wp.com\/larevistadigital.com.ar\/blog\/wp-content\/uploads\/POLICIA-4.jpg?fit=880%2C512&ssl=1&resize=350%2C200 1x, https:\/\/i0.wp.com\/larevistadigital.com.ar\/blog\/wp-content\/uploads\/POLICIA-4.jpg?fit=880%2C512&ssl=1&resize=525%2C300 1.5x, https:\/\/i0.wp.com\/larevistadigital.com.ar\/blog\/wp-content\/uploads\/POLICIA-4.jpg?fit=880%2C512&ssl=1&resize=700%2C400 2x"},"classes":[]},{"id":43235,"url":"https:\/\/larevistadigital.com.ar\/blog\/investigan-un-hurto-en-una-vivienda-de-chascomus\/","url_meta":{"origin":22316,"position":1},"title":"Investigan un hurto en una vivienda de Chascom\u00fas","author":"Alejandro Sosa Ruda","date":"9 enero, 2026","format":false,"excerpt":"Autores ignorados ingresaron a una casa durante la madrugada y sustrajeron un tel\u00e9fono celular y documentaci\u00f3n personal. No se registraron da\u00f1os ni signos de violencia. 09 de enero de 2026 CHASCOM\u00daS-\u00a0 \u00a0 Una vecina de Chascom\u00fas denunci\u00f3 un hurto ocurrido durante la madrugada, en un hecho que es investigado por\u2026","rel":"","context":"En \u00abINTERES GENERAL\u00bb","block_context":{"text":"INTERES GENERAL","link":"https:\/\/larevistadigital.com.ar\/blog\/category\/interes-general\/"},"img":{"alt_text":"","src":"https:\/\/i0.wp.com\/larevistadigital.com.ar\/blog\/wp-content\/uploads\/POLICIA.png?fit=1002%2C658&ssl=1&resize=350%2C200","width":350,"height":200,"srcset":"https:\/\/i0.wp.com\/larevistadigital.com.ar\/blog\/wp-content\/uploads\/POLICIA.png?fit=1002%2C658&ssl=1&resize=350%2C200 1x, https:\/\/i0.wp.com\/larevistadigital.com.ar\/blog\/wp-content\/uploads\/POLICIA.png?fit=1002%2C658&ssl=1&resize=525%2C300 1.5x, https:\/\/i0.wp.com\/larevistadigital.com.ar\/blog\/wp-content\/uploads\/POLICIA.png?fit=1002%2C658&ssl=1&resize=700%2C400 2x"},"classes":[]},{"id":46894,"url":"https:\/\/larevistadigital.com.ar\/blog\/chascomus-roban-desmalezadora-de-una-casa\/","url_meta":{"origin":22316,"position":2},"title":"Chascom\u00fas: Roban desmalezadora de una casa","author":"Alejandro Sosa Ruda","date":"10 agosto, 2026","format":false,"excerpt":"El propietario habr\u00eda notado la faltante de una m\u00e1quina del interior de su domicilio.\u00a0 10 de agosto de 2026 CHASCOM\u00daS\u00a0 -\u00a0 \u00a0Un vecino de Chascom\u00fas sufri\u00f3 el robo de una desmalezadora, sustra\u00edda del interior de su vivienda ubicada en calle Alvear. El hecho habr\u00eda ocurrido, pasado el mediod\u00eda del viernes\u2026","rel":"","context":"En \u00abCHASCOM\u00daS\u00bb","block_context":{"text":"CHASCOM\u00daS","link":"https:\/\/larevistadigital.com.ar\/blog\/category\/chascomus\/"},"img":{"alt_text":"","src":"https:\/\/i0.wp.com\/larevistadigital.com.ar\/blog\/wp-content\/uploads\/POLICIA.png?fit=1002%2C658&ssl=1&resize=350%2C200","width":350,"height":200,"srcset":"https:\/\/i0.wp.com\/larevistadigital.com.ar\/blog\/wp-content\/uploads\/POLICIA.png?fit=1002%2C658&ssl=1&resize=350%2C200 1x, https:\/\/i0.wp.com\/larevistadigital.com.ar\/blog\/wp-content\/uploads\/POLICIA.png?fit=1002%2C658&ssl=1&resize=525%2C300 1.5x, https:\/\/i0.wp.com\/larevistadigital.com.ar\/blog\/wp-content\/uploads\/POLICIA.png?fit=1002%2C658&ssl=1&resize=700%2C400 2x"},"classes":[]},{"id":31981,"url":"https:\/\/larevistadigital.com.ar\/blog\/chascomus-denuncian-un-robo-en-proceso-y-la-policia-logro-aprehender-a-dos-sujetos-en-el-interior-de-la-casa-de-la-victima\/","url_meta":{"origin":22316,"position":3},"title":"CHASCOM\u00daS: DENUNCIAN UN ROBO EN PROCESO Y LA POLIC\u00cdA LOGR\u00d3 APREHENDER A DOS SUJETOS EN EL INTERIOR DE LA CASA DE LA V\u00cdCTIMA","author":"Alejandro Sosa Ruda","date":"13 junio, 2023","format":false,"excerpt":"Uno de los sujetos estaba en la cocina, y el otro escondido en la ducha. 13 de junio de 2023 CHASCOM\u00daS -\u00a0 En horas de la tarde de hoy, se recibi\u00f3 en la Estaci\u00f3n de Polic\u00eda Comunal,\u00a0 un aviso mediante el cual requer\u00edan personal policial en un domicilio de calle\u2026","rel":"","context":"En \u00abCHASCOM\u00daS\u00bb","block_context":{"text":"CHASCOM\u00daS","link":"https:\/\/larevistadigital.com.ar\/blog\/category\/chascomus\/"},"img":{"alt_text":"","src":"https:\/\/i0.wp.com\/larevistadigital.com.ar\/blog\/wp-content\/uploads\/POLICIA.png?fit=1002%2C658&ssl=1&resize=350%2C200","width":350,"height":200,"srcset":"https:\/\/i0.wp.com\/larevistadigital.com.ar\/blog\/wp-content\/uploads\/POLICIA.png?fit=1002%2C658&ssl=1&resize=350%2C200 1x, https:\/\/i0.wp.com\/larevistadigital.com.ar\/blog\/wp-content\/uploads\/POLICIA.png?fit=1002%2C658&ssl=1&resize=525%2C300 1.5x, https:\/\/i0.wp.com\/larevistadigital.com.ar\/blog\/wp-content\/uploads\/POLICIA.png?fit=1002%2C658&ssl=1&resize=700%2C400 2x"},"classes":[]},{"id":36460,"url":"https:\/\/larevistadigital.com.ar\/blog\/dolores-una-casa-usurpada-fue-desalojada-por-la-policia\/","url_meta":{"origin":22316,"position":4},"title":"DOLORES: UNA CASA USURPADA FUE DESALOJADA POR LA POLIC\u00cdA","author":"Alejandro Sosa Ruda","date":"27 junio, 2024","format":false,"excerpt":"La familia present\u00f3 la escritura que demuestra que desde 1946 es la propietaria de la vivienda ubicada a s\u00f3lo 3 cuadras de la Plaza Castelli. 27 de Junio de 2024 DOLORES -\u00a0 \u00a0Luego de una denuncia realizada por vecinos, la polic\u00eda de Dolores, desaloj\u00f3 una vivienda que hab\u00eda sido usurpada\u2026","rel":"","context":"En \u00abPOLICIALES\u00bb","block_context":{"text":"POLICIALES","link":"https:\/\/larevistadigital.com.ar\/blog\/category\/policiales\/"},"img":{"alt_text":"","src":"https:\/\/i0.wp.com\/larevistadigital.com.ar\/blog\/wp-content\/uploads\/c336f6846ce16b25e77cf769d77ae33281a20d65.jpg?fit=1140%2C643&ssl=1&resize=350%2C200","width":350,"height":200,"srcset":"https:\/\/i0.wp.com\/larevistadigital.com.ar\/blog\/wp-content\/uploads\/c336f6846ce16b25e77cf769d77ae33281a20d65.jpg?fit=1140%2C643&ssl=1&resize=350%2C200 1x, https:\/\/i0.wp.com\/larevistadigital.com.ar\/blog\/wp-content\/uploads\/c336f6846ce16b25e77cf769d77ae33281a20d65.jpg?fit=1140%2C643&ssl=1&resize=525%2C300 1.5x, https:\/\/i0.wp.com\/larevistadigital.com.ar\/blog\/wp-content\/uploads\/c336f6846ce16b25e77cf769d77ae33281a20d65.jpg?fit=1140%2C643&ssl=1&resize=700%2C400 2x, https:\/\/i0.wp.com\/larevistadigital.com.ar\/blog\/wp-content\/uploads\/c336f6846ce16b25e77cf769d77ae33281a20d65.jpg?fit=1140%2C643&ssl=1&resize=1050%2C600 3x"},"classes":[]},{"id":39842,"url":"https:\/\/larevistadigital.com.ar\/blog\/intento-de-usurpacion-frustrado-en-mar-del-tuyu-cuatro-aprehendidos-tras-violento-intento-de-ingreso-a-una-vivienda\/","url_meta":{"origin":22316,"position":5},"title":"Intento de usurpaci\u00f3n frustrado en Mar del Tuy\u00fa: cuatro aprehendidos tras violento intento de ingreso a una vivienda","author":"Alejandro Sosa Ruda","date":"21 mayo, 2025","format":false,"excerpt":"La r\u00e1pida intervenci\u00f3n policial evit\u00f3 la ocupaci\u00f3n ilegal de la casa de un jubilado. Los implicados rompieron cerraduras y rejas para ingresar, pero fueron detenidos antes de concretar el hecho. 21 de Mayo de 2025 CHASCOM\u00daS -\u00a0 Un nuevo intento de usurpaci\u00f3n fue desarticulado en Mar del Tuy\u00fa gracias al\u2026","rel":"","context":"En \u00abPOLICIALES\u00bb","block_context":{"text":"POLICIALES","link":"https:\/\/larevistadigital.com.ar\/blog\/category\/policiales\/"},"img":{"alt_text":"","src":"https:\/\/i0.wp.com\/larevistadigital.com.ar\/blog\/wp-content\/uploads\/e19f39704587bebfb39dcd6a4f26b235e964ad0a.jpg?fit=1140%2C701&ssl=1&resize=350%2C200","width":350,"height":200,"srcset":"https:\/\/i0.wp.com\/larevistadigital.com.ar\/blog\/wp-content\/uploads\/e19f39704587bebfb39dcd6a4f26b235e964ad0a.jpg?fit=1140%2C701&ssl=1&resize=350%2C200 1x, https:\/\/i0.wp.com\/larevistadigital.com.ar\/blog\/wp-content\/uploads\/e19f39704587bebfb39dcd6a4f26b235e964ad0a.jpg?fit=1140%2C701&ssl=1&resize=525%2C300 1.5x, https:\/\/i0.wp.com\/larevistadigital.com.ar\/blog\/wp-content\/uploads\/e19f39704587bebfb39dcd6a4f26b235e964ad0a.jpg?fit=1140%2C701&ssl=1&resize=700%2C400 2x, https:\/\/i0.wp.com\/larevistadigital.com.ar\/blog\/wp-content\/uploads\/e19f39704587bebfb39dcd6a4f26b235e964ad0a.jpg?fit=1140%2C701&ssl=1&resize=1050%2C600 3x"},"classes":[]}],"_links":{"self":[{"href":"https:\/\/larevistadigital.com.ar\/blog\/wp-json\/wp\/v2\/posts\/22316","targetHints":{"allow":["GET"]}}],"collection":[{"href":"https:\/\/larevistadigital.com.ar\/blog\/wp-json\/wp\/v2\/posts"}],"about":[{"href":"https:\/\/larevistadigital.com.ar\/blog\/wp-json\/wp\/v2\/types\/post"}],"author":[{"embeddable":true,"href":"https:\/\/larevistadigital.com.ar\/blog\/wp-json\/wp\/v2\/users\/3"}],"replies":[{"embeddable":true,"href":"https:\/\/larevistadigital.com.ar\/blog\/wp-json\/wp\/v2\/comments?post=22316"}],"version-history":[{"count":3,"href":"https:\/\/larevistadigital.com.ar\/blog\/wp-json\/wp\/v2\/posts\/22316\/revisions"}],"predecessor-version":[{"id":22339,"href":"https:\/\/larevistadigital.com.ar\/blog\/wp-json\/wp\/v2\/posts\/22316\/revisions\/22339"}],"wp:featuredmedia":[{"embeddable":true,"href":"https:\/\/larevistadigital.com.ar\/blog\/wp-json\/wp\/v2\/media\/22318"}],"wp:attachment":[{"href":"https:\/\/larevistadigital.com.ar\/blog\/wp-json\/wp\/v2\/media?parent=22316"}],"wp:term":[{"taxonomy":"category","embeddable":true,"href":"https:\/\/larevistadigital.com.ar\/blog\/wp-json\/wp\/v2\/categories?post=22316"},{"taxonomy":"post_tag","embeddable":true,"href":"https:\/\/larevistadigital.com.ar\/blog\/wp-json\/wp\/v2\/tags?post=22316"}],"curies":[{"name":"wp","href":"https:\/\/api.w.org\/{rel}","templated":true}]}}