{"id":22362,"date":"2021-10-13T03:56:11","date_gmt":"2021-10-13T03:56:11","guid":{"rendered":"https:\/\/larevistadigital.com.ar\/blog\/?p=22362"},"modified":"2021-10-13T03:56:11","modified_gmt":"2021-10-13T03:56:11","slug":"chascomus-la-inseguridad-cercana","status":"publish","type":"post","link":"https:\/\/larevistadigital.com.ar\/blog\/chascomus-la-inseguridad-cercana\/","title":{"rendered":"CHASCOM\u00daS&#8230;\u00bbLA INSEGURIDAD CERCANA\u00bb."},"content":{"rendered":"<p><strong>CHASCOM\u00daS &#8211;\u00a0\u00a0<\/strong>Lamentablemente, en momentos en que todo parece acomodarse, respecto de la pandemia que azota al mundo, y cuando Chascom\u00fas viene de un magn\u00edfico fin de semana largo, que ha servido para por lo menos oxigenar un poco a los tan golpeados \u00abprestadores tur\u00edsticos\u00bb,\u00a0 y la llegada del festival de NACION, \u00abChascom\u00fas Florece\u00bb, apareci\u00f3 una novedad que ti\u00f1e de negro a la felicidad reinante: Como si fuera poco, se ha agregado a los existentes problemas de seguridad que van r\u00e1pidamente \u00abin crescendo\u00bb, la modalidad de \u00abentradera\u00bb, con un vecino del barrio Esteban Echeverria como v\u00edctima.<\/p>\n<p>Lo triste es que se siguen sumando distintos \u00abmodus operandi\u00bb que no eran propios de Chascom\u00fas, sino del conurbano, de ese conurbano del que muchos escapan y se radican en la ciudad de la laguna, no solo por su belleza natural, sino que adem\u00e1s porque lo ven como un lugar tranquilo, y sin la inseguridad que reina en otros lados.<\/p>\n<blockquote>\n<h3>As\u00ed, pudimos observar como de a poco, se van sumando modalidades, y as\u00ed a los arrebatos, se sumaron los robos en los domicilios, llegando inclusive a cometerse en presencia de los moradores, robos a ancianos con golpes e inusitada violencia, motochorros, boqueteros, y ahora \u00abentraderas, con inteligencia previa, y con privaci\u00f3n de la libertad\u00bb.<\/h3>\n<\/blockquote>\n<p>Los hechos, sucedieron al mediod\u00eda de ayer, como narramos en otra nota, donde lo esperaban entre los pastos, y al abrir la puerta de su casa lo empujaron dentro, dos sujetos armados y le robaron todo. Inclusive la ropa, cargando las cosas en el veh\u00edculo de la v\u00edctima, que tambi\u00e9n robaron.<\/p>\n<blockquote>\n<h3>Lamentablemente, queda en evidencia que el sector de Monitoreo, no ha funcionado como deber\u00eda. La situaci\u00f3n, deja en claro que: O no hay en las cercan\u00edas c\u00e1maras de seguridad, o las mismas no funcionan, o quienes deben monitorear, no lo hacen.<\/h3>\n<\/blockquote>\n<p>De todas maneras, las c\u00e1maras graban de manera constante, es decir que si funcionaran, deber\u00eda estar la grabaci\u00f3n del hecho, y la hu\u00edda de los\u00a0 ladrones en el autom\u00f3vil de la v\u00edctima. Al parecer, \u00abnunca queda nada grabado\u00bb aunque haya casos que se han dado casi en la puerta de la comisar\u00eda local.<\/p>\n<blockquote>\n<h3>Tambi\u00e9n queda en claro, lo que menos ha funcionado, es la pol\u00edtica de seguridad del intendente Gast\u00f3n, quien en campa\u00f1a, y antes de asumir su primer per\u00edodo, aseguraba que en su gesti\u00f3n, las puertas estar\u00edan abiertas a todos, y afirmaba en una nota antes de la elecci\u00f3n en el programa de Alejandro \u00abEl Tano\u00bb Sosa que \u00abEl responsable de la seguridad soy yo\u00bb! (en caso de ser electo intendente, lo que luego sucedi\u00f3)<\/h3>\n<\/blockquote>\n<p>Aqu\u00ed les recordamos aquel audio, que hoy da verg\u00fcenza e indignaci\u00f3n a las v\u00edctimas de la inseguridad, y que solamente puede ser usado como \u00abringtone\u00bb<\/p>\n<!--[if lt IE 9]><script>document.createElement('audio');<\/script><![endif]-->\n<audio class=\"wp-audio-shortcode\" id=\"audio-22362-1\" preload=\"none\" style=\"width: 100%;\" controls=\"controls\"><source type=\"audio\/mpeg\" src=\"https:\/\/larevistadigital.com.ar\/blog\/wp-content\/uploads\/GASTON-EL-RESPONSABLE-DE-LA-SEGURIDAD-SOY-YO.mp3?_=1\" \/><a href=\"https:\/\/larevistadigital.com.ar\/blog\/wp-content\/uploads\/GASTON-EL-RESPONSABLE-DE-LA-SEGURIDAD-SOY-YO.mp3\">https:\/\/larevistadigital.com.ar\/blog\/wp-content\/uploads\/GASTON-EL-RESPONSABLE-DE-LA-SEGURIDAD-SOY-YO.mp3<\/a><\/audio>\n","protected":false},"excerpt":{"rendered":"<div class=\"mh-excerpt\"><p>CHASCOM\u00daS &#8211;\u00a0\u00a0Lamentablemente, en momentos en que todo parece acomodarse, respecto de la pandemia que azota al mundo, y cuando Chascom\u00fas viene de un magn\u00edfico fin de semana largo, que ha servido para por lo menos <a class=\"mh-excerpt-more\" href=\"https:\/\/larevistadigital.com.ar\/blog\/chascomus-la-inseguridad-cercana\/\" title=\"CHASCOM\u00daS&#8230;\u00bbLA INSEGURIDAD CERCANA\u00bb.\">[Leer M\u00e1s]<\/a><\/p>\n<\/div>","protected":false},"author":3,"featured_media":22368,"comment_status":"open","ping_status":"open","sticky":false,"template":"","format":"standard","meta":{"_jetpack_memberships_contains_paid_content":false,"footnotes":"","jetpack_publicize_message":"","jetpack_publicize_feature_enabled":true,"jetpack_social_post_already_shared":true,"jetpack_social_options":{"image_generator_settings":{"template":"highway","default_image_id":0,"font":"","enabled":false},"version":2}},"categories":[50,44,23],"tags":[],"class_list":{"0":"post-22362","1":"post","2":"type-post","3":"status-publish","4":"format-standard","5":"has-post-thumbnail","7":"category-interes-general","8":"category-policiales","9":"category-politica-local"},"jetpack_publicize_connections":[],"jetpack_featured_media_url":"https:\/\/i0.wp.com\/larevistadigital.com.ar\/blog\/wp-content\/uploads\/chasco-mucho-mejor-1.jpg?fit=800%2C720&ssl=1","jetpack_sharing_enabled":true,"jetpack_shortlink":"https:\/\/wp.me\/p8qtrQ-5OG","jetpack-related-posts":[{"id":46942,"url":"https:\/\/larevistadigital.com.ar\/blog\/primicia-robo-una-moto-en-chascomus-se-fugo-a-berazategui-y-termino-detenido-por-la-subddi-chascomus\/","url_meta":{"origin":22362,"position":0},"title":"PRIMICIA: Rob\u00f3 una moto en Chascom\u00fas, se fug\u00f3 a Berazategui y termin\u00f3 detenido por la SubDDI Chascom\u00fas.","author":"Alejandro Sosa Ruda","date":"14 agosto, 2026","format":false,"excerpt":"La investigaci\u00f3n de la SubDDI Chascom\u00fas permiti\u00f3 identificar al acusado por el robo de una Honda XRE 300 ocurrido a fines de 2025. Tras conocer que ser\u00eda detenido, se habr\u00eda refugiado en el conurbano bonaerense, donde finalmente fue localizado y aprehendido. 14 de agosto de 2026 CHASCOM\u00daS\u00a0 -\u00a0 \u00a0Personal de\u2026","rel":"","context":"En \u00abDESTACADAS\u00bb","block_context":{"text":"DESTACADAS","link":"https:\/\/larevistadigital.com.ar\/blog\/category\/destacadas\/"},"img":{"alt_text":"","src":"https:\/\/i0.wp.com\/larevistadigital.com.ar\/blog\/wp-content\/uploads\/WhatsApp-Image-2026-08-13-at-09.48.09-2.jpg?fit=731%2C863&ssl=1&resize=350%2C200","width":350,"height":200,"srcset":"https:\/\/i0.wp.com\/larevistadigital.com.ar\/blog\/wp-content\/uploads\/WhatsApp-Image-2026-08-13-at-09.48.09-2.jpg?fit=731%2C863&ssl=1&resize=350%2C200 1x, https:\/\/i0.wp.com\/larevistadigital.com.ar\/blog\/wp-content\/uploads\/WhatsApp-Image-2026-08-13-at-09.48.09-2.jpg?fit=731%2C863&ssl=1&resize=525%2C300 1.5x, https:\/\/i0.wp.com\/larevistadigital.com.ar\/blog\/wp-content\/uploads\/WhatsApp-Image-2026-08-13-at-09.48.09-2.jpg?fit=731%2C863&ssl=1&resize=700%2C400 2x"},"classes":[]},{"id":10852,"url":"https:\/\/larevistadigital.com.ar\/blog\/chascomus-cambios-en-la-jefatura-departamental-de-policia\/","url_meta":{"origin":22362,"position":1},"title":"CHASCOM\u00daS: CAMBIOS EN LA JEFATURA DEPARTAMENTAL DE POLIC\u00cdA","author":"Alejandro Sosa Ruda","date":"28 junio, 2019","format":false,"excerpt":"La comisar\u00eda local, inform\u00f3 la noche pasada de la asunci\u00f3n del nuevo Jefe Departamental de polic\u00eda. El comisario inspector Sergio Ramos, quien fue puesto en funciones por la superioridad, reemplazando en dicho cargo al saliente comisario mayor Roberto Teta. Se indic\u00f3 ante la consulta de este diario, que la flamante\u2026","rel":"","context":"En \u00abINTERES GENERAL\u00bb","block_context":{"text":"INTERES GENERAL","link":"https:\/\/larevistadigital.com.ar\/blog\/category\/interes-general\/"},"img":{"alt_text":"","src":"https:\/\/i0.wp.com\/larevistadigital.com.ar\/blog\/wp-content\/uploads\/2019\/01\/bbx_755050019_comisaria_chasco_01.jpg?fit=800%2C579&ssl=1&resize=350%2C200","width":350,"height":200,"srcset":"https:\/\/i0.wp.com\/larevistadigital.com.ar\/blog\/wp-content\/uploads\/2019\/01\/bbx_755050019_comisaria_chasco_01.jpg?fit=800%2C579&ssl=1&resize=350%2C200 1x, https:\/\/i0.wp.com\/larevistadigital.com.ar\/blog\/wp-content\/uploads\/2019\/01\/bbx_755050019_comisaria_chasco_01.jpg?fit=800%2C579&ssl=1&resize=525%2C300 1.5x, https:\/\/i0.wp.com\/larevistadigital.com.ar\/blog\/wp-content\/uploads\/2019\/01\/bbx_755050019_comisaria_chasco_01.jpg?fit=800%2C579&ssl=1&resize=700%2C400 2x"},"classes":[]},{"id":22774,"url":"https:\/\/larevistadigital.com.ar\/blog\/ataque-pirana-en-chascomus-patota-golpea-y-tajea-a-un-joven-que-salia-de-trabajar\/","url_meta":{"origin":22362,"position":2},"title":"ATAQUE PIRA\u00d1A EN CHASCOM\u00daS: PATOTA GOLPEA Y TAJEA A UN JOVEN QUE SAL\u00cdA DE TRABAJAR","author":"Alejandro Sosa Ruda","date":"23 noviembre, 2021","format":false,"excerpt":"CHASCOM\u00daS -\u00a0\u00a0El fin de semana en la ciudad de Chascom\u00fas, se vivieron dos realidades diametralmente opuestas. Por un lado la l\u00f3gica alegr\u00eda por la gran afluencia de gente que sigue eligiendo la ciudad como destino tur\u00edstico, y por otro una gran sucesi\u00f3n de hechos de inseguridad que cada vez preocupan\u2026","rel":"","context":"En \u00abDESTACADAS\u00bb","block_context":{"text":"DESTACADAS","link":"https:\/\/larevistadigital.com.ar\/blog\/category\/destacadas\/"},"img":{"alt_text":"","src":"https:\/\/i0.wp.com\/larevistadigital.com.ar\/blog\/wp-content\/uploads\/1572530331923.jpg?fit=1200%2C594&ssl=1&resize=350%2C200","width":350,"height":200,"srcset":"https:\/\/i0.wp.com\/larevistadigital.com.ar\/blog\/wp-content\/uploads\/1572530331923.jpg?fit=1200%2C594&ssl=1&resize=350%2C200 1x, https:\/\/i0.wp.com\/larevistadigital.com.ar\/blog\/wp-content\/uploads\/1572530331923.jpg?fit=1200%2C594&ssl=1&resize=525%2C300 1.5x, https:\/\/i0.wp.com\/larevistadigital.com.ar\/blog\/wp-content\/uploads\/1572530331923.jpg?fit=1200%2C594&ssl=1&resize=700%2C400 2x, https:\/\/i0.wp.com\/larevistadigital.com.ar\/blog\/wp-content\/uploads\/1572530331923.jpg?fit=1200%2C594&ssl=1&resize=1050%2C600 3x"},"classes":[]},{"id":15773,"url":"https:\/\/larevistadigital.com.ar\/blog\/gaston-anuncio-que-chascomus-pasa-a-fase-5\/","url_meta":{"origin":22362,"position":3},"title":"GAST\u00d3N ANUNCI\u00d3 QUE CHASCOM\u00daS PASA A FASE 5","author":"Alejandro Sosa Ruda","date":"22 junio, 2020","format":false,"excerpt":"El intendente de Chascom\u00fas, Javier Gast\u00f3n inform\u00f3 que la Provincia de Buenos Aires autoriz\u00f3 a Chascom\u00fas a ingresar a la fase 5 de la cuarentena, lo que permitir\u00e1 ceder un poco en las restricciones de la cuarentena. Asimismo, dijo que estar\u00e1n enviando informaci\u00f3n acerca de los alcances de esta nueva\u2026","rel":"","context":"En \u00abDESTACADAS\u00bb","block_context":{"text":"DESTACADAS","link":"https:\/\/larevistadigital.com.ar\/blog\/category\/destacadas\/"},"img":{"alt_text":"","src":"https:\/\/i0.wp.com\/larevistadigital.com.ar\/blog\/wp-content\/uploads\/gaston_javier.jpg?fit=1200%2C665&ssl=1&resize=350%2C200","width":350,"height":200,"srcset":"https:\/\/i0.wp.com\/larevistadigital.com.ar\/blog\/wp-content\/uploads\/gaston_javier.jpg?fit=1200%2C665&ssl=1&resize=350%2C200 1x, https:\/\/i0.wp.com\/larevistadigital.com.ar\/blog\/wp-content\/uploads\/gaston_javier.jpg?fit=1200%2C665&ssl=1&resize=525%2C300 1.5x, https:\/\/i0.wp.com\/larevistadigital.com.ar\/blog\/wp-content\/uploads\/gaston_javier.jpg?fit=1200%2C665&ssl=1&resize=700%2C400 2x, https:\/\/i0.wp.com\/larevistadigital.com.ar\/blog\/wp-content\/uploads\/gaston_javier.jpg?fit=1200%2C665&ssl=1&resize=1050%2C600 3x"},"classes":[]},{"id":15377,"url":"https:\/\/larevistadigital.com.ar\/blog\/el-problema-de-los-comercios-de-chascomus-reflejado-en-medios-provinciales\/","url_meta":{"origin":22362,"position":4},"title":"EL PROBLEMA DE LOS COMERCIOS DE CHASCOM\u00daS, REFLEJADO EN MEDIOS PROVINCIALES","author":"Alejandro Sosa Ruda","date":"27 mayo, 2020","format":false,"excerpt":"La situaci\u00f3n que lamentablemente toca vivir a los comerciantes de Chascom\u00fas, es sencillamente la misma que la que padecen en todo el pa\u00eds. Aunque en algunos lugares, tienen la suerte que cuentan con algo de flexibilizaci\u00f3n que les permite al menos seguir subsistiendo. Esto tambi\u00e9n lo reflejan distintos medios de\u2026","rel":"","context":"En \u00abINTERES GENERAL\u00bb","block_context":{"text":"INTERES GENERAL","link":"https:\/\/larevistadigital.com.ar\/blog\/category\/interes-general\/"},"img":{"alt_text":"","src":"https:\/\/i0.wp.com\/larevistadigital.com.ar\/blog\/wp-content\/uploads\/Screenshot_2-93.jpg?fit=1043%2C662&ssl=1&resize=350%2C200","width":350,"height":200,"srcset":"https:\/\/i0.wp.com\/larevistadigital.com.ar\/blog\/wp-content\/uploads\/Screenshot_2-93.jpg?fit=1043%2C662&ssl=1&resize=350%2C200 1x, https:\/\/i0.wp.com\/larevistadigital.com.ar\/blog\/wp-content\/uploads\/Screenshot_2-93.jpg?fit=1043%2C662&ssl=1&resize=525%2C300 1.5x, https:\/\/i0.wp.com\/larevistadigital.com.ar\/blog\/wp-content\/uploads\/Screenshot_2-93.jpg?fit=1043%2C662&ssl=1&resize=700%2C400 2x"},"classes":[]},{"id":9009,"url":"https:\/\/larevistadigital.com.ar\/blog\/chascomus-policia-comunal-detiene-a-un-individuo-que-asolaba-el-barrio-parque\/","url_meta":{"origin":22362,"position":5},"title":"CHASCOM\u00daS: POLIC\u00cdA COMUNAL DETIENE A UN INDIVIDUO QUE ASOLABA EL BARRIO PARQUE","author":"Alejandro Sosa Ruda","date":"11 marzo, 2019","format":false,"excerpt":"Finalmente se hizo justicia luego del reclamo de distintos vecinos en las redes, por el accionar delictivo de un sujeto que mantuvo asolado el barrio en el que vive. Luego de mucho trabajo, se detuvo el sujeto en cuesti\u00f3n, llevando de esta manera un poco de tranquilidad a los preocupados\u2026","rel":"","context":"En \u00abCHASCOM\u00daS\u00bb","block_context":{"text":"CHASCOM\u00daS","link":"https:\/\/larevistadigital.com.ar\/blog\/category\/chascomus\/"},"img":{"alt_text":"Im\u00e1gen ilustrativa","src":"https:\/\/i0.wp.com\/larevistadigital.com.ar\/blog\/wp-content\/uploads\/2019\/03\/esposado.jpg?fit=750%2C400&ssl=1&resize=350%2C200","width":350,"height":200,"srcset":"https:\/\/i0.wp.com\/larevistadigital.com.ar\/blog\/wp-content\/uploads\/2019\/03\/esposado.jpg?fit=750%2C400&ssl=1&resize=350%2C200 1x, https:\/\/i0.wp.com\/larevistadigital.com.ar\/blog\/wp-content\/uploads\/2019\/03\/esposado.jpg?fit=750%2C400&ssl=1&resize=525%2C300 1.5x, https:\/\/i0.wp.com\/larevistadigital.com.ar\/blog\/wp-content\/uploads\/2019\/03\/esposado.jpg?fit=750%2C400&ssl=1&resize=700%2C400 2x"},"classes":[]}],"_links":{"self":[{"href":"https:\/\/larevistadigital.com.ar\/blog\/wp-json\/wp\/v2\/posts\/22362","targetHints":{"allow":["GET"]}}],"collection":[{"href":"https:\/\/larevistadigital.com.ar\/blog\/wp-json\/wp\/v2\/posts"}],"about":[{"href":"https:\/\/larevistadigital.com.ar\/blog\/wp-json\/wp\/v2\/types\/post"}],"author":[{"embeddable":true,"href":"https:\/\/larevistadigital.com.ar\/blog\/wp-json\/wp\/v2\/users\/3"}],"replies":[{"embeddable":true,"href":"https:\/\/larevistadigital.com.ar\/blog\/wp-json\/wp\/v2\/comments?post=22362"}],"version-history":[{"count":2,"href":"https:\/\/larevistadigital.com.ar\/blog\/wp-json\/wp\/v2\/posts\/22362\/revisions"}],"predecessor-version":[{"id":22369,"href":"https:\/\/larevistadigital.com.ar\/blog\/wp-json\/wp\/v2\/posts\/22362\/revisions\/22369"}],"wp:featuredmedia":[{"embeddable":true,"href":"https:\/\/larevistadigital.com.ar\/blog\/wp-json\/wp\/v2\/media\/22368"}],"wp:attachment":[{"href":"https:\/\/larevistadigital.com.ar\/blog\/wp-json\/wp\/v2\/media?parent=22362"}],"wp:term":[{"taxonomy":"category","embeddable":true,"href":"https:\/\/larevistadigital.com.ar\/blog\/wp-json\/wp\/v2\/categories?post=22362"},{"taxonomy":"post_tag","embeddable":true,"href":"https:\/\/larevistadigital.com.ar\/blog\/wp-json\/wp\/v2\/tags?post=22362"}],"curies":[{"name":"wp","href":"https:\/\/api.w.org\/{rel}","templated":true}]}}