{"id":224,"date":"2017-02-13T02:50:33","date_gmt":"2017-02-13T02:50:33","guid":{"rendered":"https:\/\/larevistadigital.com.ar\/blog\/?p=224"},"modified":"2017-02-13T02:50:33","modified_gmt":"2017-02-13T02:50:33","slug":"novedoso-libro-la-ruta-40","status":"publish","type":"post","link":"https:\/\/larevistadigital.com.ar\/blog\/novedoso-libro-la-ruta-40\/","title":{"rendered":"Novedoso libro sobre la Ruta 40"},"content":{"rendered":"<blockquote><p><strong><em>\u00abRuta 40. Cinco mil doscientos kil\u00f3metros desde la Patagonia hasta el Norte argentino\u00bb, escrito por la periodista Sonia Reninson y el fot\u00f3grafo Alejandro Guyot, narra y muestra los secretos y curiosidades de la m\u00edtica ruta, y lo cuenta en una nota realizada por la agencia Telam.<\/em><\/strong><\/p><\/blockquote>\n<p>La ruta m\u00e1gica. La m\u00e1s m\u00edstica. Un libro fundamental para el viajero que planea recorrerla, y muy entretenido para todo el mundo.<\/p>\n<p>Como muy bien lo se\u00f1ala Anal\u00eda \u00a0P\u00e1ez, en el sitio de Clar\u00edn: <strong><em>\u201cEl camino de los Siete Lagos, las grandes rutas del vino argentino, y del Olivo, por nombrar s\u00f3lo algunas, son los atractivos que presenta la Ruta 40, llamada la columna vertebral del pa\u00eds con pintorescos paisajes que van desde el fr\u00edo intenso del sur al calor agobiante del norte argentino, reunidos en el libro, editado por Planeta.<\/em><\/strong><\/p>\n<p><strong><em>\u00abCon este libro cada lector podr\u00e1 hacer su propia traves\u00eda y guiarse con las &#8216;Miniaturas&#8217; de las \u00faltimas p\u00e1ginas que contienen datos hist\u00f3ricos\u00bb<\/em><\/strong>, comenta Reninson en una entrevista con T\u00e9lam.<\/p>\n<p><strong>&#8211; T\u00e9lam: \u00bfC\u00f3mo comenzaste con esta idea de salir de la redacci\u00f3n y comenzar a escribir un libro?<\/strong><br \/>\n<strong>&#8211; Sonia Renison:<\/strong> En 2001 consegu\u00ed un trabajo en una editorial de turismo para agencia de viajes y conoc\u00ed el \u00abm\u00e9tier\u00bb de las agencias y de los viajes. Luego, surgi\u00f3 hacer desde cero la revista El Federal donde propuse hacer secciones m\u00f3viles sobre turismo que abarcaban viajes, econom\u00eda del sector, pueblos, traves\u00edas, gastronom\u00eda. Como ten\u00eda muchos d\u00edas de vacaciones acumulados les dije: \u00abme voy a hacer la Ruta 40 y semana tras semana entrego un material, en una secci\u00f3n fija\u00bb. Fueron 145 notas distintas sobre toda la ruta, una hermosa aventura.<\/p>\n<p><strong>&#8211; T: \u00bfQu\u00e9 encontraste en ese recorrido?<\/strong><br \/>\n<strong>&#8211; S.R:<\/strong> De todo, me di el lujo de hacer notas en los 206 pueblos de las 11 provincias que abarca la ruta que recorre casi la mitad de nuestro pa\u00eds. En la 40 encontr\u00e1s desde la historia del planeta, los comienzos de la poblaci\u00f3n del hombre en esas tierras, hasta c\u00f3mo fueron desarrollando sus tradiciones, comidas y modos de vida.<br \/>\n<strong>&#8211; T: \u00bfLa historia del planeta?<\/strong><br \/>\n<strong>&#8211; S.R:<\/strong> S\u00ed, recorriendo la ruta pod\u00e9s ver la evoluci\u00f3n del planeta. Hay restos f\u00f3siles en el interior de las piedras del camino, hay arte rupestre en \u00abLa cueva de las manos\u00bb en la provincia de Santa Cruz, se ve el paso del tiempo y la erosi\u00f3n que hicieron el agua y el viento en un cerro que se llama \u00abPollera gitana\u00bb en el kil\u00f3metro 799 de la ruta vieja, o el mismo \u00abValle de la Luna\u00bb en San Juan, una formaci\u00f3n del per\u00edodo Tri\u00e1sico (primer per\u00edodo de la era Mesozoica que abarca de los 250 a los 200 millones de a\u00f1os), entre otros.<\/p>\n<p><strong>&#8211; T: \u00bfQu\u00e9 otros paisajes recorre la ruta?<\/strong><br \/>\n<strong>&#8211; S.R:<\/strong> En la parte sur, los parques nacionales, glaciares, yungas, el arte rupestre, un testimonio de los cazadores prehist\u00f3ricos que habitaron la regi\u00f3n hace m\u00e1s de 10 mil a\u00f1os. A partir de ah\u00ed, se puede conocer toda la historia de los originarios: tehuelches, mapuches, ranqueles, atacamas, coyas y tambi\u00e9n se puede saber sobre los pioneros. Al norte del Parque Nacional Perito Moreno, en la provincia de Santa Cruz y pr\u00f3ximo a la localidad de Hip\u00f3lito Yrigoyen se encuentra el Lago Posadas, que originariamente era estancia y ahora cuenta con unos 250 habitantes; Los Antiguos, llamado as\u00ed porque los ancianos de la comunidad tehuelche eleg\u00edan esa zona para pasar sus \u00faltimos d\u00edas. Ahora all\u00ed se celebra la \u00abFiesta de la Cereza\u00bb un encuentro que comenz\u00f3 en 1988 y con el tiempo se le dio marco festivo a la finalizaci\u00f3n de la cosecha de esta fruta fina que ya comenzaba a perfilarse como una importante actividad agr\u00edcola. Creo que si la gente viajara por la ruta 40 aprender\u00eda mucho m\u00e1s que de los libros de historia.<\/p>\n<p><strong>&#8211; T: Neuqu\u00e9n es la \u00fanica provincia que cuenta con la totalidad de la ruta 40 asfaltada. \u00bfCon qu\u00e9 veh\u00edculos transitaron el resto del camino?<\/strong><br \/>\n<strong>&#8211; S.R:<\/strong> Pasamos por casi todo desde una Land Rover del 57, un Renault 12 del 97, una 4 X 4, y un auto de peque\u00f1o porte, por solo nombrar algunos. El secreto es recorrerla tranquilos, a poca velocidad para poder apreciar la flora y la fauna: guanacos, llamas, alpacas, vicu\u00f1as, \u00f1andu\u00e9s, zorros, mientras el paisaje va cambiando de la estepa a la meseta de ah\u00ed a los lagos, del desierto a los valles, de la puna a la yunga, donde las personas de cada lugar te ense\u00f1an algo de sus costumbres.<\/p>\n<p><strong>&#8211; T: \u00bfQu\u00e9 comidas probaste y recomendar\u00edas?<\/strong><br \/>\n<strong>&#8211; S.R:<\/strong> El cordero patag\u00f3nico, el chivito en Malargue, la fruta fina de Chos Malal, la que se cultiva en el Paralelo 42 (l\u00edmite entre Chubut y R\u00edo Negro), el mel\u00f3n \u00abRoc\u00edo de Miel\u00bb de la zona de San Juan, mientras que en el norte se encuentra esa mixtura ideal de la cocina espa\u00f1ola con la americana y los tamales, humitas, entre otras.<\/p>\n<p><strong>&#8211; T: \u00bfHay alg\u00fan dato curioso e imperdible para los turistas que quieran emprender la aventura de la Ruta 40?<\/strong><br \/>\n<strong>&#8211; S.R:<\/strong> A\u00fan hoy hay circuitos en base a las huellas de los huelguistas de lo que fue la masacre de los peones ovejeros en la Patagonia entre 1920 y 1921. Los que tienen m\u00e1s de 40 recordar\u00e1n la pel\u00edcula La Patagonia Rebelde del cineasta H\u00e9ctor Olivera (1974) y como esas hay muchas peque\u00f1as historias que unieron al pa\u00eds y que a\u00fan hoy est\u00e1n vigentes.<br \/>\n<strong>&#8211; T: \u00bfQu\u00e9 an\u00e9cdota te gustar\u00eda destacar de todo el recorrido?<\/strong><br \/>\n<strong>&#8211; S.R:<\/strong> Un d\u00eda viajamos por Jujuy con un chofer de la zona y se apun\u00f3. Est\u00e1bamos a 3.800 metros de altura. No hab\u00edamos visto un s\u00f3lo auto en toda esa jornada y de pronto se rompi\u00f3 el c\u00e1rter del auto en un bad\u00e9n. Pensamos: \u00abnos vamos a morir faltando tan poco para terminar el recorrido\u00bb. Ten\u00edamos miedo porque a la noche la temperatura baja much\u00edsimo. Hab\u00edamos pasado por el oratorio de San Expedito en San Juan donde nos dieron una estampita. La tom\u00e9 entre mis manos y, milagro o no, de pronto escuchamos el ruido de un motor. De una de las curvas aparece una camioneta y el conductor que vio que est\u00e1bamos varados y nos grita: \u00absuban como puedan que me qued\u00e9 sin frenos\u00bb. Nos tiramos como bolsas de papas y a los 10 minutos se meti\u00f3 en un caser\u00edo, Coyaguaima, donde justamente estaban por celebrar un nuevo aniversario de la escuela construida por padres y alumnos hace m\u00e1s de 40 a\u00f1os. Sin querer, fuimos parte de una fiesta \u00fanica.<\/p>\n<p><a href=\"https:\/\/i0.wp.com\/larevistadigital.com.ar\/blog\/wp-content\/uploads\/2017\/02\/R401.jpg?ssl=1\"><img data-recalc-dims=\"1\" loading=\"lazy\" decoding=\"async\" class=\"alignnone size-medium wp-image-225\" src=\"https:\/\/i0.wp.com\/larevistadigital.com.ar\/blog\/wp-content\/uploads\/2017\/02\/R401.jpg?resize=300%2C169&#038;ssl=1\" alt=\"\" width=\"300\" height=\"169\" srcset=\"https:\/\/i0.wp.com\/larevistadigital.com.ar\/blog\/wp-content\/uploads\/2017\/02\/R401.jpg?resize=300%2C169&amp;ssl=1 300w, https:\/\/i0.wp.com\/larevistadigital.com.ar\/blog\/wp-content\/uploads\/2017\/02\/R401.jpg?w=450&amp;ssl=1 450w\" sizes=\"auto, (max-width: 300px) 100vw, 300px\" \/><\/a> <a href=\"https:\/\/i0.wp.com\/larevistadigital.com.ar\/blog\/wp-content\/uploads\/2017\/02\/R402.jpg?ssl=1\"><img data-recalc-dims=\"1\" loading=\"lazy\" decoding=\"async\" class=\"alignnone size-medium wp-image-226\" src=\"https:\/\/i0.wp.com\/larevistadigital.com.ar\/blog\/wp-content\/uploads\/2017\/02\/R402.jpg?resize=300%2C169&#038;ssl=1\" alt=\"\" width=\"300\" height=\"169\" srcset=\"https:\/\/i0.wp.com\/larevistadigital.com.ar\/blog\/wp-content\/uploads\/2017\/02\/R402.jpg?resize=300%2C169&amp;ssl=1 300w, https:\/\/i0.wp.com\/larevistadigital.com.ar\/blog\/wp-content\/uploads\/2017\/02\/R402.jpg?w=450&amp;ssl=1 450w\" sizes=\"auto, (max-width: 300px) 100vw, 300px\" \/><\/a><\/p>\n","protected":false},"excerpt":{"rendered":"<div class=\"mh-excerpt\"><p>\u00abRuta 40. Cinco mil doscientos kil\u00f3metros desde la Patagonia hasta el Norte argentino\u00bb, escrito por la periodista Sonia Reninson y el fot\u00f3grafo Alejandro Guyot, narra y muestra los secretos y curiosidades de la m\u00edtica ruta, <a class=\"mh-excerpt-more\" href=\"https:\/\/larevistadigital.com.ar\/blog\/novedoso-libro-la-ruta-40\/\" title=\"Novedoso libro sobre la Ruta 40\">[Leer M\u00e1s]<\/a><\/p>\n<\/div>","protected":false},"author":2,"featured_media":226,"comment_status":"open","ping_status":"open","sticky":false,"template":"","format":"standard","meta":{"_jetpack_memberships_contains_paid_content":false,"footnotes":"","jetpack_publicize_message":"","jetpack_publicize_feature_enabled":true,"jetpack_social_post_already_shared":false,"jetpack_social_options":{"image_generator_settings":{"template":"highway","default_image_id":0,"font":"","enabled":false},"version":2}},"categories":[15],"tags":[],"class_list":{"0":"post-224","1":"post","2":"type-post","3":"status-publish","4":"format-standard","5":"has-post-thumbnail","7":"category-cultura"},"jetpack_publicize_connections":[],"jetpack_featured_media_url":"https:\/\/i0.wp.com\/larevistadigital.com.ar\/blog\/wp-content\/uploads\/2017\/02\/R402.jpg?fit=450%2C253&ssl=1","jetpack_sharing_enabled":true,"jetpack_shortlink":"https:\/\/wp.me\/p8qtrQ-3C","jetpack-related-posts":[{"id":44391,"url":"https:\/\/larevistadigital.com.ar\/blog\/chascomus-reparacion-y-bacheo-de-la-ruta-58-en-el-ingreso-al-barrio-el-porteno\/","url_meta":{"origin":224,"position":0},"title":"Chascom\u00fas: Reparaci\u00f3n y bacheo de la ruta 58 en el ingreso al barrio El Porte\u00f1o","author":"Alejandro Sosa Ruda","date":"7 marzo, 2026","format":false,"excerpt":"Los trabajos son parte de una obra integral que lleva adelante Vialidad Provincial en nuestra ciudad. 07 de marzo de 2026 Contin\u00faan desarroll\u00e1ndose en distintos puntos de la ciudad bacheo y reparaci\u00f3n de accesos a la ciudad. Los trabajos se llevan adelante en la ruta 58, en el barrio El\u2026","rel":"","context":"En \u00abCHASCOM\u00daS\u00bb","block_context":{"text":"CHASCOM\u00daS","link":"https:\/\/larevistadigital.com.ar\/blog\/category\/chascomus\/"},"img":{"alt_text":"","src":"https:\/\/i0.wp.com\/larevistadigital.com.ar\/blog\/wp-content\/uploads\/69ab11e193e4e.png?fit=668%2C445&ssl=1&resize=350%2C200","width":350,"height":200,"srcset":"https:\/\/i0.wp.com\/larevistadigital.com.ar\/blog\/wp-content\/uploads\/69ab11e193e4e.png?fit=668%2C445&ssl=1&resize=350%2C200 1x, https:\/\/i0.wp.com\/larevistadigital.com.ar\/blog\/wp-content\/uploads\/69ab11e193e4e.png?fit=668%2C445&ssl=1&resize=525%2C300 1.5x"},"classes":[]},{"id":22823,"url":"https:\/\/larevistadigital.com.ar\/blog\/ruta-74-proponen-un-corte-de-transito-en-verano-por-el-gran-deterioro\/","url_meta":{"origin":224,"position":1},"title":"RUTA 74: PROPONEN UN CORTE DE TR\u00c1NSITO EN VERANO POR EL GRAN DETERIORO","author":"Alejandro Sosa Ruda","date":"3 diciembre, 2021","format":false,"excerpt":"Vecinos reclamaron que son necesarias las mejoras en la cinta asf\u00e1ltica que une\u00a0Tandil\u00a0con Ayacucho. La Ruta Provincial 74 presenta varios tramos en franco deterioro que resultan peligrosos. Seg\u00fan detall\u00f3 Cristina Quintela, del grupo \u00abV\u00edctimas de la Ruta 74\u00bb; \u00abla ruta tiene un tr\u00e1nsito muy fluido, con mucha gente que va\u2026","rel":"","context":"En \u00abREGIONALES\u00bb","block_context":{"text":"REGIONALES","link":"https:\/\/larevistadigital.com.ar\/blog\/category\/regionales\/"},"img":{"alt_text":"","src":"https:\/\/i0.wp.com\/larevistadigital.com.ar\/blog\/wp-content\/uploads\/ruta-74-en-abandono-2021.jpg?fit=770%2C577&ssl=1&resize=350%2C200","width":350,"height":200,"srcset":"https:\/\/i0.wp.com\/larevistadigital.com.ar\/blog\/wp-content\/uploads\/ruta-74-en-abandono-2021.jpg?fit=770%2C577&ssl=1&resize=350%2C200 1x, https:\/\/i0.wp.com\/larevistadigital.com.ar\/blog\/wp-content\/uploads\/ruta-74-en-abandono-2021.jpg?fit=770%2C577&ssl=1&resize=525%2C300 1.5x, https:\/\/i0.wp.com\/larevistadigital.com.ar\/blog\/wp-content\/uploads\/ruta-74-en-abandono-2021.jpg?fit=770%2C577&ssl=1&resize=700%2C400 2x"},"classes":[]},{"id":25945,"url":"https:\/\/larevistadigital.com.ar\/blog\/audio-llegando-al-mediodia-persisten-los-bancos-de-niebla-en-la-ruta-2-por-juan-lemik\/","url_meta":{"origin":224,"position":2},"title":"[AUDIO] LLEGANDO AL MEDIOD\u00cdA PERSISTEN LOS BANCOS DE NIEBLA EN LA RUTA 2 (Por Juan Lemik)","author":"Alejandro Sosa Ruda","date":"16 junio, 2022","format":false,"excerpt":"Desde la ruta 2, nuestro cronista Juan Lemik nos hace llegar un video donde muestra que pese a estar casi en horas del mediod\u00eda, los bancos de niebla persisten, haciendo muy peligrosa la circulaci\u00f3n por la visibilidad reducida.","rel":"","context":"En \u00abINTERES GENERAL\u00bb","block_context":{"text":"INTERES GENERAL","link":"https:\/\/larevistadigital.com.ar\/blog\/category\/interes-general\/"},"img":{"alt_text":"","src":"https:\/\/i0.wp.com\/larevistadigital.com.ar\/blog\/wp-content\/uploads\/Niebla-en-ruta-2.png?fit=750%2C1025&ssl=1&resize=350%2C200","width":350,"height":200,"srcset":"https:\/\/i0.wp.com\/larevistadigital.com.ar\/blog\/wp-content\/uploads\/Niebla-en-ruta-2.png?fit=750%2C1025&ssl=1&resize=350%2C200 1x, https:\/\/i0.wp.com\/larevistadigital.com.ar\/blog\/wp-content\/uploads\/Niebla-en-ruta-2.png?fit=750%2C1025&ssl=1&resize=525%2C300 1.5x, https:\/\/i0.wp.com\/larevistadigital.com.ar\/blog\/wp-content\/uploads\/Niebla-en-ruta-2.png?fit=750%2C1025&ssl=1&resize=700%2C400 2x"},"classes":[]},{"id":38489,"url":"https:\/\/larevistadigital.com.ar\/blog\/rapina-asquerosa-en-la-ruta-8-volco-un-camion-que-transportaba-bebidas-murio-el-chofer-y-la-gente-saqueo-la-carga\/","url_meta":{"origin":224,"position":3},"title":"Rapi\u00f1a asquerosa en la RUTA 8: Volc\u00f3 un cami\u00f3n que transportaba bebidas, muri\u00f3 el chofer, y la gente saque\u00f3 la carga","author":"Alejandro Sosa Ruda","date":"20 enero, 2025","format":false,"excerpt":"Un tr\u00e1gico accidente tuvo lugar cerca de la localidad de Urquiza, donde un cami\u00f3n volc\u00f3 sobre la calzada. Tras el siniestro, y luego de que las autoridades retiraran el cuerpo del conductor fallecido y realizaran las pericias correspondientes, numerosos vecinos se acercaron al lugar para recoger los productos de la\u2026","rel":"","context":"En \u00abPOLICIALES\u00bb","block_context":{"text":"POLICIALES","link":"https:\/\/larevistadigital.com.ar\/blog\/category\/policiales\/"},"img":{"alt_text":"","src":"https:\/\/i0.wp.com\/larevistadigital.com.ar\/blog\/wp-content\/uploads\/20250120115955_accidente-ruta-8-camion-volcado-saqueo.jpg?fit=880%2C512&ssl=1&resize=350%2C200","width":350,"height":200,"srcset":"https:\/\/i0.wp.com\/larevistadigital.com.ar\/blog\/wp-content\/uploads\/20250120115955_accidente-ruta-8-camion-volcado-saqueo.jpg?fit=880%2C512&ssl=1&resize=350%2C200 1x, https:\/\/i0.wp.com\/larevistadigital.com.ar\/blog\/wp-content\/uploads\/20250120115955_accidente-ruta-8-camion-volcado-saqueo.jpg?fit=880%2C512&ssl=1&resize=525%2C300 1.5x, https:\/\/i0.wp.com\/larevistadigital.com.ar\/blog\/wp-content\/uploads\/20250120115955_accidente-ruta-8-camion-volcado-saqueo.jpg?fit=880%2C512&ssl=1&resize=700%2C400 2x"},"classes":[]},{"id":37016,"url":"https:\/\/larevistadigital.com.ar\/blog\/quiso-doblar-y-quedo-con-el-camion-cruzado-en-un-importante-acceso-de-la-ruda-40\/","url_meta":{"origin":224,"position":4},"title":"QUISO DOBLAR, Y QUED\u00d3 CON EL CAMI\u00d3N CRUZADO EN UN IMPORTANTE ACCESO DE LA RUDA 40","author":"Alejandro Sosa Ruda","date":"20 agosto, 2024","format":false,"excerpt":"La polic\u00eda tuvo que cortar el tr\u00e1nsito, ya que el cami\u00f3n cort\u00f3 la entrada a Avenida Circunvalaci\u00f3n y la entrada a la ciudad. 20 de Agosto de 2024 SAN JUAN -\u00a0 \u00a0Cerca de las 11 horas de este martes se desat\u00f3 un caos en el Acceso Norte de Ruta 40.\u2026","rel":"","context":"En \u00abINTERES GENERAL\u00bb","block_context":{"text":"INTERES GENERAL","link":"https:\/\/larevistadigital.com.ar\/blog\/category\/interes-general\/"},"img":{"alt_text":"","src":"https:\/\/i0.wp.com\/larevistadigital.com.ar\/blog\/wp-content\/uploads\/456184553_925209379644195_4147249237371022068_n.jpg?fit=790%2C526&ssl=1&resize=350%2C200","width":350,"height":200,"srcset":"https:\/\/i0.wp.com\/larevistadigital.com.ar\/blog\/wp-content\/uploads\/456184553_925209379644195_4147249237371022068_n.jpg?fit=790%2C526&ssl=1&resize=350%2C200 1x, https:\/\/i0.wp.com\/larevistadigital.com.ar\/blog\/wp-content\/uploads\/456184553_925209379644195_4147249237371022068_n.jpg?fit=790%2C526&ssl=1&resize=525%2C300 1.5x, https:\/\/i0.wp.com\/larevistadigital.com.ar\/blog\/wp-content\/uploads\/456184553_925209379644195_4147249237371022068_n.jpg?fit=790%2C526&ssl=1&resize=700%2C400 2x"},"classes":[]},{"id":24611,"url":"https:\/\/larevistadigital.com.ar\/blog\/otra-vez-nuevamente-un-auto-choco-contra-un-poste-en-la-ruta-11-ahora-fallecio-un-policia-retirado\/","url_meta":{"origin":224,"position":5},"title":"OTRA VEZ: NUEVAMENTE UN AUTO CHOC\u00d3 CONTRA UN POSTE EN LA RUTA 11, AHORA FALLECI\u00d3 UN POLIC\u00cdA RETIRADO","author":"Alejandro Sosa Ruda","date":"16 marzo, 2022","format":false,"excerpt":"El accidente se produjo a la altura del kil\u00f3metro 504, en las cercan\u00edas del Grupo de Artiller\u00eda Antia\u00e9reo 601, en Mar del Plata. MAR DEL PLATA -\u00a0 El conductor de un veh\u00edculo utilitario falleci\u00f3 en la noche del martes cuando colision\u00f3 una de las columnas ubicadas en el cantero divisor\u2026","rel":"","context":"En \u00abPOLICIALES\u00bb","block_context":{"text":"POLICIALES","link":"https:\/\/larevistadigital.com.ar\/blog\/category\/policiales\/"},"img":{"alt_text":"","src":"https:\/\/i0.wp.com\/larevistadigital.com.ar\/blog\/wp-content\/uploads\/f2ce65359259d3680baa7d7f4f64a61f54c18d56.jpg?fit=1140%2C646&ssl=1&resize=350%2C200","width":350,"height":200,"srcset":"https:\/\/i0.wp.com\/larevistadigital.com.ar\/blog\/wp-content\/uploads\/f2ce65359259d3680baa7d7f4f64a61f54c18d56.jpg?fit=1140%2C646&ssl=1&resize=350%2C200 1x, https:\/\/i0.wp.com\/larevistadigital.com.ar\/blog\/wp-content\/uploads\/f2ce65359259d3680baa7d7f4f64a61f54c18d56.jpg?fit=1140%2C646&ssl=1&resize=525%2C300 1.5x, https:\/\/i0.wp.com\/larevistadigital.com.ar\/blog\/wp-content\/uploads\/f2ce65359259d3680baa7d7f4f64a61f54c18d56.jpg?fit=1140%2C646&ssl=1&resize=700%2C400 2x, https:\/\/i0.wp.com\/larevistadigital.com.ar\/blog\/wp-content\/uploads\/f2ce65359259d3680baa7d7f4f64a61f54c18d56.jpg?fit=1140%2C646&ssl=1&resize=1050%2C600 3x"},"classes":[]}],"_links":{"self":[{"href":"https:\/\/larevistadigital.com.ar\/blog\/wp-json\/wp\/v2\/posts\/224","targetHints":{"allow":["GET"]}}],"collection":[{"href":"https:\/\/larevistadigital.com.ar\/blog\/wp-json\/wp\/v2\/posts"}],"about":[{"href":"https:\/\/larevistadigital.com.ar\/blog\/wp-json\/wp\/v2\/types\/post"}],"author":[{"embeddable":true,"href":"https:\/\/larevistadigital.com.ar\/blog\/wp-json\/wp\/v2\/users\/2"}],"replies":[{"embeddable":true,"href":"https:\/\/larevistadigital.com.ar\/blog\/wp-json\/wp\/v2\/comments?post=224"}],"version-history":[{"count":1,"href":"https:\/\/larevistadigital.com.ar\/blog\/wp-json\/wp\/v2\/posts\/224\/revisions"}],"predecessor-version":[{"id":227,"href":"https:\/\/larevistadigital.com.ar\/blog\/wp-json\/wp\/v2\/posts\/224\/revisions\/227"}],"wp:featuredmedia":[{"embeddable":true,"href":"https:\/\/larevistadigital.com.ar\/blog\/wp-json\/wp\/v2\/media\/226"}],"wp:attachment":[{"href":"https:\/\/larevistadigital.com.ar\/blog\/wp-json\/wp\/v2\/media?parent=224"}],"wp:term":[{"taxonomy":"category","embeddable":true,"href":"https:\/\/larevistadigital.com.ar\/blog\/wp-json\/wp\/v2\/categories?post=224"},{"taxonomy":"post_tag","embeddable":true,"href":"https:\/\/larevistadigital.com.ar\/blog\/wp-json\/wp\/v2\/tags?post=224"}],"curies":[{"name":"wp","href":"https:\/\/api.w.org\/{rel}","templated":true}]}}