{"id":22425,"date":"2021-10-21T01:27:18","date_gmt":"2021-10-21T01:27:18","guid":{"rendered":"https:\/\/larevistadigital.com.ar\/blog\/?p=22425"},"modified":"2021-10-21T01:27:18","modified_gmt":"2021-10-21T01:27:18","slug":"mueren-tres-jovenes-en-un-accidente-en-la-ruta-en-los-toldos","status":"publish","type":"post","link":"https:\/\/larevistadigital.com.ar\/blog\/mueren-tres-jovenes-en-un-accidente-en-la-ruta-en-los-toldos\/","title":{"rendered":"MUEREN TRES JOVENES EN UN ACCIDENTE EN LA RUTA EN LOS TOLDOS"},"content":{"rendered":"<p class=\"selectionShareable\">Un lamentable hecho vial se conoci\u00f3 el domingo por ma\u00f1ana cuando el servicio de emergencia de General Viamonte fue alertado aproximadamente a las 06:30hs que en ruta provincial\u00a0 65 a unos mil metros del Monasterio Benedectino de Los Toldos se hab\u00eda producido una colisi\u00f3n entre dos veh\u00edculos y que dej\u00f3 como saldo el fallecimiento de tres j\u00f3venes oriundos de la ciudad de 9 de Julio.<\/p>\n<p class=\"selectionShareable\">Se trat\u00f3 de un autom\u00f3vil marca Volkswagen Gol en el que se movilizaban cuatro personas, oriundas de 9 de Julio quienes regresaban a su ciudad natal y colisionaron con un utilitario marca Citro\u00ebn Jumpy conducido por un hombre que viajaba solo.<\/p>\n<p class=\"selectionShareable\">Tras la colisi\u00f3n el Gol sale despedido de la cinta asf\u00e1ltica y termino impactando fuertemente contra unos \u00e1rboles.<\/p>\n<p class=\"selectionShareable\">Seg\u00fa inform\u00f3 el portal Elregionaldigital, a pesar de los esfuerzos m\u00e9dicos y de Bomberos por rescatar a las v\u00edctimas, tres de ellas fallecieron y el cuarto fue derivado al Hospital Municipal de la ciudad de Los Toldos.<\/p>\n<p class=\"selectionShareable\">En cuanto al conductor del utilitario oriundo de la provincia de Entre R\u00edos y se movilizaba hacia esa provincia tambi\u00e9n tuvo que ser asistido en el centro m\u00e9dico de Los Toldos.<\/p>\n<p class=\"selectionShareable\">En el lugar trabajaron personal de la Estaci\u00f3n de Polic\u00eda de Gral. Viamonte, Patrulla Rural Bomberos Voluntarios, Hospital Municipal de Gral. Viamonte e intervino la Ayudante de Fiscal\u00eda Dra. Mariana Monti, del departamento Judicial Junin. Se labro una IPP Caratulada \u201cTriple Homicidio Culposo\u201d.<\/p>\n<p class=\"selectionShareable\"><b>N. de la R; InfoGEI<\/b>\u00a0Mg<\/p>\n","protected":false},"excerpt":{"rendered":"<div class=\"mh-excerpt\"><p>Un lamentable hecho vial se conoci\u00f3 el domingo por ma\u00f1ana cuando el servicio de emergencia de General Viamonte fue alertado aproximadamente a las 06:30hs que en ruta provincial\u00a0 65 a unos mil metros del Monasterio <a class=\"mh-excerpt-more\" href=\"https:\/\/larevistadigital.com.ar\/blog\/mueren-tres-jovenes-en-un-accidente-en-la-ruta-en-los-toldos\/\" title=\"MUEREN TRES JOVENES EN UN ACCIDENTE EN LA RUTA EN LOS TOLDOS\">[Leer M\u00e1s]<\/a><\/p>\n<\/div>","protected":false},"author":3,"featured_media":22426,"comment_status":"open","ping_status":"open","sticky":false,"template":"","format":"standard","meta":{"_jetpack_memberships_contains_paid_content":false,"footnotes":"","jetpack_publicize_message":"","jetpack_publicize_feature_enabled":true,"jetpack_social_post_already_shared":true,"jetpack_social_options":{"image_generator_settings":{"template":"highway","default_image_id":0,"font":"","enabled":false},"version":2}},"categories":[44,51],"tags":[],"class_list":{"0":"post-22425","1":"post","2":"type-post","3":"status-publish","4":"format-standard","5":"has-post-thumbnail","7":"category-policiales","8":"category-regionales"},"jetpack_publicize_connections":[],"jetpack_featured_media_url":"https:\/\/i0.wp.com\/larevistadigital.com.ar\/blog\/wp-content\/uploads\/choque-los-toldos-20-10-2021.jpg?fit=880%2C512&ssl=1","jetpack_sharing_enabled":true,"jetpack_shortlink":"https:\/\/wp.me\/p8qtrQ-5PH","jetpack-related-posts":[{"id":40581,"url":"https:\/\/larevistadigital.com.ar\/blog\/tragedia-en-la-ruta-226-un-joven-de-21-anos-murio-en-un-brutal-choque-triple\/","url_meta":{"origin":22425,"position":0},"title":"Tragedia en la Ruta 226: un joven de 21 a\u00f1os muri\u00f3 en un brutal choque triple","author":"Alejandro Sosa Ruda","date":"21 julio, 2025","format":false,"excerpt":"El siniestro ocurri\u00f3 en la madrugada del domingo en Tandil. Dos camionetas y un auto se vieron involucrados. La v\u00edctima fatal fue identificada como un joven conductor tandilense. 21 de Julio de 2025 TANDIL -\u00a0 Un tr\u00e1gico accidente vial conmocion\u00f3 a la ciudad de Tandil en la madrugada del domingo.\u2026","rel":"","context":"En \u00abPOLICIALES\u00bb","block_context":{"text":"POLICIALES","link":"https:\/\/larevistadigital.com.ar\/blog\/category\/policiales\/"},"img":{"alt_text":"","src":"https:\/\/i0.wp.com\/larevistadigital.com.ar\/blog\/wp-content\/uploads\/92b7e938d1a1a062faf5f89dce662f6a0d80fa83.jpg?fit=1140%2C563&ssl=1&resize=350%2C200","width":350,"height":200,"srcset":"https:\/\/i0.wp.com\/larevistadigital.com.ar\/blog\/wp-content\/uploads\/92b7e938d1a1a062faf5f89dce662f6a0d80fa83.jpg?fit=1140%2C563&ssl=1&resize=350%2C200 1x, https:\/\/i0.wp.com\/larevistadigital.com.ar\/blog\/wp-content\/uploads\/92b7e938d1a1a062faf5f89dce662f6a0d80fa83.jpg?fit=1140%2C563&ssl=1&resize=525%2C300 1.5x, https:\/\/i0.wp.com\/larevistadigital.com.ar\/blog\/wp-content\/uploads\/92b7e938d1a1a062faf5f89dce662f6a0d80fa83.jpg?fit=1140%2C563&ssl=1&resize=700%2C400 2x, https:\/\/i0.wp.com\/larevistadigital.com.ar\/blog\/wp-content\/uploads\/92b7e938d1a1a062faf5f89dce662f6a0d80fa83.jpg?fit=1140%2C563&ssl=1&resize=1050%2C600 3x"},"classes":[]},{"id":25139,"url":"https:\/\/larevistadigital.com.ar\/blog\/vuelco-en-la-ruta-30\/","url_meta":{"origin":22425,"position":1},"title":"VUELCO EN LA RUTA 30","author":"Alejandro Sosa Ruda","date":"18 abril, 2022","format":false,"excerpt":"Los tres ocupantes de un veh\u00edculo marca Peugeot 208 resultaron ilesos luego de un vuelco. Seg\u00fan informaron fuentes policiales, el siniestro se registr\u00f3 poco antes de las 16 horas sobre la Ruta Provincial Nro. 30 en direcci\u00f3n Las Flores-Rauch y distante a 30 kil\u00f3metros de la planta urbana. El hecho\u2026","rel":"","context":"En \u00abPOLICIALES\u00bb","block_context":{"text":"POLICIALES","link":"https:\/\/larevistadigital.com.ar\/blog\/category\/policiales\/"},"img":{"alt_text":"","src":"https:\/\/i0.wp.com\/larevistadigital.com.ar\/blog\/wp-content\/uploads\/4c55035ec17bb79c2f7a5b09d73ed6bcf6a107f7-1.png?fit=1140%2C554&ssl=1&resize=350%2C200","width":350,"height":200,"srcset":"https:\/\/i0.wp.com\/larevistadigital.com.ar\/blog\/wp-content\/uploads\/4c55035ec17bb79c2f7a5b09d73ed6bcf6a107f7-1.png?fit=1140%2C554&ssl=1&resize=350%2C200 1x, https:\/\/i0.wp.com\/larevistadigital.com.ar\/blog\/wp-content\/uploads\/4c55035ec17bb79c2f7a5b09d73ed6bcf6a107f7-1.png?fit=1140%2C554&ssl=1&resize=525%2C300 1.5x, https:\/\/i0.wp.com\/larevistadigital.com.ar\/blog\/wp-content\/uploads\/4c55035ec17bb79c2f7a5b09d73ed6bcf6a107f7-1.png?fit=1140%2C554&ssl=1&resize=700%2C400 2x, https:\/\/i0.wp.com\/larevistadigital.com.ar\/blog\/wp-content\/uploads\/4c55035ec17bb79c2f7a5b09d73ed6bcf6a107f7-1.png?fit=1140%2C554&ssl=1&resize=1050%2C600 3x"},"classes":[]},{"id":18022,"url":"https:\/\/larevistadigital.com.ar\/blog\/ruta-29-chocaron-uncamion-y-una-camioneta\/","url_meta":{"origin":22425,"position":2},"title":"RUTA 29: CHOCARON UN CAMI\u00d3N Y UNA CAMIONETA","author":"Alejandro Sosa Ruda","date":"10 diciembre, 2020","format":false,"excerpt":"Los tres ocupantes de una camioneta VW Amarok y el conductor de un cami\u00f3n, tuvieron que ser hospitalizados tras protagonizar un choque este martes por la noche, en Ruta 29 en cercan\u00edas a Solanet. Seg\u00fan pudimos averiguar desde nuestro portal, los ocupantes de la camioneta, un matrimonio y un menor,\u2026","rel":"","context":"En \u00abREGIONALES\u00bb","block_context":{"text":"REGIONALES","link":"https:\/\/larevistadigital.com.ar\/blog\/category\/regionales\/"},"img":{"alt_text":"","src":"https:\/\/i0.wp.com\/larevistadigital.com.ar\/blog\/wp-content\/uploads\/4F3EA2ED-267C-467F-AA31-DD8BB10EAFA4.jpeg?fit=1152%2C864&ssl=1&resize=350%2C200","width":350,"height":200,"srcset":"https:\/\/i0.wp.com\/larevistadigital.com.ar\/blog\/wp-content\/uploads\/4F3EA2ED-267C-467F-AA31-DD8BB10EAFA4.jpeg?fit=1152%2C864&ssl=1&resize=350%2C200 1x, https:\/\/i0.wp.com\/larevistadigital.com.ar\/blog\/wp-content\/uploads\/4F3EA2ED-267C-467F-AA31-DD8BB10EAFA4.jpeg?fit=1152%2C864&ssl=1&resize=525%2C300 1.5x, https:\/\/i0.wp.com\/larevistadigital.com.ar\/blog\/wp-content\/uploads\/4F3EA2ED-267C-467F-AA31-DD8BB10EAFA4.jpeg?fit=1152%2C864&ssl=1&resize=700%2C400 2x, https:\/\/i0.wp.com\/larevistadigital.com.ar\/blog\/wp-content\/uploads\/4F3EA2ED-267C-467F-AA31-DD8BB10EAFA4.jpeg?fit=1152%2C864&ssl=1&resize=1050%2C600 3x"},"classes":[]},{"id":21152,"url":"https:\/\/larevistadigital.com.ar\/blog\/galeria-de-fotos-de-la-ciudad-chascomus-arroyo-los-toldos-parque-de-la-esperanza-por-carlos-lasserre\/","url_meta":{"origin":22425,"position":3},"title":"GALER\u00cdA DE FOTOS DE LA CIUDAD: CHASCOM\u00daS \u00abARROYO LOS TOLDOS\u00bb -PARQUE DE LA ESPERANZA- Por Carlos Lasserre","author":"Alejandro Sosa Ruda","date":"19 julio, 2021","format":false,"excerpt":"CHASCOM\u00daS - El arroyo Los Toldos, ubicado en el Parque de la Esperanza en la costanera de la ciudad de Chascom\u00fas, desde la \u00f3ptica del celular del amigo Carlos Lasserre, que supo captar la belleza del lugar, en el que muchas veces no reparamos. Una hermosa producci\u00f3n fotogr\u00e1fica Felicitaciones por\u2026","rel":"","context":"En \u00abINTERES GENERAL\u00bb","block_context":{"text":"INTERES GENERAL","link":"https:\/\/larevistadigital.com.ar\/blog\/category\/interes-general\/"},"img":{"alt_text":"","src":"https:\/\/i0.wp.com\/larevistadigital.com.ar\/blog\/wp-content\/uploads\/213396572_2927212687494711_8145205202933731195_n.jpg?fit=1200%2C674&ssl=1&resize=350%2C200","width":350,"height":200,"srcset":"https:\/\/i0.wp.com\/larevistadigital.com.ar\/blog\/wp-content\/uploads\/213396572_2927212687494711_8145205202933731195_n.jpg?fit=1200%2C674&ssl=1&resize=350%2C200 1x, https:\/\/i0.wp.com\/larevistadigital.com.ar\/blog\/wp-content\/uploads\/213396572_2927212687494711_8145205202933731195_n.jpg?fit=1200%2C674&ssl=1&resize=525%2C300 1.5x, https:\/\/i0.wp.com\/larevistadigital.com.ar\/blog\/wp-content\/uploads\/213396572_2927212687494711_8145205202933731195_n.jpg?fit=1200%2C674&ssl=1&resize=700%2C400 2x, https:\/\/i0.wp.com\/larevistadigital.com.ar\/blog\/wp-content\/uploads\/213396572_2927212687494711_8145205202933731195_n.jpg?fit=1200%2C674&ssl=1&resize=1050%2C600 3x"},"classes":[]},{"id":22562,"url":"https:\/\/larevistadigital.com.ar\/blog\/tandil-impactante-colision-el-lunes-y-vuelco-el-dia-domingo\/","url_meta":{"origin":22425,"position":4},"title":"TANDIL: IMPACTANTE COLISI\u00d3N EL LUNES, Y VUELCO EL D\u00cdA DOMINGO","author":"Alejandro Sosa Ruda","date":"2 noviembre, 2021","format":false,"excerpt":"TANDIL\u00a0 -\u00a0 Este lunes, a las 7:10 de la ma\u00f1ana, se produjo una colisi\u00f3n entre un transporte perteneciente a la empresa Equimac S.A. y una Renault Duster, cuyo conductor debi\u00f3 ser hospitalizado con heridas. El siniestro vial ocurri\u00f3 cuando el chofer de la combi (una Fiat Iveco patente AA126CE), que\u2026","rel":"","context":"En \u00abPOLICIALES\u00bb","block_context":{"text":"POLICIALES","link":"https:\/\/larevistadigital.com.ar\/blog\/category\/policiales\/"},"img":{"alt_text":"","src":"https:\/\/i0.wp.com\/larevistadigital.com.ar\/blog\/wp-content\/uploads\/choque-tandil-1-11-2021.jpg?fit=800%2C530&ssl=1&resize=350%2C200","width":350,"height":200,"srcset":"https:\/\/i0.wp.com\/larevistadigital.com.ar\/blog\/wp-content\/uploads\/choque-tandil-1-11-2021.jpg?fit=800%2C530&ssl=1&resize=350%2C200 1x, https:\/\/i0.wp.com\/larevistadigital.com.ar\/blog\/wp-content\/uploads\/choque-tandil-1-11-2021.jpg?fit=800%2C530&ssl=1&resize=525%2C300 1.5x, https:\/\/i0.wp.com\/larevistadigital.com.ar\/blog\/wp-content\/uploads\/choque-tandil-1-11-2021.jpg?fit=800%2C530&ssl=1&resize=700%2C400 2x"},"classes":[]},{"id":31267,"url":"https:\/\/larevistadigital.com.ar\/blog\/canuelas-en-un-choque-multiple-en-la-ruta-6-cuatro-vehiculos-quedaron-apilados\/","url_meta":{"origin":22425,"position":5},"title":"CA\u00d1UELAS: EN UN CHOQUE M\u00daLTIPLE EN LA RUTA 6, CUATRO VEH\u00cdCULOS QUEDARON APILADOS","author":"Alejandro Sosa Ruda","date":"27 abril, 2023","format":false,"excerpt":"Luego de dos horas de trabajo, personal de Bomberos Voluntarios con la colaboraci\u00f3n de personal sanitario, policial, de Gendarmer\u00eda y de la Guardia Urbana logr\u00f3 extraer a todos los ocupantes que hab\u00edan quedado atrapados en los habit\u00e1culos. Se registraron varios heridos. 27 de abril de 2023 CA\u00d1UELAS -\u00a0 Un brutal\u2026","rel":"","context":"En \u00abINTERES GENERAL\u00bb","block_context":{"text":"INTERES GENERAL","link":"https:\/\/larevistadigital.com.ar\/blog\/category\/interes-general\/"},"img":{"alt_text":"","src":"https:\/\/i0.wp.com\/larevistadigital.com.ar\/blog\/wp-content\/uploads\/20230427140109_canu.jpg?fit=880%2C512&ssl=1&resize=350%2C200","width":350,"height":200,"srcset":"https:\/\/i0.wp.com\/larevistadigital.com.ar\/blog\/wp-content\/uploads\/20230427140109_canu.jpg?fit=880%2C512&ssl=1&resize=350%2C200 1x, https:\/\/i0.wp.com\/larevistadigital.com.ar\/blog\/wp-content\/uploads\/20230427140109_canu.jpg?fit=880%2C512&ssl=1&resize=525%2C300 1.5x, https:\/\/i0.wp.com\/larevistadigital.com.ar\/blog\/wp-content\/uploads\/20230427140109_canu.jpg?fit=880%2C512&ssl=1&resize=700%2C400 2x"},"classes":[]}],"_links":{"self":[{"href":"https:\/\/larevistadigital.com.ar\/blog\/wp-json\/wp\/v2\/posts\/22425","targetHints":{"allow":["GET"]}}],"collection":[{"href":"https:\/\/larevistadigital.com.ar\/blog\/wp-json\/wp\/v2\/posts"}],"about":[{"href":"https:\/\/larevistadigital.com.ar\/blog\/wp-json\/wp\/v2\/types\/post"}],"author":[{"embeddable":true,"href":"https:\/\/larevistadigital.com.ar\/blog\/wp-json\/wp\/v2\/users\/3"}],"replies":[{"embeddable":true,"href":"https:\/\/larevistadigital.com.ar\/blog\/wp-json\/wp\/v2\/comments?post=22425"}],"version-history":[{"count":1,"href":"https:\/\/larevistadigital.com.ar\/blog\/wp-json\/wp\/v2\/posts\/22425\/revisions"}],"predecessor-version":[{"id":22427,"href":"https:\/\/larevistadigital.com.ar\/blog\/wp-json\/wp\/v2\/posts\/22425\/revisions\/22427"}],"wp:featuredmedia":[{"embeddable":true,"href":"https:\/\/larevistadigital.com.ar\/blog\/wp-json\/wp\/v2\/media\/22426"}],"wp:attachment":[{"href":"https:\/\/larevistadigital.com.ar\/blog\/wp-json\/wp\/v2\/media?parent=22425"}],"wp:term":[{"taxonomy":"category","embeddable":true,"href":"https:\/\/larevistadigital.com.ar\/blog\/wp-json\/wp\/v2\/categories?post=22425"},{"taxonomy":"post_tag","embeddable":true,"href":"https:\/\/larevistadigital.com.ar\/blog\/wp-json\/wp\/v2\/tags?post=22425"}],"curies":[{"name":"wp","href":"https:\/\/api.w.org\/{rel}","templated":true}]}}