{"id":22488,"date":"2021-10-28T00:30:21","date_gmt":"2021-10-28T00:30:21","guid":{"rendered":"https:\/\/larevistadigital.com.ar\/blog\/?p=22488"},"modified":"2021-10-28T00:30:21","modified_gmt":"2021-10-28T00:30:21","slug":"dr-miguel-otegui-en-el-grupo-tiempo-lo-que-dice-javier-gaston-de-la-rifa-es-echarle-grasa-a-la-parrilla","status":"publish","type":"post","link":"https:\/\/larevistadigital.com.ar\/blog\/dr-miguel-otegui-en-el-grupo-tiempo-lo-que-dice-javier-gaston-de-la-rifa-es-echarle-grasa-a-la-parrilla\/","title":{"rendered":"DR. MIGUEL OTEGUI EN EL GRUPO TIEMPO: \u00abLO QUE DICE JAVIER GAST\u00d3N DE LA RIFA, ES ECHARLE GRASA A LA PARRILLA\u00bb"},"content":{"rendered":"<h2>Hace d\u00edas se conocieron declaraciones del Intendente de Chascom\u00fas Javier Gast\u00f3n afirmando que se hab\u00eda solucionado el hist\u00f3rico conflicto de la \u00abRifa del Campo\u00bb. Por eso en la ma\u00f1ana de este Martes en las radios de TIEMPO (Libres del Sur FM 90.1 Mhz de Chascom\u00fas en Ranchos La Palabra FM 90.7 Mhz y LV FM 90.1 Mhz de Loma Verde) dialogamos con el representante legal de las partes acreedoras afectadas, Dr. Miguel Otegui<\/h2>\n<p><em><strong>\u00abNo se arreglo absolutamente nada. El tema es axial porque hay dos proyectos que se cruzan uno es el que senadores aprueba una suma de colaboraci\u00f3n o algo as\u00ed de 250 millones y por diputados entr\u00f3 un proyecto de suspensi\u00f3n de las ejecuciones contra Chascom\u00fas y Lezama. Es la reedici\u00f3n de un proyecto que ya fue vetado por Vidal. El expediente est\u00e1 en camino de ejecuci\u00f3n. Todo esto es por la dilaci\u00f3n que da Chascom\u00fas. Porque desde 2009 la provincia en la figura del Fiscal de Estado esta queriendo instrumentar un pago cuando se defina un monto. El municipio present\u00f3 un amparo que fue rechazado por la Corte provincial y haciendo un refrito fue a la naci\u00f3n. Vuelto de la Corte inici\u00f3 una serie de pericias, que es cuando err\u00f3neamente, a mi entender, piden integrar a las cooperadoras, que son personas que se registran en el ministerio de educaci\u00f3n para comprar lo que necesita el establecimiento. Al pedido del municipio nos piden que notifiquemos a las cooperadoras. Hasta hoy hay una media sanci\u00f3n que no excluye a Chascom\u00fas. La sentencia estimar\u00e1 un monto y si me pagan menos me quedan debiendo. Ahora quiero saber quien le dijo al legislador que \u00e9l puede determinar lo que se esta dirimiendo en un juicio ?. Para mi esto entra en el esquema de la pol\u00edtica que se llama \u00abPlatita\u00bb donde la gente pone votitos. A mi me extra\u00f1a que una clase media alta de Chascom\u00fas crea esto. No se hasta cuando nos van a seguir tocando el traste.\u00bb<\/strong> <\/em>explic\u00f3 <strong>Otegui<\/strong> sobre la situaci\u00f3n tras las declaraciones de <strong>Gast\u00f3n<\/strong>.<\/p>\n<p>Sobre lo que va a pasar de ac\u00e1 en adelante explico <strong><em>\u00abac\u00e1 hay sentencia que nos deben; estamos determinando el cuando nos van a pagar. La provincia esta enojada por el exceso de costas, y se paga en d\u00f3lares. M\u00e1s lo dilatan m\u00e1s caro saldr\u00e1. Todo lo que se ha dicho en estos d\u00edas es tirarle grasa a la parrilla para hacer humo\u2026\u00bb<\/em><\/strong><\/p>\n<p>Finalmente la nota dej\u00f3 otras frases del abogado:<strong><em> \u00abAndan medio escaselli de votos y entonces tiran al tanteo. Si es avestruz mejor pero si es cachirla tambi\u00e9n\u2026\u00bb<\/em><\/strong><\/p>\n<p>fuente e imagen: Grupo Tiempo Digital<\/p>\n","protected":false},"excerpt":{"rendered":"<div class=\"mh-excerpt\"><p>Hace d\u00edas se conocieron declaraciones del Intendente de Chascom\u00fas Javier Gast\u00f3n afirmando que se hab\u00eda solucionado el hist\u00f3rico conflicto de la \u00abRifa del Campo\u00bb. Por eso en la ma\u00f1ana de este Martes en las radios <a class=\"mh-excerpt-more\" href=\"https:\/\/larevistadigital.com.ar\/blog\/dr-miguel-otegui-en-el-grupo-tiempo-lo-que-dice-javier-gaston-de-la-rifa-es-echarle-grasa-a-la-parrilla\/\" title=\"DR. MIGUEL OTEGUI EN EL GRUPO TIEMPO: \u00abLO QUE DICE JAVIER GAST\u00d3N DE LA RIFA, ES ECHARLE GRASA A LA PARRILLA\u00bb\">[Leer M\u00e1s]<\/a><\/p>\n<\/div>","protected":false},"author":3,"featured_media":22490,"comment_status":"open","ping_status":"open","sticky":false,"template":"","format":"standard","meta":{"_jetpack_memberships_contains_paid_content":false,"footnotes":"","jetpack_publicize_message":"","jetpack_publicize_feature_enabled":true,"jetpack_social_post_already_shared":true,"jetpack_social_options":{"image_generator_settings":{"template":"highway","default_image_id":0,"font":"","enabled":false},"version":2}},"categories":[50],"tags":[],"class_list":{"0":"post-22488","1":"post","2":"type-post","3":"status-publish","4":"format-standard","5":"has-post-thumbnail","7":"category-interes-general"},"jetpack_publicize_connections":[],"jetpack_featured_media_url":"https:\/\/i0.wp.com\/larevistadigital.com.ar\/blog\/wp-content\/uploads\/Captura-de-pantalla-2021-10-27-212826.jpg?fit=927%2C792&ssl=1","jetpack_sharing_enabled":true,"jetpack_shortlink":"https:\/\/wp.me\/p8qtrQ-5QI","jetpack-related-posts":[{"id":22458,"url":"https:\/\/larevistadigital.com.ar\/blog\/luego-de-las-publicaciones-de-el-fuerte-y-la-revista-digital-gaston-cambio-su-discurso-sobre-la-rifa-bueno-solo-un-poco\/","url_meta":{"origin":22488,"position":0},"title":"LUEGO DE LAS PUBLICACI\u00d3NES DE EL FUERTE Y LA REVISTA DIGITAL, GAST\u00d3N CAMBI\u00d3 SU DISCURSO SOBRE LA RIFA&#8230; (BUENO, SOLO UN POCO)","author":"Alejandro Sosa Ruda","date":"24 octubre, 2021","format":false,"excerpt":"Luego de salir en las redes a festejar un proyecto de ley, que por ahora solo es eso, con una evidente intenci\u00f3n pol\u00edtica, el intendente de Chascom\u00fas, Javier Gast\u00f3n, tuvo que admitir en una nota de Lili Villaverde en FM ACTIVA (93,1) que el proyecto tiene solo media sanci\u00f3n. CHASCOM\u00daS\u2026","rel":"","context":"En \u00abDESTACADAS\u00bb","block_context":{"text":"DESTACADAS","link":"https:\/\/larevistadigital.com.ar\/blog\/category\/destacadas\/"},"img":{"alt_text":"","src":"https:\/\/i0.wp.com\/larevistadigital.com.ar\/blog\/wp-content\/uploads\/gaston-dedos-cruzados.jpg?fit=814%2C600&ssl=1&resize=350%2C200","width":350,"height":200,"srcset":"https:\/\/i0.wp.com\/larevistadigital.com.ar\/blog\/wp-content\/uploads\/gaston-dedos-cruzados.jpg?fit=814%2C600&ssl=1&resize=350%2C200 1x, https:\/\/i0.wp.com\/larevistadigital.com.ar\/blog\/wp-content\/uploads\/gaston-dedos-cruzados.jpg?fit=814%2C600&ssl=1&resize=525%2C300 1.5x, https:\/\/i0.wp.com\/larevistadigital.com.ar\/blog\/wp-content\/uploads\/gaston-dedos-cruzados.jpg?fit=814%2C600&ssl=1&resize=700%2C400 2x"},"classes":[]},{"id":22449,"url":"https:\/\/larevistadigital.com.ar\/blog\/enganoso-anuncio-del-intendente-gaston-acerca-de-la-rifa-del-campo-que-adeuda-chascomus\/","url_meta":{"origin":22488,"position":1},"title":"ENGA\u00d1OSO ANUNCIO DEL INTENDENTE GAST\u00d3N ACERCA DE LA RIFA DEL CAMPO QUE ADEUDA CHASCOM\u00daS","author":"Alejandro Sosa Ruda","date":"23 octubre, 2021","format":false,"excerpt":"En realidad, hay un \"proyecto de ley\" que en la nota adjuntamos, de un diputado massista que cuenta con media sanci\u00f3n, y espera tratamiento en el senado. Habla de suspender el pago por dos a\u00f1os... CHASCOM\u00daS -\u00a0 El intendente de Chascom\u00fas, Javier Gast\u00f3n, hizo un posteo, donde se manifest\u00f3 muy\u2026","rel":"","context":"En \u00abDESTACADAS\u00bb","block_context":{"text":"DESTACADAS","link":"https:\/\/larevistadigital.com.ar\/blog\/category\/destacadas\/"},"img":{"alt_text":"","src":"https:\/\/i0.wp.com\/larevistadigital.com.ar\/blog\/wp-content\/uploads\/MENTIROSO-MENTIROSO.jpg?fit=736%2C558&ssl=1&resize=350%2C200","width":350,"height":200,"srcset":"https:\/\/i0.wp.com\/larevistadigital.com.ar\/blog\/wp-content\/uploads\/MENTIROSO-MENTIROSO.jpg?fit=736%2C558&ssl=1&resize=350%2C200 1x, https:\/\/i0.wp.com\/larevistadigital.com.ar\/blog\/wp-content\/uploads\/MENTIROSO-MENTIROSO.jpg?fit=736%2C558&ssl=1&resize=525%2C300 1.5x, https:\/\/i0.wp.com\/larevistadigital.com.ar\/blog\/wp-content\/uploads\/MENTIROSO-MENTIROSO.jpg?fit=736%2C558&ssl=1&resize=700%2C400 2x"},"classes":[]},{"id":6831,"url":"https:\/\/larevistadigital.com.ar\/blog\/chascomus-miguel-medici-dijo-que-unidad-por-chascomus-miente-y-su-comunicado-es-una-porqueria\/","url_meta":{"origin":22488,"position":2},"title":"CHASCOM\u00daS: MIGUEL MEDICI DIJO QUE UNIDAD POR CHASCOM\u00daS MIENTE Y SU COMUNICADO ES UNA PORQUER\u00cdA","author":"Alejandro Sosa Ruda","date":"14 octubre, 2018","format":false,"excerpt":"TAMBI\u00c9N AFIRM\u00d3 QUE HABLAN DE LA DESHONESTIDAD DE OTRAS PERSONAS PARA TAPAR QUE NO HICIERON LOS TRABAJOS QUE LES CORRESPOND\u00cdAN. El ex presidente del Colegio de Arquitectos, Miguel Medici, hizo referencia a la nota publicada en las redes sociales por Unidad por Chascom\u00fas, en donde se criticaba al concejal Ferrante,\u2026","rel":"","context":"En \u00abDESTACADAS\u00bb","block_context":{"text":"DESTACADAS","link":"https:\/\/larevistadigital.com.ar\/blog\/category\/destacadas\/"},"img":{"alt_text":"","src":"https:\/\/i0.wp.com\/larevistadigital.com.ar\/blog\/wp-content\/uploads\/2018\/10\/1011064_10203335219646927_1368445549_n.jpg?fit=600%2C746&ssl=1&resize=350%2C200","width":350,"height":200,"srcset":"https:\/\/i0.wp.com\/larevistadigital.com.ar\/blog\/wp-content\/uploads\/2018\/10\/1011064_10203335219646927_1368445549_n.jpg?fit=600%2C746&ssl=1&resize=350%2C200 1x, https:\/\/i0.wp.com\/larevistadigital.com.ar\/blog\/wp-content\/uploads\/2018\/10\/1011064_10203335219646927_1368445549_n.jpg?fit=600%2C746&ssl=1&resize=525%2C300 1.5x"},"classes":[]},{"id":22485,"url":"https:\/\/larevistadigital.com.ar\/blog\/alejo-supply-subsecretario-de-transportes-de-la-provincia-aseguro-en-el-grupo-tiempo-que-en-dias-comienza-el-servicio-ranchos-chascomus\/","url_meta":{"origin":22488,"position":3},"title":"ALEJO SUPPLY (SUBSECRETARIO DE TRANSPORTES DE LA PROVINCIA) ASEGUR\u00d3 EN EL GRUPO TIEMPO QUE \u00abEN D\u00cdAS COMIENZA EL SERVICIO RANCHOS-CHASCOM\u00daS\u00bb","author":"Alejandro Sosa Ruda","date":"27 octubre, 2021","format":false,"excerpt":"Alejo Supply Subsecretario de Transporte de la provincia de Buenos Aires, dialog\u00f3 este martes en las radios de Tiempo (Libres del Sur FM 90.1 Mhz de Chascom\u00fas en Ranchos La Palabra FM 90.7 Mhz y LV FM 90.1 Mhz de Loma Verde). En una entrevista con el periodista Rub\u00e9n Mart\u00ednez,\u2026","rel":"","context":"En \u00abINTERES GENERAL\u00bb","block_context":{"text":"INTERES GENERAL","link":"https:\/\/larevistadigital.com.ar\/blog\/category\/interes-general\/"},"img":{"alt_text":"","src":"https:\/\/i0.wp.com\/larevistadigital.com.ar\/blog\/wp-content\/uploads\/Captura-de-pantalla-2021-10-27-203452.jpg?fit=931%2C518&ssl=1&resize=350%2C200","width":350,"height":200,"srcset":"https:\/\/i0.wp.com\/larevistadigital.com.ar\/blog\/wp-content\/uploads\/Captura-de-pantalla-2021-10-27-203452.jpg?fit=931%2C518&ssl=1&resize=350%2C200 1x, https:\/\/i0.wp.com\/larevistadigital.com.ar\/blog\/wp-content\/uploads\/Captura-de-pantalla-2021-10-27-203452.jpg?fit=931%2C518&ssl=1&resize=525%2C300 1.5x, https:\/\/i0.wp.com\/larevistadigital.com.ar\/blog\/wp-content\/uploads\/Captura-de-pantalla-2021-10-27-203452.jpg?fit=931%2C518&ssl=1&resize=700%2C400 2x"},"classes":[]},{"id":23183,"url":"https:\/\/larevistadigital.com.ar\/blog\/perez-del-cerro-destaco-la-importancia-de-la-inclusion-de-la-deuda-por-la-rifa-en-el-presupuesto-conseguida-a-merced-del-trabajo-del-diputado-rossi-pero-felicitando-por-ello-a-javier-gaston\/","url_meta":{"origin":22488,"position":4},"title":"PEREZ DEL CERRO DESTAC\u00d3 LA IMPORTANCIA DE LA INCLUSI\u00d3N DE LA DEUDA POR LA RIFA EN EL PRESUPUESTO, CONSEGUIDA A MERCED DEL TRABAJO DEL DIPUTADO ROSSI, PERO FELICITANDO POR ELLO A JAVIER GAST\u00d3N","author":"Alejandro Sosa Ruda","date":"3 enero, 2022","format":false,"excerpt":"\"Aramos dijo el mosquito\"... Una frase que adquiere actualidad, ya que el secretario de gobierno de Chascom\u00fas, hizo menci\u00f3n a la inclusi\u00f3n en el presupuesto provincial a un monto destinado al pago de la rifa del campo, conseguido por el diputado Jos\u00e9 \"Cote\" Rossi, pero incre\u00edblemente destacando \"la gesti\u00f3n de\u2026","rel":"","context":"En \u00abCHASCOM\u00daS\u00bb","block_context":{"text":"CHASCOM\u00daS","link":"https:\/\/larevistadigital.com.ar\/blog\/category\/chascomus\/"},"img":{"alt_text":"","src":"https:\/\/i0.wp.com\/larevistadigital.com.ar\/blog\/wp-content\/uploads\/2021_12_30_01_28_12_1812068.jpg?fit=600%2C400&ssl=1&resize=350%2C200","width":350,"height":200,"srcset":"https:\/\/i0.wp.com\/larevistadigital.com.ar\/blog\/wp-content\/uploads\/2021_12_30_01_28_12_1812068.jpg?fit=600%2C400&ssl=1&resize=350%2C200 1x, https:\/\/i0.wp.com\/larevistadigital.com.ar\/blog\/wp-content\/uploads\/2021_12_30_01_28_12_1812068.jpg?fit=600%2C400&ssl=1&resize=525%2C300 1.5x"},"classes":[]},{"id":6606,"url":"https:\/\/larevistadigital.com.ar\/blog\/chascomus-otorgan-subsidio-a-la-sociedad-de-fomento-de-la-noria\/","url_meta":{"origin":22488,"position":5},"title":"CHASCOM\u00daS: OTORGAN SUBSIDIO A LA SOCIEDAD DE FOMENTO DE LA NORIA","author":"Alejandro Sosa Ruda","date":"23 septiembre, 2018","format":false,"excerpt":"En una nota radial durante el programa \u201cTardes El Tr\u00e9bol\u201d que se emite por la FM \u201cRadio Uno\u201d 102.1, el periodista Alfredo Perona dialog\u00f3 con la presidente de la sociedad de fomento del barrio La Noria, Lorena Sierra en referencia a un subsidio que recibieron por parte del Municipio de\u2026","rel":"","context":"En \u00abPOLITICA\u00bb","block_context":{"text":"POLITICA","link":"https:\/\/larevistadigital.com.ar\/blog\/category\/politica\/"},"img":{"alt_text":"","src":"https:\/\/i0.wp.com\/larevistadigital.com.ar\/blog\/wp-content\/uploads\/2018\/09\/32540466_2117838951784170_7011318176944226304_o.jpg?fit=1200%2C900&ssl=1&resize=350%2C200","width":350,"height":200,"srcset":"https:\/\/i0.wp.com\/larevistadigital.com.ar\/blog\/wp-content\/uploads\/2018\/09\/32540466_2117838951784170_7011318176944226304_o.jpg?fit=1200%2C900&ssl=1&resize=350%2C200 1x, https:\/\/i0.wp.com\/larevistadigital.com.ar\/blog\/wp-content\/uploads\/2018\/09\/32540466_2117838951784170_7011318176944226304_o.jpg?fit=1200%2C900&ssl=1&resize=525%2C300 1.5x, https:\/\/i0.wp.com\/larevistadigital.com.ar\/blog\/wp-content\/uploads\/2018\/09\/32540466_2117838951784170_7011318176944226304_o.jpg?fit=1200%2C900&ssl=1&resize=700%2C400 2x, https:\/\/i0.wp.com\/larevistadigital.com.ar\/blog\/wp-content\/uploads\/2018\/09\/32540466_2117838951784170_7011318176944226304_o.jpg?fit=1200%2C900&ssl=1&resize=1050%2C600 3x"},"classes":[]}],"_links":{"self":[{"href":"https:\/\/larevistadigital.com.ar\/blog\/wp-json\/wp\/v2\/posts\/22488","targetHints":{"allow":["GET"]}}],"collection":[{"href":"https:\/\/larevistadigital.com.ar\/blog\/wp-json\/wp\/v2\/posts"}],"about":[{"href":"https:\/\/larevistadigital.com.ar\/blog\/wp-json\/wp\/v2\/types\/post"}],"author":[{"embeddable":true,"href":"https:\/\/larevistadigital.com.ar\/blog\/wp-json\/wp\/v2\/users\/3"}],"replies":[{"embeddable":true,"href":"https:\/\/larevistadigital.com.ar\/blog\/wp-json\/wp\/v2\/comments?post=22488"}],"version-history":[{"count":1,"href":"https:\/\/larevistadigital.com.ar\/blog\/wp-json\/wp\/v2\/posts\/22488\/revisions"}],"predecessor-version":[{"id":22491,"href":"https:\/\/larevistadigital.com.ar\/blog\/wp-json\/wp\/v2\/posts\/22488\/revisions\/22491"}],"wp:featuredmedia":[{"embeddable":true,"href":"https:\/\/larevistadigital.com.ar\/blog\/wp-json\/wp\/v2\/media\/22490"}],"wp:attachment":[{"href":"https:\/\/larevistadigital.com.ar\/blog\/wp-json\/wp\/v2\/media?parent=22488"}],"wp:term":[{"taxonomy":"category","embeddable":true,"href":"https:\/\/larevistadigital.com.ar\/blog\/wp-json\/wp\/v2\/categories?post=22488"},{"taxonomy":"post_tag","embeddable":true,"href":"https:\/\/larevistadigital.com.ar\/blog\/wp-json\/wp\/v2\/tags?post=22488"}],"curies":[{"name":"wp","href":"https:\/\/api.w.org\/{rel}","templated":true}]}}