{"id":22499,"date":"2021-10-28T01:32:30","date_gmt":"2021-10-28T01:32:30","guid":{"rendered":"https:\/\/larevistadigital.com.ar\/blog\/?p=22499"},"modified":"2021-10-28T01:32:30","modified_gmt":"2021-10-28T01:32:30","slug":"buscan-voluntarios-en-mar-del-plata-para-probar-unas-pastillas-que-prevendrian-el-covid","status":"publish","type":"post","link":"https:\/\/larevistadigital.com.ar\/blog\/buscan-voluntarios-en-mar-del-plata-para-probar-unas-pastillas-que-prevendrian-el-covid\/","title":{"rendered":"BUSCAN VOLUNTARIOS EN MAR DEL PLATA, PARA PROBAR UNAS PASTILLAS QUE PREVENDR\u00cdAN EL COVID"},"content":{"rendered":"<p class=\"selectionShareable\">El Instituto de Investigaciones Cl\u00ednicas de Mar del Plata (IIC) probar\u00e1 en la ciudad balnearia un f\u00e1rmaco llamado molnupiravir, que\u00a0 puede suministrarse en forma oral para prevenir los casos m\u00e1s graves de coronavirus en personas que no se vacunaron.<\/p>\n<p class=\"selectionShareable\">Desde el ICC Mar del Plata precisaron que las condiciones necesarias para participar de este ensayo cl\u00ednico son: ser mayor de 18 a\u00f1os, no estar vacunado y ser conviviente de una persona con Covid-19.<\/p>\n<blockquote>\n<h3 class=\"selectionShareable\">Es decir, si alguna persona del n\u00facleo del hogar se encuentra atravesando el virus de Sars-Cov-2, podr\u00e1 acceder a este estudio. Seg\u00fan inform\u00f3 el portal 0223, quienes est\u00e9n interesados deber\u00e1n ingresar a la p\u00e1gina web www.iic-mardelplata.com.ar y seguir los simples pasos para la inscripci\u00f3n.<\/h3>\n<\/blockquote>\n<p class=\"selectionShareable\"><strong>Ignacio MacKinnon<\/strong>, Director del IIC Mar del Plata, expres\u00f3 que el estudio se trata de un nuevo f\u00e1rmaco antiviral denominado molnupiravir, que ya obtuvo muy buenos resultados al ser administrado a pacientes que cursaron la enfermedad.<\/p>\n<p class=\"selectionShareable\"><em><strong>\u201cNo solo se llevan adelante estudios con vacunas, sino que tambi\u00e9n se busca desarrollar medicamentos eficaces para el tratamiento de la enfermedad. Por eso es indispensable la participaci\u00f3n de la ciudadan\u00eda, en especial, quienes no se vacunaron y conviven con una persona que cursa el virus\u201d<\/strong><\/em>, se\u00f1al\u00f3 el m\u00e9dico.<\/p>\n<blockquote>\n<h3 class=\"selectionShareable\">En la misma l\u00ednea, el director del IIC, detall\u00f3 que \u201cel molnupiravir mostr\u00f3 una serie de resultados positivos en estudios preliminares, por lo que las empresas Merck (MSD) y Ridgeback Biotherapeutics anunciaron el ensayo cl\u00ednico de Fase 3 Move-Ahead para evaluar el f\u00e1rmaco como modo preventivo del Covid-19. El ensayo contar\u00e1 con m\u00e1s de 1800 participantes que recibir\u00e1n 800 mg de molnupiravir o placebo por v\u00eda oral cada 12 horas por cinco d\u00edas\u201d.<\/h3>\n<\/blockquote>\n<p class=\"selectionShareable\">En el ensayo cl\u00ednico participan varios pa\u00edses adem\u00e1s de Argentina, como: Espa\u00f1a, Brasil, Colombia, Francia, Guatemala, Hungr\u00eda, Jap\u00f3n, M\u00e9xico, Per\u00fa, Filipinas, Ruman\u00eda, Rusia, Sud\u00e1frica, Turqu\u00eda, Ucrania y Estados Unidos.<\/p>\n<p class=\"selectionShareable\">Por \u00faltimo,<strong> MacKinnon<\/strong> se\u00f1al\u00f3 que est\u00e1n excluidas de participar todas las personas <em><strong>\u201cque hayan recibido una vacuna contra el SARS-COV-2 con una semana de antelaci\u00f3n, hayan pasado la enfermedad con anterioridad o tengan s\u00edntomas compatibles con Covid-19 actualmente\u201d.<\/strong><\/em><\/p>\n<p class=\"selectionShareable\"><b>N, de la R; InfoGEI<\/b>\u00a0Mg<\/p>\n","protected":false},"excerpt":{"rendered":"<div class=\"mh-excerpt\"><p>El Instituto de Investigaciones Cl\u00ednicas de Mar del Plata (IIC) probar\u00e1 en la ciudad balnearia un f\u00e1rmaco llamado molnupiravir, que\u00a0 puede suministrarse en forma oral para prevenir los casos m\u00e1s graves de coronavirus en personas <a class=\"mh-excerpt-more\" href=\"https:\/\/larevistadigital.com.ar\/blog\/buscan-voluntarios-en-mar-del-plata-para-probar-unas-pastillas-que-prevendrian-el-covid\/\" title=\"BUSCAN VOLUNTARIOS EN MAR DEL PLATA, PARA PROBAR UNAS PASTILLAS QUE PREVENDR\u00cdAN EL COVID\">[Leer M\u00e1s]<\/a><\/p>\n<\/div>","protected":false},"author":3,"featured_media":22500,"comment_status":"open","ping_status":"open","sticky":false,"template":"","format":"standard","meta":{"_jetpack_memberships_contains_paid_content":false,"footnotes":"","jetpack_publicize_message":"","jetpack_publicize_feature_enabled":true,"jetpack_social_post_already_shared":true,"jetpack_social_options":{"image_generator_settings":{"template":"highway","default_image_id":0,"font":"","enabled":false},"version":2}},"categories":[51],"tags":[],"class_list":{"0":"post-22499","1":"post","2":"type-post","3":"status-publish","4":"format-standard","5":"has-post-thumbnail","7":"category-regionales"},"jetpack_publicize_connections":[],"jetpack_featured_media_url":"https:\/\/i0.wp.com\/larevistadigital.com.ar\/blog\/wp-content\/uploads\/pastillas-cntra-covid-26-10-21.jpg?fit=880%2C512&ssl=1","jetpack_sharing_enabled":true,"jetpack_shortlink":"https:\/\/wp.me\/p8qtrQ-5QT","jetpack-related-posts":[{"id":17524,"url":"https:\/\/larevistadigital.com.ar\/blog\/ya-se-anotaron-mas-de-400-voluntarios-para-probar-la-vacuna-contra-el-covid-en-mar-del-plata\/","url_meta":{"origin":22499,"position":0},"title":"YA SE ANOTARON M\u00c1S DE 400 VOLUNTARIOS PARA PROBAR LA VACUNA CONTRA EL COVID EN  MAR DEL PLATA","author":"Alejandro Sosa Ruda","date":"9 noviembre, 2020","format":false,"excerpt":"Se trata de la dosis que est\u00e1 siendo desarrollada por el laboratorio chino CanSino. Los ensayos se realizar\u00e1n en el Instituto de Instituto de Investigaciones Cl\u00ednicas y se prev\u00e9 que inicien a principios de diciembre. MAR DEL PLATA - M\u00e1s 400 residentes de Mar del Plata\u00a0ya se postularon como voluntarios\u2026","rel":"","context":"En \u00abREGIONALES\u00bb","block_context":{"text":"REGIONALES","link":"https:\/\/larevistadigital.com.ar\/blog\/category\/regionales\/"},"img":{"alt_text":"","src":"https:\/\/i0.wp.com\/larevistadigital.com.ar\/blog\/wp-content\/uploads\/Screenshot_4-32.jpg?fit=1008%2C668&ssl=1&resize=350%2C200","width":350,"height":200,"srcset":"https:\/\/i0.wp.com\/larevistadigital.com.ar\/blog\/wp-content\/uploads\/Screenshot_4-32.jpg?fit=1008%2C668&ssl=1&resize=350%2C200 1x, https:\/\/i0.wp.com\/larevistadigital.com.ar\/blog\/wp-content\/uploads\/Screenshot_4-32.jpg?fit=1008%2C668&ssl=1&resize=525%2C300 1.5x, https:\/\/i0.wp.com\/larevistadigital.com.ar\/blog\/wp-content\/uploads\/Screenshot_4-32.jpg?fit=1008%2C668&ssl=1&resize=700%2C400 2x"},"classes":[]},{"id":17745,"url":"https:\/\/larevistadigital.com.ar\/blog\/una-persona-de-mar-del-plata-gano-el-quini-6-y-obtuvo-17-millones-de-pesos\/","url_meta":{"origin":22499,"position":1},"title":"UNA PERSONA DE MAR DEL PLATA GAN\u00d3 EL QUINI 6 Y OBTUVO 17 MILLONES DE PESOS","author":"Alejandro Sosa Ruda","date":"19 noviembre, 2020","format":false,"excerpt":"MAR DEL PLATA - Un hombre de Mar del Plata se hizo millonario de la noche a la ma\u00f1ana con el Quini 6. Apost\u00f3 a 6 n\u00fameros de este tradicional sorteo y gan\u00f3 17 millones de pesos. El ganador de la modalidad Revancha del Quini 6 escogi\u00f3 los siguientes n\u00fameros:\u2026","rel":"","context":"En \u00abREGIONALES\u00bb","block_context":{"text":"REGIONALES","link":"https:\/\/larevistadigital.com.ar\/blog\/category\/regionales\/"},"img":{"alt_text":"","src":"https:\/\/i0.wp.com\/larevistadigital.com.ar\/blog\/wp-content\/uploads\/quini-6-bolillero.jpg?fit=696%2C464&ssl=1&resize=350%2C200","width":350,"height":200,"srcset":"https:\/\/i0.wp.com\/larevistadigital.com.ar\/blog\/wp-content\/uploads\/quini-6-bolillero.jpg?fit=696%2C464&ssl=1&resize=350%2C200 1x, https:\/\/i0.wp.com\/larevistadigital.com.ar\/blog\/wp-content\/uploads\/quini-6-bolillero.jpg?fit=696%2C464&ssl=1&resize=525%2C300 1.5x"},"classes":[]},{"id":33210,"url":"https:\/\/larevistadigital.com.ar\/blog\/mar-del-plata-aumentaron-los-casos-de-covid-y-las-autoridades-insisten-con-la-vacunacion\/","url_meta":{"origin":22499,"position":2},"title":"MAR DEL PLATA: AUMENTARON LOS CASOS DE COVID Y LAS AUTORIDADES INSISTEN CON LA VACUNACI\u00d3N","author":"Alejandro Sosa Ruda","date":"1 septiembre, 2023","format":false,"excerpt":"Desde Zona Sanitaria VIII confirmaron un aumento de contagios en las \u00faltimas semanas. Admiten que ha disminuido notablemente la cantidad de marplatenses que se van a vacunar. 1\u00b0 de septiembre de 2023 MAR DEL PLATA\u00a0 -\u00a0 A pesar de que la Organizaci\u00f3n Mundial de la Salud (OMS) levant\u00f3 en mayo\u2026","rel":"","context":"En \u00abREGIONALES\u00bb","block_context":{"text":"REGIONALES","link":"https:\/\/larevistadigital.com.ar\/blog\/category\/regionales\/"},"img":{"alt_text":"","src":"https:\/\/i0.wp.com\/larevistadigital.com.ar\/blog\/wp-content\/uploads\/casos-covid-12-22-1466171.jpg?fit=1200%2C675&ssl=1&resize=350%2C200","width":350,"height":200,"srcset":"https:\/\/i0.wp.com\/larevistadigital.com.ar\/blog\/wp-content\/uploads\/casos-covid-12-22-1466171.jpg?fit=1200%2C675&ssl=1&resize=350%2C200 1x, https:\/\/i0.wp.com\/larevistadigital.com.ar\/blog\/wp-content\/uploads\/casos-covid-12-22-1466171.jpg?fit=1200%2C675&ssl=1&resize=525%2C300 1.5x, https:\/\/i0.wp.com\/larevistadigital.com.ar\/blog\/wp-content\/uploads\/casos-covid-12-22-1466171.jpg?fit=1200%2C675&ssl=1&resize=700%2C400 2x, https:\/\/i0.wp.com\/larevistadigital.com.ar\/blog\/wp-content\/uploads\/casos-covid-12-22-1466171.jpg?fit=1200%2C675&ssl=1&resize=1050%2C600 3x"},"classes":[]},{"id":20191,"url":"https:\/\/larevistadigital.com.ar\/blog\/segun-publico-el-diario-la-capital-mar-del-plata-ya-tiene-cepas-de-manaos-de-reino-unido-y-andina-las-mas-contagiosas-y-peligrosas\/","url_meta":{"origin":22499,"position":3},"title":"SEG\u00daN PUBLIC\u00d3 EL DIARIO \u00abLA CAPITAL\u00bb, MAR DEL PLATA YA TIENE CEPAS DE MANAOS, DE REINO UNIDO Y ANDINA, LAS M\u00c1S CONTAGIOSAS Y PELIGROSAS","author":"Alejandro Sosa Ruda","date":"10 mayo, 2021","format":false,"excerpt":"La preocupante noticia, fue publicada por el diario La Capital y complica a toda la regi\u00f3n, muy ligada a Mar del Plata. En la ciudad balnearia hay m\u00e1s de tres mil casos activos y a\u00fan se mantiene en Fase 3. M\u00e1s detalles MAR DEL PLATA - Existe evidencia cient\u00edfica suficiente\u2026","rel":"","context":"En \u00abREGIONALES\u00bb","block_context":{"text":"REGIONALES","link":"https:\/\/larevistadigital.com.ar\/blog\/category\/regionales\/"},"img":{"alt_text":"","src":"https:\/\/i0.wp.com\/larevistadigital.com.ar\/blog\/wp-content\/uploads\/noviembre-fin003-1024x683-1.jpg?fit=1024%2C683&ssl=1&resize=350%2C200","width":350,"height":200,"srcset":"https:\/\/i0.wp.com\/larevistadigital.com.ar\/blog\/wp-content\/uploads\/noviembre-fin003-1024x683-1.jpg?fit=1024%2C683&ssl=1&resize=350%2C200 1x, https:\/\/i0.wp.com\/larevistadigital.com.ar\/blog\/wp-content\/uploads\/noviembre-fin003-1024x683-1.jpg?fit=1024%2C683&ssl=1&resize=525%2C300 1.5x, https:\/\/i0.wp.com\/larevistadigital.com.ar\/blog\/wp-content\/uploads\/noviembre-fin003-1024x683-1.jpg?fit=1024%2C683&ssl=1&resize=700%2C400 2x"},"classes":[]},{"id":21608,"url":"https:\/\/larevistadigital.com.ar\/blog\/mar-del-plata-se-detectaron-los-dos-primeros-casos-de-la-variante-delta\/","url_meta":{"origin":22499,"position":4},"title":"MAR DEL PLATA: SE DETECTARON LOS DOS PRIMEROS CASOS DE LA VARIANTE DELTA","author":"Alejandro Sosa Ruda","date":"18 agosto, 2021","format":false,"excerpt":"Se trata de dos viajeros que llegaron provenientes de Estados Unidos. Aseguran que realizaron el aislamiento correspondiente y que ya podr\u00edan haber sido dados de alta. Descartan que la variante circule por el momento en la ciudad. MAR DEL PLATA -\u00a0 Dos viajeros que llegaron a Mar del Plata provenientes\u2026","rel":"","context":"En \u00abDESTACADAS\u00bb","block_context":{"text":"DESTACADAS","link":"https:\/\/larevistadigital.com.ar\/blog\/category\/destacadas\/"},"img":{"alt_text":"","src":"https:\/\/i0.wp.com\/larevistadigital.com.ar\/blog\/wp-content\/uploads\/Captura-de-pantalla-2021-08-18-120207.png?fit=1007%2C662&ssl=1&resize=350%2C200","width":350,"height":200,"srcset":"https:\/\/i0.wp.com\/larevistadigital.com.ar\/blog\/wp-content\/uploads\/Captura-de-pantalla-2021-08-18-120207.png?fit=1007%2C662&ssl=1&resize=350%2C200 1x, https:\/\/i0.wp.com\/larevistadigital.com.ar\/blog\/wp-content\/uploads\/Captura-de-pantalla-2021-08-18-120207.png?fit=1007%2C662&ssl=1&resize=525%2C300 1.5x, https:\/\/i0.wp.com\/larevistadigital.com.ar\/blog\/wp-content\/uploads\/Captura-de-pantalla-2021-08-18-120207.png?fit=1007%2C662&ssl=1&resize=700%2C400 2x"},"classes":[]},{"id":22846,"url":"https:\/\/larevistadigital.com.ar\/blog\/fatal-accidente-en-la-ruta-11-acceso-a-mar-del-plata\/","url_meta":{"origin":22499,"position":5},"title":"FATAL ACCIDENTE EN LA RUTA 11, ACCESO A MAR DEL PLATA","author":"Alejandro Sosa Ruda","date":"5 diciembre, 2021","format":false,"excerpt":"El conductor de un Fiat Palio, falleci\u00f3 en el siniestro que ocurri\u00f3 este domingo 5\/12 aproximadamente a las 5 de la madrugada. Sucedi\u00f3 a la altura del kil\u00f3metro 503 MAR DEL PLATA -\u00a0 El conductor de un Fiat Palio\u00a0negro falleci\u00f3 este domingo a la madrugada como consecuencia de un fuerte\u2026","rel":"","context":"En \u00abPOLICIALES\u00bb","block_context":{"text":"POLICIALES","link":"https:\/\/larevistadigital.com.ar\/blog\/category\/policiales\/"},"img":{"alt_text":"","src":"https:\/\/i0.wp.com\/larevistadigital.com.ar\/blog\/wp-content\/uploads\/Captura-de-pantalla-2021-12-05-125429.jpg?fit=1016%2C670&ssl=1&resize=350%2C200","width":350,"height":200,"srcset":"https:\/\/i0.wp.com\/larevistadigital.com.ar\/blog\/wp-content\/uploads\/Captura-de-pantalla-2021-12-05-125429.jpg?fit=1016%2C670&ssl=1&resize=350%2C200 1x, https:\/\/i0.wp.com\/larevistadigital.com.ar\/blog\/wp-content\/uploads\/Captura-de-pantalla-2021-12-05-125429.jpg?fit=1016%2C670&ssl=1&resize=525%2C300 1.5x, https:\/\/i0.wp.com\/larevistadigital.com.ar\/blog\/wp-content\/uploads\/Captura-de-pantalla-2021-12-05-125429.jpg?fit=1016%2C670&ssl=1&resize=700%2C400 2x"},"classes":[]}],"_links":{"self":[{"href":"https:\/\/larevistadigital.com.ar\/blog\/wp-json\/wp\/v2\/posts\/22499","targetHints":{"allow":["GET"]}}],"collection":[{"href":"https:\/\/larevistadigital.com.ar\/blog\/wp-json\/wp\/v2\/posts"}],"about":[{"href":"https:\/\/larevistadigital.com.ar\/blog\/wp-json\/wp\/v2\/types\/post"}],"author":[{"embeddable":true,"href":"https:\/\/larevistadigital.com.ar\/blog\/wp-json\/wp\/v2\/users\/3"}],"replies":[{"embeddable":true,"href":"https:\/\/larevistadigital.com.ar\/blog\/wp-json\/wp\/v2\/comments?post=22499"}],"version-history":[{"count":1,"href":"https:\/\/larevistadigital.com.ar\/blog\/wp-json\/wp\/v2\/posts\/22499\/revisions"}],"predecessor-version":[{"id":22501,"href":"https:\/\/larevistadigital.com.ar\/blog\/wp-json\/wp\/v2\/posts\/22499\/revisions\/22501"}],"wp:featuredmedia":[{"embeddable":true,"href":"https:\/\/larevistadigital.com.ar\/blog\/wp-json\/wp\/v2\/media\/22500"}],"wp:attachment":[{"href":"https:\/\/larevistadigital.com.ar\/blog\/wp-json\/wp\/v2\/media?parent=22499"}],"wp:term":[{"taxonomy":"category","embeddable":true,"href":"https:\/\/larevistadigital.com.ar\/blog\/wp-json\/wp\/v2\/categories?post=22499"},{"taxonomy":"post_tag","embeddable":true,"href":"https:\/\/larevistadigital.com.ar\/blog\/wp-json\/wp\/v2\/tags?post=22499"}],"curies":[{"name":"wp","href":"https:\/\/api.w.org\/{rel}","templated":true}]}}