{"id":22559,"date":"2021-11-02T03:22:12","date_gmt":"2021-11-02T03:22:12","guid":{"rendered":"https:\/\/larevistadigital.com.ar\/blog\/?p=22559"},"modified":"2021-11-02T03:22:12","modified_gmt":"2021-11-02T03:22:12","slug":"pudo-ser-tragico-se-derrumbo-el-techo-de-una-escuela-en-tranque-lauquen","status":"publish","type":"post","link":"https:\/\/larevistadigital.com.ar\/blog\/pudo-ser-tragico-se-derrumbo-el-techo-de-una-escuela-en-tranque-lauquen\/","title":{"rendered":"PUDO SER TR\u00c1GICO: SE DERRUMB\u00d3 EL TECHO DE UNA ESCUELA EN TRANQUE LAUQUEN"},"content":{"rendered":"<h2 class=\"fparrafo ctext fz18 lh25\">Afortunadamente el hecho sucedi\u00f3 el s\u00e1bado por la ma\u00f1ana cuando no hab\u00eda alumnos ni personal en las instalaciones. El hecho conmovi\u00f3 a la comunidad educativa y por ahora, al ser muy reciente, se desconocen las causas del derrumbe.<\/h2>\n<p class=\"selectionShareable\"><strong>TRENQUE LAUQUEN\u00a0 &#8211;<\/strong> Un sector del edificio del Colegio Los M\u00e9danos de Trenque Lauquen se derrumb\u00f3 y las paredes se abrieron y se partieron, afortunadamente sin heridos ni v\u00edctimas ya que ocurri\u00f3 este s\u00e1bado cerca de las 8:30 de la ma\u00f1ana.<\/p>\n<p class=\"selectionShareable\">El hecho conmovi\u00f3 a la comunidad educativa y por ahora, al ser muy reciente, se desconocen las causas del derrumbe. \u00a0Aunque una versi\u00f3n indica que las paredes y el techo podr\u00edan haber cedido tras las \u00faltimas reformas realizadas en el edificio donde se ampliaron los salones tirando abajo paredes que hicieron que la estructura general pierda sustentaci\u00f3n.<\/p>\n<blockquote>\n<h3 class=\"selectionShareable\">El lugar durante la ma\u00f1ana fue recorrido por padres, docentes y autoridades que se acercaron para conocer detalles y ponerse a disposici\u00f3n del Colegio para reconstruir el ala y resolver la continuidad escolar a partir de los pr\u00f3ximos d\u00edas.<\/h3>\n<\/blockquote>\n<p class=\"selectionShareable\">En tanto, la preocupaci\u00f3n ahora radica en otro sector del mismo edificio que tambi\u00e9n fue intervenido con reformas del mismo tipo.<\/p>\n<p class=\"selectionShareable\">Se trata de un establecimiento de ense\u00f1anza privada, sin aportes de los gobiernos nacional, provincial o municipal que imparte educaci\u00f3n preescolar, primaria y secundaria.<\/p>\n<p class=\"selectionShareable\">Por el momento las clases se suspendieron hasta el mi\u00e9rcoles cuando se retomar\u00e1n de manera virtual. (<b>InfoGEI<\/b>) Mg<\/p>\n","protected":false},"excerpt":{"rendered":"<div class=\"mh-excerpt\"><p>Afortunadamente el hecho sucedi\u00f3 el s\u00e1bado por la ma\u00f1ana cuando no hab\u00eda alumnos ni personal en las instalaciones. El hecho conmovi\u00f3 a la comunidad educativa y por ahora, al ser muy reciente, se desconocen las <a class=\"mh-excerpt-more\" href=\"https:\/\/larevistadigital.com.ar\/blog\/pudo-ser-tragico-se-derrumbo-el-techo-de-una-escuela-en-tranque-lauquen\/\" title=\"PUDO SER TR\u00c1GICO: SE DERRUMB\u00d3 EL TECHO DE UNA ESCUELA EN TRANQUE LAUQUEN\">[Leer M\u00e1s]<\/a><\/p>\n<\/div>","protected":false},"author":3,"featured_media":22560,"comment_status":"open","ping_status":"open","sticky":false,"template":"","format":"standard","meta":{"_jetpack_memberships_contains_paid_content":false,"footnotes":"","jetpack_publicize_message":"","jetpack_publicize_feature_enabled":true,"jetpack_social_post_already_shared":true,"jetpack_social_options":{"image_generator_settings":{"template":"highway","default_image_id":0,"font":"","enabled":false},"version":2}},"categories":[51],"tags":[],"class_list":{"0":"post-22559","1":"post","2":"type-post","3":"status-publish","4":"format-standard","5":"has-post-thumbnail","7":"category-regionales"},"jetpack_publicize_connections":[],"jetpack_featured_media_url":"https:\/\/i0.wp.com\/larevistadigital.com.ar\/blog\/wp-content\/uploads\/49a88a568ac6c9e9a3a14102fc57f653af3a6295.jpg?fit=880%2C512&ssl=1","jetpack_sharing_enabled":true,"jetpack_shortlink":"https:\/\/wp.me\/p8qtrQ-5RR","jetpack-related-posts":[{"id":30366,"url":"https:\/\/larevistadigital.com.ar\/blog\/trenque-lauquen-es-un-ejemplo-de-la-importancia-del-arbolado-en-dias-de-altas-temperaturas\/","url_meta":{"origin":22559,"position":0},"title":"TRENQUE LAUQUEN ES UN EJEMPLO DE LA IMPORTANCIA DEL ARBOLADO EN D\u00cdAS DE ALTAS TEMPERATURAS","author":"Alejandro Sosa Ruda","date":"3 marzo, 2023","format":false,"excerpt":"Personal de Espacios Verdes realiz\u00f3 un relevamiento en una jornada que alcanz\u00f3 los 39 grados, y dej\u00f3 al descubierto las grandes diferencias t\u00e9rmicas que existen entre una calle con buena cobertura arb\u00f3rea y otra donde casi no hay \u00e1rboles. 3 de marzo de 2023 TRENQUE LAUQUEN -\u00a0 Los beneficios del\u2026","rel":"","context":"En \u00abINTERES GENERAL\u00bb","block_context":{"text":"INTERES GENERAL","link":"https:\/\/larevistadigital.com.ar\/blog\/category\/interes-general\/"},"img":{"alt_text":"","src":"https:\/\/i0.wp.com\/larevistadigital.com.ar\/blog\/wp-content\/uploads\/20230303135942_bol.jpg?fit=880%2C512&ssl=1&resize=350%2C200","width":350,"height":200,"srcset":"https:\/\/i0.wp.com\/larevistadigital.com.ar\/blog\/wp-content\/uploads\/20230303135942_bol.jpg?fit=880%2C512&ssl=1&resize=350%2C200 1x, https:\/\/i0.wp.com\/larevistadigital.com.ar\/blog\/wp-content\/uploads\/20230303135942_bol.jpg?fit=880%2C512&ssl=1&resize=525%2C300 1.5x, https:\/\/i0.wp.com\/larevistadigital.com.ar\/blog\/wp-content\/uploads\/20230303135942_bol.jpg?fit=880%2C512&ssl=1&resize=700%2C400 2x"},"classes":[]},{"id":22789,"url":"https:\/\/larevistadigital.com.ar\/blog\/trenque-lauquen-choque-frontal-con-cinco-muertos\/","url_meta":{"origin":22559,"position":1},"title":"TRENQUE LAUQUEN: CHOQUE FRONTAL CON CINCO MUERTOS","author":"Alejandro Sosa Ruda","date":"24 noviembre, 2021","format":false,"excerpt":"Seg\u00fan fuentes policiales, las v\u00edctimas fatales son dos hombres y tres ni\u00f1os que viajaban en un Renault Cl\u00edo procedentes de la ciudad rionegrina de Bariloche y que se dirig\u00edan por la ruta nacional en sentido Buenos Aires. Cinco personas fallecieron esta ma\u00f1ana de martes cuando el autom\u00f3vil en el que\u2026","rel":"","context":"En \u00abPOLICIALES\u00bb","block_context":{"text":"POLICIALES","link":"https:\/\/larevistadigital.com.ar\/blog\/category\/policiales\/"},"img":{"alt_text":"","src":"https:\/\/i0.wp.com\/larevistadigital.com.ar\/blog\/wp-content\/uploads\/Captura-33.png?fit=992%2C506&ssl=1&resize=350%2C200","width":350,"height":200,"srcset":"https:\/\/i0.wp.com\/larevistadigital.com.ar\/blog\/wp-content\/uploads\/Captura-33.png?fit=992%2C506&ssl=1&resize=350%2C200 1x, https:\/\/i0.wp.com\/larevistadigital.com.ar\/blog\/wp-content\/uploads\/Captura-33.png?fit=992%2C506&ssl=1&resize=525%2C300 1.5x, https:\/\/i0.wp.com\/larevistadigital.com.ar\/blog\/wp-content\/uploads\/Captura-33.png?fit=992%2C506&ssl=1&resize=700%2C400 2x"},"classes":[]},{"id":30145,"url":"https:\/\/larevistadigital.com.ar\/blog\/trenque-lauquen-se-hizo-pasar-por-un-paciente-y-violo-a-una-enfermera-en-el-hospital-municipal\/","url_meta":{"origin":22559,"position":2},"title":"TRENQUE LAUQUEN: SE HIZO PASAR POR UN PACIENTE Y VIOL\u00d3 A UNA ENFERMERA EN EL HOSPITAL MUNICIPAL","author":"Alejandro Sosa Ruda","date":"14 febrero, 2023","format":false,"excerpt":"La v\u00edctima, de 36 a\u00f1os fue arrinconada por el depravado que le tap\u00f3 la boca y la redujo, para violarla en un pasillo del hospital. Luego escap\u00f3 corriendo del lugar. 14 de febrero de 2023 TRENQUE LAUQUEN -\u00a0 El lamentable hecho, ocurri\u00f3 el s\u00e1bado pasado, donde un sujeto que se\u2026","rel":"","context":"En \u00abINTERES GENERAL\u00bb","block_context":{"text":"INTERES GENERAL","link":"https:\/\/larevistadigital.com.ar\/blog\/category\/interes-general\/"},"img":{"alt_text":"","src":"https:\/\/i0.wp.com\/larevistadigital.com.ar\/blog\/wp-content\/uploads\/Hospital-1-1080x675-1.jpeg?fit=1080%2C675&ssl=1&resize=350%2C200","width":350,"height":200,"srcset":"https:\/\/i0.wp.com\/larevistadigital.com.ar\/blog\/wp-content\/uploads\/Hospital-1-1080x675-1.jpeg?fit=1080%2C675&ssl=1&resize=350%2C200 1x, https:\/\/i0.wp.com\/larevistadigital.com.ar\/blog\/wp-content\/uploads\/Hospital-1-1080x675-1.jpeg?fit=1080%2C675&ssl=1&resize=525%2C300 1.5x, https:\/\/i0.wp.com\/larevistadigital.com.ar\/blog\/wp-content\/uploads\/Hospital-1-1080x675-1.jpeg?fit=1080%2C675&ssl=1&resize=700%2C400 2x, https:\/\/i0.wp.com\/larevistadigital.com.ar\/blog\/wp-content\/uploads\/Hospital-1-1080x675-1.jpeg?fit=1080%2C675&ssl=1&resize=1050%2C600 3x"},"classes":[]},{"id":30021,"url":"https:\/\/larevistadigital.com.ar\/blog\/trenque-lauquen-la-municipalidad-llevo-a-veraz-a-vecinos-por-deudas-en-viviendas\/","url_meta":{"origin":22559,"position":3},"title":"TRENQUE LAUQUEN: LA MUNICIPALIDAD LLEV\u00d3 A VERAZ A VECINOS POR DEUDAS EN VIVIENDAS","author":"Alejandro Sosa Ruda","date":"8 febrero, 2023","format":false,"excerpt":"La administraci\u00f3n a cargo de Miguel Fern\u00e1ndez pretende recuperar el no pago de m\u00e1s de 47 millones de pesos sobre cuotas de 60 propietarios del sistema de construcci\u00f3n comunal. 8 de febrero de 2023 TRENQUE LAUQUEN - \u00a0Luego de agotar diferentes instancias conciliatorias y sin haber recibido respuesta de ning\u00fan\u2026","rel":"","context":"En \u00abINTERES GENERAL\u00bb","block_context":{"text":"INTERES GENERAL","link":"https:\/\/larevistadigital.com.ar\/blog\/category\/interes-general\/"},"img":{"alt_text":"","src":"https:\/\/i0.wp.com\/larevistadigital.com.ar\/blog\/wp-content\/uploads\/20230207180405_municipalidad-7.jpg?fit=880%2C512&ssl=1&resize=350%2C200","width":350,"height":200,"srcset":"https:\/\/i0.wp.com\/larevistadigital.com.ar\/blog\/wp-content\/uploads\/20230207180405_municipalidad-7.jpg?fit=880%2C512&ssl=1&resize=350%2C200 1x, https:\/\/i0.wp.com\/larevistadigital.com.ar\/blog\/wp-content\/uploads\/20230207180405_municipalidad-7.jpg?fit=880%2C512&ssl=1&resize=525%2C300 1.5x, https:\/\/i0.wp.com\/larevistadigital.com.ar\/blog\/wp-content\/uploads\/20230207180405_municipalidad-7.jpg?fit=880%2C512&ssl=1&resize=700%2C400 2x"},"classes":[]},{"id":30817,"url":"https:\/\/larevistadigital.com.ar\/blog\/trenque-lauquen-estaba-internado-se-robo-una-ambulancia-y-fue-atrapado-en-gral-villegas\/","url_meta":{"origin":22559,"position":4},"title":"TRENQUE LAUQUEN: ESTABA INTERNADO, SE ROB\u00d3 UNA AMBULANCIA Y FUE ATRAPADO EN GRAL. VILLEGAS","author":"Alejandro Sosa Ruda","date":"31 marzo, 2023","format":false,"excerpt":"El hombre habr\u00eda estado hospitalizado en el nosocomio, y fue en ese momento cuando tom\u00f3 la ambulancia y huy\u00f3 a bordo del veh\u00edculo. El sujeto fue identificado como Mario Fortunoff de 44 a\u00f1os, quien se encontraba internado por indicaciones psiqui\u00e1tricas, sin custodia y decidi\u00f3 externarse por su cuenta. 31 de\u2026","rel":"","context":"En \u00abPOLICIALES\u00bb","block_context":{"text":"POLICIALES","link":"https:\/\/larevistadigital.com.ar\/blog\/category\/policiales\/"},"img":{"alt_text":"","src":"https:\/\/i0.wp.com\/larevistadigital.com.ar\/blog\/wp-content\/uploads\/20230330131508_ambulan.jpg?fit=880%2C512&ssl=1&resize=350%2C200","width":350,"height":200,"srcset":"https:\/\/i0.wp.com\/larevistadigital.com.ar\/blog\/wp-content\/uploads\/20230330131508_ambulan.jpg?fit=880%2C512&ssl=1&resize=350%2C200 1x, https:\/\/i0.wp.com\/larevistadigital.com.ar\/blog\/wp-content\/uploads\/20230330131508_ambulan.jpg?fit=880%2C512&ssl=1&resize=525%2C300 1.5x, https:\/\/i0.wp.com\/larevistadigital.com.ar\/blog\/wp-content\/uploads\/20230330131508_ambulan.jpg?fit=880%2C512&ssl=1&resize=700%2C400 2x"},"classes":[]},{"id":25236,"url":"https:\/\/larevistadigital.com.ar\/blog\/tres-estafados-en-trenque-lauquen-por-la-modalidad-de-secuestro-virtual\/","url_meta":{"origin":22559,"position":5},"title":"TRES ESTAFADOS EN TRENQUE LAUQUEN POR LA MODALIDAD DE \u00abSECUESTRO VIRTUAL\u00bb","author":"Alejandro Sosa Ruda","date":"22 abril, 2022","format":false,"excerpt":"En las llamadas telef\u00f3nicas, dice la polic\u00eda, \"donde supuestamente le hablaba su hijo, manifest\u00e1ndole que estaba siendo asaltado y que lo estaban golpeando, por lo que le ped\u00eda que todo el dinero que tuviera, lo pusiera en una bolsa y lo dejara afuera de la casa\". La polic\u00eda de Trenque\u2026","rel":"","context":"En \u00abINTERES GENERAL\u00bb","block_context":{"text":"INTERES GENERAL","link":"https:\/\/larevistadigital.com.ar\/blog\/category\/interes-general\/"},"img":{"alt_text":"","src":"https:\/\/i0.wp.com\/larevistadigital.com.ar\/blog\/wp-content\/uploads\/20220421160700_cuento.jpg?fit=880%2C512&ssl=1&resize=350%2C200","width":350,"height":200,"srcset":"https:\/\/i0.wp.com\/larevistadigital.com.ar\/blog\/wp-content\/uploads\/20220421160700_cuento.jpg?fit=880%2C512&ssl=1&resize=350%2C200 1x, https:\/\/i0.wp.com\/larevistadigital.com.ar\/blog\/wp-content\/uploads\/20220421160700_cuento.jpg?fit=880%2C512&ssl=1&resize=525%2C300 1.5x, https:\/\/i0.wp.com\/larevistadigital.com.ar\/blog\/wp-content\/uploads\/20220421160700_cuento.jpg?fit=880%2C512&ssl=1&resize=700%2C400 2x"},"classes":[]}],"_links":{"self":[{"href":"https:\/\/larevistadigital.com.ar\/blog\/wp-json\/wp\/v2\/posts\/22559","targetHints":{"allow":["GET"]}}],"collection":[{"href":"https:\/\/larevistadigital.com.ar\/blog\/wp-json\/wp\/v2\/posts"}],"about":[{"href":"https:\/\/larevistadigital.com.ar\/blog\/wp-json\/wp\/v2\/types\/post"}],"author":[{"embeddable":true,"href":"https:\/\/larevistadigital.com.ar\/blog\/wp-json\/wp\/v2\/users\/3"}],"replies":[{"embeddable":true,"href":"https:\/\/larevistadigital.com.ar\/blog\/wp-json\/wp\/v2\/comments?post=22559"}],"version-history":[{"count":1,"href":"https:\/\/larevistadigital.com.ar\/blog\/wp-json\/wp\/v2\/posts\/22559\/revisions"}],"predecessor-version":[{"id":22561,"href":"https:\/\/larevistadigital.com.ar\/blog\/wp-json\/wp\/v2\/posts\/22559\/revisions\/22561"}],"wp:featuredmedia":[{"embeddable":true,"href":"https:\/\/larevistadigital.com.ar\/blog\/wp-json\/wp\/v2\/media\/22560"}],"wp:attachment":[{"href":"https:\/\/larevistadigital.com.ar\/blog\/wp-json\/wp\/v2\/media?parent=22559"}],"wp:term":[{"taxonomy":"category","embeddable":true,"href":"https:\/\/larevistadigital.com.ar\/blog\/wp-json\/wp\/v2\/categories?post=22559"},{"taxonomy":"post_tag","embeddable":true,"href":"https:\/\/larevistadigital.com.ar\/blog\/wp-json\/wp\/v2\/tags?post=22559"}],"curies":[{"name":"wp","href":"https:\/\/api.w.org\/{rel}","templated":true}]}}