{"id":22562,"date":"2021-11-02T03:28:43","date_gmt":"2021-11-02T03:28:43","guid":{"rendered":"https:\/\/larevistadigital.com.ar\/blog\/?p=22562"},"modified":"2021-11-02T03:28:43","modified_gmt":"2021-11-02T03:28:43","slug":"tandil-impactante-colision-el-lunes-y-vuelco-el-dia-domingo","status":"publish","type":"post","link":"https:\/\/larevistadigital.com.ar\/blog\/tandil-impactante-colision-el-lunes-y-vuelco-el-dia-domingo\/","title":{"rendered":"TANDIL: IMPACTANTE COLISI\u00d3N EL LUNES, Y VUELCO EL D\u00cdA DOMINGO"},"content":{"rendered":"<p><strong>TANDIL\u00a0 &#8211;\u00a0<\/strong> Este lunes, a las 7:10 de la ma\u00f1ana, se produjo una colisi\u00f3n entre un transporte perteneciente a la empresa Equimac S.A. y una Renault Duster, cuyo conductor debi\u00f3 ser hospitalizado con heridas.<\/p>\n<p>El siniestro vial ocurri\u00f3 cuando el chofer de la combi (una Fiat Iveco patente AA126CE), que trasladaba a seis trabajadores de la mencionada empresa, intent\u00f3 tomar por Magallanes, desde la Ruta 226, girando a la izquierda.<\/p>\n<p>Por la mano contraria circulaba la camioneta Duster, dominio NWY347, cuyo conductor se vio sorprendido por la maniobra de la combi y no pudo evitar el choque frontal.<\/p>\n<p>Como consecuencia del impacto, el ocupante de la Duster, un hombre de 44 a\u00f1os que circulaba solo, sufri\u00f3 politraumatismos y heridas que obligaron a su traslado al Hospital Santamarina.<\/p>\n<p>En relaci\u00f3n a los ocupantes de la combi, tres de ellos sufrieron algunos golpes y fueron trasladados por precauci\u00f3n, aunque est\u00e1n fuera de peligro.<\/p>\n<p>Intervino Bomberos, el SAME y Polic\u00eda Vial.<\/p>\n<p><strong>El domingo se produjo un vuelco, a unos 10 kil\u00f3metros de la rotonda de La Vasconia, por Ruta Provincial 74<\/strong><\/p>\n<p>Ocurri\u00f3 a unos diez kil\u00f3metros de La Vasconia y fue protagonizado por un veh\u00edculo Fiat Palio, en el que viajaba una pareja que afortunadamente no sufri\u00f3 lesiones.<\/p>\n<p>Cerca del mediod\u00eda del domingo, se produjo un vuelco, a unos 10 kil\u00f3metros de la rotonda de La Vasconia, por Ruta Provincial 74, cuando la conductora de un autom\u00f3vil Fiat Palio, dominio LLN 745, Gabriela Silvina De Souza (53) oriunda de Tandil, perdi\u00f3 el control del veh\u00edculo y tras despistarse, termin\u00f3 volcado sobre la banquina.<\/p>\n<p>El veh\u00edculo se desplazaba por Ruta 74 en direcci\u00f3n a Ayacucho, y tanto De Souza, como quien la acompa\u00f1aba Jos\u00e9 Pablo Avalos (64), no sufrieron lesiones.<\/p>\n<p>Intervino personal de Seguridad Vial, y no se saben las causas del despiste.<\/p>\n<p><img loading=\"lazy\" decoding=\"async\" class=\"alignnone size-full wp-image-100510\" src=\"https:\/\/i2.wp.com\/ayacuchoaldia.com.ar\/wp-content\/uploads\/2021\/11\/vuelco74ruta1-30-10-2021.jpg?resize=800%2C533&amp;ssl=1\" alt=\"\" width=\"678\" height=\"452\" data-attachment-id=\"100510\" data-permalink=\"https:\/\/ayacuchoaldia.com.ar\/tandil-importante-colision-este-lunes-y-un-vuelco-el-dia-domingo\/vuelco74ruta1-30-10-2021\/\" data-orig-file=\"https:\/\/i2.wp.com\/ayacuchoaldia.com.ar\/wp-content\/uploads\/2021\/11\/vuelco74ruta1-30-10-2021.jpg?fit=800%2C533&amp;ssl=1\" data-orig-size=\"800,533\" data-comments-opened=\"1\" data-image-meta=\"{&quot;aperture&quot;:&quot;0&quot;,&quot;credit&quot;:&quot;&quot;,&quot;camera&quot;:&quot;&quot;,&quot;caption&quot;:&quot;&quot;,&quot;created_timestamp&quot;:&quot;0&quot;,&quot;copyright&quot;:&quot;&quot;,&quot;focal_length&quot;:&quot;0&quot;,&quot;iso&quot;:&quot;0&quot;,&quot;shutter_speed&quot;:&quot;0&quot;,&quot;title&quot;:&quot;&quot;,&quot;orientation&quot;:&quot;1&quot;}\" data-image-title=\"vuelco74ruta1 30 10 2021\" data-image-description=\"\" data-image-caption=\"\" data-medium-file=\"https:\/\/i2.wp.com\/ayacuchoaldia.com.ar\/wp-content\/uploads\/2021\/11\/vuelco74ruta1-30-10-2021.jpg?fit=800%2C533&amp;ssl=1\" data-large-file=\"https:\/\/i2.wp.com\/ayacuchoaldia.com.ar\/wp-content\/uploads\/2021\/11\/vuelco74ruta1-30-10-2021.jpg?fit=800%2C533&amp;ssl=1\" \/><\/p>\n<p>N. de la R; fuente ABC HOY \/ Tandil.<\/p>\n","protected":false},"excerpt":{"rendered":"<div class=\"mh-excerpt\"><p>TANDIL\u00a0 &#8211;\u00a0 Este lunes, a las 7:10 de la ma\u00f1ana, se produjo una colisi\u00f3n entre un transporte perteneciente a la empresa Equimac S.A. y una Renault Duster, cuyo conductor debi\u00f3 ser hospitalizado con heridas. El <a class=\"mh-excerpt-more\" href=\"https:\/\/larevistadigital.com.ar\/blog\/tandil-impactante-colision-el-lunes-y-vuelco-el-dia-domingo\/\" title=\"TANDIL: IMPACTANTE COLISI\u00d3N EL LUNES, Y VUELCO EL D\u00cdA DOMINGO\">[Leer M\u00e1s]<\/a><\/p>\n<\/div>","protected":false},"author":3,"featured_media":22563,"comment_status":"open","ping_status":"open","sticky":false,"template":"","format":"standard","meta":{"_jetpack_memberships_contains_paid_content":false,"footnotes":"","jetpack_publicize_message":"","jetpack_publicize_feature_enabled":true,"jetpack_social_post_already_shared":true,"jetpack_social_options":{"image_generator_settings":{"template":"highway","default_image_id":0,"font":"","enabled":false},"version":2}},"categories":[44,51],"tags":[],"class_list":{"0":"post-22562","1":"post","2":"type-post","3":"status-publish","4":"format-standard","5":"has-post-thumbnail","7":"category-policiales","8":"category-regionales"},"jetpack_publicize_connections":[],"jetpack_featured_media_url":"https:\/\/i0.wp.com\/larevistadigital.com.ar\/blog\/wp-content\/uploads\/choque-tandil-1-11-2021.jpg?fit=800%2C530&ssl=1","jetpack_sharing_enabled":true,"jetpack_shortlink":"https:\/\/wp.me\/p8qtrQ-5RU","jetpack-related-posts":[{"id":18792,"url":"https:\/\/larevistadigital.com.ar\/blog\/muere-un-menor-al-chocar-un-micro-y-un-auto-en-la-ruta-30\/","url_meta":{"origin":22562,"position":0},"title":"MUERE UN MENOR AL CHOCAR UN MICRO Y UN AUTO EN LA RUTA 30","author":"Alejandro Sosa Ruda","date":"9 febrero, 2021","format":false,"excerpt":"El tr\u00e1gico accidente, ocurri\u00f3 cuando un micro de la empresa Plusmar que se dirig\u00eda a la ciudad de Buenos Aires, procedente de Tandil colision\u00f3 violentamente contra un autom\u00f3vil se cruz\u00f3 de carril, provocando el desgraciado siniestro. Sucedi\u00f3 a la altura del kil\u00f3metro 162 en proximidades de la estancia \u201cSan Juan\u201d.\u2026","rel":"","context":"En \u00abPOLICIALES\u00bb","block_context":{"text":"POLICIALES","link":"https:\/\/larevistadigital.com.ar\/blog\/category\/policiales\/"},"img":{"alt_text":"","src":"https:\/\/i0.wp.com\/larevistadigital.com.ar\/blog\/wp-content\/uploads\/Captura-5.png?fit=1133%2C614&ssl=1&resize=350%2C200","width":350,"height":200,"srcset":"https:\/\/i0.wp.com\/larevistadigital.com.ar\/blog\/wp-content\/uploads\/Captura-5.png?fit=1133%2C614&ssl=1&resize=350%2C200 1x, https:\/\/i0.wp.com\/larevistadigital.com.ar\/blog\/wp-content\/uploads\/Captura-5.png?fit=1133%2C614&ssl=1&resize=525%2C300 1.5x, https:\/\/i0.wp.com\/larevistadigital.com.ar\/blog\/wp-content\/uploads\/Captura-5.png?fit=1133%2C614&ssl=1&resize=700%2C400 2x, https:\/\/i0.wp.com\/larevistadigital.com.ar\/blog\/wp-content\/uploads\/Captura-5.png?fit=1133%2C614&ssl=1&resize=1050%2C600 3x"},"classes":[]},{"id":40581,"url":"https:\/\/larevistadigital.com.ar\/blog\/tragedia-en-la-ruta-226-un-joven-de-21-anos-murio-en-un-brutal-choque-triple\/","url_meta":{"origin":22562,"position":1},"title":"Tragedia en la Ruta 226: un joven de 21 a\u00f1os muri\u00f3 en un brutal choque triple","author":"Alejandro Sosa Ruda","date":"21 julio, 2025","format":false,"excerpt":"El siniestro ocurri\u00f3 en la madrugada del domingo en Tandil. Dos camionetas y un auto se vieron involucrados. La v\u00edctima fatal fue identificada como un joven conductor tandilense. 21 de Julio de 2025 TANDIL -\u00a0 Un tr\u00e1gico accidente vial conmocion\u00f3 a la ciudad de Tandil en la madrugada del domingo.\u2026","rel":"","context":"En \u00abPOLICIALES\u00bb","block_context":{"text":"POLICIALES","link":"https:\/\/larevistadigital.com.ar\/blog\/category\/policiales\/"},"img":{"alt_text":"","src":"https:\/\/i0.wp.com\/larevistadigital.com.ar\/blog\/wp-content\/uploads\/92b7e938d1a1a062faf5f89dce662f6a0d80fa83.jpg?fit=1140%2C563&ssl=1&resize=350%2C200","width":350,"height":200,"srcset":"https:\/\/i0.wp.com\/larevistadigital.com.ar\/blog\/wp-content\/uploads\/92b7e938d1a1a062faf5f89dce662f6a0d80fa83.jpg?fit=1140%2C563&ssl=1&resize=350%2C200 1x, https:\/\/i0.wp.com\/larevistadigital.com.ar\/blog\/wp-content\/uploads\/92b7e938d1a1a062faf5f89dce662f6a0d80fa83.jpg?fit=1140%2C563&ssl=1&resize=525%2C300 1.5x, https:\/\/i0.wp.com\/larevistadigital.com.ar\/blog\/wp-content\/uploads\/92b7e938d1a1a062faf5f89dce662f6a0d80fa83.jpg?fit=1140%2C563&ssl=1&resize=700%2C400 2x, https:\/\/i0.wp.com\/larevistadigital.com.ar\/blog\/wp-content\/uploads\/92b7e938d1a1a062faf5f89dce662f6a0d80fa83.jpg?fit=1140%2C563&ssl=1&resize=1050%2C600 3x"},"classes":[]},{"id":44105,"url":"https:\/\/larevistadigital.com.ar\/blog\/balcarce-atropellaron-a-un-nene-y-el-conductor-escapo-sin-asistirlo\/","url_meta":{"origin":22562,"position":2},"title":"Balcarce: atropellaron a un nene y el conductor escap\u00f3 sin asistirlo","author":"Alejandro Sosa Ruda","date":"22 febrero, 2026","format":false,"excerpt":"El hecho ocurri\u00f3 en 21 y Caseros. El menor fue derivado a Mar del Plata por la gravedad de las lesiones. Buscan al automovilista, que habr\u00eda huido en una Renault Duster. Un menor de edad fue embestido por un veh\u00edculo en la intersecci\u00f3n de calle 21 y Caseros, en Balcarce,\u2026","rel":"","context":"En \u00abPOLICIALES\u00bb","block_context":{"text":"POLICIALES","link":"https:\/\/larevistadigital.com.ar\/blog\/category\/policiales\/"},"img":{"alt_text":"","src":"https:\/\/i0.wp.com\/larevistadigital.com.ar\/blog\/wp-content\/uploads\/Captura-de-pantalla-2026-02-22-175424.jpg?fit=780%2C482&ssl=1&resize=350%2C200","width":350,"height":200,"srcset":"https:\/\/i0.wp.com\/larevistadigital.com.ar\/blog\/wp-content\/uploads\/Captura-de-pantalla-2026-02-22-175424.jpg?fit=780%2C482&ssl=1&resize=350%2C200 1x, https:\/\/i0.wp.com\/larevistadigital.com.ar\/blog\/wp-content\/uploads\/Captura-de-pantalla-2026-02-22-175424.jpg?fit=780%2C482&ssl=1&resize=525%2C300 1.5x, https:\/\/i0.wp.com\/larevistadigital.com.ar\/blog\/wp-content\/uploads\/Captura-de-pantalla-2026-02-22-175424.jpg?fit=780%2C482&ssl=1&resize=700%2C400 2x"},"classes":[]},{"id":36504,"url":"https:\/\/larevistadigital.com.ar\/blog\/dolores-choque-entre-un-camion-y-una-combi\/","url_meta":{"origin":22562,"position":3},"title":"DOLORES: CHOQUE ENTRE UN CAMI\u00d3N Y UNA COMBI","author":"Alejandro Sosa Ruda","date":"1 julio, 2024","format":false,"excerpt":"Fue un choque de los denominados \"por alcance\". 01 de Julio de 2024 DOLORES -\u00a0 \u00a0Un cami\u00f3n y una combi, protagonizaron una fuerte colisi\u00f3n, seg\u00fan pudo saberse fue de los que se denominan \"por alcance\", es decir que un veh\u00edculo choca a otro por detr\u00e1s. El siniestro, ocurri\u00f3 a la\u2026","rel":"","context":"En \u00abPOLICIALES\u00bb","block_context":{"text":"POLICIALES","link":"https:\/\/larevistadigital.com.ar\/blog\/category\/policiales\/"},"img":{"alt_text":"","src":"https:\/\/i0.wp.com\/larevistadigital.com.ar\/blog\/wp-content\/uploads\/50d955ea53f5678b4195cbf54dbf369a90a96842.jpg?fit=1140%2C858&ssl=1&resize=350%2C200","width":350,"height":200,"srcset":"https:\/\/i0.wp.com\/larevistadigital.com.ar\/blog\/wp-content\/uploads\/50d955ea53f5678b4195cbf54dbf369a90a96842.jpg?fit=1140%2C858&ssl=1&resize=350%2C200 1x, https:\/\/i0.wp.com\/larevistadigital.com.ar\/blog\/wp-content\/uploads\/50d955ea53f5678b4195cbf54dbf369a90a96842.jpg?fit=1140%2C858&ssl=1&resize=525%2C300 1.5x, https:\/\/i0.wp.com\/larevistadigital.com.ar\/blog\/wp-content\/uploads\/50d955ea53f5678b4195cbf54dbf369a90a96842.jpg?fit=1140%2C858&ssl=1&resize=700%2C400 2x, https:\/\/i0.wp.com\/larevistadigital.com.ar\/blog\/wp-content\/uploads\/50d955ea53f5678b4195cbf54dbf369a90a96842.jpg?fit=1140%2C858&ssl=1&resize=1050%2C600 3x"},"classes":[]},{"id":22891,"url":"https:\/\/larevistadigital.com.ar\/blog\/tandil-desplazan-a-funcionario-que-atropello-mato-a-un-joven-y-se-fugo\/","url_meta":{"origin":22562,"position":4},"title":"TANDIL: DESPLAZAN A FUNCIONARIO QUE ATROPELL\u00d3, MAT\u00d3 A UN JOVEN Y SE FUGO","author":"Alejandro Sosa Ruda","date":"8 diciembre, 2021","format":false,"excerpt":"Se trata del hasta ahora director de Espacios Verdes P\u00fablicos, Luciano Jaureguiber. La v\u00edctima ten\u00eda 19 a\u00f1os. TANDIL -\u00a0 La municipalidad de Tandil inform\u00f3 que fue desplazado de su cargo el director de Espacios Verdes P\u00fablicos, Luciano Jaureguiber, luego de que se conociera que\u00a0se dio a la fuga tras atropellar\u2026","rel":"","context":"En \u00abINTERES GENERAL\u00bb","block_context":{"text":"INTERES GENERAL","link":"https:\/\/larevistadigital.com.ar\/blog\/category\/interes-general\/"},"img":{"alt_text":"","src":"https:\/\/i0.wp.com\/larevistadigital.com.ar\/blog\/wp-content\/uploads\/9d331ecdf10d7ed76b389b577e482c09dba48d55.jpeg?fit=1140%2C641&ssl=1&resize=350%2C200","width":350,"height":200,"srcset":"https:\/\/i0.wp.com\/larevistadigital.com.ar\/blog\/wp-content\/uploads\/9d331ecdf10d7ed76b389b577e482c09dba48d55.jpeg?fit=1140%2C641&ssl=1&resize=350%2C200 1x, https:\/\/i0.wp.com\/larevistadigital.com.ar\/blog\/wp-content\/uploads\/9d331ecdf10d7ed76b389b577e482c09dba48d55.jpeg?fit=1140%2C641&ssl=1&resize=525%2C300 1.5x, https:\/\/i0.wp.com\/larevistadigital.com.ar\/blog\/wp-content\/uploads\/9d331ecdf10d7ed76b389b577e482c09dba48d55.jpeg?fit=1140%2C641&ssl=1&resize=700%2C400 2x, https:\/\/i0.wp.com\/larevistadigital.com.ar\/blog\/wp-content\/uploads\/9d331ecdf10d7ed76b389b577e482c09dba48d55.jpeg?fit=1140%2C641&ssl=1&resize=1050%2C600 3x"},"classes":[]},{"id":46956,"url":"https:\/\/larevistadigital.com.ar\/blog\/choque-en-la-ruta-226-dos-camiones-colisionaron-y-un-auto-termino-volcado\/","url_meta":{"origin":22562,"position":5},"title":"Choque en la Ruta 226: dos camiones colisionaron y un auto termin\u00f3 volcado","author":"Alejandro Sosa Ruda","date":"17 agosto, 2026","format":false,"excerpt":"El siniestro ocurri\u00f3 durante la madrugada, a la altura del kil\u00f3metro 14, cerca del ingreso al Museo Jos\u00e9 Hern\u00e1ndez. Los conductores de ambos transportes resultaron ilesos. 17 de agosto de 2026 BUENOS AIRES\u00a0 -\u00a0 \u00a0Un importante accidente se registr\u00f3 durante la madrugada de este lunes en la Ruta 226, donde\u2026","rel":"","context":"En \u00abPOLICIALES\u00bb","block_context":{"text":"POLICIALES","link":"https:\/\/larevistadigital.com.ar\/blog\/category\/policiales\/"},"img":{"alt_text":"","src":"https:\/\/i0.wp.com\/larevistadigital.com.ar\/blog\/wp-content\/uploads\/Captura-de-pantalla-2026-08-17-123953.jpg?fit=796%2C446&ssl=1&resize=350%2C200","width":350,"height":200,"srcset":"https:\/\/i0.wp.com\/larevistadigital.com.ar\/blog\/wp-content\/uploads\/Captura-de-pantalla-2026-08-17-123953.jpg?fit=796%2C446&ssl=1&resize=350%2C200 1x, https:\/\/i0.wp.com\/larevistadigital.com.ar\/blog\/wp-content\/uploads\/Captura-de-pantalla-2026-08-17-123953.jpg?fit=796%2C446&ssl=1&resize=525%2C300 1.5x, https:\/\/i0.wp.com\/larevistadigital.com.ar\/blog\/wp-content\/uploads\/Captura-de-pantalla-2026-08-17-123953.jpg?fit=796%2C446&ssl=1&resize=700%2C400 2x"},"classes":[]}],"_links":{"self":[{"href":"https:\/\/larevistadigital.com.ar\/blog\/wp-json\/wp\/v2\/posts\/22562","targetHints":{"allow":["GET"]}}],"collection":[{"href":"https:\/\/larevistadigital.com.ar\/blog\/wp-json\/wp\/v2\/posts"}],"about":[{"href":"https:\/\/larevistadigital.com.ar\/blog\/wp-json\/wp\/v2\/types\/post"}],"author":[{"embeddable":true,"href":"https:\/\/larevistadigital.com.ar\/blog\/wp-json\/wp\/v2\/users\/3"}],"replies":[{"embeddable":true,"href":"https:\/\/larevistadigital.com.ar\/blog\/wp-json\/wp\/v2\/comments?post=22562"}],"version-history":[{"count":1,"href":"https:\/\/larevistadigital.com.ar\/blog\/wp-json\/wp\/v2\/posts\/22562\/revisions"}],"predecessor-version":[{"id":22564,"href":"https:\/\/larevistadigital.com.ar\/blog\/wp-json\/wp\/v2\/posts\/22562\/revisions\/22564"}],"wp:featuredmedia":[{"embeddable":true,"href":"https:\/\/larevistadigital.com.ar\/blog\/wp-json\/wp\/v2\/media\/22563"}],"wp:attachment":[{"href":"https:\/\/larevistadigital.com.ar\/blog\/wp-json\/wp\/v2\/media?parent=22562"}],"wp:term":[{"taxonomy":"category","embeddable":true,"href":"https:\/\/larevistadigital.com.ar\/blog\/wp-json\/wp\/v2\/categories?post=22562"},{"taxonomy":"post_tag","embeddable":true,"href":"https:\/\/larevistadigital.com.ar\/blog\/wp-json\/wp\/v2\/tags?post=22562"}],"curies":[{"name":"wp","href":"https:\/\/api.w.org\/{rel}","templated":true}]}}