{"id":2259,"date":"2017-05-09T14:55:52","date_gmt":"2017-05-09T14:55:52","guid":{"rendered":"https:\/\/larevistadigital.com.ar\/blog\/?p=2259"},"modified":"2017-05-09T14:55:52","modified_gmt":"2017-05-09T14:55:52","slug":"vergonzoso-estado-de-la-bandera-al-frente-del-banco-nacion","status":"publish","type":"post","link":"https:\/\/larevistadigital.com.ar\/blog\/vergonzoso-estado-de-la-bandera-al-frente-del-banco-nacion\/","title":{"rendered":"VERGONZOSO ESTADO DE LA BANDERA AL FRENTE DEL BANCO NACI\u00d3N"},"content":{"rendered":"<h2><strong><em>Pese a que hace m\u00e1s de un mes un ciudadano don\u00f3 una nueva, las autoridades del banco, nada han hecho al respecto.<\/em><\/strong><\/h2>\n<p>A veces en esta profesi\u00f3n que nos coloca en el lugar de informar, opinar y analizar los hechos de la realidad y aconteceres diarios en nuestra ciudad y en el mundo, nos toca poner la lupa en algunas cosas que realmente nos resultan dif\u00edciles de entender, encontrando como explicaci\u00f3n a estas actitudes como una simple dejadez, rayana con la falta de respeto.<\/p>\n<p>Tal es el caso de las autoridades de la sede del Banco Naci\u00f3n de la ciudad de Chascom\u00fas, las que parecer\u00eda \u00a0que dentro de sus funciones o preocupaciones no se encuentra el respeto por los s\u00edmbolos patrios, o por lo menos, no muestran el m\u00e1s m\u00ednimo inter\u00e9s en los mismos. O en el caso de estar complicados por alguna norma burocr\u00e1tica, nada se hace por cambiarla.<\/p>\n<p>Para quienes no est\u00e1n en tema, nos estamos refiriendo al pabell\u00f3n que corona el frente del edificio de calle Mitre.<\/p>\n<blockquote>\n<h3>El d\u00eda 31 de marzo pasado, un ex combatiente de Malvinas se acerc\u00f3 a la FM 101.5 \u201cLa Radio\u201d en donde llev\u00f3 una bandera argentina en calidad de donaci\u00f3n al Banco Naci\u00f3n, pidiendo mantener su nombre en reserva, porque como dijo en esa oportunidad, <strong><em>\u201cno quiero ning\u00fan tipo de reconocimiento ni nada, solo lo hago de coraz\u00f3n\u201d<\/em><\/strong>.<\/h3>\n<\/blockquote>\n<p>Ese mismo d\u00eda, los conductores de \u201cAM Show\u201d (programa de la ma\u00f1ana de la radio) se hicieron presentes en el banco e hicieron entrega al sub gerente de la entidad, Juan Ignacio Lozano, \u00a0de la bandera donada por nuestro an\u00f3nimo amigo, y el mismo, adem\u00e1s de agradecer el gesto, hizo una especie de mea-culpa por haber descuidado el pabell\u00f3n del frente, aunque los periodistas aclararon que no hab\u00eda intenci\u00f3n de cr\u00edtica, sino que solamente era un gesto desinteresado de un ciudadano. (Ver nota <a href=\"https:\/\/larevistadigital.com.ar\/blog\/ex-combatiente-de-malvinas-dono-bandera-al-banco-nacion-de-chascomus\/\">https:\/\/larevistadigital.com.ar\/blog\/ex-combatiente-de-malvinas-dono-bandera-al-banco-nacion-de-chascomus\/<\/a>)<\/p>\n<p><a href=\"https:\/\/i0.wp.com\/larevistadigital.com.ar\/blog\/wp-content\/uploads\/2017\/05\/WhatsApp-Image-2017-03-31-at-15.15.28.jpeg?ssl=1\"><img data-recalc-dims=\"1\" loading=\"lazy\" decoding=\"async\" class=\"size-full wp-image-2261 aligncenter\" src=\"https:\/\/i0.wp.com\/larevistadigital.com.ar\/blog\/wp-content\/uploads\/2017\/05\/WhatsApp-Image-2017-03-31-at-15.15.28.jpeg?resize=678%2C509&#038;ssl=1\" alt=\"\" width=\"678\" height=\"509\" srcset=\"https:\/\/i0.wp.com\/larevistadigital.com.ar\/blog\/wp-content\/uploads\/2017\/05\/WhatsApp-Image-2017-03-31-at-15.15.28.jpeg?w=678&amp;ssl=1 678w, https:\/\/i0.wp.com\/larevistadigital.com.ar\/blog\/wp-content\/uploads\/2017\/05\/WhatsApp-Image-2017-03-31-at-15.15.28.jpeg?resize=300%2C225&amp;ssl=1 300w, https:\/\/i0.wp.com\/larevistadigital.com.ar\/blog\/wp-content\/uploads\/2017\/05\/WhatsApp-Image-2017-03-31-at-15.15.28.jpeg?resize=326%2C245&amp;ssl=1 326w, https:\/\/i0.wp.com\/larevistadigital.com.ar\/blog\/wp-content\/uploads\/2017\/05\/WhatsApp-Image-2017-03-31-at-15.15.28.jpeg?resize=80%2C60&amp;ssl=1 80w\" sizes=\"auto, (max-width: 678px) 100vw, 678px\" \/><\/a><\/p>\n<p>Hasta ac\u00e1, todo perfecto. Pero los d\u00edas pasaron, y nada se hizo al respecto, ya que uno segu\u00eda viendo en el frente del edificio la lastimosa imagen de una bandera que ya no supera el tama\u00f1o de un repasador, por las l\u00f3gicas inclemencias de permanecer a la intemperie quien sabe desde hace cuanto tiempo. Por eso, el hombre que hab\u00eda donado la nueva bandera, se puso en contacto con nosotros, ocho d\u00edas despu\u00e9s, preocupado e inclusive preguntando si la bandera hab\u00eda sido entregada a las autoridades del Banco, ya que a\u00fan se ve\u00eda que no se hab\u00eda realizado el cambio por la que estaba destruida y a\u00fan flameaba al frente de la instituci\u00f3n. Inclusive, el hombre dijo que seguramente habr\u00eda alg\u00fan protocolo que cumplir, pero que de todas formas le extra\u00f1aba que tarde tanto.<\/p>\n<p>Hoy, a m\u00e1s de un mes del noble gesto de un ciudadano que adem\u00e1s cuenta con el honor de haber sido combatiente en la guerra de Malvinas, lamentablemente la situaci\u00f3n no ha cambiado en nada, y hasta suponemos (aunque esperamos equivocarnos) que las autoridades han olvidado el tema, ya que no habr\u00eda motivo para no efectuar el cambio adrede.<\/p>\n<p><a href=\"https:\/\/i0.wp.com\/larevistadigital.com.ar\/blog\/wp-content\/uploads\/2017\/05\/WhatsApp-Image-2017-04-08-at-13.07.22-4.jpeg?ssl=1\"><img data-recalc-dims=\"1\" loading=\"lazy\" decoding=\"async\" class=\"alignnone size-full wp-image-2262\" src=\"https:\/\/i0.wp.com\/larevistadigital.com.ar\/blog\/wp-content\/uploads\/2017\/05\/WhatsApp-Image-2017-04-08-at-13.07.22-4.jpeg?resize=864%2C1152&#038;ssl=1\" alt=\"\" width=\"864\" height=\"1152\" srcset=\"https:\/\/i0.wp.com\/larevistadigital.com.ar\/blog\/wp-content\/uploads\/2017\/05\/WhatsApp-Image-2017-04-08-at-13.07.22-4.jpeg?w=864&amp;ssl=1 864w, https:\/\/i0.wp.com\/larevistadigital.com.ar\/blog\/wp-content\/uploads\/2017\/05\/WhatsApp-Image-2017-04-08-at-13.07.22-4.jpeg?resize=225%2C300&amp;ssl=1 225w, https:\/\/i0.wp.com\/larevistadigital.com.ar\/blog\/wp-content\/uploads\/2017\/05\/WhatsApp-Image-2017-04-08-at-13.07.22-4.jpeg?resize=768%2C1024&amp;ssl=1 768w\" sizes=\"auto, (max-width: 864px) 100vw, 864px\" \/><\/a><\/p>\n<p>Es por eso que cuando ayer, por casualidad nos cruzamos con quien hizo la donaci\u00f3n, el hombre se mostr\u00f3 entre decepcionado y dolido, ya que no comprende el porqu\u00e9 no se le dio importancia a su gesto, en lo que parecer\u00eda ser una actitud totalmente desaprensiva de los responsables del banco, que no solo no han efectuado el cambio, sino que si hay alguna norma o reglamento que cumplir, bien podr\u00eda acelerarse un poco, o simplemente cambiarlo y luego hacer los \u201cdeberes\u201d correspondientes.<\/p>\n<blockquote>\n<h3>Solo queda preguntarnos: \u00bfNo es importante la imagen que brinda el pabell\u00f3n nacional en el frente del edificio?&#8230; \u00bfTan complicado es que a m\u00e1s de un mes de recibida la bandera nueva a\u00fan no se ha cambiado? \u00bfLes habr\u00e1 molestado la donaci\u00f3n de alguien que puso en evidencia la falta de atenci\u00f3n de estos detalles? \u00bfO ser\u00e1 que esto es una desidiosa forma de actuar de quienes son responsables de estas cosas ya que para ser francos, nunca se debi\u00f3 haber llegado a tener en el frente de un edificio, una bandera en esas condiciones?<\/h3>\n<\/blockquote>\n<p>Nosotros no tenemos la respuesta, lo que nos parece es que ya ser\u00eda hora de que hagan algo. Al fin de cuentas\u2026no es tan complicado.<\/p>\n<p>&nbsp;<\/p>\n","protected":false},"excerpt":{"rendered":"<div class=\"mh-excerpt\"><p>Pese a que hace m\u00e1s de un mes un ciudadano don\u00f3 una nueva, las autoridades del banco, nada han hecho al respecto. A veces en esta profesi\u00f3n que nos coloca en el lugar de informar, <a class=\"mh-excerpt-more\" href=\"https:\/\/larevistadigital.com.ar\/blog\/vergonzoso-estado-de-la-bandera-al-frente-del-banco-nacion\/\" title=\"VERGONZOSO ESTADO DE LA BANDERA AL FRENTE DEL BANCO NACI\u00d3N\">[Leer M\u00e1s]<\/a><\/p>\n<\/div>","protected":false},"author":3,"featured_media":2260,"comment_status":"open","ping_status":"open","sticky":false,"template":"","format":"standard","meta":{"_jetpack_memberships_contains_paid_content":false,"footnotes":"","jetpack_publicize_message":"","jetpack_publicize_feature_enabled":true,"jetpack_social_post_already_shared":true,"jetpack_social_options":{"image_generator_settings":{"template":"highway","default_image_id":0,"font":"","enabled":false},"version":2}},"categories":[6,41,29],"tags":[],"class_list":{"0":"post-2259","1":"post","2":"type-post","3":"status-publish","4":"format-standard","5":"has-post-thumbnail","7":"category-chascomus","8":"category-destacadas","9":"category-sociedad"},"jetpack_publicize_connections":[],"jetpack_featured_media_url":"https:\/\/i0.wp.com\/larevistadigital.com.ar\/blog\/wp-content\/uploads\/2017\/05\/WhatsApp-Image-2017-04-08-at-13.07.22-1.jpeg?fit=678%2C381&ssl=1","jetpack_sharing_enabled":true,"jetpack_shortlink":"https:\/\/wp.me\/p8qtrQ-Ar","jetpack-related-posts":[{"id":1753,"url":"https:\/\/larevistadigital.com.ar\/blog\/ex-combatiente-de-malvinas-dono-bandera-al-banco-nacion-de-chascomus\/","url_meta":{"origin":2259,"position":0},"title":"EX COMBATIENTE DE MALVINAS DON\u00d3 BANDERA AL BANCO NACI\u00d3N DE CHASCOMUS","author":"Alejandro Sosa Ruda","date":"31 marzo, 2017","format":false,"excerpt":"Un ex combatiente de Malvinas, que pidi\u00f3 expresamente mantener el anonimato, don\u00f3 una bandera al Banco Naci\u00f3n de Chascom\u00fas por el evidente mal estado de la que flamea en el m\u00e1stil de la instituci\u00f3n. El hombre, que pidi\u00f3 no difundir su nombre, se present\u00f3 en la FM La Radio 101,5\u00a0\u2026","rel":"","context":"En \u00abCHASCOM\u00daS\u00bb","block_context":{"text":"CHASCOM\u00daS","link":"https:\/\/larevistadigital.com.ar\/blog\/category\/chascomus\/"},"img":{"alt_text":"","src":"https:\/\/i0.wp.com\/larevistadigital.com.ar\/blog\/wp-content\/uploads\/2017\/03\/WhatsApp-Image-2017-03-31-at-15.27.32.jpeg?fit=1200%2C900&ssl=1&resize=350%2C200","width":350,"height":200,"srcset":"https:\/\/i0.wp.com\/larevistadigital.com.ar\/blog\/wp-content\/uploads\/2017\/03\/WhatsApp-Image-2017-03-31-at-15.27.32.jpeg?fit=1200%2C900&ssl=1&resize=350%2C200 1x, https:\/\/i0.wp.com\/larevistadigital.com.ar\/blog\/wp-content\/uploads\/2017\/03\/WhatsApp-Image-2017-03-31-at-15.27.32.jpeg?fit=1200%2C900&ssl=1&resize=525%2C300 1.5x, https:\/\/i0.wp.com\/larevistadigital.com.ar\/blog\/wp-content\/uploads\/2017\/03\/WhatsApp-Image-2017-03-31-at-15.27.32.jpeg?fit=1200%2C900&ssl=1&resize=700%2C400 2x, https:\/\/i0.wp.com\/larevistadigital.com.ar\/blog\/wp-content\/uploads\/2017\/03\/WhatsApp-Image-2017-03-31-at-15.27.32.jpeg?fit=1200%2C900&ssl=1&resize=1050%2C600 3x"},"classes":[]},{"id":32744,"url":"https:\/\/larevistadigital.com.ar\/blog\/chascomus-clientes-indignados-porque-el-banco-nacion-no-abrio-sus-puertas-en-tiempo-y-forma-dejandolos-afuera-por-mas-de-una-hora-y-sin-dar-explicaciones\/","url_meta":{"origin":2259,"position":1},"title":"CHASCOM\u00daS: CLIENTES INDIGNADOS PORQUE EL BANCO NACI\u00d3N NO ABRI\u00d3 SUS PUERTAS EN TIEMPO Y FORMA, DEJANDOLOS AFUERA POR M\u00c1S DE UNA HORA Y SIN DAR EXPLICACIONES.","author":"Alejandro Sosa Ruda","date":"3 agosto, 2023","format":false,"excerpt":"La gente se enter\u00f3 por personal de limpieza y no fue contenida por nadie. El argumento fue que no hab\u00eda sistema y una p\u00e9rdida de agua. 3 de agosto de 2023 CHASCOM\u00daS -\u00a0 Varios vecinos, clientes del Banco Naci\u00f3n Sucursal Chascom\u00fas, se han puesto en contacto con nuestra redacci\u00f3n, a\u2026","rel":"","context":"En \u00abCHASCOM\u00daS\u00bb","block_context":{"text":"CHASCOM\u00daS","link":"https:\/\/larevistadigital.com.ar\/blog\/category\/chascomus\/"},"img":{"alt_text":"","src":"https:\/\/i0.wp.com\/larevistadigital.com.ar\/blog\/wp-content\/uploads\/2017\/04\/WhatsApp-Image-2017-04-08-at-13.07.22-4.jpeg?fit=864%2C1152&ssl=1&resize=350%2C200","width":350,"height":200,"srcset":"https:\/\/i0.wp.com\/larevistadigital.com.ar\/blog\/wp-content\/uploads\/2017\/04\/WhatsApp-Image-2017-04-08-at-13.07.22-4.jpeg?fit=864%2C1152&ssl=1&resize=350%2C200 1x, https:\/\/i0.wp.com\/larevistadigital.com.ar\/blog\/wp-content\/uploads\/2017\/04\/WhatsApp-Image-2017-04-08-at-13.07.22-4.jpeg?fit=864%2C1152&ssl=1&resize=525%2C300 1.5x, https:\/\/i0.wp.com\/larevistadigital.com.ar\/blog\/wp-content\/uploads\/2017\/04\/WhatsApp-Image-2017-04-08-at-13.07.22-4.jpeg?fit=864%2C1152&ssl=1&resize=700%2C400 2x"},"classes":[]},{"id":34849,"url":"https:\/\/larevistadigital.com.ar\/blog\/chascomus-cierran-el-banco-provincia-porque-se-cayo-parte-del-cielorraso\/","url_meta":{"origin":2259,"position":2},"title":"CHASCOM\u00daS: CIERRAN EL BANCO PROVINCIA PORQUE SE CAY\u00d3 PARTE DEL CIELORRASO","author":"Alejandro Sosa Ruda","date":"15 diciembre, 2023","format":false,"excerpt":"El problema viene de hace algun tiempo con goteras y filtraciones que evidentemente no fueron arregladas como corresponde. 15 de diciembre de 2023 CHASCOM\u00daS -\u00a0 \u00a0Lectores de La Revista Digital, y clientes del Banco Provincia de la ciudad, se pusieron en contacto con nuestra redacci\u00f3n, a efectos de informar que\u2026","rel":"","context":"En \u00abINTERES GENERAL\u00bb","block_context":{"text":"INTERES GENERAL","link":"https:\/\/larevistadigital.com.ar\/blog\/category\/interes-general\/"},"img":{"alt_text":"","src":"https:\/\/i0.wp.com\/larevistadigital.com.ar\/blog\/wp-content\/uploads\/banco-provincia-chascomus.png?fit=1200%2C646&ssl=1&resize=350%2C200","width":350,"height":200,"srcset":"https:\/\/i0.wp.com\/larevistadigital.com.ar\/blog\/wp-content\/uploads\/banco-provincia-chascomus.png?fit=1200%2C646&ssl=1&resize=350%2C200 1x, https:\/\/i0.wp.com\/larevistadigital.com.ar\/blog\/wp-content\/uploads\/banco-provincia-chascomus.png?fit=1200%2C646&ssl=1&resize=525%2C300 1.5x, https:\/\/i0.wp.com\/larevistadigital.com.ar\/blog\/wp-content\/uploads\/banco-provincia-chascomus.png?fit=1200%2C646&ssl=1&resize=700%2C400 2x, https:\/\/i0.wp.com\/larevistadigital.com.ar\/blog\/wp-content\/uploads\/banco-provincia-chascomus.png?fit=1200%2C646&ssl=1&resize=1050%2C600 3x"},"classes":[]},{"id":1914,"url":"https:\/\/larevistadigital.com.ar\/blog\/las-autoridades-del-banco-nacion-aun-no-han-cambiado-la-bandera-que-corona-su-edificio\/","url_meta":{"origin":2259,"position":3},"title":"LAS AUTORIDADES DEL BANCO NACI\u00d3N A\u00daN NO HAN CAMBIADO LA BANDERA QUE CORONA SU EDIFICIO","author":"Alejandro Sosa Ruda","date":"8 abril, 2017","format":false,"excerpt":"A pesar de haber recibido una bandera nueva, y que seguramente habr\u00e1 alg\u00fan tipo de protocolo para hacer efectivo el cambio, a\u00fan se puede ver al frente del banco el \u00a0ajado pabell\u00f3n que corona el edificio. El d\u00eda 31 de marzo pasado, un ex combatiente de Malvinas se acerc\u00f3 a\u2026","rel":"","context":"En \u00abCHASCOM\u00daS\u00bb","block_context":{"text":"CHASCOM\u00daS","link":"https:\/\/larevistadigital.com.ar\/blog\/category\/chascomus\/"},"img":{"alt_text":"","src":"https:\/\/i0.wp.com\/larevistadigital.com.ar\/blog\/wp-content\/uploads\/2017\/04\/WhatsApp-Image-2017-04-08-at-13.07.22-1.jpeg?fit=766%2C760&ssl=1&resize=350%2C200","width":350,"height":200,"srcset":"https:\/\/i0.wp.com\/larevistadigital.com.ar\/blog\/wp-content\/uploads\/2017\/04\/WhatsApp-Image-2017-04-08-at-13.07.22-1.jpeg?fit=766%2C760&ssl=1&resize=350%2C200 1x, https:\/\/i0.wp.com\/larevistadigital.com.ar\/blog\/wp-content\/uploads\/2017\/04\/WhatsApp-Image-2017-04-08-at-13.07.22-1.jpeg?fit=766%2C760&ssl=1&resize=525%2C300 1.5x, https:\/\/i0.wp.com\/larevistadigital.com.ar\/blog\/wp-content\/uploads\/2017\/04\/WhatsApp-Image-2017-04-08-at-13.07.22-1.jpeg?fit=766%2C760&ssl=1&resize=700%2C400 2x"},"classes":[]},{"id":32919,"url":"https:\/\/larevistadigital.com.ar\/blog\/preocupacion-las-lluvias-habrian-provocado-filtraciones-en-la-linea-de-cajas-del-banco-provincia-de-chascomus\/","url_meta":{"origin":2259,"position":4},"title":"PREOCUPACI\u00d3N: LAS LLUVIAS PROVOCARON FILTRACIONES EN LA L\u00cdNEA DE CAJAS DEL BANCO PROVINCIA DE CHASCOM\u00daS.","author":"Alejandro Sosa Ruda","date":"17 agosto, 2023","format":false,"excerpt":"Habr\u00eda preocupaci\u00f3n en personal de Banco Provincia porque si bien llovi\u00f3 bastante, no pensaron que podr\u00eda afectar la sucursal de Chascom\u00fas. 17 de agosto de 2023 CHASCOM\u00daS -\u00a0 Luego de las precipitaciones que afectaron a Caba y la provincia de Buenos Aires, Chascom\u00fas no fue la excepci\u00f3n, acumulando seg\u00fan nos\u2026","rel":"","context":"En \u00abINTERES GENERAL\u00bb","block_context":{"text":"INTERES GENERAL","link":"https:\/\/larevistadigital.com.ar\/blog\/category\/interes-general\/"},"img":{"alt_text":"","src":"https:\/\/i0.wp.com\/larevistadigital.com.ar\/blog\/wp-content\/uploads\/banco-provincia-chascomus.png?fit=1200%2C646&ssl=1&resize=350%2C200","width":350,"height":200,"srcset":"https:\/\/i0.wp.com\/larevistadigital.com.ar\/blog\/wp-content\/uploads\/banco-provincia-chascomus.png?fit=1200%2C646&ssl=1&resize=350%2C200 1x, https:\/\/i0.wp.com\/larevistadigital.com.ar\/blog\/wp-content\/uploads\/banco-provincia-chascomus.png?fit=1200%2C646&ssl=1&resize=525%2C300 1.5x, https:\/\/i0.wp.com\/larevistadigital.com.ar\/blog\/wp-content\/uploads\/banco-provincia-chascomus.png?fit=1200%2C646&ssl=1&resize=700%2C400 2x, https:\/\/i0.wp.com\/larevistadigital.com.ar\/blog\/wp-content\/uploads\/banco-provincia-chascomus.png?fit=1200%2C646&ssl=1&resize=1050%2C600 3x"},"classes":[]},{"id":20224,"url":"https:\/\/larevistadigital.com.ar\/blog\/chascomus-ante-la-intervencion-de-la-bancaria-y-el-comite-mixto-de-seguridad-e-higiene-el-banco-provincia-accedio-a-solucionar-los-problemas-edilicios\/","url_meta":{"origin":2259,"position":5},"title":"CHASCOM\u00daS: ANTE LA INTERVENCI\u00d3N DE LA BANCARIA, Y EL COMIT\u00c9 MIXTO DE SEGURIDAD E HIGIENE, EL BANCO PROVINCIA ACCEDI\u00d3 A SOLUCIONAR LOS PROBLEMAS EDILICIOS","author":"Alejandro Sosa Ruda","date":"12 mayo, 2021","format":false,"excerpt":"D\u00edas atr\u00e1s y con motivo de la queja de algunos empleados del Banco Provincia, por el estado edilicio y particularmente porque cuando llueve, dicen que \"entra m\u00e1s agua a la zona de cajas que en el exterior\",\u00a0 nuestro humorista Ed\u00fa hizo alusi\u00f3n con un chiste a la dif\u00edcil situaci\u00f3n de\u2026","rel":"","context":"En \u00abDESTACADAS\u00bb","block_context":{"text":"DESTACADAS","link":"https:\/\/larevistadigital.com.ar\/blog\/category\/destacadas\/"},"img":{"alt_text":"","src":"https:\/\/i0.wp.com\/larevistadigital.com.ar\/blog\/wp-content\/uploads\/2017\/05\/labancaria.jpg?fit=800%2C407&ssl=1&resize=350%2C200","width":350,"height":200,"srcset":"https:\/\/i0.wp.com\/larevistadigital.com.ar\/blog\/wp-content\/uploads\/2017\/05\/labancaria.jpg?fit=800%2C407&ssl=1&resize=350%2C200 1x, https:\/\/i0.wp.com\/larevistadigital.com.ar\/blog\/wp-content\/uploads\/2017\/05\/labancaria.jpg?fit=800%2C407&ssl=1&resize=525%2C300 1.5x, https:\/\/i0.wp.com\/larevistadigital.com.ar\/blog\/wp-content\/uploads\/2017\/05\/labancaria.jpg?fit=800%2C407&ssl=1&resize=700%2C400 2x"},"classes":[]}],"_links":{"self":[{"href":"https:\/\/larevistadigital.com.ar\/blog\/wp-json\/wp\/v2\/posts\/2259","targetHints":{"allow":["GET"]}}],"collection":[{"href":"https:\/\/larevistadigital.com.ar\/blog\/wp-json\/wp\/v2\/posts"}],"about":[{"href":"https:\/\/larevistadigital.com.ar\/blog\/wp-json\/wp\/v2\/types\/post"}],"author":[{"embeddable":true,"href":"https:\/\/larevistadigital.com.ar\/blog\/wp-json\/wp\/v2\/users\/3"}],"replies":[{"embeddable":true,"href":"https:\/\/larevistadigital.com.ar\/blog\/wp-json\/wp\/v2\/comments?post=2259"}],"version-history":[{"count":1,"href":"https:\/\/larevistadigital.com.ar\/blog\/wp-json\/wp\/v2\/posts\/2259\/revisions"}],"predecessor-version":[{"id":2263,"href":"https:\/\/larevistadigital.com.ar\/blog\/wp-json\/wp\/v2\/posts\/2259\/revisions\/2263"}],"wp:featuredmedia":[{"embeddable":true,"href":"https:\/\/larevistadigital.com.ar\/blog\/wp-json\/wp\/v2\/media\/2260"}],"wp:attachment":[{"href":"https:\/\/larevistadigital.com.ar\/blog\/wp-json\/wp\/v2\/media?parent=2259"}],"wp:term":[{"taxonomy":"category","embeddable":true,"href":"https:\/\/larevistadigital.com.ar\/blog\/wp-json\/wp\/v2\/categories?post=2259"},{"taxonomy":"post_tag","embeddable":true,"href":"https:\/\/larevistadigital.com.ar\/blog\/wp-json\/wp\/v2\/tags?post=2259"}],"curies":[{"name":"wp","href":"https:\/\/api.w.org\/{rel}","templated":true}]}}