{"id":2269,"date":"2017-05-10T01:45:27","date_gmt":"2017-05-10T01:45:27","guid":{"rendered":"https:\/\/larevistadigital.com.ar\/blog\/?p=2269"},"modified":"2017-05-10T01:45:27","modified_gmt":"2017-05-10T01:45:27","slug":"pablo-bresi-jefe-de-la-policia-bonaerense-pidio-el-pase-a-retiro","status":"publish","type":"post","link":"https:\/\/larevistadigital.com.ar\/blog\/pablo-bresi-jefe-de-la-policia-bonaerense-pidio-el-pase-a-retiro\/","title":{"rendered":"PABLO BRESI, JEFE DE LA POLIC\u00cdA BONAERENSE PIDI\u00d3 EL PASE A RETIRO"},"content":{"rendered":"<h2><strong><em>\u00a0\u201cPor motivos estrictamente personales y profesionales\u201d<\/em><\/strong>, el Jefe de la Polic\u00eda Bonaerense pidi\u00f3 el pase a retiro, de acuerdo a lo escrito en una carta que envi\u00f3 a la Gobernadora <strong>Mar\u00eda Eugenia Vidal<\/strong>. Su reemplazante ser\u00e1 quien lo secundaba: <strong>Fabi\u00e1n Perrone<\/strong>.<\/h2>\n<p>En la carta, <strong>Bresi<\/strong> hace un repaso de parte de su carrera, recordando que ingres\u00f3 en la fuerza <strong>\u00absiendo muy joven\u00bb<\/strong> donde con <strong>\u00abconsciencia\u00bb<\/strong> sirvi\u00f3 con <strong><em>\u00abresponsabilidad y honor, entendiendo que cada cargo reviste el compromiso diario de la funci\u00f3n\u00bb<\/em><\/strong>.<\/p>\n<p>Adem\u00e1s, agradece a la gobernadora por haberlo mantenido en el cargo, <strong><em>\u00abMe honr\u00f3 y confi\u00f3 con el cargo de Superintendente General de la Polic\u00eda, siendo esta la m\u00e1s alta distinci\u00f3n a la que aspira todo efectivo de la Polic\u00eda.<\/em><\/strong><strong><em>\u00a0No hay deber m\u00e1s necesario que el de dar las gracias, ya que la gratitud no solo es la m\u00e1s grande de las virtudes, sino la madre de todas ellas\u00bb<\/em><\/strong>.<\/p>\n<blockquote>\n<h3>Termin\u00f3 diciendo <strong><em>\u00abConcluyo as\u00ed una carrera de m\u00e1s de 38 a\u00f1os, iniciada en el querido Liceo Policial, dejando saldos positivos para la instituci\u00f3n y teniendo la tranquilidad de haber desempe\u00f1ado con compromiso y honradez la funci\u00f3n policial. Los procesos de cambio est\u00e1n en marcha y no tengo dudas del \u00e9xito de su gesti\u00f3n para el bien de nuestra sociedad\u00bb<\/em><\/strong><\/h3>\n<\/blockquote>\n<p>Cuando su carta tom\u00f3 estado p\u00fablico, <strong>Bressi<\/strong> dialog\u00f3 con el periodista <strong>Eduardo Feinmann<\/strong>, por\u00a0<em>A24<\/em>, en la que revel\u00f3 que tom\u00f3 la decisi\u00f3n despu\u00e9s de hablar con sus hijos.<\/p>\n<p><strong>Bressi<\/strong> hab\u00eda sido denunciado el a\u00f1o pasado por la diputada <strong>Elisa Carri\u00f3<\/strong> por una supuesta vinculaci\u00f3n con el narcotr\u00e1fico, adem\u00e1s de haber sido involucrado por una investigaci\u00f3n period\u00edstica lo involucr\u00f3 en un caso de violencia de g\u00e9nero. El ex jefe policial\u00a0rechaz\u00f3 ambas acusaciones \u00a0y las vincul\u00f3 con su intenci\u00f3n de encarar una profunda reforma de la polic\u00eda provincial.<\/p>\n<blockquote>\n<h3>Cuando se le pregunt\u00f3 el grado de importancia que tuvo en su decisi\u00f3n la denuncia de Carri\u00f3, dijo \u00a0<strong><em>\u00abLlevo 38 a\u00f1os en la fuerza, donde ingres\u00e9 a los 12 a\u00f1os como cadete del liceo policial. Las determinaciones no son porque alguien diga o deje de decir algo. Creo que todo tiene un ciclo, los ciclos se cumplen y, en este caso, se cumpli\u00f3 m\u00e1s que satisfactoriamente, porque pusimos en marcha toda la renovaci\u00f3n y el cambio que impulsan la gobernadora y el ministro de Seguridad (Cristian Ritondo). No puedo ser eterno en una funci\u00f3n\u00bb<\/em><\/strong>.<\/h3>\n<\/blockquote>\n<p><strong><em>\u00abYo soy polic\u00eda, y el polic\u00eda recibe constantemente cr\u00edticas de lo que fuere. Es lo mismo que cuando dijeron que soy un &#8216;maldito&#8217;, porque soy parte de la maldita polic\u00eda: queda en las palabra de quien lo dice\u00bb<\/em><\/strong>, sentenci\u00f3.<\/p>\n<p>Tambi\u00e9n se refiri\u00f3 a su futuro. <strong><em>\u00abSon muchos a\u00f1os de trabajo y de ausencia de mi caso, as\u00ed que es necesario renovar el aire para poder seguir adelante con mi vida. De ahora en m\u00e1s, por lo pronto, quiero disfrutar de mis hijos\u00bb<\/em><\/strong>, concluy\u00f3.<\/p>\n<p><strong>FUENTE: INFOBAE<\/strong><\/p>\n<p>&nbsp;<\/p>\n","protected":false},"excerpt":{"rendered":"<div class=\"mh-excerpt\"><p>\u00a0\u201cPor motivos estrictamente personales y profesionales\u201d, el Jefe de la Polic\u00eda Bonaerense pidi\u00f3 el pase a retiro, de acuerdo a lo escrito en una carta que envi\u00f3 a la Gobernadora Mar\u00eda Eugenia Vidal. Su reemplazante <a class=\"mh-excerpt-more\" href=\"https:\/\/larevistadigital.com.ar\/blog\/pablo-bresi-jefe-de-la-policia-bonaerense-pidio-el-pase-a-retiro\/\" title=\"PABLO BRESI, JEFE DE LA POLIC\u00cdA BONAERENSE PIDI\u00d3 EL PASE A RETIRO\">[Leer M\u00e1s]<\/a><\/p>\n<\/div>","protected":false},"author":3,"featured_media":2271,"comment_status":"open","ping_status":"open","sticky":false,"template":"","format":"standard","meta":{"_jetpack_memberships_contains_paid_content":false,"footnotes":"","jetpack_publicize_message":"","jetpack_publicize_feature_enabled":true,"jetpack_social_post_already_shared":true,"jetpack_social_options":{"image_generator_settings":{"template":"highway","default_image_id":0,"font":"","enabled":false},"version":2}},"categories":[41,44,12,24],"tags":[],"class_list":{"0":"post-2269","1":"post","2":"type-post","3":"status-publish","4":"format-standard","5":"has-post-thumbnail","7":"category-destacadas","8":"category-policiales","9":"category-politica","10":"category-politica-provincial"},"jetpack_publicize_connections":[],"jetpack_featured_media_url":"https:\/\/i0.wp.com\/larevistadigital.com.ar\/blog\/wp-content\/uploads\/2017\/05\/507.jpg?fit=600%2C338&ssl=1","jetpack_sharing_enabled":true,"jetpack_shortlink":"https:\/\/wp.me\/p8qtrQ-AB","jetpack-related-posts":[{"id":30699,"url":"https:\/\/larevistadigital.com.ar\/blog\/intendente-bonaerense-entrego-a-la-policia-600-denuncias-por-venta-minorista-de-drogas\/","url_meta":{"origin":2269,"position":0},"title":"INTENDENTE BONAERENSE ENTREG\u00d3 A LA POLIC\u00cdA 600 DENUNCIAS POR VENTA MINORISTA DE DROGAS","author":"Alejandro Sosa Ruda","date":"23 marzo, 2023","format":false,"excerpt":"Se trata de denuncias que realizaron vecinos de forma an\u00f3nima a trav\u00e9s del programa Buz\u00f3n Vida. El jefe comunal de Juntos le pidi\u00f3 a la Justicia que investigue con celeridad. Desde el municipio buscan colaborar en la lucha contra el narcomenudeo. 23 de marzo de 2023 CAMPANA -\u00a0 Para colaborar\u2026","rel":"","context":"En \u00abPOLITICA PROVINCIAL\u00bb","block_context":{"text":"POLITICA PROVINCIAL","link":"https:\/\/larevistadigital.com.ar\/blog\/category\/politica\/politica-provincial\/"},"img":{"alt_text":"","src":"https:\/\/i0.wp.com\/larevistadigital.com.ar\/blog\/wp-content\/uploads\/20230323160912_droga-narcomenudeo34-696x479-1.jpg?fit=880%2C512&ssl=1&resize=350%2C200","width":350,"height":200,"srcset":"https:\/\/i0.wp.com\/larevistadigital.com.ar\/blog\/wp-content\/uploads\/20230323160912_droga-narcomenudeo34-696x479-1.jpg?fit=880%2C512&ssl=1&resize=350%2C200 1x, https:\/\/i0.wp.com\/larevistadigital.com.ar\/blog\/wp-content\/uploads\/20230323160912_droga-narcomenudeo34-696x479-1.jpg?fit=880%2C512&ssl=1&resize=525%2C300 1.5x, https:\/\/i0.wp.com\/larevistadigital.com.ar\/blog\/wp-content\/uploads\/20230323160912_droga-narcomenudeo34-696x479-1.jpg?fit=880%2C512&ssl=1&resize=700%2C400 2x"},"classes":[]},{"id":28427,"url":"https:\/\/larevistadigital.com.ar\/blog\/prohibieron-a-la-bonaerense-el-uso-de-pistola-lanza-gases-y-granadas-en-los-eventos-deportivos\/","url_meta":{"origin":2269,"position":1},"title":"PROHIBIERON A LA BONAERENSE EL USO DE PISTOLA LANZA GASES Y GRANADAS EN LOS EVENTOS DEPORTIVOS","author":"Alejandro Sosa Ruda","date":"14 octubre, 2022","format":false,"excerpt":"A ra\u00edz de la represi\u00f3n ocurrida durante el operativo por el partido entre Gimnasia y Boca. Por la represi\u00f3n en el \u201cBosque\u201d, fueron apresados el jefe del operativo policial del partido, Juan Manuel Gorbar\u00e1n, y el polic\u00eda Nahuel Falc\u00f3n que agredi\u00f3 a un camar\u00f3grafo. 13 de Octubre de 2022 El\u2026","rel":"","context":"En \u00abDEPORTES\u00bb","block_context":{"text":"DEPORTES","link":"https:\/\/larevistadigital.com.ar\/blog\/category\/deportes\/"},"img":{"alt_text":"","src":"https:\/\/i0.wp.com\/larevistadigital.com.ar\/blog\/wp-content\/uploads\/20221012154154_gelp.jpg?fit=880%2C512&ssl=1&resize=350%2C200","width":350,"height":200,"srcset":"https:\/\/i0.wp.com\/larevistadigital.com.ar\/blog\/wp-content\/uploads\/20221012154154_gelp.jpg?fit=880%2C512&ssl=1&resize=350%2C200 1x, https:\/\/i0.wp.com\/larevistadigital.com.ar\/blog\/wp-content\/uploads\/20221012154154_gelp.jpg?fit=880%2C512&ssl=1&resize=525%2C300 1.5x, https:\/\/i0.wp.com\/larevistadigital.com.ar\/blog\/wp-content\/uploads\/20221012154154_gelp.jpg?fit=880%2C512&ssl=1&resize=700%2C400 2x"},"classes":[]},{"id":10852,"url":"https:\/\/larevistadigital.com.ar\/blog\/chascomus-cambios-en-la-jefatura-departamental-de-policia\/","url_meta":{"origin":2269,"position":2},"title":"CHASCOM\u00daS: CAMBIOS EN LA JEFATURA DEPARTAMENTAL DE POLIC\u00cdA","author":"Alejandro Sosa Ruda","date":"28 junio, 2019","format":false,"excerpt":"La comisar\u00eda local, inform\u00f3 la noche pasada de la asunci\u00f3n del nuevo Jefe Departamental de polic\u00eda. El comisario inspector Sergio Ramos, quien fue puesto en funciones por la superioridad, reemplazando en dicho cargo al saliente comisario mayor Roberto Teta. Se indic\u00f3 ante la consulta de este diario, que la flamante\u2026","rel":"","context":"En \u00abINTERES GENERAL\u00bb","block_context":{"text":"INTERES GENERAL","link":"https:\/\/larevistadigital.com.ar\/blog\/category\/interes-general\/"},"img":{"alt_text":"","src":"https:\/\/i0.wp.com\/larevistadigital.com.ar\/blog\/wp-content\/uploads\/2019\/01\/bbx_755050019_comisaria_chasco_01.jpg?fit=800%2C579&ssl=1&resize=350%2C200","width":350,"height":200,"srcset":"https:\/\/i0.wp.com\/larevistadigital.com.ar\/blog\/wp-content\/uploads\/2019\/01\/bbx_755050019_comisaria_chasco_01.jpg?fit=800%2C579&ssl=1&resize=350%2C200 1x, https:\/\/i0.wp.com\/larevistadigital.com.ar\/blog\/wp-content\/uploads\/2019\/01\/bbx_755050019_comisaria_chasco_01.jpg?fit=800%2C579&ssl=1&resize=525%2C300 1.5x, https:\/\/i0.wp.com\/larevistadigital.com.ar\/blog\/wp-content\/uploads\/2019\/01\/bbx_755050019_comisaria_chasco_01.jpg?fit=800%2C579&ssl=1&resize=700%2C400 2x"},"classes":[]},{"id":2295,"url":"https:\/\/larevistadigital.com.ar\/blog\/javier-tizado-asume-al-frente-del-ministerio-de-produccion-bonaerense\/","url_meta":{"origin":2269,"position":3},"title":"JAVIER TIZADO ASUME AL FRENTE DEL MINISTERIO DE PRODUCCI\u00d3N BONAERENSE","author":"Alejandro Sosa Ruda","date":"12 mayo, 2017","format":false,"excerpt":"El subsecretario de Comercio Interior de la Naci\u00f3n, Javier Tizado, ser\u00e1 designado por la gobernadora Mar\u00eda Eugenia Vidal como ministro de la Producci\u00f3n bonaerense. \u00a0 As\u00ed lo confirm\u00f3 Federico Salvai, jefe de Gabinete de la provincia,\u00a0que de esta manera cubri\u00f3 un cargo que est\u00e1 vacante desde hace 160 d\u00edas, cuando\u2026","rel":"","context":"En \u00abSin categor\u00eda\u00bb","block_context":{"text":"Sin categor\u00eda","link":"https:\/\/larevistadigital.com.ar\/blog\/category\/sin-categoria\/"},"img":{"alt_text":"","src":"https:\/\/i0.wp.com\/larevistadigital.com.ar\/blog\/wp-content\/uploads\/2017\/05\/Tizado_0.jpg?fit=1200%2C675&ssl=1&resize=350%2C200","width":350,"height":200,"srcset":"https:\/\/i0.wp.com\/larevistadigital.com.ar\/blog\/wp-content\/uploads\/2017\/05\/Tizado_0.jpg?fit=1200%2C675&ssl=1&resize=350%2C200 1x, https:\/\/i0.wp.com\/larevistadigital.com.ar\/blog\/wp-content\/uploads\/2017\/05\/Tizado_0.jpg?fit=1200%2C675&ssl=1&resize=525%2C300 1.5x, https:\/\/i0.wp.com\/larevistadigital.com.ar\/blog\/wp-content\/uploads\/2017\/05\/Tizado_0.jpg?fit=1200%2C675&ssl=1&resize=700%2C400 2x, https:\/\/i0.wp.com\/larevistadigital.com.ar\/blog\/wp-content\/uploads\/2017\/05\/Tizado_0.jpg?fit=1200%2C675&ssl=1&resize=1050%2C600 3x"},"classes":[]},{"id":19132,"url":"https:\/\/larevistadigital.com.ar\/blog\/mar-del-plata-designaron-a-jose-segovia-como-el-nuevo-jefe-departamental-de-la-policia\/","url_meta":{"origin":2269,"position":4},"title":"MAR DEL PLATA: DESIGNARON A JOS\u00c9 SEGOVIA COMO EL NUEVO JEFE DEPARTAMENTAL DE LA POLIC\u00cdA","author":"Alejandro Sosa Ruda","date":"2 marzo, 2021","format":false,"excerpt":"As\u00ed fue confirmado por el propio ministro Sergio Berni. Hay m\u00e1s cambios en la estructura policial de Mar del Plata. MAR DEL PLATA - Jos\u00e9 Segovia, hasta ayer director de la DDI Mar del Plata, asumir\u00e1 este martes como nuevo Jefe Departamental de Mar del Plata, en el marco de\u2026","rel":"","context":"En \u00abREGIONALES\u00bb","block_context":{"text":"REGIONALES","link":"https:\/\/larevistadigital.com.ar\/blog\/category\/regionales\/"},"img":{"alt_text":"","src":"https:\/\/i0.wp.com\/larevistadigital.com.ar\/blog\/wp-content\/uploads\/45d24eberni.jpg?fit=1200%2C592&ssl=1&resize=350%2C200","width":350,"height":200,"srcset":"https:\/\/i0.wp.com\/larevistadigital.com.ar\/blog\/wp-content\/uploads\/45d24eberni.jpg?fit=1200%2C592&ssl=1&resize=350%2C200 1x, https:\/\/i0.wp.com\/larevistadigital.com.ar\/blog\/wp-content\/uploads\/45d24eberni.jpg?fit=1200%2C592&ssl=1&resize=525%2C300 1.5x, https:\/\/i0.wp.com\/larevistadigital.com.ar\/blog\/wp-content\/uploads\/45d24eberni.jpg?fit=1200%2C592&ssl=1&resize=700%2C400 2x, https:\/\/i0.wp.com\/larevistadigital.com.ar\/blog\/wp-content\/uploads\/45d24eberni.jpg?fit=1200%2C592&ssl=1&resize=1050%2C600 3x"},"classes":[]},{"id":35033,"url":"https:\/\/larevistadigital.com.ar\/blog\/chascomus-hay-nueva-jefe-de-policia-comunal\/","url_meta":{"origin":2269,"position":5},"title":"CHASCOM\u00daS: HAY NUEVA JEFE DE POLIC\u00cdA COMUNAL","author":"Alejandro Sosa Ruda","date":"20 enero, 2024","format":false,"excerpt":"Es una mujer que cumpl\u00eda funciones en Seguridad Vial de Chascom\u00fas, y toma el cargo desde ayer a la tarde. 20 de enero de 2023 CHASCOM\u00daS -\u00a0 En el d\u00eda de ayer a las 18 horas, se hizo cargo de la Jefatura de Polic\u00eda Comunal de Chascomus la Comisario Mariana\u2026","rel":"","context":"En \u00abSin categor\u00eda\u00bb","block_context":{"text":"Sin categor\u00eda","link":"https:\/\/larevistadigital.com.ar\/blog\/category\/sin-categoria\/"},"img":{"alt_text":"","src":"https:\/\/i0.wp.com\/larevistadigital.com.ar\/blog\/wp-content\/uploads\/2017\/08\/GEO_COMISARIA_1_CHASCOMUS-e1705762962297.jpg?fit=1200%2C548&ssl=1&resize=350%2C200","width":350,"height":200,"srcset":"https:\/\/i0.wp.com\/larevistadigital.com.ar\/blog\/wp-content\/uploads\/2017\/08\/GEO_COMISARIA_1_CHASCOMUS-e1705762962297.jpg?fit=1200%2C548&ssl=1&resize=350%2C200 1x, https:\/\/i0.wp.com\/larevistadigital.com.ar\/blog\/wp-content\/uploads\/2017\/08\/GEO_COMISARIA_1_CHASCOMUS-e1705762962297.jpg?fit=1200%2C548&ssl=1&resize=525%2C300 1.5x, https:\/\/i0.wp.com\/larevistadigital.com.ar\/blog\/wp-content\/uploads\/2017\/08\/GEO_COMISARIA_1_CHASCOMUS-e1705762962297.jpg?fit=1200%2C548&ssl=1&resize=700%2C400 2x, https:\/\/i0.wp.com\/larevistadigital.com.ar\/blog\/wp-content\/uploads\/2017\/08\/GEO_COMISARIA_1_CHASCOMUS-e1705762962297.jpg?fit=1200%2C548&ssl=1&resize=1050%2C600 3x"},"classes":[]}],"_links":{"self":[{"href":"https:\/\/larevistadigital.com.ar\/blog\/wp-json\/wp\/v2\/posts\/2269","targetHints":{"allow":["GET"]}}],"collection":[{"href":"https:\/\/larevistadigital.com.ar\/blog\/wp-json\/wp\/v2\/posts"}],"about":[{"href":"https:\/\/larevistadigital.com.ar\/blog\/wp-json\/wp\/v2\/types\/post"}],"author":[{"embeddable":true,"href":"https:\/\/larevistadigital.com.ar\/blog\/wp-json\/wp\/v2\/users\/3"}],"replies":[{"embeddable":true,"href":"https:\/\/larevistadigital.com.ar\/blog\/wp-json\/wp\/v2\/comments?post=2269"}],"version-history":[{"count":1,"href":"https:\/\/larevistadigital.com.ar\/blog\/wp-json\/wp\/v2\/posts\/2269\/revisions"}],"predecessor-version":[{"id":2274,"href":"https:\/\/larevistadigital.com.ar\/blog\/wp-json\/wp\/v2\/posts\/2269\/revisions\/2274"}],"wp:featuredmedia":[{"embeddable":true,"href":"https:\/\/larevistadigital.com.ar\/blog\/wp-json\/wp\/v2\/media\/2271"}],"wp:attachment":[{"href":"https:\/\/larevistadigital.com.ar\/blog\/wp-json\/wp\/v2\/media?parent=2269"}],"wp:term":[{"taxonomy":"category","embeddable":true,"href":"https:\/\/larevistadigital.com.ar\/blog\/wp-json\/wp\/v2\/categories?post=2269"},{"taxonomy":"post_tag","embeddable":true,"href":"https:\/\/larevistadigital.com.ar\/blog\/wp-json\/wp\/v2\/tags?post=2269"}],"curies":[{"name":"wp","href":"https:\/\/api.w.org\/{rel}","templated":true}]}}