{"id":22779,"date":"2021-11-24T02:36:00","date_gmt":"2021-11-24T02:36:00","guid":{"rendered":"https:\/\/larevistadigital.com.ar\/blog\/?p=22779"},"modified":"2021-11-24T02:36:00","modified_gmt":"2021-11-24T02:36:00","slug":"otro-robo-de-ruedas-en-chascomus","status":"publish","type":"post","link":"https:\/\/larevistadigital.com.ar\/blog\/otro-robo-de-ruedas-en-chascomus\/","title":{"rendered":"OTRO ROBO DE RUEDAS EN CHASCOM\u00daS&#8230;"},"content":{"rendered":"<p><strong>CHASCOM\u00daS &#8211;\u00a0<\/strong> Otro hecho delictivo del fin de semana. Otro el domingo. Y otra vez alguien que sufre la sustracci\u00f3n de las ruedas completas de su auto en el medio de la noche.<\/p>\n<p>En esta oportunidad, se trat\u00f3 de la vecina <strong>M\u00f3nica Colucci<\/strong>, que lo hizo saber a trav\u00e9s de las redes sociales, sin demasiadas palabras, sino que simplemente escribi\u00f3 <em><strong>\u00abEsto tambi\u00e9n fue el saldo del domingo a la madrugada. Las dos ruedas completas delanteras<span class=\"pq6dq46d tbxw36s4 knj5qynh kvgmc6g5 ditlmg2l oygrvhab nvdbi5me sf5mxxl7 gl3lb2sf hhz5lgdu\"><img loading=\"lazy\" decoding=\"async\" src=\"https:\/\/static.xx.fbcdn.net\/images\/emoji.php\/v9\/t2c\/2\/16\/1f621.png\" alt=\"&#x1f621;\" width=\"16\" height=\"16\" \/>\u00ab<\/span><\/strong><span class=\"pq6dq46d tbxw36s4 knj5qynh kvgmc6g5 ditlmg2l oygrvhab nvdbi5me sf5mxxl7 gl3lb2sf hhz5lgdu\">\u00a0<\/span><\/em><span class=\"pq6dq46d tbxw36s4 knj5qynh kvgmc6g5 ditlmg2l oygrvhab nvdbi5me sf5mxxl7 gl3lb2sf hhz5lgdu\">Lo que demuestra con claridad, la resignaci\u00f3n de la se\u00f1ora, v\u00edctima de este lamentable hecho que seguramente le costar\u00e1 unos cuantos miles de pesos.<\/span><\/p>\n<blockquote>\n<h3>En pocos d\u00edas, es el segundo caso (al menos que ha trascendido p\u00fablicamente) y desde el \u00e1rea de seguridad no hay noticias de los delincuentes que cometieron el primer hecho, sino que el secretario de seguridad, en una entrevista radial, solo se ocup\u00f3 de poner excusas, como por ejemplo que<strong><em> \u00ablos ladrones saben donde hay c\u00e1maras y donde no\u00bb<\/em><\/strong> o <strong><em>\u00abnecesitamos m\u00e1s efectivos\u00bb<\/em><\/strong> o lo m\u00e1s incre\u00edble <em><strong>\u00abya la ciudad no volver\u00e1 a ser la de antes\u00bb<\/strong><\/em>.<\/h3>\n<\/blockquote>\n<p>Lamentablemente, ya se ha transformado en una triste costumbre el tener que leer, hablar y escribir acerca de estos temas, pero la realidad as\u00ed lo impone, y de manera inconcebible, el intendente no toma las medidas necesarias para que esto termine, ni hace nada con respecto a la inacci\u00f3n del Secretario de Seguridad.<\/p>\n","protected":false},"excerpt":{"rendered":"<div class=\"mh-excerpt\"><p>CHASCOM\u00daS &#8211;\u00a0 Otro hecho delictivo del fin de semana. Otro el domingo. Y otra vez alguien que sufre la sustracci\u00f3n de las ruedas completas de su auto en el medio de la noche. En esta <a class=\"mh-excerpt-more\" href=\"https:\/\/larevistadigital.com.ar\/blog\/otro-robo-de-ruedas-en-chascomus\/\" title=\"OTRO ROBO DE RUEDAS EN CHASCOM\u00daS&#8230;\">[Leer M\u00e1s]<\/a><\/p>\n<\/div>","protected":false},"author":3,"featured_media":22780,"comment_status":"open","ping_status":"open","sticky":false,"template":"","format":"standard","meta":{"_jetpack_memberships_contains_paid_content":false,"footnotes":"","jetpack_publicize_message":"","jetpack_publicize_feature_enabled":true,"jetpack_social_post_already_shared":true,"jetpack_social_options":{"image_generator_settings":{"template":"highway","default_image_id":0,"font":"","enabled":false},"version":2}},"categories":[41],"tags":[],"class_list":{"0":"post-22779","1":"post","2":"type-post","3":"status-publish","4":"format-standard","5":"has-post-thumbnail","7":"category-destacadas"},"jetpack_publicize_connections":[],"jetpack_featured_media_url":"https:\/\/i0.wp.com\/larevistadigital.com.ar\/blog\/wp-content\/uploads\/259466827_10224005539798231_9067968498207773202_n.jpg?fit=1599%2C738&ssl=1","jetpack_sharing_enabled":true,"jetpack_shortlink":"https:\/\/wp.me\/p8qtrQ-5Vp","jetpack-related-posts":[{"id":9626,"url":"https:\/\/larevistadigital.com.ar\/blog\/chascomus-roban-las-4-ruedas-de-una-camioneta-en-la-zona-rural\/","url_meta":{"origin":22779,"position":0},"title":"CHASCOM\u00daS: ROBAN LAS 4 RUEDAS DE UNA CAMIONETA EN LA ZONA RURAL","author":"Alejandro Sosa Ruda","date":"9 abril, 2019","format":false,"excerpt":"Seg\u00fan publica el diario El Fuerte, ladrones se hicieron de las 4 ruedas completas de una camioneta Chevrolet Blazer, adem\u00e1s del auxilio, el stereo y las llaves que estaban en la guantera. Esto ocurri\u00f3 en Chascom\u00fas, espec\u00edficamente en la zona rural, y a\u00fan se desconocen los autores del il\u00edcito. El\u2026","rel":"","context":"En \u00abPOLICIALES\u00bb","block_context":{"text":"POLICIALES","link":"https:\/\/larevistadigital.com.ar\/blog\/category\/policiales\/"},"img":{"alt_text":"","src":"https:\/\/i0.wp.com\/larevistadigital.com.ar\/blog\/wp-content\/uploads\/2019\/04\/RUEDAS2.jpg?fit=900%2C501&ssl=1&resize=350%2C200","width":350,"height":200,"srcset":"https:\/\/i0.wp.com\/larevistadigital.com.ar\/blog\/wp-content\/uploads\/2019\/04\/RUEDAS2.jpg?fit=900%2C501&ssl=1&resize=350%2C200 1x, https:\/\/i0.wp.com\/larevistadigital.com.ar\/blog\/wp-content\/uploads\/2019\/04\/RUEDAS2.jpg?fit=900%2C501&ssl=1&resize=525%2C300 1.5x, https:\/\/i0.wp.com\/larevistadigital.com.ar\/blog\/wp-content\/uploads\/2019\/04\/RUEDAS2.jpg?fit=900%2C501&ssl=1&resize=700%2C400 2x"},"classes":[]},{"id":26037,"url":"https:\/\/larevistadigital.com.ar\/blog\/chascomus-esclarecen-robo-de-gomas-de-camion-e-imputan-a-un-individuo-por-encubrimiento\/","url_meta":{"origin":22779,"position":1},"title":"CHASCOM\u00daS: ESCLARECEN ROBO DE GOMAS DE CAMI\u00d3N E IMPUTAN A UN INDIVIDUO POR \u00abENCUBRIMIENTO\u00bb","author":"Alejandro Sosa Ruda","date":"22 junio, 2022","format":false,"excerpt":"Todo comenz\u00f3 con la denuncia del robo de gomas de cami\u00f3n y luego de trabajos de inteligencia, se logr\u00f3 detener a un individuo y recuperar lo robado CHASCOM\u00daS -\u00a0 \u00a0La polic\u00eda tom\u00f3 conocimiento que en el Barrio 30 de Mayo de la ciudad, se estar\u00edan comercializando ruedas de cami\u00f3n de\u2026","rel":"","context":"En \u00abDESTACADAS\u00bb","block_context":{"text":"DESTACADAS","link":"https:\/\/larevistadigital.com.ar\/blog\/category\/destacadas\/"},"img":{"alt_text":"","src":"https:\/\/i0.wp.com\/larevistadigital.com.ar\/blog\/wp-content\/uploads\/WhatsApp-Image-2022-06-22-at-7.54.43-AM.jpeg?fit=1200%2C675&ssl=1&resize=350%2C200","width":350,"height":200,"srcset":"https:\/\/i0.wp.com\/larevistadigital.com.ar\/blog\/wp-content\/uploads\/WhatsApp-Image-2022-06-22-at-7.54.43-AM.jpeg?fit=1200%2C675&ssl=1&resize=350%2C200 1x, https:\/\/i0.wp.com\/larevistadigital.com.ar\/blog\/wp-content\/uploads\/WhatsApp-Image-2022-06-22-at-7.54.43-AM.jpeg?fit=1200%2C675&ssl=1&resize=525%2C300 1.5x, https:\/\/i0.wp.com\/larevistadigital.com.ar\/blog\/wp-content\/uploads\/WhatsApp-Image-2022-06-22-at-7.54.43-AM.jpeg?fit=1200%2C675&ssl=1&resize=700%2C400 2x, https:\/\/i0.wp.com\/larevistadigital.com.ar\/blog\/wp-content\/uploads\/WhatsApp-Image-2022-06-22-at-7.54.43-AM.jpeg?fit=1200%2C675&ssl=1&resize=1050%2C600 3x"},"classes":[]},{"id":26844,"url":"https:\/\/larevistadigital.com.ar\/blog\/desgracia-en-la-autovia-2-camionero-pierde-el-control-sale-despedido-por-la-cabina-y-fue-aplastado-por-las-ruedas-traseras\/","url_meta":{"origin":22779,"position":2},"title":"DESGRACIA EN LA AUTOV\u00cdA 2: CAMIONERO PIERDE EL CONTROL, SALE DESPEDIDO POR LA CABINA Y FUE APLASTADO POR LAS RUEDAS TRASERAS","author":"Alejandro Sosa Ruda","date":"28 julio, 2022","format":false,"excerpt":"El camionero, de 50 a\u00f1os, perdi\u00f3 el control del transporte y tras chocar con la barrera de protecci\u00f3n lateral de la ruta cay\u00f3 del habit\u00e1culo. El\u00a0chofer de un cami\u00f3n de carga muri\u00f3\u00a0este mi\u00e9rcoles en la Autov\u00eda 2 luego de despistarse y chocar contra las barreras de contenci\u00f3n, lo que provoc\u00f3\u2026","rel":"","context":"En \u00abPOLICIALES\u00bb","block_context":{"text":"POLICIALES","link":"https:\/\/larevistadigital.com.ar\/blog\/category\/policiales\/"},"img":{"alt_text":"","src":"https:\/\/i0.wp.com\/larevistadigital.com.ar\/blog\/wp-content\/uploads\/419152325bdfd01b0c1d767b902ed1556ae7223f.jpg?fit=1140%2C692&ssl=1&resize=350%2C200","width":350,"height":200,"srcset":"https:\/\/i0.wp.com\/larevistadigital.com.ar\/blog\/wp-content\/uploads\/419152325bdfd01b0c1d767b902ed1556ae7223f.jpg?fit=1140%2C692&ssl=1&resize=350%2C200 1x, https:\/\/i0.wp.com\/larevistadigital.com.ar\/blog\/wp-content\/uploads\/419152325bdfd01b0c1d767b902ed1556ae7223f.jpg?fit=1140%2C692&ssl=1&resize=525%2C300 1.5x, https:\/\/i0.wp.com\/larevistadigital.com.ar\/blog\/wp-content\/uploads\/419152325bdfd01b0c1d767b902ed1556ae7223f.jpg?fit=1140%2C692&ssl=1&resize=700%2C400 2x, https:\/\/i0.wp.com\/larevistadigital.com.ar\/blog\/wp-content\/uploads\/419152325bdfd01b0c1d767b902ed1556ae7223f.jpg?fit=1140%2C692&ssl=1&resize=1050%2C600 3x"},"classes":[]},{"id":21145,"url":"https:\/\/larevistadigital.com.ar\/blog\/dinero-tirado-y-burla-a-los-vecinos-las-veredas-no-inclusivas-del-municipio-de-chascomus\/","url_meta":{"origin":22779,"position":3},"title":"DINERO TIRADO, Y BURLA A LOS VECINOS: LAS \u00abVEREDAS NO INCLUSIVAS\u00bb DEL MUNICIPIO DE CHASCOM\u00daS","author":"Alejandro Sosa Ruda","date":"19 julio, 2021","format":false,"excerpt":"CHASCOM\u00daS -\u00a0 Se viraliz\u00f3 en los \u00faltimos d\u00edas, una foto que ilustra unas incre\u00edbles \"veredas\" que representan en s\u00ed mismas lo peor de la pol\u00edtica, porque son un c\u00famulo de errores y falta de: empat\u00eda, l\u00f3gica, criterio, sensatez, e inteligencia. De hecho, y aunque numerosas personas nos hicieron llegar las\u2026","rel":"","context":"En \u00abCHASCOM\u00daS\u00bb","block_context":{"text":"CHASCOM\u00daS","link":"https:\/\/larevistadigital.com.ar\/blog\/category\/chascomus\/"},"img":{"alt_text":"","src":"https:\/\/i0.wp.com\/larevistadigital.com.ar\/blog\/wp-content\/uploads\/WhatsApp-Image-2021-07-16-at-21.52.30.jpeg?fit=600%2C1200&ssl=1&resize=350%2C200","width":350,"height":200,"srcset":"https:\/\/i0.wp.com\/larevistadigital.com.ar\/blog\/wp-content\/uploads\/WhatsApp-Image-2021-07-16-at-21.52.30.jpeg?fit=600%2C1200&ssl=1&resize=350%2C200 1x, https:\/\/i0.wp.com\/larevistadigital.com.ar\/blog\/wp-content\/uploads\/WhatsApp-Image-2021-07-16-at-21.52.30.jpeg?fit=600%2C1200&ssl=1&resize=525%2C300 1.5x"},"classes":[]},{"id":36782,"url":"https:\/\/larevistadigital.com.ar\/blog\/rosario-un-camion-atropello-a-un-vendedor-que-trabajaba-en-silla-de-ruedas-en-una-esquina\/","url_meta":{"origin":22779,"position":4},"title":"ROSARIO: UN CAMI\u00d3N ATROPELL\u00d3 A UN VENDEDOR QUE TRABAJABA EN SILLA DE RUEDAS EN UNA ESQUINA","author":"Alejandro Sosa Ruda","date":"23 julio, 2024","format":false,"excerpt":"Un hombre que se desplaza en silla de ruedas fue embestido por un cami\u00f3n, pero afortunadamente, no sufri\u00f3 lesiones de gravedad. 23 de Julio de 2024 ROSARIO -\u00a0 El hecho tuvo lugar ayer lunes cerca del mediod\u00eda en la esquina de avenida Pellegrini y Dorrego, la v\u00edctima es un vendedor\u2026","rel":"","context":"En \u00abPOLICIALES\u00bb","block_context":{"text":"POLICIALES","link":"https:\/\/larevistadigital.com.ar\/blog\/category\/policiales\/"},"img":{"alt_text":"","src":"https:\/\/i0.wp.com\/larevistadigital.com.ar\/blog\/wp-content\/uploads\/452369022_906291128202687_2723003688560132978_n.jpg?fit=600%2C338&ssl=1&resize=350%2C200","width":350,"height":200,"srcset":"https:\/\/i0.wp.com\/larevistadigital.com.ar\/blog\/wp-content\/uploads\/452369022_906291128202687_2723003688560132978_n.jpg?fit=600%2C338&ssl=1&resize=350%2C200 1x, https:\/\/i0.wp.com\/larevistadigital.com.ar\/blog\/wp-content\/uploads\/452369022_906291128202687_2723003688560132978_n.jpg?fit=600%2C338&ssl=1&resize=525%2C300 1.5x"},"classes":[]},{"id":27682,"url":"https:\/\/larevistadigital.com.ar\/blog\/chascomus-menor-de-16-anos-apunalado-por-otro-de-la-misma-edad\/","url_meta":{"origin":22779,"position":5},"title":"CHASCOM\u00daS: MENOR DE 16 A\u00d1OS APU\u00d1ALADO POR OTRO DE LA MISMA EDAD","author":"Alejandro Sosa Ruda","date":"12 septiembre, 2022","format":false,"excerpt":"El hecho fue en inmediaciones de la escuela Normal, y el mismo establecimiento comunic\u00f3 por las redes. El herido est\u00e1 estable. 12 de septiembre de 2022 CHASCOM\u00daS -\u00a0 Si bien no se brindaron detalles de c\u00f3mo ocurrieron los hechos, se puede informar que en inmediaciones de la escuela Normal, un\u2026","rel":"","context":"En \u00abDESTACADAS\u00bb","block_context":{"text":"DESTACADAS","link":"https:\/\/larevistadigital.com.ar\/blog\/category\/destacadas\/"},"img":{"alt_text":"","src":"https:\/\/i0.wp.com\/larevistadigital.com.ar\/blog\/wp-content\/uploads\/2019\/01\/bbx_755050019_comisaria_chasco_01.jpg?fit=800%2C579&ssl=1&resize=350%2C200","width":350,"height":200,"srcset":"https:\/\/i0.wp.com\/larevistadigital.com.ar\/blog\/wp-content\/uploads\/2019\/01\/bbx_755050019_comisaria_chasco_01.jpg?fit=800%2C579&ssl=1&resize=350%2C200 1x, https:\/\/i0.wp.com\/larevistadigital.com.ar\/blog\/wp-content\/uploads\/2019\/01\/bbx_755050019_comisaria_chasco_01.jpg?fit=800%2C579&ssl=1&resize=525%2C300 1.5x, https:\/\/i0.wp.com\/larevistadigital.com.ar\/blog\/wp-content\/uploads\/2019\/01\/bbx_755050019_comisaria_chasco_01.jpg?fit=800%2C579&ssl=1&resize=700%2C400 2x"},"classes":[]}],"_links":{"self":[{"href":"https:\/\/larevistadigital.com.ar\/blog\/wp-json\/wp\/v2\/posts\/22779","targetHints":{"allow":["GET"]}}],"collection":[{"href":"https:\/\/larevistadigital.com.ar\/blog\/wp-json\/wp\/v2\/posts"}],"about":[{"href":"https:\/\/larevistadigital.com.ar\/blog\/wp-json\/wp\/v2\/types\/post"}],"author":[{"embeddable":true,"href":"https:\/\/larevistadigital.com.ar\/blog\/wp-json\/wp\/v2\/users\/3"}],"replies":[{"embeddable":true,"href":"https:\/\/larevistadigital.com.ar\/blog\/wp-json\/wp\/v2\/comments?post=22779"}],"version-history":[{"count":1,"href":"https:\/\/larevistadigital.com.ar\/blog\/wp-json\/wp\/v2\/posts\/22779\/revisions"}],"predecessor-version":[{"id":22781,"href":"https:\/\/larevistadigital.com.ar\/blog\/wp-json\/wp\/v2\/posts\/22779\/revisions\/22781"}],"wp:featuredmedia":[{"embeddable":true,"href":"https:\/\/larevistadigital.com.ar\/blog\/wp-json\/wp\/v2\/media\/22780"}],"wp:attachment":[{"href":"https:\/\/larevistadigital.com.ar\/blog\/wp-json\/wp\/v2\/media?parent=22779"}],"wp:term":[{"taxonomy":"category","embeddable":true,"href":"https:\/\/larevistadigital.com.ar\/blog\/wp-json\/wp\/v2\/categories?post=22779"},{"taxonomy":"post_tag","embeddable":true,"href":"https:\/\/larevistadigital.com.ar\/blog\/wp-json\/wp\/v2\/tags?post=22779"}],"curies":[{"name":"wp","href":"https:\/\/api.w.org\/{rel}","templated":true}]}}