{"id":2279,"date":"2017-05-12T12:07:26","date_gmt":"2017-05-12T12:07:26","guid":{"rendered":"https:\/\/larevistadigital.com.ar\/blog\/?p=2279"},"modified":"2017-05-12T12:07:26","modified_gmt":"2017-05-12T12:07:26","slug":"estallaron-dos-bombas-en-el-centro-de-roma","status":"publish","type":"post","link":"https:\/\/larevistadigital.com.ar\/blog\/estallaron-dos-bombas-en-el-centro-de-roma\/","title":{"rendered":"ESTALLARON DOS BOMBAS EN EL CENTRO DE ROMA"},"content":{"rendered":"<p>Por el momento, s\u00f3lo se han registrado da\u00f1os materiales. La Polic\u00eda investiga el origen del atentado, que se produjo a metros de una oficina de correos. Hubo un incendio y hay autom\u00f3viles afectados. Sospechan de grupos anarquistas<\/p>\n<blockquote>\n<h3>Una doble explosi\u00f3n en una oficina de correos, cerca del Circo M\u00e1ximo, en la calle Marmorata,\u00a0sacudi\u00f3 el centro de Roma\u00a0esta ma\u00f1ana, a las 09:20 a. m., hora local (11:20 GMT).<\/h3>\n<\/blockquote>\n<p>De momento\u00a0no se han registrado heridos, pero s\u00ed se confirmaron da\u00f1os materiales, entre los que se incluye un coche estacionado en las cercan\u00edas.<\/p>\n<p>Seg\u00fan el diario italiano\u00a0<em>Il Messaggero,\u00a0<\/em><strong>testigos en la zona advirtieron una primera explosi\u00f3n seguida por una segunda, a\u00fan m\u00e1s fuerte, pocos segundos despu\u00e9s<\/strong>.<\/p>\n<blockquote>\n<h3>\u00ab<strong>Escuchamos un fuerte estruendo<\/strong>\u00ab, declar\u00f3 un testigo que trabaja frente al correo. \u00abPens\u00e9 que era un mueble ca\u00eddo desde el piso superior. No vi las llamas, pero la explosi\u00f3n era fuerte\u00bb, agreg\u00f3.<\/h3>\n<\/blockquote>\n<p>Al parecer,<strong>\u00a0las bombas estaban escondidas en el interior de dos paquetes de pl\u00e1stico<\/strong>\u00a0ubicados en el aparcamiento de empleados y\u00a0<strong>conten\u00edan l\u00edquido inflamable.\u00a0<\/strong><\/p>\n<p>&nbsp;<\/p>\n","protected":false},"excerpt":{"rendered":"<div class=\"mh-excerpt\"><p>Por el momento, s\u00f3lo se han registrado da\u00f1os materiales. La Polic\u00eda investiga el origen del atentado, que se produjo a metros de una oficina de correos. Hubo un incendio y hay autom\u00f3viles afectados. Sospechan de <a class=\"mh-excerpt-more\" href=\"https:\/\/larevistadigital.com.ar\/blog\/estallaron-dos-bombas-en-el-centro-de-roma\/\" title=\"ESTALLARON DOS BOMBAS EN EL CENTRO DE ROMA\">[Leer M\u00e1s]<\/a><\/p>\n<\/div>","protected":false},"author":3,"featured_media":2280,"comment_status":"open","ping_status":"open","sticky":false,"template":"","format":"standard","meta":{"_jetpack_memberships_contains_paid_content":false,"footnotes":"","jetpack_publicize_message":"","jetpack_publicize_feature_enabled":true,"jetpack_social_post_already_shared":true,"jetpack_social_options":{"image_generator_settings":{"template":"highway","default_image_id":0,"font":"","enabled":false},"version":2}},"categories":[41,29],"tags":[],"class_list":{"0":"post-2279","1":"post","2":"type-post","3":"status-publish","4":"format-standard","5":"has-post-thumbnail","7":"category-destacadas","8":"category-sociedad"},"jetpack_publicize_connections":[],"jetpack_featured_media_url":"https:\/\/i0.wp.com\/larevistadigital.com.ar\/blog\/wp-content\/uploads\/2017\/05\/descarga-3.jpg?fit=650%2C363&ssl=1","jetpack_sharing_enabled":true,"jetpack_shortlink":"https:\/\/wp.me\/p8qtrQ-AL","jetpack-related-posts":[{"id":43021,"url":"https:\/\/larevistadigital.com.ar\/blog\/violento-episodio-en-una-oficina-municipal-destrozo-equipos-tras-no-obtener-un-permiso\/","url_meta":{"origin":2279,"position":0},"title":"Violento episodio en una oficina municipal: destroz\u00f3 equipos tras no obtener un permiso","author":"Alejandro Sosa Ruda","date":"23 diciembre, 2025","format":false,"excerpt":"Una mujer de 30 a\u00f1os provoc\u00f3 importantes da\u00f1os materiales en la Oficina de Licencias de Venta Ambulante luego de reaccionar con extrema violencia ante la negativa de un tr\u00e1mite por falta de requisitos legales. 23 de diciembre de 2025 Una jornada habitual de atenci\u00f3n al p\u00fablico en la Oficina de\u2026","rel":"","context":"En \u00abPOLICIALES\u00bb","block_context":{"text":"POLICIALES","link":"https:\/\/larevistadigital.com.ar\/blog\/category\/policiales\/"},"img":{"alt_text":"","src":"https:\/\/i0.wp.com\/larevistadigital.com.ar\/blog\/wp-content\/uploads\/policia-24-9-2021-4.jpg?fit=1199%2C1200&ssl=1&resize=350%2C200","width":350,"height":200,"srcset":"https:\/\/i0.wp.com\/larevistadigital.com.ar\/blog\/wp-content\/uploads\/policia-24-9-2021-4.jpg?fit=1199%2C1200&ssl=1&resize=350%2C200 1x, https:\/\/i0.wp.com\/larevistadigital.com.ar\/blog\/wp-content\/uploads\/policia-24-9-2021-4.jpg?fit=1199%2C1200&ssl=1&resize=525%2C300 1.5x, https:\/\/i0.wp.com\/larevistadigital.com.ar\/blog\/wp-content\/uploads\/policia-24-9-2021-4.jpg?fit=1199%2C1200&ssl=1&resize=700%2C400 2x, https:\/\/i0.wp.com\/larevistadigital.com.ar\/blog\/wp-content\/uploads\/policia-24-9-2021-4.jpg?fit=1199%2C1200&ssl=1&resize=1050%2C600 3x"},"classes":[]},{"id":23981,"url":"https:\/\/larevistadigital.com.ar\/blog\/san-clemente-roban-reconocida-confiteria\/","url_meta":{"origin":2279,"position":1},"title":"SAN CLEMENTE: ROBAN RECONOCIDA CONFITER\u00cdA","author":"Alejandro Sosa Ruda","date":"15 febrero, 2022","format":false,"excerpt":"Durante la madrugada de ayer un delincuente ingres\u00f3 a la confiter\u00eda Dulcinea, a trav\u00e9s de una ventana y qued\u00f3 registrado en las c\u00e1maras de seguridad SAN CLEMENTE -\u00a0 Durante la madrugada del domingo, al rededor de las 4:00 AM, un delincuente ingres\u00f3 por la ventana de la confiter\u00eda y panader\u00eda\u2026","rel":"","context":"En \u00abREGIONALES\u00bb","block_context":{"text":"REGIONALES","link":"https:\/\/larevistadigital.com.ar\/blog\/category\/regionales\/"},"img":{"alt_text":"","src":"https:\/\/i0.wp.com\/larevistadigital.com.ar\/blog\/wp-content\/uploads\/1371a5a39ff1e399527b6ddd8415f8b06ea838ff.jpg?fit=1140%2C513&ssl=1&resize=350%2C200","width":350,"height":200,"srcset":"https:\/\/i0.wp.com\/larevistadigital.com.ar\/blog\/wp-content\/uploads\/1371a5a39ff1e399527b6ddd8415f8b06ea838ff.jpg?fit=1140%2C513&ssl=1&resize=350%2C200 1x, https:\/\/i0.wp.com\/larevistadigital.com.ar\/blog\/wp-content\/uploads\/1371a5a39ff1e399527b6ddd8415f8b06ea838ff.jpg?fit=1140%2C513&ssl=1&resize=525%2C300 1.5x, https:\/\/i0.wp.com\/larevistadigital.com.ar\/blog\/wp-content\/uploads\/1371a5a39ff1e399527b6ddd8415f8b06ea838ff.jpg?fit=1140%2C513&ssl=1&resize=700%2C400 2x, https:\/\/i0.wp.com\/larevistadigital.com.ar\/blog\/wp-content\/uploads\/1371a5a39ff1e399527b6ddd8415f8b06ea838ff.jpg?fit=1140%2C513&ssl=1&resize=1050%2C600 3x"},"classes":[]},{"id":25397,"url":"https:\/\/larevistadigital.com.ar\/blog\/cnel-dorrego-un-muerto-tras-explosion-en-rotiseria\/","url_meta":{"origin":2279,"position":2},"title":"CNEL. DORREGO: UN MUERTO TRAS EXPLOSI\u00d3N EN ROTISER\u00cdA","author":"Alejandro Sosa Ruda","date":"24 mayo, 2022","format":false,"excerpt":"Una persona muri\u00f3 este martes luego de registrarse una explosi\u00f3n en un local que funcionaba como rotiser\u00eda y poller\u00eda ubicado en el balneario de Oriente, en el partido bonaerense de Coronel Dorrego, y de acuerdo a las investigaciones preliminares fue resultado de una fuga de gas, seg\u00fan informaron fuentes policiales.\u2026","rel":"","context":"En \u00abINTERES GENERAL\u00bb","block_context":{"text":"INTERES GENERAL","link":"https:\/\/larevistadigital.com.ar\/blog\/category\/interes-general\/"},"img":{"alt_text":"","src":"https:\/\/i0.wp.com\/larevistadigital.com.ar\/blog\/wp-content\/uploads\/20220524161827_explosion-polleria-oriente.png?fit=880%2C512&ssl=1&resize=350%2C200","width":350,"height":200,"srcset":"https:\/\/i0.wp.com\/larevistadigital.com.ar\/blog\/wp-content\/uploads\/20220524161827_explosion-polleria-oriente.png?fit=880%2C512&ssl=1&resize=350%2C200 1x, https:\/\/i0.wp.com\/larevistadigital.com.ar\/blog\/wp-content\/uploads\/20220524161827_explosion-polleria-oriente.png?fit=880%2C512&ssl=1&resize=525%2C300 1.5x, https:\/\/i0.wp.com\/larevistadigital.com.ar\/blog\/wp-content\/uploads\/20220524161827_explosion-polleria-oriente.png?fit=880%2C512&ssl=1&resize=700%2C400 2x"},"classes":[]},{"id":35368,"url":"https:\/\/larevistadigital.com.ar\/blog\/mar-del-plata-preocupacion-fuerte-crecida-del-mar-y-grandes-olas-sin-danos-estructurales\/","url_meta":{"origin":2279,"position":3},"title":"MAR DEL PLATA: PREOCUPACI\u00d3N&#8230;FUERTE CRECIDA DEL MAR, Y GRANDES OLAS SIN DA\u00d1OS ESTRUCTURALES","author":"Alejandro Sosa Ruda","date":"5 marzo, 2024","format":false,"excerpt":"Se mantienen las expectativas por las repercusiones que puede generar en la ciudad un cicl\u00f3n extratropical que se desarrolla dentro del oc\u00e9ano Atl\u00e1ntico. Especialistas indican que \u201cel efecto m\u00e1s fuerte deber\u00eda ser no mucho m\u00e1s all\u00e1 de la madrugada de este martes\u201d. En la zona de Mogotes el agua lleg\u00f3\u2026","rel":"","context":"En \u00abREGIONALES\u00bb","block_context":{"text":"REGIONALES","link":"https:\/\/larevistadigital.com.ar\/blog\/category\/regionales\/"},"img":{"alt_text":"","src":"https:\/\/i0.wp.com\/larevistadigital.com.ar\/blog\/wp-content\/uploads\/Captura-de-pantalla-2024-03-05-083625.png?fit=806%2C444&ssl=1&resize=350%2C200","width":350,"height":200,"srcset":"https:\/\/i0.wp.com\/larevistadigital.com.ar\/blog\/wp-content\/uploads\/Captura-de-pantalla-2024-03-05-083625.png?fit=806%2C444&ssl=1&resize=350%2C200 1x, https:\/\/i0.wp.com\/larevistadigital.com.ar\/blog\/wp-content\/uploads\/Captura-de-pantalla-2024-03-05-083625.png?fit=806%2C444&ssl=1&resize=525%2C300 1.5x, https:\/\/i0.wp.com\/larevistadigital.com.ar\/blog\/wp-content\/uploads\/Captura-de-pantalla-2024-03-05-083625.png?fit=806%2C444&ssl=1&resize=700%2C400 2x"},"classes":[]},{"id":11322,"url":"https:\/\/larevistadigital.com.ar\/blog\/dolores-violento-accidente-en-quadri-y-bucetich\/","url_meta":{"origin":2279,"position":4},"title":"DOLORES: VIOLENTO ACCIDENTE EN QUADRI Y BUCETICH","author":"Alejandro Sosa Ruda","date":"16 julio, 2019","format":false,"excerpt":"En la madrugada de ayer se produjo un fuerte accidente de tr\u00e1nsito en la ciudad. En esta oportunidad fue en la esquina de las calles Ing. Quadri y Vucetich; cuando por causas que se tratan de establecer chocaron un Peugeot 408 y una camioneta Ford Ranger. Afortunadamente y pese al\u2026","rel":"","context":"En \u00abREGIONALES\u00bb","block_context":{"text":"REGIONALES","link":"https:\/\/larevistadigital.com.ar\/blog\/category\/regionales\/"},"img":{"alt_text":"","src":"https:\/\/i0.wp.com\/larevistadigital.com.ar\/blog\/wp-content\/uploads\/Accidente1-Noticiero-Diario.jpg?fit=700%2C525&ssl=1&resize=350%2C200","width":350,"height":200,"srcset":"https:\/\/i0.wp.com\/larevistadigital.com.ar\/blog\/wp-content\/uploads\/Accidente1-Noticiero-Diario.jpg?fit=700%2C525&ssl=1&resize=350%2C200 1x, https:\/\/i0.wp.com\/larevistadigital.com.ar\/blog\/wp-content\/uploads\/Accidente1-Noticiero-Diario.jpg?fit=700%2C525&ssl=1&resize=525%2C300 1.5x, https:\/\/i0.wp.com\/larevistadigital.com.ar\/blog\/wp-content\/uploads\/Accidente1-Noticiero-Diario.jpg?fit=700%2C525&ssl=1&resize=700%2C400 2x"},"classes":[]},{"id":34483,"url":"https:\/\/larevistadigital.com.ar\/blog\/ruta-3-incendio-de-un-camion-que-provoco-una-fuerte-explosion-que-afecto-a-un-micro\/","url_meta":{"origin":2279,"position":5},"title":"RUTA 3: INCENDIO DE UN CAMI\u00d3N QUE PROVOC\u00d3 UNA FUERTE EXPLOSI\u00d3N QUE AFECT\u00d3 A UN MICRO","author":"Alejandro Sosa Ruda","date":"10 noviembre, 2023","format":false,"excerpt":"El micro sufri\u00f3 la rotura de cuatro ventanales. Afortunadamente, no se reportaron heridos entre los pasajeros del micro, que se hab\u00eda salido de la ciudad de Azul y se dirig\u00eda a La Plata. 10 de Noviembre de 2023 LAS FLORES -\u00a0 En la ma\u00f1ana de este jueves aproximadamente a las\u2026","rel":"","context":"En \u00abPOLICIALES\u00bb","block_context":{"text":"POLICIALES","link":"https:\/\/larevistadigital.com.ar\/blog\/category\/policiales\/"},"img":{"alt_text":"","src":"https:\/\/i0.wp.com\/larevistadigital.com.ar\/blog\/wp-content\/uploads\/20231109180711_camion.jpg?fit=880%2C512&ssl=1&resize=350%2C200","width":350,"height":200,"srcset":"https:\/\/i0.wp.com\/larevistadigital.com.ar\/blog\/wp-content\/uploads\/20231109180711_camion.jpg?fit=880%2C512&ssl=1&resize=350%2C200 1x, https:\/\/i0.wp.com\/larevistadigital.com.ar\/blog\/wp-content\/uploads\/20231109180711_camion.jpg?fit=880%2C512&ssl=1&resize=525%2C300 1.5x, https:\/\/i0.wp.com\/larevistadigital.com.ar\/blog\/wp-content\/uploads\/20231109180711_camion.jpg?fit=880%2C512&ssl=1&resize=700%2C400 2x"},"classes":[]}],"_links":{"self":[{"href":"https:\/\/larevistadigital.com.ar\/blog\/wp-json\/wp\/v2\/posts\/2279","targetHints":{"allow":["GET"]}}],"collection":[{"href":"https:\/\/larevistadigital.com.ar\/blog\/wp-json\/wp\/v2\/posts"}],"about":[{"href":"https:\/\/larevistadigital.com.ar\/blog\/wp-json\/wp\/v2\/types\/post"}],"author":[{"embeddable":true,"href":"https:\/\/larevistadigital.com.ar\/blog\/wp-json\/wp\/v2\/users\/3"}],"replies":[{"embeddable":true,"href":"https:\/\/larevistadigital.com.ar\/blog\/wp-json\/wp\/v2\/comments?post=2279"}],"version-history":[{"count":1,"href":"https:\/\/larevistadigital.com.ar\/blog\/wp-json\/wp\/v2\/posts\/2279\/revisions"}],"predecessor-version":[{"id":2281,"href":"https:\/\/larevistadigital.com.ar\/blog\/wp-json\/wp\/v2\/posts\/2279\/revisions\/2281"}],"wp:featuredmedia":[{"embeddable":true,"href":"https:\/\/larevistadigital.com.ar\/blog\/wp-json\/wp\/v2\/media\/2280"}],"wp:attachment":[{"href":"https:\/\/larevistadigital.com.ar\/blog\/wp-json\/wp\/v2\/media?parent=2279"}],"wp:term":[{"taxonomy":"category","embeddable":true,"href":"https:\/\/larevistadigital.com.ar\/blog\/wp-json\/wp\/v2\/categories?post=2279"},{"taxonomy":"post_tag","embeddable":true,"href":"https:\/\/larevistadigital.com.ar\/blog\/wp-json\/wp\/v2\/tags?post=2279"}],"curies":[{"name":"wp","href":"https:\/\/api.w.org\/{rel}","templated":true}]}}