{"id":228,"date":"2017-02-13T02:52:50","date_gmt":"2017-02-13T02:52:50","guid":{"rendered":"https:\/\/larevistadigital.com.ar\/blog\/?p=228"},"modified":"2017-02-13T02:52:50","modified_gmt":"2017-02-13T02:52:50","slug":"tinder-trans-la-nueva-opcion-la-popular-app-citas","status":"publish","type":"post","link":"https:\/\/larevistadigital.com.ar\/blog\/tinder-trans-la-nueva-opcion-la-popular-app-citas\/","title":{"rendered":"Tinder trans: la nueva opci\u00f3n de la popular app de citas"},"content":{"rendered":"<h2><strong><em>La iniciativa es una estrategia para frenar el bullying y fue celebrada por los activistas como un ejemplo a seguir en todas las redes sociales<\/em><\/strong><\/h2>\n<p><strong>N<\/strong><strong>UEVA YORK.- <\/strong>Una nueva actualizaci\u00f3n de <strong>Tinder<\/strong>, popular aplicaci\u00f3n de citas y encuentros, permite a los usuarios elegir la opci\u00f3n transg\u00e9nero entre una amplia variedad de otras identidades de g\u00e9nero no binarias.<\/p>\n<p>La iniciativa, que forma parte de una avanzada para frenar el persistente acoso que sufren los usuarios trans, fue celebrada por los activistas de esa comunidad como un ejemplo a seguir por otras redes sociales.<\/p>\n<p>Los ejecutivos de <strong>Tinder <\/strong>se anoticiaron del problema del acoso hace unos siete meses, seg\u00fan cuenta <strong>Sean Rad<\/strong>, director ejecutivo de la red social. <strong>Rad<\/strong> dice que el abuso sol\u00eda manifestarse de dos maneras: o eran personas transg\u00e9nero abusadas verbalmente por usuarios con los que se contactaban o los propios transg\u00e9nero denunciados como abusivos contra otras personas <strong><em>\u00abpor el simple hecho de ser quienes eran y no necesariamente por lo que dec\u00edan o hac\u00edan\u00bb.<\/em><\/strong><\/p>\n<p>Esas denuncias o reportes de abuso muchas veces implicaban que las personas trans fuesen bloqueadas del servicio por el algoritmo del sitio. <strong><em>\u00abLos que reciben cierta cantidad de denuncias entran en una casilla de castigo\u00bb<\/em><\/strong>, dice <strong>Rad.<\/strong><\/p>\n<p>La iniciativa de permitir que los usuarios trans se identifiquen en tanto tales se propone <strong><em>\u00abpermitirles interactuar con personas que los acepten tal cual son\u00bb<\/em><\/strong>, dice <strong>Rad.<\/strong><\/p>\n<p>La empresa tambi\u00e9n ha tomado otras medidas, incluyendo capacitaci\u00f3n para su personal en c\u00f3mo lidiar con las denuncias de acoso de las personas trans.<\/p>\n<p>Antes, la aplicaci\u00f3n les permit\u00eda a los usuarios elegir entre dos g\u00e9neros -hombre o mujer-, pero ahora esas opciones ser\u00e1n casi 40, entre ellas mujer transg\u00e9nero, hombre transg\u00e9nero, transmasculino, dos esp\u00edritus (berdache), no-binario y muchas m\u00e1s. Y los inconformistas absolutos tienen la opci\u00f3n de inscribir el g\u00e9nero de su propia autor\u00eda.<\/p>\n<p>La actualizaci\u00f3n ya fue lanzada, tras consultas con l\u00edderes de la comunidad trans y otras figuras transg\u00e9nero, incluidos los activistas <strong>Andrea James, Nick Adams<\/strong> y varias figuras del mundo del espect\u00e1culo vinculadas con la galardonada serie de <strong>Amazon Transparent<\/strong>, como la actriz <strong>Trace Lysette<\/strong>, el m\u00fasico <strong>Our Lady J y Zackary Drucker<\/strong>, productor del programa.<\/p>\n<p><strong><em>\u00abLas categor\u00edas de g\u00e9nero est\u00e1n en expansi\u00f3n\u00bb,<\/em><\/strong> dice <strong>Drucker<\/strong>, quien calific\u00f3 la actualizaci\u00f3n como un reflejo del cambio de actitud de la sociedad hacia las personas trans. <strong><em>\u00abSomos parte de la sociedad y tenemos encuentros y citas como cualquiera.\u00bb<\/em><\/strong><\/p>\n<p><strong>Drucker<\/strong> y <strong>James<\/strong> dicen que esperan que la actualizaci\u00f3n haga m\u00e1s f\u00e1cil y m\u00e1s segura la b\u00fasqueda del amor para los trans. Las personas transg\u00e9nero enfrentan niveles de violencia mucho m\u00e1s altos que el resto de la poblaci\u00f3n, en especial las mujeres negras transg\u00e9nero, y James dice que <strong><em>\u00abexiste el estereotipo de que en situaciones sexuales tratamos de enga\u00f1ar a la gente\u00bb.<\/em><\/strong><\/p>\n<p><strong><em>\u00abPara las personas trans, arreglar un encuentro v\u00eda una aplicaci\u00f3n como Tinder suele ser lo m\u00e1s seguro\u00bb, dice James. \u00abMe da mucha m\u00e1s seguridad conectarme con alguien online que con alguien que se me acerca en un bar o un boliche.\u00bb<\/em><\/strong><\/p>\n<p><strong>Drucker<\/strong> dice que <strong><em>\u00abrevelar la condici\u00f3n trans de un x siempre es motivo de angustia\u00bb<\/em><\/strong>, por miedo al rechazo o a la violencia. Por eso algunas personas prefieren revelar su condici\u00f3n a trav\u00e9s de un mensaje de texto antes que hacerlo cara a cara, seg\u00fan explica <strong>Drucker<\/strong>.<\/p>\n<p><strong>Rad<\/strong> dice que el elemento <strong><em>\u00abmenos visible pero de mayor impacto\u00bb<\/em><\/strong> de la actualizaci\u00f3n de <strong>Tinder<\/strong> es su potencial para terminar con el acoso y el abuso en el servicio, especialmente el acoso sexual que sufren las mujeres. Rad dice que ese objetivo es <strong><em>\u00abterminar con el lenguaje de vestuario\u00bb<\/em><\/strong>.<\/p>\n<p><strong><em>\u00abRetrabajamos y reescribimos por completo nuestro algoritmo y dem\u00e1s herramientas de moderaci\u00f3n\u00bb, dice Rad. \u00abAhora estamos en mejores condiciones que nunca para detectar el abuso, priorizar las denuncias y consultas por abuso y acoso, y reacciones al instante para bloquear a los usuarios abusadores.\u00bb <\/em><\/strong>Esta iniciativa contra el acoso en <strong>Tinder<\/strong> llega cuando otras redes sociales enfrentan problemas para responder al mismo asunto en sus plataformas. En especial <strong>Twitter<\/strong>, que est\u00e1 siendo severamente criticado por los usuarios como una guarida de acosadores antisemitas, racistas y mis\u00f3ginos.<\/p>\n<p><strong>Drucker<\/strong> califica este proyecto de varios meses de duraci\u00f3n para resolver el problema del abuso contra las personas trans en Tinder como <strong><em>\u00abun ejemplo de inclusi\u00f3n\u00bb<\/em><\/strong>, y dice esperar que sirva de modelo a otras empresas de tecnolog\u00eda. <strong>Tinder<\/strong> es la aplicaci\u00f3n de citas y encuentros m\u00e1s popular del mundo y se jacta de concretar unos 26 millones de nuevos \u00abenganches\u00bb por d\u00eda, con un total de 20.000 millones desde su lanzamiento, en 2012. Por eso <strong>Rad<\/strong> piensa que la empresa tiene la responsabilidad de proteger a sus usuarios del veneno que destilan otros. <strong><em>\u00abParte del problema se debe a que muchas plataformas tecnol\u00f3gicas prefieren mantenerse al margen de estos problemas tan complejos para no perder a sus usuarios\u00bb<\/em><\/strong>, dice <strong>Rad<\/strong>. <strong><em>\u00abPara nosotros es muy importante involucrarnos por el rumbo que est\u00e1 tomando actualmente el mundo, con todas estas divisiones. Por eso es que nos parece fundamental dar un paso al frente y hacer un gesto contundente a favor de la inclusi\u00f3n y la aceptaci\u00f3n del otro\u00bb.<\/em><\/strong><\/p>\n<p><strong>Traducci\u00f3n de Jaime Arrambide<\/strong><a href=\"https:\/\/i0.wp.com\/larevistadigital.com.ar\/blog\/wp-content\/uploads\/2017\/02\/trans1.jpg?ssl=1\"><img data-recalc-dims=\"1\" loading=\"lazy\" decoding=\"async\" class=\"alignnone size-medium wp-image-229\" src=\"https:\/\/i0.wp.com\/larevistadigital.com.ar\/blog\/wp-content\/uploads\/2017\/02\/trans1.jpg?resize=300%2C169&#038;ssl=1\" alt=\"\" width=\"300\" height=\"169\" srcset=\"https:\/\/i0.wp.com\/larevistadigital.com.ar\/blog\/wp-content\/uploads\/2017\/02\/trans1.jpg?resize=300%2C169&amp;ssl=1 300w, https:\/\/i0.wp.com\/larevistadigital.com.ar\/blog\/wp-content\/uploads\/2017\/02\/trans1.jpg?resize=768%2C432&amp;ssl=1 768w, https:\/\/i0.wp.com\/larevistadigital.com.ar\/blog\/wp-content\/uploads\/2017\/02\/trans1.jpg?resize=1024%2C576&amp;ssl=1 1024w, https:\/\/i0.wp.com\/larevistadigital.com.ar\/blog\/wp-content\/uploads\/2017\/02\/trans1.jpg?resize=678%2C381&amp;ssl=1 678w, https:\/\/i0.wp.com\/larevistadigital.com.ar\/blog\/wp-content\/uploads\/2017\/02\/trans1.jpg?w=1200&amp;ssl=1 1200w\" sizes=\"auto, (max-width: 300px) 100vw, 300px\" \/><\/a><\/p>\n","protected":false},"excerpt":{"rendered":"<div class=\"mh-excerpt\"><p>La iniciativa es una estrategia para frenar el bullying y fue celebrada por los activistas como un ejemplo a seguir en todas las redes sociales NUEVA YORK.- Una nueva actualizaci\u00f3n de Tinder, popular aplicaci\u00f3n de <a class=\"mh-excerpt-more\" href=\"https:\/\/larevistadigital.com.ar\/blog\/tinder-trans-la-nueva-opcion-la-popular-app-citas\/\" title=\"Tinder trans: la nueva opci\u00f3n de la popular app de citas\">[Leer M\u00e1s]<\/a><\/p>\n<\/div>","protected":false},"author":2,"featured_media":229,"comment_status":"open","ping_status":"open","sticky":false,"template":"","format":"standard","meta":{"_jetpack_memberships_contains_paid_content":false,"footnotes":"","jetpack_publicize_message":"","jetpack_publicize_feature_enabled":true,"jetpack_social_post_already_shared":false,"jetpack_social_options":{"image_generator_settings":{"template":"highway","default_image_id":0,"font":"","enabled":false},"version":2}},"categories":[15],"tags":[],"class_list":{"0":"post-228","1":"post","2":"type-post","3":"status-publish","4":"format-standard","5":"has-post-thumbnail","7":"category-cultura"},"jetpack_publicize_connections":[],"jetpack_featured_media_url":"https:\/\/i0.wp.com\/larevistadigital.com.ar\/blog\/wp-content\/uploads\/2017\/02\/trans1.jpg?fit=1200%2C675&ssl=1","jetpack_sharing_enabled":true,"jetpack_shortlink":"https:\/\/wp.me\/p8qtrQ-3G","jetpack-related-posts":[{"id":13973,"url":"https:\/\/larevistadigital.com.ar\/blog\/excelente-iniciativa-surge-en-las-redes-un-reto-viral-que-invita-a-limpiar-lugares-llenos-de-basura\/","url_meta":{"origin":228,"position":0},"title":"EXCELENTE INICIATIVA: SURGE EN LAS REDES UN RETO VIRAL QUE INVITA A LIMPIAR LUGARES LLENOS DE BASURA","author":"Alejandro Sosa Ruda","date":"4 enero, 2020","format":false,"excerpt":"Nuestro lector y amigo, Marcos Alejandro Pecotche\u00a0 comparti\u00f3 una interesante noticia en su perfil de facebook. Nosotros decidimos publicarla porque nos pareci\u00f3 un verdadero ejemplo a seguir, recordando que en Chascom\u00fas se hizo por idea e iniciativa del coifeur Nico Xanc\u00f3.Los participantes del reto deben compartir en redes fotograf\u00edas del\u2026","rel":"","context":"En \u00abINTERES GENERAL\u00bb","block_context":{"text":"INTERES GENERAL","link":"https:\/\/larevistadigital.com.ar\/blog\/category\/interes-general\/"},"img":{"alt_text":"","src":"https:\/\/i0.wp.com\/larevistadigital.com.ar\/blog\/wp-content\/uploads\/7946-1024x519.jpg?fit=1024%2C519&ssl=1&resize=350%2C200","width":350,"height":200,"srcset":"https:\/\/i0.wp.com\/larevistadigital.com.ar\/blog\/wp-content\/uploads\/7946-1024x519.jpg?fit=1024%2C519&ssl=1&resize=350%2C200 1x, https:\/\/i0.wp.com\/larevistadigital.com.ar\/blog\/wp-content\/uploads\/7946-1024x519.jpg?fit=1024%2C519&ssl=1&resize=525%2C300 1.5x, https:\/\/i0.wp.com\/larevistadigital.com.ar\/blog\/wp-content\/uploads\/7946-1024x519.jpg?fit=1024%2C519&ssl=1&resize=700%2C400 2x"},"classes":[]},{"id":41052,"url":"https:\/\/larevistadigital.com.ar\/blog\/escobar-imputan-a-candidato-de-la-libertad-avanza-por-acoso-sexual-a-una-menor\/","url_meta":{"origin":228,"position":1},"title":"Escobar: Imputan a candidato de La Libertad Avanza por acoso sexual a una menor","author":"Alejandro Sosa Ruda","date":"22 agosto, 2025","format":false,"excerpt":"Sergio \u00c1lvarez, asesor del bloque de La Libertad Avanza en el Concejo Deliberante de Escobar y s\u00e9ptimo en la lista de candidatos a Concejales, fue imputado por acoso sexual digital a una adolescente de 14 a\u00f1os. Tras el avance de la causa, present\u00f3 la renuncia a su cargo y a\u2026","rel":"","context":"En \u00abINTERES GENERAL\u00bb","block_context":{"text":"INTERES GENERAL","link":"https:\/\/larevistadigital.com.ar\/blog\/category\/interes-general\/"},"img":{"alt_text":"","src":"https:\/\/i0.wp.com\/larevistadigital.com.ar\/blog\/wp-content\/uploads\/20250821113855_candidato-lla-imputado-acoso-sexual-menor.jpg?fit=880%2C512&ssl=1&resize=350%2C200","width":350,"height":200,"srcset":"https:\/\/i0.wp.com\/larevistadigital.com.ar\/blog\/wp-content\/uploads\/20250821113855_candidato-lla-imputado-acoso-sexual-menor.jpg?fit=880%2C512&ssl=1&resize=350%2C200 1x, https:\/\/i0.wp.com\/larevistadigital.com.ar\/blog\/wp-content\/uploads\/20250821113855_candidato-lla-imputado-acoso-sexual-menor.jpg?fit=880%2C512&ssl=1&resize=525%2C300 1.5x, https:\/\/i0.wp.com\/larevistadigital.com.ar\/blog\/wp-content\/uploads\/20250821113855_candidato-lla-imputado-acoso-sexual-menor.jpg?fit=880%2C512&ssl=1&resize=700%2C400 2x"},"classes":[]},{"id":34445,"url":"https:\/\/larevistadigital.com.ar\/blog\/34445-2\/","url_meta":{"origin":228,"position":2},"title":"El caso fue caratulado como\u2026","author":"Alejandro Sosa Ruda","date":"8 noviembre, 2023","format":false,"excerpt":"El caso fue caratulado como grooming ya que la madre de uno de los ni\u00f1os cont\u00f3 que\u00a0encontr\u00f3 conversaciones entre su hijo y la docente en el perfil de Instagram del ni\u00f1o y en la aplicaci\u00f3n de mensajer\u00eda WhatsApp donde la trataba como si \"fuera su novia\". 8 de Noviembre de\u2026","rel":"","context":"En \u00abINTERES GENERAL\u00bb","block_context":{"text":"INTERES GENERAL","link":"https:\/\/larevistadigital.com.ar\/blog\/category\/interes-general\/"},"img":{"alt_text":"","src":"https:\/\/i0.wp.com\/larevistadigital.com.ar\/blog\/wp-content\/uploads\/634ed8bb975fe_1200.jpg?fit=1200%2C675&ssl=1&resize=350%2C200","width":350,"height":200,"srcset":"https:\/\/i0.wp.com\/larevistadigital.com.ar\/blog\/wp-content\/uploads\/634ed8bb975fe_1200.jpg?fit=1200%2C675&ssl=1&resize=350%2C200 1x, https:\/\/i0.wp.com\/larevistadigital.com.ar\/blog\/wp-content\/uploads\/634ed8bb975fe_1200.jpg?fit=1200%2C675&ssl=1&resize=525%2C300 1.5x, https:\/\/i0.wp.com\/larevistadigital.com.ar\/blog\/wp-content\/uploads\/634ed8bb975fe_1200.jpg?fit=1200%2C675&ssl=1&resize=700%2C400 2x, https:\/\/i0.wp.com\/larevistadigital.com.ar\/blog\/wp-content\/uploads\/634ed8bb975fe_1200.jpg?fit=1200%2C675&ssl=1&resize=1050%2C600 3x"},"classes":[]},{"id":8498,"url":"https:\/\/larevistadigital.com.ar\/blog\/facebook-te-buscara-pareja-si-estas-solo-a\/","url_meta":{"origin":228,"position":3},"title":"FACEBOOK TE BUSCARA PAREJA, SI ESTAS SOLO\/A","author":"Alejandro Sosa Ruda","date":"16 febrero, 2019","format":false,"excerpt":"La red social ha implementado una herramienta en la que los usuarios podr\u00e1n crear por separado un \u201cperfil de citas\u201d distinto del perfil de su p\u00e1gina. Como ya se hab\u00eda anunciado hace varios meses, por fin la plataforma social Facebook lanz\u00f3 en Canad\u00e1 su nuevo servicio para buscar pareja, llamado\u2026","rel":"","context":"En \u00abPOLITICA\u00bb","block_context":{"text":"POLITICA","link":"https:\/\/larevistadigital.com.ar\/blog\/category\/politica\/"},"img":{"alt_text":"","src":"https:\/\/i0.wp.com\/larevistadigital.com.ar\/blog\/wp-content\/uploads\/2019\/02\/1525296461_397185_1525296718_noticia_normal.jpg?fit=1200%2C675&ssl=1&resize=350%2C200","width":350,"height":200,"srcset":"https:\/\/i0.wp.com\/larevistadigital.com.ar\/blog\/wp-content\/uploads\/2019\/02\/1525296461_397185_1525296718_noticia_normal.jpg?fit=1200%2C675&ssl=1&resize=350%2C200 1x, https:\/\/i0.wp.com\/larevistadigital.com.ar\/blog\/wp-content\/uploads\/2019\/02\/1525296461_397185_1525296718_noticia_normal.jpg?fit=1200%2C675&ssl=1&resize=525%2C300 1.5x, https:\/\/i0.wp.com\/larevistadigital.com.ar\/blog\/wp-content\/uploads\/2019\/02\/1525296461_397185_1525296718_noticia_normal.jpg?fit=1200%2C675&ssl=1&resize=700%2C400 2x, https:\/\/i0.wp.com\/larevistadigital.com.ar\/blog\/wp-content\/uploads\/2019\/02\/1525296461_397185_1525296718_noticia_normal.jpg?fit=1200%2C675&ssl=1&resize=1050%2C600 3x"},"classes":[]},{"id":777,"url":"https:\/\/larevistadigital.com.ar\/blog\/foro-vecinal-seguridad-se-reune-los-vecinos-del-barrio-obispado-donde-siguen-los-robos\/","url_meta":{"origin":228,"position":4},"title":"El Foro Vecinal de Seguridad se re\u00fane con los vecinos del barrio Obispado, donde siguen los robos","author":"editor","date":"8 marzo, 2017","format":false,"excerpt":"El Foro Vecinal de Seguridad, presidido por Sonia Cabrera, mantuvo una reuni\u00f3n con vecinos del barrio \u201cObispado\u201d. Como se sabe, en dicho sector de la ciudad proliferaron los robos en los \u00faltimos d\u00edas, en particular ocurri\u00f3 en las noches de corsos. Ayer tambi\u00e9n se conocieron nuevos hechos delictivos en un\u2026","rel":"","context":"En \u00abCHASCOM\u00daS\u00bb","block_context":{"text":"CHASCOM\u00daS","link":"https:\/\/larevistadigital.com.ar\/blog\/category\/chascomus\/"},"img":{"alt_text":"","src":"https:\/\/i0.wp.com\/larevistadigital.com.ar\/blog\/wp-content\/uploads\/2017\/03\/nota-925756-martin-larralde-tengo-dudas-ganamos-paso-agosto-130805072335.jpg?fit=800%2C751&ssl=1&resize=350%2C200","width":350,"height":200,"srcset":"https:\/\/i0.wp.com\/larevistadigital.com.ar\/blog\/wp-content\/uploads\/2017\/03\/nota-925756-martin-larralde-tengo-dudas-ganamos-paso-agosto-130805072335.jpg?fit=800%2C751&ssl=1&resize=350%2C200 1x, https:\/\/i0.wp.com\/larevistadigital.com.ar\/blog\/wp-content\/uploads\/2017\/03\/nota-925756-martin-larralde-tengo-dudas-ganamos-paso-agosto-130805072335.jpg?fit=800%2C751&ssl=1&resize=525%2C300 1.5x, https:\/\/i0.wp.com\/larevistadigital.com.ar\/blog\/wp-content\/uploads\/2017\/03\/nota-925756-martin-larralde-tengo-dudas-ganamos-paso-agosto-130805072335.jpg?fit=800%2C751&ssl=1&resize=700%2C400 2x"},"classes":[]},{"id":37970,"url":"https:\/\/larevistadigital.com.ar\/blog\/gremios-e-intendentes-organizan-protesta-contra-la-gestion-de-milei\/","url_meta":{"origin":228,"position":5},"title":"Gremios e intendentes organizan protesta contra la gesti\u00f3n de Milei","author":"Alejandro Sosa Ruda","date":"23 noviembre, 2024","format":false,"excerpt":"Las dos Centrales de Trabajadores Argentinos (CTA Aut\u00f3noma y CTA de los Trabajadores) se reunieron con intendentes del conurbano bonaerense para sumar su apoyo a una movilizaci\u00f3n contra las pol\u00edticas del presidente Javier Milei. 23 de Noviembre de 2024 BUENOS AIRES -\u00a0 En el marco de una serie de encuentros\u2026","rel":"","context":"En \u00abATAQUE DE RADIO\u00bb","block_context":{"text":"ATAQUE DE RADIO","link":"https:\/\/larevistadigital.com.ar\/blog\/category\/ataque-de-radio\/"},"img":{"alt_text":"","src":"https:\/\/i0.wp.com\/larevistadigital.com.ar\/blog\/wp-content\/uploads\/20241122152955_cta-intendentes-conurbano-movilizacion-contra-milei.jpg?fit=880%2C512&ssl=1&resize=350%2C200","width":350,"height":200,"srcset":"https:\/\/i0.wp.com\/larevistadigital.com.ar\/blog\/wp-content\/uploads\/20241122152955_cta-intendentes-conurbano-movilizacion-contra-milei.jpg?fit=880%2C512&ssl=1&resize=350%2C200 1x, https:\/\/i0.wp.com\/larevistadigital.com.ar\/blog\/wp-content\/uploads\/20241122152955_cta-intendentes-conurbano-movilizacion-contra-milei.jpg?fit=880%2C512&ssl=1&resize=525%2C300 1.5x, https:\/\/i0.wp.com\/larevistadigital.com.ar\/blog\/wp-content\/uploads\/20241122152955_cta-intendentes-conurbano-movilizacion-contra-milei.jpg?fit=880%2C512&ssl=1&resize=700%2C400 2x"},"classes":[]}],"_links":{"self":[{"href":"https:\/\/larevistadigital.com.ar\/blog\/wp-json\/wp\/v2\/posts\/228","targetHints":{"allow":["GET"]}}],"collection":[{"href":"https:\/\/larevistadigital.com.ar\/blog\/wp-json\/wp\/v2\/posts"}],"about":[{"href":"https:\/\/larevistadigital.com.ar\/blog\/wp-json\/wp\/v2\/types\/post"}],"author":[{"embeddable":true,"href":"https:\/\/larevistadigital.com.ar\/blog\/wp-json\/wp\/v2\/users\/2"}],"replies":[{"embeddable":true,"href":"https:\/\/larevistadigital.com.ar\/blog\/wp-json\/wp\/v2\/comments?post=228"}],"version-history":[{"count":1,"href":"https:\/\/larevistadigital.com.ar\/blog\/wp-json\/wp\/v2\/posts\/228\/revisions"}],"predecessor-version":[{"id":230,"href":"https:\/\/larevistadigital.com.ar\/blog\/wp-json\/wp\/v2\/posts\/228\/revisions\/230"}],"wp:featuredmedia":[{"embeddable":true,"href":"https:\/\/larevistadigital.com.ar\/blog\/wp-json\/wp\/v2\/media\/229"}],"wp:attachment":[{"href":"https:\/\/larevistadigital.com.ar\/blog\/wp-json\/wp\/v2\/media?parent=228"}],"wp:term":[{"taxonomy":"category","embeddable":true,"href":"https:\/\/larevistadigital.com.ar\/blog\/wp-json\/wp\/v2\/categories?post=228"},{"taxonomy":"post_tag","embeddable":true,"href":"https:\/\/larevistadigital.com.ar\/blog\/wp-json\/wp\/v2\/tags?post=228"}],"curies":[{"name":"wp","href":"https:\/\/api.w.org\/{rel}","templated":true}]}}