{"id":2282,"date":"2017-05-12T12:37:08","date_gmt":"2017-05-12T12:37:08","guid":{"rendered":"https:\/\/larevistadigital.com.ar\/blog\/?p=2282"},"modified":"2017-05-12T12:37:08","modified_gmt":"2017-05-12T12:37:08","slug":"los-partidarios-de-randazzo-negocian-de-manera-intensa-para-sumar-a-felipe-sola","status":"publish","type":"post","link":"https:\/\/larevistadigital.com.ar\/blog\/los-partidarios-de-randazzo-negocian-de-manera-intensa-para-sumar-a-felipe-sola\/","title":{"rendered":"LOS PARTIDARIOS DE RANDAZZO NEGOCIAN DE MANERA INTENSA PARA SUMAR A FELIPE SOLA"},"content":{"rendered":"<p>Desde el martes \u00faltimo, el equipo de <strong>Randazzo<\/strong> cuenta con un nuevo integrante: Nada menos que <strong>Alberto Fern\u00e1ndez<\/strong> es el nuevo jefe de campa\u00f1a del ex \u00a0ministro del interior.Fue la primera incorporaci\u00f3n resonante luego de que la mayor\u00eda de los dirigentes que forman parte del armado hayan asegurado en p\u00fablico sus intenciones de acompa\u00f1ar una posible candidatura del dirigente nacido en Chivilcoy.<\/p>\n<p>Obviamente, esta no ha sido la primera ni ser\u00e1 la \u00faltima incorporaci\u00f3n que har\u00e1n en el sector. Dirigentes de extrema confianza de <strong>Randazzo<\/strong> negocian con el ex gobernador bonaerense\u00a0<strong>Felipe Sol\u00e1<\/strong>\u00a0para que se sume al sector que impulsa la candidatura del ex funcionario.<\/p>\n<blockquote>\n<h3><strong>Sol\u00e1 forma parte del Frente Renovador (FR) que conduce Sergio Massa.<\/strong>\u00a0En el 2013 se convirti\u00f3 en diputado nacional, cargo que ocupa hasta el momento, y se posicion\u00f3 como uno de los dirigentes m\u00e1s importantes del espacio creado por el tigrense.de todas maneras, por estas horas, estar\u00eda analizando la posibilidad de \u00a0regresar al peronismo para apoyar la candidatura de <strong>Randazzo<\/strong>.<\/h3>\n<\/blockquote>\n<p>El ex ministro del Interior y el actual diputado mantienen una buena relaci\u00f3n desde hace casi dos d\u00e9cadas. Entre 2003 y 2007, <strong>Felipe Sol\u00e1<\/strong> gobern\u00f3 a la provincia de Buenos Aires. Durante ese tiempo, <strong>Randazzo fue <\/strong>jefe de Gabinete (2003-2004) y ministro de Gobierno (2004-2007).<strong>\u00a0Ese estrecho v\u00ednculo se mantuvo en el tiempo pese a las diferencias pol\u00edticas que los separaron.<\/strong><\/p>\n<p>El arribo de <strong>Sol\u00e1<\/strong> estar\u00eda cerca de concretarse aunque desde el sector de <strong>Randazzo<\/strong> prefieren esperar y avanzar en un acuerdo firme.<\/p>\n<p>Al parecer el randazzismo ha echado el ojo a otros dirigentes del Frente Renovador.\u00a0<strong>Facundo Moyano y H\u00e9ctor Daer<\/strong>\u00a0son dos de los diputados que buscan convencer para que sumen al nuevo espacio.<\/p>\n<p>Las negociaciones con uno de los l\u00edderes que tiene la CGT est\u00e1n avanzadas mientras que las charlas con el hijo de <strong>Hugo Moyano<\/strong> a\u00fan no prosperaron.<\/p>\n<blockquote>\n<h3>La intenci\u00f3n del ex ministro del Interior es ampliar la base de su nuevo espacio y buscar que se consolide la estructura antes de enfrentar las elecciones primarias. Hace poco m\u00e1s de dos semanas les pidi\u00f3 a los dirigentes que lo acompa\u00f1an que busquen sumar apoyos en esta etapa preelectoral.<\/h3>\n<\/blockquote>\n<p>Los apuntados no son solo dirigentes nacionales, sino tambi\u00e9n del interior de la Provincia. Intendentes, concejales y dirigentes sociales y sindicales. La intenci\u00f3n de <strong>Randazzo<\/strong> es sumar\u00a0<strong>la mayor cantidad de dirigentes antes de\u00a0las elecciones y as\u00ed fortalecer el espacio para enfrentar al kirchnerismo en las PASO.<\/strong><\/p>\n<p>En la tarde del jueves, el ex director del ARBA,\u00a0<strong>Santiago Montoya<\/strong>, hizo p\u00fablico su arribo al equipo de <strong>Randazzo<\/strong>. <strong><em>\u00abMe sumo a mi amigo Randazzo. Para desarrollar la Argentina desde un peronismo moderno, institucional, transformador\u00bb<\/em><\/strong>, escribi\u00f3 en su cuenta de Twitter.<\/p>\n<p><strong>FUENTE: INFOBAE <\/strong><\/p>\n<p>&nbsp;<\/p>\n<p>&nbsp;<\/p>\n","protected":false},"excerpt":{"rendered":"<div class=\"mh-excerpt\"><p>Desde el martes \u00faltimo, el equipo de Randazzo cuenta con un nuevo integrante: Nada menos que Alberto Fern\u00e1ndez es el nuevo jefe de campa\u00f1a del ex \u00a0ministro del interior.Fue la primera incorporaci\u00f3n resonante luego de <a class=\"mh-excerpt-more\" href=\"https:\/\/larevistadigital.com.ar\/blog\/los-partidarios-de-randazzo-negocian-de-manera-intensa-para-sumar-a-felipe-sola\/\" title=\"LOS PARTIDARIOS DE RANDAZZO NEGOCIAN DE MANERA INTENSA PARA SUMAR A FELIPE SOLA\">[Leer M\u00e1s]<\/a><\/p>\n<\/div>","protected":false},"author":3,"featured_media":2284,"comment_status":"open","ping_status":"open","sticky":false,"template":"","format":"standard","meta":{"_jetpack_memberships_contains_paid_content":false,"footnotes":"","jetpack_publicize_message":"","jetpack_publicize_feature_enabled":true,"jetpack_social_post_already_shared":true,"jetpack_social_options":{"image_generator_settings":{"template":"highway","default_image_id":0,"font":"","enabled":false},"version":2}},"categories":[41,12,24],"tags":[],"class_list":{"0":"post-2282","1":"post","2":"type-post","3":"status-publish","4":"format-standard","5":"has-post-thumbnail","7":"category-destacadas","8":"category-politica","9":"category-politica-provincial"},"jetpack_publicize_connections":[],"jetpack_featured_media_url":"https:\/\/i0.wp.com\/larevistadigital.com.ar\/blog\/wp-content\/uploads\/2017\/05\/randazzo-sola.jpg?fit=650%2C496&ssl=1","jetpack_sharing_enabled":true,"jetpack_shortlink":"https:\/\/wp.me\/p8qtrQ-AO","jetpack-related-posts":[{"id":2335,"url":"https:\/\/larevistadigital.com.ar\/blog\/randazzo-prepara-su-tropa-y-no-se-deja-amedrentar\/","url_meta":{"origin":2282,"position":0},"title":"RANDAZZO PREPARA SU TROPA Y NO SE DEJA AMEDRENTAR","author":"Alejandro Sosa Ruda","date":"9 junio, 2017","format":false,"excerpt":"Es tiempo de incertidumbre y dudas en el Partido Justicialista. Cristina a\u00fan no confirma su participaci\u00f3n en las pr\u00f3ximas elecciones, pero se especula que ir\u00eda encabezando un frente ciudadano, mientras que Florencio Randazzo no cede en su postura de participar de las PASO. Pese a que algunos kirchneristas supon\u00edan que,\u2026","rel":"","context":"En \u00abCHASCOM\u00daS\u00bb","block_context":{"text":"CHASCOM\u00daS","link":"https:\/\/larevistadigital.com.ar\/blog\/category\/chascomus\/"},"img":{"alt_text":"","src":"https:\/\/i0.wp.com\/larevistadigital.com.ar\/blog\/wp-content\/uploads\/2017\/06\/randazzo.jpg?fit=1200%2C831&ssl=1&resize=350%2C200","width":350,"height":200,"srcset":"https:\/\/i0.wp.com\/larevistadigital.com.ar\/blog\/wp-content\/uploads\/2017\/06\/randazzo.jpg?fit=1200%2C831&ssl=1&resize=350%2C200 1x, https:\/\/i0.wp.com\/larevistadigital.com.ar\/blog\/wp-content\/uploads\/2017\/06\/randazzo.jpg?fit=1200%2C831&ssl=1&resize=525%2C300 1.5x, https:\/\/i0.wp.com\/larevistadigital.com.ar\/blog\/wp-content\/uploads\/2017\/06\/randazzo.jpg?fit=1200%2C831&ssl=1&resize=700%2C400 2x, https:\/\/i0.wp.com\/larevistadigital.com.ar\/blog\/wp-content\/uploads\/2017\/06\/randazzo.jpg?fit=1200%2C831&ssl=1&resize=1050%2C600 3x"},"classes":[]},{"id":21871,"url":"https:\/\/larevistadigital.com.ar\/blog\/video-beatriz-de-leon-denuncio-en-redes-al-frente-de-todos-por-repartir-boletas-con-la-parte-provincial-de-randazzo\/","url_meta":{"origin":2282,"position":1},"title":"[VIDEO] BEATRIZ DE LE\u00d3N DENUNCI\u00d3 EN REDES AL FRENTE DE TODOS, POR REPARTIR BOLETAS CON LA PARTE PROVINCIAL DE RANDAZZO","author":"Alejandro Sosa Ruda","date":"6 septiembre, 2021","format":false,"excerpt":"CHASCOM\u00daS - La referente de Florencio Randazzo en Chascom\u00fas, y pre candidata a concejal por el frente \"Vamos Con Vos\", Mar\u00eda Beatriz De Le\u00f3n,\u00a0 hizo p\u00fablico un video, que tambi\u00e9n envi\u00f3 a nuestra redacci\u00f3n, donde denuncia el accionar de los candidatos del \"Frente de Todos\" que arman un conjunto conformado\u2026","rel":"","context":"En \u00abDESTACADAS\u00bb","block_context":{"text":"DESTACADAS","link":"https:\/\/larevistadigital.com.ar\/blog\/category\/destacadas\/"},"img":{"alt_text":"","src":"https:\/\/i0.wp.com\/larevistadigital.com.ar\/blog\/wp-content\/uploads\/Captura-28.png?fit=800%2C907&ssl=1&resize=350%2C200","width":350,"height":200,"srcset":"https:\/\/i0.wp.com\/larevistadigital.com.ar\/blog\/wp-content\/uploads\/Captura-28.png?fit=800%2C907&ssl=1&resize=350%2C200 1x, https:\/\/i0.wp.com\/larevistadigital.com.ar\/blog\/wp-content\/uploads\/Captura-28.png?fit=800%2C907&ssl=1&resize=525%2C300 1.5x, https:\/\/i0.wp.com\/larevistadigital.com.ar\/blog\/wp-content\/uploads\/Captura-28.png?fit=800%2C907&ssl=1&resize=700%2C400 2x"},"classes":[]},{"id":2490,"url":"https:\/\/larevistadigital.com.ar\/blog\/massa-espera-la-decision-de-cristina-para-confirmar-la-lista-en-la-provincia-de-buenos-aires\/","url_meta":{"origin":2282,"position":2},"title":"MASSA ESPERA LA DECISI\u00d3N DE CRISTINA PARA CONFIRMAR LA LISTA EN LA PROVINCIA DE BUENOS AIRES","author":"Alejandro Sosa Ruda","date":"23 junio, 2017","format":false,"excerpt":"Graciela Caama\u00f1o, diputada y jefa de campa\u00f1a de 1pa\u00eds, asegur\u00f3 que el l\u00edder de ese espacio, Sergio Massa va a esperar \"a que defina La C\u00e1mpora y su jefa Cristina\" Kirchner para hablar de las candidaturas en la provincia de Buenos Aires. Si bien, esto podr\u00eda terminar con una candidatura\u2026","rel":"","context":"En \u00abDESTACADAS\u00bb","block_context":{"text":"DESTACADAS","link":"https:\/\/larevistadigital.com.ar\/blog\/category\/destacadas\/"},"img":{"alt_text":"","src":"https:\/\/i0.wp.com\/larevistadigital.com.ar\/blog\/wp-content\/uploads\/2017\/06\/594d80f832ac6_658_357.jpg?fit=658%2C357&ssl=1&resize=350%2C200","width":350,"height":200,"srcset":"https:\/\/i0.wp.com\/larevistadigital.com.ar\/blog\/wp-content\/uploads\/2017\/06\/594d80f832ac6_658_357.jpg?fit=658%2C357&ssl=1&resize=350%2C200 1x, https:\/\/i0.wp.com\/larevistadigital.com.ar\/blog\/wp-content\/uploads\/2017\/06\/594d80f832ac6_658_357.jpg?fit=658%2C357&ssl=1&resize=525%2C300 1.5x"},"classes":[]},{"id":2363,"url":"https:\/\/larevistadigital.com.ar\/blog\/de-maximo-a-randazzo-no-aceptamos-un-candidato-con-menos-coraje-que-cristina\/","url_meta":{"origin":2282,"position":3},"title":"DE M\u00c1XIMO A RANDAZZO: \u201cNO ACEPTAMOS UN CANDIDATO CON MENOS CORAJE QUE CRISTINA\u201d","author":"Alejandro Sosa Ruda","date":"11 junio, 2017","format":false,"excerpt":"Fue un acto en Avellaneda en donde tuvo duras palabras para el creador del espacio \u201cCumplir\u201d. M\u00e1ximo Kirchner, referente principal de La C\u00e1mpora e hijo de la ex presidente encabez\u00f3 un acto en la localidad de Avellaneda, en donde atac\u00f3 directamente al ex ministro Florencio Randazzo diciendo que \u201cNo importa\u2026","rel":"","context":"En \u00abDESTACADAS\u00bb","block_context":{"text":"DESTACADAS","link":"https:\/\/larevistadigital.com.ar\/blog\/category\/destacadas\/"},"img":{"alt_text":"","src":"https:\/\/i0.wp.com\/larevistadigital.com.ar\/blog\/wp-content\/uploads\/2017\/06\/apfdigital_282200_tapa_30112016_111823.jpg?fit=1200%2C769&ssl=1&resize=350%2C200","width":350,"height":200,"srcset":"https:\/\/i0.wp.com\/larevistadigital.com.ar\/blog\/wp-content\/uploads\/2017\/06\/apfdigital_282200_tapa_30112016_111823.jpg?fit=1200%2C769&ssl=1&resize=350%2C200 1x, https:\/\/i0.wp.com\/larevistadigital.com.ar\/blog\/wp-content\/uploads\/2017\/06\/apfdigital_282200_tapa_30112016_111823.jpg?fit=1200%2C769&ssl=1&resize=525%2C300 1.5x, https:\/\/i0.wp.com\/larevistadigital.com.ar\/blog\/wp-content\/uploads\/2017\/06\/apfdigital_282200_tapa_30112016_111823.jpg?fit=1200%2C769&ssl=1&resize=700%2C400 2x, https:\/\/i0.wp.com\/larevistadigital.com.ar\/blog\/wp-content\/uploads\/2017\/06\/apfdigital_282200_tapa_30112016_111823.jpg?fit=1200%2C769&ssl=1&resize=1050%2C600 3x"},"classes":[]},{"id":994,"url":"https:\/\/larevistadigital.com.ar\/blog\/randazzo-les-pidio-a-los-ferroviarios-que-luchen-por-el-regreso-del-tren-a-rosario-mar-del-plata-y-chascomus\/","url_meta":{"origin":2282,"position":4},"title":"Randazzo les pidi\u00f3 a los ferroviarios que luchen por el regreso del tren a Rosario, Mar del Plata y Chascom\u00fas","author":"editor","date":"10 marzo, 2017","format":false,"excerpt":"Mientras los rumores de una posible candidatura de Florencio Randazzo, para senador nacional por la provincia de Buenos Aires, aumentan cada vez m\u00e1s, se filtr\u00f3 un v\u00eddeo del ex ministro del Interior en el que se mete de lleno en la pol\u00e9mica por el regreso de los trenes. \"Si el\u2026","rel":"","context":"En \u00abCHASCOM\u00daS\u00bb","block_context":{"text":"CHASCOM\u00daS","link":"https:\/\/larevistadigital.com.ar\/blog\/category\/chascomus\/"},"img":{"alt_text":"","src":"https:\/\/i0.wp.com\/larevistadigital.com.ar\/blog\/wp-content\/uploads\/2017\/03\/randazzo_elfuerte_090317.jpg?fit=870%2C576&ssl=1&resize=350%2C200","width":350,"height":200,"srcset":"https:\/\/i0.wp.com\/larevistadigital.com.ar\/blog\/wp-content\/uploads\/2017\/03\/randazzo_elfuerte_090317.jpg?fit=870%2C576&ssl=1&resize=350%2C200 1x, https:\/\/i0.wp.com\/larevistadigital.com.ar\/blog\/wp-content\/uploads\/2017\/03\/randazzo_elfuerte_090317.jpg?fit=870%2C576&ssl=1&resize=525%2C300 1.5x, https:\/\/i0.wp.com\/larevistadigital.com.ar\/blog\/wp-content\/uploads\/2017\/03\/randazzo_elfuerte_090317.jpg?fit=870%2C576&ssl=1&resize=700%2C400 2x"},"classes":[]},{"id":2359,"url":"https:\/\/larevistadigital.com.ar\/blog\/florencio-randazzo-lanzo-su-espacio-cumplir-para-participar-en-las-paso\/","url_meta":{"origin":2282,"position":5},"title":"FLORENCIO RANDAZZO LANZ\u00d3 SU ESPACIO \u201cCUMPLIR\u201d, PARA PARTICIPAR EN LAS PASO","author":"Alejandro Sosa Ruda","date":"9 junio, 2017","format":false,"excerpt":"Finalmente lleg\u00f3 la \u201chora se\u00f1alada\u201d y el ex ministro del Interior y transporte Florencio Randazzo se reuni\u00f3 junto a su tropa con un acto en el Hotel NH City en calle Bolivar 160. De esta manera, qued\u00f3 conformado su espacio pol\u00edtico junto a otros dirigentes del peronismo, con la intenci\u00f3n\u2026","rel":"","context":"En \u00abDESTACADAS\u00bb","block_context":{"text":"DESTACADAS","link":"https:\/\/larevistadigital.com.ar\/blog\/category\/destacadas\/"},"img":{"alt_text":"","src":"https:\/\/i0.wp.com\/larevistadigital.com.ar\/blog\/wp-content\/uploads\/2017\/06\/DB5UOzeXgAAspkR.jpg?fit=1200%2C800&ssl=1&resize=350%2C200","width":350,"height":200,"srcset":"https:\/\/i0.wp.com\/larevistadigital.com.ar\/blog\/wp-content\/uploads\/2017\/06\/DB5UOzeXgAAspkR.jpg?fit=1200%2C800&ssl=1&resize=350%2C200 1x, https:\/\/i0.wp.com\/larevistadigital.com.ar\/blog\/wp-content\/uploads\/2017\/06\/DB5UOzeXgAAspkR.jpg?fit=1200%2C800&ssl=1&resize=525%2C300 1.5x, https:\/\/i0.wp.com\/larevistadigital.com.ar\/blog\/wp-content\/uploads\/2017\/06\/DB5UOzeXgAAspkR.jpg?fit=1200%2C800&ssl=1&resize=700%2C400 2x, https:\/\/i0.wp.com\/larevistadigital.com.ar\/blog\/wp-content\/uploads\/2017\/06\/DB5UOzeXgAAspkR.jpg?fit=1200%2C800&ssl=1&resize=1050%2C600 3x"},"classes":[]}],"_links":{"self":[{"href":"https:\/\/larevistadigital.com.ar\/blog\/wp-json\/wp\/v2\/posts\/2282","targetHints":{"allow":["GET"]}}],"collection":[{"href":"https:\/\/larevistadigital.com.ar\/blog\/wp-json\/wp\/v2\/posts"}],"about":[{"href":"https:\/\/larevistadigital.com.ar\/blog\/wp-json\/wp\/v2\/types\/post"}],"author":[{"embeddable":true,"href":"https:\/\/larevistadigital.com.ar\/blog\/wp-json\/wp\/v2\/users\/3"}],"replies":[{"embeddable":true,"href":"https:\/\/larevistadigital.com.ar\/blog\/wp-json\/wp\/v2\/comments?post=2282"}],"version-history":[{"count":1,"href":"https:\/\/larevistadigital.com.ar\/blog\/wp-json\/wp\/v2\/posts\/2282\/revisions"}],"predecessor-version":[{"id":2285,"href":"https:\/\/larevistadigital.com.ar\/blog\/wp-json\/wp\/v2\/posts\/2282\/revisions\/2285"}],"wp:featuredmedia":[{"embeddable":true,"href":"https:\/\/larevistadigital.com.ar\/blog\/wp-json\/wp\/v2\/media\/2284"}],"wp:attachment":[{"href":"https:\/\/larevistadigital.com.ar\/blog\/wp-json\/wp\/v2\/media?parent=2282"}],"wp:term":[{"taxonomy":"category","embeddable":true,"href":"https:\/\/larevistadigital.com.ar\/blog\/wp-json\/wp\/v2\/categories?post=2282"},{"taxonomy":"post_tag","embeddable":true,"href":"https:\/\/larevistadigital.com.ar\/blog\/wp-json\/wp\/v2\/tags?post=2282"}],"curies":[{"name":"wp","href":"https:\/\/api.w.org\/{rel}","templated":true}]}}