{"id":22843,"date":"2021-12-05T15:46:02","date_gmt":"2021-12-05T15:46:02","guid":{"rendered":"https:\/\/larevistadigital.com.ar\/blog\/?p=22843"},"modified":"2021-12-05T15:46:02","modified_gmt":"2021-12-05T15:46:02","slug":"mario-secco-fue-reelecto-como-presidente-del-frente-grande","status":"publish","type":"post","link":"https:\/\/larevistadigital.com.ar\/blog\/mario-secco-fue-reelecto-como-presidente-del-frente-grande\/","title":{"rendered":"MARIO SECCO FUE REELECTO COMO PRESIDENTE DEL FRENTE GRANDE"},"content":{"rendered":"<h2 class=\"fparrafo ctext fz18 lh25\">Con la participaci\u00f3n de integrantes del Frente Grande de todo el pa\u00eds se realiz\u00f3 este s\u00e1bado en el barrio porte\u00f1o de Balvanera, la Asamblea Nacional de ese espacio pol\u00edtico, renov\u00f3 sus autoridades. El jefe Comunal de Ensenada, Mario Secco, fue reelecto presidente, quien ser\u00e1 acompa\u00f1ado por cuatro vicepresidencias: Mat\u00edas Lammens, de CABA; Sonia Mar\u00eda del Carmen Mello, de Misiones; Eduardo Sigal, de Buenos Aires, y Laura Garc\u00e9s, de San Juan. El acto de cierre cont\u00f3 con la participaci\u00f3n del ministro del Interior, Eduardo Wado De Pedro.<\/h2>\n<p class=\"selectionShareable\">Luego de la elecci\u00f3n de autoridades, los y las integrantes del Frente Grande analizaron la situaci\u00f3n que se vive en los distintos puntos del pa\u00eds y debatieron respecto al trabajo que es necesario realizar para que en los pr\u00f3ximos dos a\u00f1os se puedan concretar los compromisos asumidos en 2019 por parte del Frente de Todos.<\/p>\n<blockquote>\n<h3 class=\"selectionShareable\">Al cierre de la jornada, <strong>Secco<\/strong> destac\u00f3 que <em><strong>\u201cel Frente Grande hace su aporte para seguir construyendo la Patria que nos merecemos. Tenemos diferencias con muchos compa\u00f1eros que integran el Frente de Todos. Siempre lo decimos, siempre me han escuchado con algunas apreciaciones diferentes a otros dirigentes, pero siempre me van a escuchar decir en nombre de todos que nosotros estamos para construir. Esas diferencias son peque\u00f1as. Nuestro \u00fanico enemigo es Macri y su cr\u00eda\u201d<\/strong><\/em>, sostuvo.<\/h3>\n<\/blockquote>\n<p class=\"selectionShareable\">Por otra parte record\u00f3 que <strong><em>\u201cel Frente Grande se puso a disposici\u00f3n de N\u00e9stor Kirchner cuando armamos el Frente para la Victoria y cuando nos toc\u00f3 recorrer el pa\u00eds como Unidad Ciudadana. Como hoy volvemos a ponernos de pie para defender nuestro proyecto pol\u00edtico que es el Frente de Todos. Como lo seguiremos haciendo estos dos a\u00f1os, yendo por todas las provincias como lo ha hecho toda la dirigencia nacional de este partido. Nos movilizaremos m\u00e1s que nunca para la continuidad de un partido, de un frente pol\u00edtico que gane las urnas y gobierne en el 2023\u201d.<\/em><\/strong><\/p>\n<blockquote>\n<h3 class=\"selectionShareable\">En tanto, De Pedro asegur\u00f3 que el Frente Grande es \u201cuno de los partidos pol\u00edticos que tiene una historia de coherencia, de resistencia, de construcci\u00f3n y que tiene entre sus fundadores a compa\u00f1eros y compa\u00f1eras militantes brillantes\u201d. A pocos d\u00edas de cumplirse 20 a\u00f1os de las jornadas del 19 y 20 de diciembre de 2001, el ministro del Interior tambi\u00e9n se\u00f1al\u00f3 que la fuerza pol\u00edtica que hoy conduce Mario Secco, fue uno de los espacios que puso el cuerpo en esa \u00e9poca en la que \u201cel pueblo le dijo basta a una l\u00f3gica corporativa de algunos sectores de la pol\u00edtica\u201d.<\/h3>\n<\/blockquote>\n<p class=\"selectionShareable\">En ese contexto, expres\u00f3: <strong><em>\u201cLos convoco como partido pol\u00edtico a discutir el rumbo de la Argentina. Militar, pensar la Argentina federal, inclusiva, con trabajo, con dignidad para nuestros jubilados y jubiladas. Esto lo tenemos que hacer primero en el Frente de Todos. Hay que marcar el rumbo de un gobierno que tiene la voluntad de mejorar todas estas situaciones, pero tenemos que dar la discusi\u00f3n desde la pol\u00edtica. El rumbo de la Argentina lo vamos a definir entre todas y todos y vamos a poner el cuerpo para volver a ganar en 2023 para continuar con un proyecto inclusivo, justo que de trabajo y dignidad para cada uno de los argentinos y argentinas\u201d<\/em><\/strong>, concluy\u00f3. (<b>InfoGEI<\/b>)Jd<\/p>\n","protected":false},"excerpt":{"rendered":"<div class=\"mh-excerpt\"><p>Con la participaci\u00f3n de integrantes del Frente Grande de todo el pa\u00eds se realiz\u00f3 este s\u00e1bado en el barrio porte\u00f1o de Balvanera, la Asamblea Nacional de ese espacio pol\u00edtico, renov\u00f3 sus autoridades. El jefe Comunal <a class=\"mh-excerpt-more\" href=\"https:\/\/larevistadigital.com.ar\/blog\/mario-secco-fue-reelecto-como-presidente-del-frente-grande\/\" title=\"MARIO SECCO FUE REELECTO COMO PRESIDENTE DEL FRENTE GRANDE\">[Leer M\u00e1s]<\/a><\/p>\n<\/div>","protected":false},"author":3,"featured_media":22844,"comment_status":"open","ping_status":"open","sticky":false,"template":"","format":"standard","meta":{"_jetpack_memberships_contains_paid_content":false,"footnotes":"","jetpack_publicize_message":"","jetpack_publicize_feature_enabled":true,"jetpack_social_post_already_shared":true,"jetpack_social_options":{"image_generator_settings":{"template":"highway","default_image_id":0,"font":"","enabled":false},"version":2}},"categories":[50,12],"tags":[],"class_list":{"0":"post-22843","1":"post","2":"type-post","3":"status-publish","4":"format-standard","5":"has-post-thumbnail","7":"category-interes-general","8":"category-politica"},"jetpack_publicize_connections":[],"jetpack_featured_media_url":"https:\/\/i0.wp.com\/larevistadigital.com.ar\/blog\/wp-content\/uploads\/20211205103604_secco-frente-grande.jpg?fit=880%2C512&ssl=1","jetpack_sharing_enabled":true,"jetpack_shortlink":"https:\/\/wp.me\/p8qtrQ-5Wr","jetpack-related-posts":[{"id":43013,"url":"https:\/\/larevistadigital.com.ar\/blog\/comunicado-del-frente-grande-respaldando-al-gobernador-axelkicillof\/","url_meta":{"origin":22843,"position":0},"title":"Comunicado del Frente Grande respaldando al gobernador AxelKicillof","author":"Alejandro Sosa Ruda","date":"23 diciembre, 2025","format":false,"excerpt":"En un plenario marcado por el clima militante y el debate estrat\u00e9gico del peronismo, el gobernador bonaerense llam\u00f3 a construir una alternativa nacional. El Frente Grande expres\u00f3 su apoyo mediante un comunicado y particip\u00f3 del encuentro Juan Pablo \u201cPoli\u201d Odera, armador de ese espacio en la Quinta Secci\u00f3n Electoral. 23\u2026","rel":"","context":"En \u00abPOLITICA PROVINCIAL\u00bb","block_context":{"text":"POLITICA PROVINCIAL","link":"https:\/\/larevistadigital.com.ar\/blog\/category\/politica\/politica-provincial\/"},"img":{"alt_text":"","src":"https:\/\/i0.wp.com\/larevistadigital.com.ar\/blog\/wp-content\/uploads\/Captura-de-pantalla-2025-12-23-163021.jpg?fit=643%2C366&ssl=1&resize=350%2C200","width":350,"height":200,"srcset":"https:\/\/i0.wp.com\/larevistadigital.com.ar\/blog\/wp-content\/uploads\/Captura-de-pantalla-2025-12-23-163021.jpg?fit=643%2C366&ssl=1&resize=350%2C200 1x, https:\/\/i0.wp.com\/larevistadigital.com.ar\/blog\/wp-content\/uploads\/Captura-de-pantalla-2025-12-23-163021.jpg?fit=643%2C366&ssl=1&resize=525%2C300 1.5x"},"classes":[]},{"id":6678,"url":"https:\/\/larevistadigital.com.ar\/blog\/armando-cavalieri-fue-reelecto-en-el-sindicato-de-comercio\/","url_meta":{"origin":22843,"position":1},"title":"ARMANDO CAVALIERI FUE REELECTO EN EL SINDICATO DE COMERCIO","author":"Alejandro Sosa Ruda","date":"29 septiembre, 2018","format":false,"excerpt":"Luego de m\u00e1s de treinta a\u00f1os al frente del Sindicato de Empleados de Comercio, Armando Cavalieri fue reelecto en su cargo de Secretario General, a pesar de los inconvenientes y denuncias que hubo de\u00a0presuntas irregularidades en el padr\u00f3n y maniobras de fraudes en el proceso electoral del gremio, y que\u2026","rel":"","context":"En \u00abGREMIALES\u00bb","block_context":{"text":"GREMIALES","link":"https:\/\/larevistadigital.com.ar\/blog\/category\/gremiales\/"},"img":{"alt_text":"","src":"https:\/\/i0.wp.com\/larevistadigital.com.ar\/blog\/wp-content\/uploads\/2018\/09\/cavalieri-2.jpg?fit=1200%2C668&ssl=1&resize=350%2C200","width":350,"height":200,"srcset":"https:\/\/i0.wp.com\/larevistadigital.com.ar\/blog\/wp-content\/uploads\/2018\/09\/cavalieri-2.jpg?fit=1200%2C668&ssl=1&resize=350%2C200 1x, https:\/\/i0.wp.com\/larevistadigital.com.ar\/blog\/wp-content\/uploads\/2018\/09\/cavalieri-2.jpg?fit=1200%2C668&ssl=1&resize=525%2C300 1.5x, https:\/\/i0.wp.com\/larevistadigital.com.ar\/blog\/wp-content\/uploads\/2018\/09\/cavalieri-2.jpg?fit=1200%2C668&ssl=1&resize=700%2C400 2x, https:\/\/i0.wp.com\/larevistadigital.com.ar\/blog\/wp-content\/uploads\/2018\/09\/cavalieri-2.jpg?fit=1200%2C668&ssl=1&resize=1050%2C600 3x"},"classes":[]},{"id":12881,"url":"https:\/\/larevistadigital.com.ar\/blog\/javier-gaston-fue-reelecto-como-intendente-de-chascomus\/","url_meta":{"origin":22843,"position":2},"title":"JAVIER GAST\u00d3N FUE REELECTO COMO INTENDENTE DE CHASCOM\u00daS","author":"Alejandro Sosa Ruda","date":"28 octubre, 2019","format":false,"excerpt":"El Intendente de Chascom\u00fas, y candidato por el Frente de Todos, Javier Gast\u00f3n, gan\u00f3 la elecci\u00f3n por amplio margen como hab\u00eda ocurrido en las PASO de agosto pasado, y gobernar\u00e1 la ciudad por cuatro a\u00f1os m\u00e1s a partir de diciembre. Con un gran porcentaje de adhesi\u00f3n de los vecinos, el\u2026","rel":"","context":"En \u00abCHASCOM\u00daS\u00bb","block_context":{"text":"CHASCOM\u00daS","link":"https:\/\/larevistadigital.com.ar\/blog\/category\/chascomus\/"},"img":{"alt_text":"","src":"https:\/\/i0.wp.com\/larevistadigital.com.ar\/blog\/wp-content\/uploads\/Screenshot_1-55.jpg?fit=712%2C597&ssl=1&resize=350%2C200","width":350,"height":200,"srcset":"https:\/\/i0.wp.com\/larevistadigital.com.ar\/blog\/wp-content\/uploads\/Screenshot_1-55.jpg?fit=712%2C597&ssl=1&resize=350%2C200 1x, https:\/\/i0.wp.com\/larevistadigital.com.ar\/blog\/wp-content\/uploads\/Screenshot_1-55.jpg?fit=712%2C597&ssl=1&resize=525%2C300 1.5x, https:\/\/i0.wp.com\/larevistadigital.com.ar\/blog\/wp-content\/uploads\/Screenshot_1-55.jpg?fit=712%2C597&ssl=1&resize=700%2C400 2x"},"classes":[]},{"id":42706,"url":"https:\/\/larevistadigital.com.ar\/blog\/en-medio-de-otra-interna-peronista-kicillof-aplaudio-la-arenga-de-secco-que-lo-postulo-candidato-presidencial-2027\/","url_meta":{"origin":22843,"position":3},"title":"En medio de otra interna peronista, Kicillof aplaudi\u00f3 la arenga de Secco que lo postul\u00f3 candidato presidencial 2027","author":"Alejandro Sosa Ruda","date":"2 diciembre, 2025","format":false,"excerpt":"El intendente Secco lo proclam\u00f3 como candidato presidencial y el Gobernador aval\u00f3 con aplausos en plena interna peronista por el endeudamiento bonaerense. Semana clave con sesi\u00f3n extraordinaria el mi\u00e9rcoles y recambio legislativo el jueves En un nuevo episodio de apoyo al Gobernador, el s\u00e1bado\u00a0Axel Kicillof\u00a0fue nuevamente propuesto como candidato presidencial\u2026","rel":"","context":"En \u00abDESTACADAS\u00bb","block_context":{"text":"DESTACADAS","link":"https:\/\/larevistadigital.com.ar\/blog\/category\/destacadas\/"},"img":{"alt_text":"","src":"https:\/\/i0.wp.com\/larevistadigital.com.ar\/blog\/wp-content\/uploads\/Captura-de-pantalla-2025-12-02-000355.jpg?fit=800%2C449&ssl=1&resize=350%2C200","width":350,"height":200,"srcset":"https:\/\/i0.wp.com\/larevistadigital.com.ar\/blog\/wp-content\/uploads\/Captura-de-pantalla-2025-12-02-000355.jpg?fit=800%2C449&ssl=1&resize=350%2C200 1x, https:\/\/i0.wp.com\/larevistadigital.com.ar\/blog\/wp-content\/uploads\/Captura-de-pantalla-2025-12-02-000355.jpg?fit=800%2C449&ssl=1&resize=525%2C300 1.5x, https:\/\/i0.wp.com\/larevistadigital.com.ar\/blog\/wp-content\/uploads\/Captura-de-pantalla-2025-12-02-000355.jpg?fit=800%2C449&ssl=1&resize=700%2C400 2x"},"classes":[]},{"id":39563,"url":"https:\/\/larevistadigital.com.ar\/blog\/el-frente-grande-se-planta-apoya-a-kicillof-y-apuesta-a-ser-muralla-contra-milei\/","url_meta":{"origin":22843,"position":4},"title":"El Frente Grande se planta: apoya a Kicillof y apuesta a ser muralla contra Milei","author":"Alejandro Sosa Ruda","date":"26 abril, 2025","format":false,"excerpt":"En una asamblea con alta participaci\u00f3n, el partido bonaerense defini\u00f3 su rumbo electoral, con presencia activa de referentes como el Chascomunense\u00a0 Adrian Biain. 26 de Abril de 2025 LA PLATA\u00a0 -\u00a0 En un clima de definiciones pol\u00edticas fuertes, el Frente Grande celebr\u00f3 su Asamblea Provincial en su nueva sede de\u2026","rel":"","context":"En \u00abPOLITICA\u00bb","block_context":{"text":"POLITICA","link":"https:\/\/larevistadigital.com.ar\/blog\/category\/politica\/"},"img":{"alt_text":"","src":"https:\/\/i0.wp.com\/larevistadigital.com.ar\/blog\/wp-content\/uploads\/multimedia.normal.8a6a6fd412d366c9.bm9ybWFsLndlYnA-e1745764052641.webp?fit=589%2C464&ssl=1&resize=350%2C200","width":350,"height":200,"srcset":"https:\/\/i0.wp.com\/larevistadigital.com.ar\/blog\/wp-content\/uploads\/multimedia.normal.8a6a6fd412d366c9.bm9ybWFsLndlYnA-e1745764052641.webp?fit=589%2C464&ssl=1&resize=350%2C200 1x, https:\/\/i0.wp.com\/larevistadigital.com.ar\/blog\/wp-content\/uploads\/multimedia.normal.8a6a6fd412d366c9.bm9ybWFsLndlYnA-e1745764052641.webp?fit=589%2C464&ssl=1&resize=525%2C300 1.5x"},"classes":[]},{"id":12921,"url":"https:\/\/larevistadigital.com.ar\/blog\/el-chascomunense-jose-ignacio-cote-rossi-fue-reelecto-como-diputado\/","url_meta":{"origin":22843,"position":5},"title":"EL CHASCOMUNENSE JOS\u00c9 IGNACIO \u00abCOTE\u00bb ROSSI FUE REELECTO COMO DIPUTADO","author":"Alejandro Sosa Ruda","date":"29 octubre, 2019","format":false,"excerpt":"Luego de la elecci\u00f3n del domingo, quien repetir\u00e1 mandato, ser\u00e1 nuestro vecino de Chascom\u00fas, Jos\u00e9 Ignacio \"Cote\" Rossi. Rossi ya ha sido electo en la elecci\u00f3n de 2015, y se est\u00e1 por cumplir su mandato. Es nativo de Chascom\u00fas y de militancia en el Kirchner\u00edsmo, particularmente en el sector denominado\u2026","rel":"","context":"En \u00abINTERES GENERAL\u00bb","block_context":{"text":"INTERES GENERAL","link":"https:\/\/larevistadigital.com.ar\/blog\/category\/interes-general\/"},"img":{"alt_text":"","src":"https:\/\/i0.wp.com\/larevistadigital.com.ar\/blog\/wp-content\/uploads\/2017\/07\/Cote_Rossi-777x437.jpg?fit=777%2C437&ssl=1&resize=350%2C200","width":350,"height":200,"srcset":"https:\/\/i0.wp.com\/larevistadigital.com.ar\/blog\/wp-content\/uploads\/2017\/07\/Cote_Rossi-777x437.jpg?fit=777%2C437&ssl=1&resize=350%2C200 1x, https:\/\/i0.wp.com\/larevistadigital.com.ar\/blog\/wp-content\/uploads\/2017\/07\/Cote_Rossi-777x437.jpg?fit=777%2C437&ssl=1&resize=525%2C300 1.5x, https:\/\/i0.wp.com\/larevistadigital.com.ar\/blog\/wp-content\/uploads\/2017\/07\/Cote_Rossi-777x437.jpg?fit=777%2C437&ssl=1&resize=700%2C400 2x"},"classes":[]}],"_links":{"self":[{"href":"https:\/\/larevistadigital.com.ar\/blog\/wp-json\/wp\/v2\/posts\/22843","targetHints":{"allow":["GET"]}}],"collection":[{"href":"https:\/\/larevistadigital.com.ar\/blog\/wp-json\/wp\/v2\/posts"}],"about":[{"href":"https:\/\/larevistadigital.com.ar\/blog\/wp-json\/wp\/v2\/types\/post"}],"author":[{"embeddable":true,"href":"https:\/\/larevistadigital.com.ar\/blog\/wp-json\/wp\/v2\/users\/3"}],"replies":[{"embeddable":true,"href":"https:\/\/larevistadigital.com.ar\/blog\/wp-json\/wp\/v2\/comments?post=22843"}],"version-history":[{"count":1,"href":"https:\/\/larevistadigital.com.ar\/blog\/wp-json\/wp\/v2\/posts\/22843\/revisions"}],"predecessor-version":[{"id":22845,"href":"https:\/\/larevistadigital.com.ar\/blog\/wp-json\/wp\/v2\/posts\/22843\/revisions\/22845"}],"wp:featuredmedia":[{"embeddable":true,"href":"https:\/\/larevistadigital.com.ar\/blog\/wp-json\/wp\/v2\/media\/22844"}],"wp:attachment":[{"href":"https:\/\/larevistadigital.com.ar\/blog\/wp-json\/wp\/v2\/media?parent=22843"}],"wp:term":[{"taxonomy":"category","embeddable":true,"href":"https:\/\/larevistadigital.com.ar\/blog\/wp-json\/wp\/v2\/categories?post=22843"},{"taxonomy":"post_tag","embeddable":true,"href":"https:\/\/larevistadigital.com.ar\/blog\/wp-json\/wp\/v2\/tags?post=22843"}],"curies":[{"name":"wp","href":"https:\/\/api.w.org\/{rel}","templated":true}]}}