{"id":22846,"date":"2021-12-05T15:56:36","date_gmt":"2021-12-05T15:56:36","guid":{"rendered":"https:\/\/larevistadigital.com.ar\/blog\/?p=22846"},"modified":"2021-12-05T15:56:36","modified_gmt":"2021-12-05T15:56:36","slug":"fatal-accidente-en-la-ruta-11-acceso-a-mar-del-plata","status":"publish","type":"post","link":"https:\/\/larevistadigital.com.ar\/blog\/fatal-accidente-en-la-ruta-11-acceso-a-mar-del-plata\/","title":{"rendered":"FATAL ACCIDENTE EN LA RUTA 11, ACCESO A MAR DEL PLATA"},"content":{"rendered":"<h2>El conductor de un Fiat Palio, falleci\u00f3 en el siniestro que ocurri\u00f3 este domingo 5\/12 aproximadamente a las 5 de la madrugada. Sucedi\u00f3 a la altura del kil\u00f3metro 503<\/h2>\n<p><strong>MAR DEL PLATA &#8211;<\/strong>\u00a0 El conductor de un <em>Fiat Palio\u00a0<\/em>negro falleci\u00f3 este domingo a la madrugada como consecuencia de un fuerte siniestro vial en el kil\u00f3metro 503 de la Ruta 11, entre Santa Clara del Mar y Mar del Plata.<\/p>\n<blockquote>\n<h3>El hecho ocurri\u00f3\u00a0alrededor\u00a0de las 5 y la persona que manejaba perdi\u00f3 la vida en el acto. Efectivos de la Polic\u00eda local, Bomberos y m\u00e9dicos del Centro de Atenci\u00f3n Primaria de la Salud del partido de Mar Chiquita trabajaron en el lugar.<\/h3>\n<\/blockquote>\n<p>El impacto fue de tal magnitud que el lateral derecho del Palio qued\u00f3 totalmente destrozado.<\/p>\n<p>fuente Diario La Capital<\/p>\n<p>&nbsp;<\/p>\n","protected":false},"excerpt":{"rendered":"<div class=\"mh-excerpt\"><p>El conductor de un Fiat Palio, falleci\u00f3 en el siniestro que ocurri\u00f3 este domingo 5\/12 aproximadamente a las 5 de la madrugada. Sucedi\u00f3 a la altura del kil\u00f3metro 503 MAR DEL PLATA &#8211;\u00a0 El conductor <a class=\"mh-excerpt-more\" href=\"https:\/\/larevistadigital.com.ar\/blog\/fatal-accidente-en-la-ruta-11-acceso-a-mar-del-plata\/\" title=\"FATAL ACCIDENTE EN LA RUTA 11, ACCESO A MAR DEL PLATA\">[Leer M\u00e1s]<\/a><\/p>\n<\/div>","protected":false},"author":3,"featured_media":22847,"comment_status":"open","ping_status":"open","sticky":false,"template":"","format":"standard","meta":{"_jetpack_memberships_contains_paid_content":false,"footnotes":"","jetpack_publicize_message":"","jetpack_publicize_feature_enabled":true,"jetpack_social_post_already_shared":true,"jetpack_social_options":{"image_generator_settings":{"template":"highway","default_image_id":0,"font":"","enabled":false},"version":2}},"categories":[44,51],"tags":[],"class_list":{"0":"post-22846","1":"post","2":"type-post","3":"status-publish","4":"format-standard","5":"has-post-thumbnail","7":"category-policiales","8":"category-regionales"},"jetpack_publicize_connections":[],"jetpack_featured_media_url":"https:\/\/i0.wp.com\/larevistadigital.com.ar\/blog\/wp-content\/uploads\/Captura-de-pantalla-2021-12-05-125429.jpg?fit=1016%2C670&ssl=1","jetpack_sharing_enabled":true,"jetpack_shortlink":"https:\/\/wp.me\/p8qtrQ-5Wu","jetpack-related-posts":[{"id":24611,"url":"https:\/\/larevistadigital.com.ar\/blog\/otra-vez-nuevamente-un-auto-choco-contra-un-poste-en-la-ruta-11-ahora-fallecio-un-policia-retirado\/","url_meta":{"origin":22846,"position":0},"title":"OTRA VEZ: NUEVAMENTE UN AUTO CHOC\u00d3 CONTRA UN POSTE EN LA RUTA 11, AHORA FALLECI\u00d3 UN POLIC\u00cdA RETIRADO","author":"Alejandro Sosa Ruda","date":"16 marzo, 2022","format":false,"excerpt":"El accidente se produjo a la altura del kil\u00f3metro 504, en las cercan\u00edas del Grupo de Artiller\u00eda Antia\u00e9reo 601, en Mar del Plata. MAR DEL PLATA -\u00a0 El conductor de un veh\u00edculo utilitario falleci\u00f3 en la noche del martes cuando colision\u00f3 una de las columnas ubicadas en el cantero divisor\u2026","rel":"","context":"En \u00abPOLICIALES\u00bb","block_context":{"text":"POLICIALES","link":"https:\/\/larevistadigital.com.ar\/blog\/category\/policiales\/"},"img":{"alt_text":"","src":"https:\/\/i0.wp.com\/larevistadigital.com.ar\/blog\/wp-content\/uploads\/f2ce65359259d3680baa7d7f4f64a61f54c18d56.jpg?fit=1140%2C646&ssl=1&resize=350%2C200","width":350,"height":200,"srcset":"https:\/\/i0.wp.com\/larevistadigital.com.ar\/blog\/wp-content\/uploads\/f2ce65359259d3680baa7d7f4f64a61f54c18d56.jpg?fit=1140%2C646&ssl=1&resize=350%2C200 1x, https:\/\/i0.wp.com\/larevistadigital.com.ar\/blog\/wp-content\/uploads\/f2ce65359259d3680baa7d7f4f64a61f54c18d56.jpg?fit=1140%2C646&ssl=1&resize=525%2C300 1.5x, https:\/\/i0.wp.com\/larevistadigital.com.ar\/blog\/wp-content\/uploads\/f2ce65359259d3680baa7d7f4f64a61f54c18d56.jpg?fit=1140%2C646&ssl=1&resize=700%2C400 2x, https:\/\/i0.wp.com\/larevistadigital.com.ar\/blog\/wp-content\/uploads\/f2ce65359259d3680baa7d7f4f64a61f54c18d56.jpg?fit=1140%2C646&ssl=1&resize=1050%2C600 3x"},"classes":[]},{"id":22041,"url":"https:\/\/larevistadigital.com.ar\/blog\/concejal-de-marchiquita-salvo-su-vida-de-milagro-en-un-brutal-choque-en-la-ruta-11\/","url_meta":{"origin":22846,"position":1},"title":"CONCEJAL DE MARCHIQUITA SALV\u00d3 SU VIDA DE MILAGRO EN UN BRUTAL CHOQUE EN LA RUTA 11","author":"Alejandro Sosa Ruda","date":"19 septiembre, 2021","format":false,"excerpt":"Sucedi\u00f3 en la ma\u00f1ana del domingo a la altura del kil\u00f3metro 496, a la altura de Santa Clara. El rodado qued\u00f3 incrustado sobre el guardarra\u00edl. Un tremendo siniestro vial en la\u00a0ruta 11\u00a0en la zona de Santa Clara sentido a Mar del Plata, dej\u00f3 el saldo de una persona herida, que\u2026","rel":"","context":"En \u00abPOLICIALES\u00bb","block_context":{"text":"POLICIALES","link":"https:\/\/larevistadigital.com.ar\/blog\/category\/policiales\/"},"img":{"alt_text":"","src":"https:\/\/i0.wp.com\/larevistadigital.com.ar\/blog\/wp-content\/uploads\/Captura-de-pantalla-2021-09-19-112615.jpg?fit=1001%2C547&ssl=1&resize=350%2C200","width":350,"height":200,"srcset":"https:\/\/i0.wp.com\/larevistadigital.com.ar\/blog\/wp-content\/uploads\/Captura-de-pantalla-2021-09-19-112615.jpg?fit=1001%2C547&ssl=1&resize=350%2C200 1x, https:\/\/i0.wp.com\/larevistadigital.com.ar\/blog\/wp-content\/uploads\/Captura-de-pantalla-2021-09-19-112615.jpg?fit=1001%2C547&ssl=1&resize=525%2C300 1.5x, https:\/\/i0.wp.com\/larevistadigital.com.ar\/blog\/wp-content\/uploads\/Captura-de-pantalla-2021-09-19-112615.jpg?fit=1001%2C547&ssl=1&resize=700%2C400 2x"},"classes":[]},{"id":40934,"url":"https:\/\/larevistadigital.com.ar\/blog\/tragedia-en-chascomus-muere-un-joven-de-20-anos-luego-de-ser-atropellado-en-la-ruta-2\/","url_meta":{"origin":22846,"position":2},"title":"Tragedia en Chascom\u00fas: Muere un joven de 20 a\u00f1os, luego de ser atropellado en la ruta 2","author":"Alejandro Sosa Ruda","date":"15 agosto, 2025","format":false,"excerpt":"El hecho ocurri\u00f3 en el kil\u00f3metro 116, mano a Mar del Plata. La v\u00edctima fue trasladada de urgencia al hospital, pero falleci\u00f3 horas despu\u00e9s. El tr\u00e1nsito estuvo parcialmente interrumpido mientras trabajaban los peritos. 15 de Agosto de 2025 CHASCOM\u00daS\u00a0 -\u00a0 \u00a0Un tr\u00e1gico accidente conmocion\u00f3 la noche del jueves en la\u2026","rel":"","context":"En \u00abDESTACADAS\u00bb","block_context":{"text":"DESTACADAS","link":"https:\/\/larevistadigital.com.ar\/blog\/category\/destacadas\/"},"img":{"alt_text":"","src":"https:\/\/i0.wp.com\/larevistadigital.com.ar\/blog\/wp-content\/uploads\/Screenshot_1-121.jpg?fit=1007%2C565&ssl=1&resize=350%2C200","width":350,"height":200,"srcset":"https:\/\/i0.wp.com\/larevistadigital.com.ar\/blog\/wp-content\/uploads\/Screenshot_1-121.jpg?fit=1007%2C565&ssl=1&resize=350%2C200 1x, https:\/\/i0.wp.com\/larevistadigital.com.ar\/blog\/wp-content\/uploads\/Screenshot_1-121.jpg?fit=1007%2C565&ssl=1&resize=525%2C300 1.5x, https:\/\/i0.wp.com\/larevistadigital.com.ar\/blog\/wp-content\/uploads\/Screenshot_1-121.jpg?fit=1007%2C565&ssl=1&resize=700%2C400 2x"},"classes":[]},{"id":33063,"url":"https:\/\/larevistadigital.com.ar\/blog\/ruta-11-terrible-accidente-con-el-saldo-de-un-mayor-y-un-menor-internados\/","url_meta":{"origin":22846,"position":3},"title":"RUTA 11: TERRIBLE ACCIDENTE CON EL SALDO DE UN MAYOR Y UN MENOR INTERNADOS","author":"Alejandro Sosa Ruda","date":"27 agosto, 2023","format":false,"excerpt":"El accidente ocurri\u00f3 este domingo a la ma\u00f1ana sobre el kil\u00f3metro 505 de la ruta que une Mar del Plata con Santa Clara. El auto impact\u00f3 contra un poste de alumbrado. El nene de 8 a\u00f1os sufri\u00f3 lesiones no de gravedad. 27 de agosto de 2023 Otro brutal choque en\u2026","rel":"","context":"En \u00abPOLICIALES\u00bb","block_context":{"text":"POLICIALES","link":"https:\/\/larevistadigital.com.ar\/blog\/category\/policiales\/"},"img":{"alt_text":"","src":"https:\/\/i0.wp.com\/larevistadigital.com.ar\/blog\/wp-content\/uploads\/accidente-ruta-11-1.jpg?fit=800%2C431&ssl=1&resize=350%2C200","width":350,"height":200,"srcset":"https:\/\/i0.wp.com\/larevistadigital.com.ar\/blog\/wp-content\/uploads\/accidente-ruta-11-1.jpg?fit=800%2C431&ssl=1&resize=350%2C200 1x, https:\/\/i0.wp.com\/larevistadigital.com.ar\/blog\/wp-content\/uploads\/accidente-ruta-11-1.jpg?fit=800%2C431&ssl=1&resize=525%2C300 1.5x, https:\/\/i0.wp.com\/larevistadigital.com.ar\/blog\/wp-content\/uploads\/accidente-ruta-11-1.jpg?fit=800%2C431&ssl=1&resize=700%2C400 2x"},"classes":[]},{"id":41831,"url":"https:\/\/larevistadigital.com.ar\/blog\/tragedia-en-la-ruta-11-una-beba-murio-tras-un-violento-choque-cerca-de-mar-del-plata\/","url_meta":{"origin":22846,"position":4},"title":"Tragedia en la Ruta 11: una beba muri\u00f3 tras un violento choque cerca de Mar del Plata","author":"Alejandro Sosa Ruda","date":"8 octubre, 2025","format":false,"excerpt":"El auto en el que viajaba junto a su madre se parti\u00f3 en dos tras impactar contra una columna de alumbrado. La mujer contin\u00faa internada en grave estado. 08 de Octubre de 2025 MAR DEL PLATA -\u00a0 \u00a0Una nueva tragedia vial volvi\u00f3 a conmocionar a la regi\u00f3n en la ma\u00f1ana\u2026","rel":"","context":"En \u00abPOLICIALES\u00bb","block_context":{"text":"POLICIALES","link":"https:\/\/larevistadigital.com.ar\/blog\/category\/policiales\/"},"img":{"alt_text":"","src":"https:\/\/i0.wp.com\/larevistadigital.com.ar\/blog\/wp-content\/uploads\/25ec7a9084f71ac56a2628ab56f070b2eb032c0d.png?fit=1140%2C713&ssl=1&resize=350%2C200","width":350,"height":200,"srcset":"https:\/\/i0.wp.com\/larevistadigital.com.ar\/blog\/wp-content\/uploads\/25ec7a9084f71ac56a2628ab56f070b2eb032c0d.png?fit=1140%2C713&ssl=1&resize=350%2C200 1x, https:\/\/i0.wp.com\/larevistadigital.com.ar\/blog\/wp-content\/uploads\/25ec7a9084f71ac56a2628ab56f070b2eb032c0d.png?fit=1140%2C713&ssl=1&resize=525%2C300 1.5x, https:\/\/i0.wp.com\/larevistadigital.com.ar\/blog\/wp-content\/uploads\/25ec7a9084f71ac56a2628ab56f070b2eb032c0d.png?fit=1140%2C713&ssl=1&resize=700%2C400 2x, https:\/\/i0.wp.com\/larevistadigital.com.ar\/blog\/wp-content\/uploads\/25ec7a9084f71ac56a2628ab56f070b2eb032c0d.png?fit=1140%2C713&ssl=1&resize=1050%2C600 3x"},"classes":[]},{"id":40123,"url":"https:\/\/larevistadigital.com.ar\/blog\/tragedia-en-ruta-88-un-conductor-murio-tras-impactar-contra-un-poste\/","url_meta":{"origin":22846,"position":5},"title":"Tragedia en Ruta 88: un conductor muri\u00f3 tras impactar contra un poste","author":"Alejandro Sosa Ruda","date":"23 junio, 2025","format":false,"excerpt":"El accidente ocurri\u00f3 en la madrugada del domingo, a la altura del kil\u00f3metro 7,5. El conductor falleci\u00f3 en el acto. Investigan las causas del siniestro. 23 de Junio de 2025 BUENOS AIRES\u00a0 -\u00a0 \u00a0Un nuevo siniestro vial volvi\u00f3 a te\u00f1ir de luto a la regi\u00f3n. En la madrugada del domingo\u2026","rel":"","context":"En \u00abPOLICIALES\u00bb","block_context":{"text":"POLICIALES","link":"https:\/\/larevistadigital.com.ar\/blog\/category\/policiales\/"},"img":{"alt_text":"","src":"https:\/\/i0.wp.com\/larevistadigital.com.ar\/blog\/wp-content\/uploads\/0118db99d87680891c02329c54031eca013be165.jpg?fit=1140%2C686&ssl=1&resize=350%2C200","width":350,"height":200,"srcset":"https:\/\/i0.wp.com\/larevistadigital.com.ar\/blog\/wp-content\/uploads\/0118db99d87680891c02329c54031eca013be165.jpg?fit=1140%2C686&ssl=1&resize=350%2C200 1x, https:\/\/i0.wp.com\/larevistadigital.com.ar\/blog\/wp-content\/uploads\/0118db99d87680891c02329c54031eca013be165.jpg?fit=1140%2C686&ssl=1&resize=525%2C300 1.5x, https:\/\/i0.wp.com\/larevistadigital.com.ar\/blog\/wp-content\/uploads\/0118db99d87680891c02329c54031eca013be165.jpg?fit=1140%2C686&ssl=1&resize=700%2C400 2x, https:\/\/i0.wp.com\/larevistadigital.com.ar\/blog\/wp-content\/uploads\/0118db99d87680891c02329c54031eca013be165.jpg?fit=1140%2C686&ssl=1&resize=1050%2C600 3x"},"classes":[]}],"_links":{"self":[{"href":"https:\/\/larevistadigital.com.ar\/blog\/wp-json\/wp\/v2\/posts\/22846","targetHints":{"allow":["GET"]}}],"collection":[{"href":"https:\/\/larevistadigital.com.ar\/blog\/wp-json\/wp\/v2\/posts"}],"about":[{"href":"https:\/\/larevistadigital.com.ar\/blog\/wp-json\/wp\/v2\/types\/post"}],"author":[{"embeddable":true,"href":"https:\/\/larevistadigital.com.ar\/blog\/wp-json\/wp\/v2\/users\/3"}],"replies":[{"embeddable":true,"href":"https:\/\/larevistadigital.com.ar\/blog\/wp-json\/wp\/v2\/comments?post=22846"}],"version-history":[{"count":1,"href":"https:\/\/larevistadigital.com.ar\/blog\/wp-json\/wp\/v2\/posts\/22846\/revisions"}],"predecessor-version":[{"id":22848,"href":"https:\/\/larevistadigital.com.ar\/blog\/wp-json\/wp\/v2\/posts\/22846\/revisions\/22848"}],"wp:featuredmedia":[{"embeddable":true,"href":"https:\/\/larevistadigital.com.ar\/blog\/wp-json\/wp\/v2\/media\/22847"}],"wp:attachment":[{"href":"https:\/\/larevistadigital.com.ar\/blog\/wp-json\/wp\/v2\/media?parent=22846"}],"wp:term":[{"taxonomy":"category","embeddable":true,"href":"https:\/\/larevistadigital.com.ar\/blog\/wp-json\/wp\/v2\/categories?post=22846"},{"taxonomy":"post_tag","embeddable":true,"href":"https:\/\/larevistadigital.com.ar\/blog\/wp-json\/wp\/v2\/tags?post=22846"}],"curies":[{"name":"wp","href":"https:\/\/api.w.org\/{rel}","templated":true}]}}