{"id":22850,"date":"2021-12-05T16:07:27","date_gmt":"2021-12-05T16:07:27","guid":{"rendered":"https:\/\/larevistadigital.com.ar\/blog\/?p=22850"},"modified":"2021-12-05T16:07:27","modified_gmt":"2021-12-05T16:07:27","slug":"lammens-anuncio-un-proyecto-para-que-el-pre-viaje-se-convierta-en-ley","status":"publish","type":"post","link":"https:\/\/larevistadigital.com.ar\/blog\/lammens-anuncio-un-proyecto-para-que-el-pre-viaje-se-convierta-en-ley\/","title":{"rendered":"LAMMENS ANUNCI\u00d3 UN PROYECTO PARA QUE EL \u00abPRE-VIAJE\u00bb SE CONVIERTA EN LEY"},"content":{"rendered":"<h2><em>\u00abQueremos que sea una pol\u00edtica de Estado\u00bb<\/em> dijo en el discurso inaugural de la FIT 2021. Tambi\u00e9n adelant\u00f3 que trabajan en el tema de cancelaci\u00f3n de venta en cuotas.<\/h2>\n<div class=\"row\">\n<div class=\"col-xs-12 col-sm-9 col-md-6 col-lg-8\">\n<div class=\"row\">\n<div class=\"col-12 col-sm-9\">\n<div class=\"nota_content mt-30\">\n<p>El ministro de Turismo y Deportes,\u00a0<strong>Mat\u00edas Lammens,<\/strong>\u00a0formul\u00f3 hoy anuncios de coyuntura y de fondo para el sector en su discurso inaugural de la FIT 2021, como el llamado a una mesa de trabajo para analizar la cancelaci\u00f3n de ventas de pasajes al exterior en cuotas,\u00a0<strong>la conversi\u00f3n del Plan Previaje en una pol\u00edtica de Estado<\/strong>\u00a0y el objetivo de crear 250 mil puestos de trabajo en turismo.<\/p>\n<blockquote>\n<h3>\u201cEntiendo las preocupaciones de una parte del sector con lo que pas\u00f3 con los pasajes en cuotas\u201d, expres\u00f3 Lammens luego que en el discurso previo Gustao Hani, presidente de la FIT 2021, de Faevyt y la CAM, reclamara \u201creglas claras\u201d y previsibilidad en la toma de decisiones desde el Gobierno.<\/h3>\n<\/blockquote>\n<p>Tras asegurar que \u201cvamos a trabajar\u201d, se\u00f1al\u00f3 que al recibir los primeros reclamos, <em><strong>\u201cr\u00e1pidamente se convoc\u00f3 a una mesa de trabajo, que no tengo dudas que va a dar resultados\u201d.<\/strong><\/em><\/p>\n<blockquote>\n<h3>Lammens explic\u00f3 que quienes conducen el pa\u00eds \u201ctenemos responsabilidades en el gobierno nacional, que es cuidar los d\u00f3lares, cuidar las reservas que tenemos, porque para seguir creciendo Argentina las necesita para tener un crecimiento sostenido pero tambi\u00e9n entendemos que el turismo es una de las industrias que nos va a ayudar en ese crecimiento, en la generaci\u00f3n de divisas\u201d.<\/h3>\n<\/blockquote>\n<p><em><strong>\u201cEntendemos tambi\u00e9n que necesitamos conectividad y para que esa conectividad exista, que los vuelos vengan, tienen que ir y venir con turistas de los dos lados, as\u00ed que vamos a trabajar para buscarle una soluci\u00f3n a eso, es el compromiso que asumimos con Gustavo (Hani) y con todas las c\u00e1maras\u201d<\/strong><\/em>, acot\u00f3..<\/p>\n<p>El ministro aclar\u00f3 que <strong><em>\u201cel sector tur\u00edstico y la Argentina tiene que definitivamente desarrollar una burgues\u00eda nacional que priorice los intereses de la Argentina por encima de los personales; es muy dif\u00edcil pero aquellos pa\u00edses que los tienen son los que han logrado un desarrollo importante, que tienen niveles de desempleo marginales y que no tienen pr\u00e1cticamente pobreza\u201d.<\/em><\/strong><\/p>\n<blockquote>\n<h3>Lammens explic\u00f3 que <em><strong>\u201csi bien el turismo es una de las principales fuentes de ingresos de divisas, tambi\u00e9n es verdad que para un pa\u00eds que tiene un problema de restricci\u00f3n interna, como Argentina, que necesita los d\u00f3lares para seguir creciendo, necesita dar vuelta el d\u00e9ficit en la cuenta de viajes que tuvo en los \u00faltimos a\u00f1os\u201d<\/strong><\/em>, algo que <em><strong>\u201ces un problema y creemos que tenemos una gran oportunidad para revertirlo\u201d<\/strong><\/em>.<\/h3>\n<\/blockquote>\n<p>Tambi\u00e9n record\u00f3 que debido a la pandemia <em><strong>\u201cdebimos dar un golpe de tim\u00f3n que tuvo que ver con el presupuesto, y reconvertir todo lo que ten\u00edamos para promoci\u00f3n y ponerlo en cada una de las empresas, sobre todo las pymes, que son el 96% de las empresas del sector, para sostener esos trabajos del sector, m\u00e1s de un mill\u00f3n en todo el pa\u00eds\u201d.<\/strong><\/em><\/p>\n<blockquote>\n<h3>Luego enumer\u00f3 los planes puestos en pr\u00e1ctica en ese marco como el de Asistencia al Trabajo y la Producci\u00f3n, los Repro y otros del Minturdep, con financiamiento internacional, que sumaron \u201csolamente el a\u00f1o pasado m\u00e1s de 60.000 millones de pesos en el sector, que fue uno de los sectores que m\u00e1s ayud\u00f3 el Gobierno\u201d, al cual consideran <em>\u201cun sector estrat\u00e9gico para el desarrollo de la econom\u00eda de los pr\u00f3ximos a\u00f1os\u201d.<\/em><\/h3>\n<\/blockquote>\n<p>Entre los planes destac\u00f3 al Previaje, que en su segunda etapa <em><strong>\u201cquintuplic\u00f3 los n\u00fameros de la primera edici\u00f3n y creo que vamos a terminar el a\u00f1o por encima de los 60.000 millones de pesos contra los 10.000 del a\u00f1o pasado\u201d.<\/strong><\/em><\/p>\n<p>Sobre la iniciativa de convertir este plan en ley,\u00a0<strong>anunci\u00f3 que presentar\u00e1n el proyecto<\/strong>\u00a0<strong><em>\u201ca cada uno de los gobernadores, a cada una de las c\u00e1maras de las provincias, la estamos trabajando con Gustavo (Hani); en esta semana o la que viene vamos a estar con todas las c\u00e1maras recibiendo la jefe de Gabinete (Juan Manzur), para que venga a la puerta del sector privado\u201d<\/em><\/strong>.<\/p>\n<blockquote>\n<h3><strong>\u201cQueremos que sea una ley muy robusta, que deje a Previaje como una pol\u00edtica de Estado<\/strong>, porque previaje fue la pol\u00edtica p\u00fablica m\u00e1s importante de la historia en t\u00e9rminos de turismo\u201d, asegur\u00f3.<\/h3>\n<\/blockquote>\n<p>Mediante esa ley, sigui\u00f3, <strong><em>\u201cqueremos que tengan diferentes exenciones impositivas quienes vengan a invertir en turismo, la posibilidad de un bono fiscal que les reconozca esas inversiones, queremos un diferimiento de las contribuciones patronales\u201d<\/em><\/strong>.<\/p>\n<p><strong>Lammens<\/strong> dijo que, <strong><em>\u201cen definitiva, estamos buscando que cada vez pese m\u00e1s, que el porcentaje del PBI vinculado a la actividad de turismo sea mayor\u201d<\/em><\/strong> y agreg\u00f3 que <strong><em>\u201cterminamos con 10 puntos en 2019; buscamos que sea de 13 a 14 puntos y generar en los pr\u00f3ximos a\u00f1os 250.000 puestos de trabajo\u201d.<\/em><\/strong><\/p>\n<\/div>\n<\/div>\n<\/div>\n<\/div>\n<div class=\"col-xs-12 col-sm-6 col-md-4 col-lg-4\">\n<div class=\"float-right text-center\">\n<p>&nbsp;<\/p>\n<\/div>\n<\/div>\n<\/div>\n","protected":false},"excerpt":{"rendered":"<div class=\"mh-excerpt\"><p>\u00abQueremos que sea una pol\u00edtica de Estado\u00bb dijo en el discurso inaugural de la FIT 2021. Tambi\u00e9n adelant\u00f3 que trabajan en el tema de cancelaci\u00f3n de venta en cuotas. El ministro de Turismo y Deportes,\u00a0Mat\u00edas <a class=\"mh-excerpt-more\" href=\"https:\/\/larevistadigital.com.ar\/blog\/lammens-anuncio-un-proyecto-para-que-el-pre-viaje-se-convierta-en-ley\/\" title=\"LAMMENS ANUNCI\u00d3 UN PROYECTO PARA QUE EL \u00abPRE-VIAJE\u00bb SE CONVIERTA EN LEY\">[Leer M\u00e1s]<\/a><\/p>\n<\/div>","protected":false},"author":3,"featured_media":22851,"comment_status":"open","ping_status":"open","sticky":false,"template":"","format":"standard","meta":{"_jetpack_memberships_contains_paid_content":false,"footnotes":"","jetpack_publicize_message":"","jetpack_publicize_feature_enabled":true,"jetpack_social_post_already_shared":true,"jetpack_social_options":{"image_generator_settings":{"template":"highway","default_image_id":0,"font":"","enabled":false},"version":2}},"categories":[50,30],"tags":[],"class_list":{"0":"post-22850","1":"post","2":"type-post","3":"status-publish","4":"format-standard","5":"has-post-thumbnail","7":"category-interes-general","8":"category-turismo"},"jetpack_publicize_connections":[],"jetpack_featured_media_url":"https:\/\/i0.wp.com\/larevistadigital.com.ar\/blog\/wp-content\/uploads\/Captura-de-pantalla-2021-12-05-130154.jpg?fit=1012%2C601&ssl=1","jetpack_sharing_enabled":true,"jetpack_shortlink":"https:\/\/wp.me\/p8qtrQ-5Wy","jetpack-related-posts":[{"id":12892,"url":"https:\/\/larevistadigital.com.ar\/blog\/larreta-se-impuso-en-primera-vuelta-y-retuvo-caba\/","url_meta":{"origin":22850,"position":0},"title":"LARRETA SE IMPUSO EN PRIMERA VUELTA Y RETUVO CABA","author":"Alejandro Sosa Ruda","date":"28 octubre, 2019","format":false,"excerpt":"El jefe de Gobierno porte\u00f1o logr\u00f3 una reelecci\u00f3n hist\u00f3rica y evit\u00f3 el balotaje En las PASO\u00a0Horacio Rodr\u00edguez Larreta\u00a0se hab\u00eda quedado con el\u00a046%\u00a0de los votos, muy cerca de convertirse en el primer candidato en lograr imponerse en primera vuelta desde la sanci\u00f3n de la Constituci\u00f3n de 1994. Este domingo, en base\u2026","rel":"","context":"En \u00abINTERES GENERAL\u00bb","block_context":{"text":"INTERES GENERAL","link":"https:\/\/larevistadigital.com.ar\/blog\/category\/interes-general\/"},"img":{"alt_text":"","src":"https:\/\/i0.wp.com\/larevistadigital.com.ar\/blog\/wp-content\/uploads\/Screenshot_4-15.jpg?fit=937%2C478&ssl=1&resize=350%2C200","width":350,"height":200,"srcset":"https:\/\/i0.wp.com\/larevistadigital.com.ar\/blog\/wp-content\/uploads\/Screenshot_4-15.jpg?fit=937%2C478&ssl=1&resize=350%2C200 1x, https:\/\/i0.wp.com\/larevistadigital.com.ar\/blog\/wp-content\/uploads\/Screenshot_4-15.jpg?fit=937%2C478&ssl=1&resize=525%2C300 1.5x, https:\/\/i0.wp.com\/larevistadigital.com.ar\/blog\/wp-content\/uploads\/Screenshot_4-15.jpg?fit=937%2C478&ssl=1&resize=700%2C400 2x"},"classes":[]},{"id":16807,"url":"https:\/\/larevistadigital.com.ar\/blog\/pinamar-nacion-dijo-no-a-realizar-una-prueba-piloto-antes-de-la-temporada\/","url_meta":{"origin":22850,"position":1},"title":"PINAMAR: NACI\u00d3N DIJO NO, A REALIZAR UNA \u00abPRUEBA PILOTO\u00bb ANTES DE LA TEMPORADA","author":"Alejandro Sosa Ruda","date":"7 octubre, 2020","format":false,"excerpt":"El Municipio pretend\u00eda abrir el distrito para permitir el ingreso del turismo el pr\u00f3ximo fin de semana largo. La gran cantidad de casos positivos que reporta el Municipio hicieron que se le negara el pedido. Finalmente, el gobierno Nacional desestim\u00f3 el pedido del Municipio de Pinamar de abrir el distrito\u2026","rel":"","context":"En \u00abREGIONALES\u00bb","block_context":{"text":"REGIONALES","link":"https:\/\/larevistadigital.com.ar\/blog\/category\/regionales\/"},"img":{"alt_text":"","src":"https:\/\/i0.wp.com\/larevistadigital.com.ar\/blog\/wp-content\/uploads\/04d176848e2c13f00adfebb553358b5dbbf557d8.jpg?fit=1140%2C738&ssl=1&resize=350%2C200","width":350,"height":200,"srcset":"https:\/\/i0.wp.com\/larevistadigital.com.ar\/blog\/wp-content\/uploads\/04d176848e2c13f00adfebb553358b5dbbf557d8.jpg?fit=1140%2C738&ssl=1&resize=350%2C200 1x, https:\/\/i0.wp.com\/larevistadigital.com.ar\/blog\/wp-content\/uploads\/04d176848e2c13f00adfebb553358b5dbbf557d8.jpg?fit=1140%2C738&ssl=1&resize=525%2C300 1.5x, https:\/\/i0.wp.com\/larevistadigital.com.ar\/blog\/wp-content\/uploads\/04d176848e2c13f00adfebb553358b5dbbf557d8.jpg?fit=1140%2C738&ssl=1&resize=700%2C400 2x, https:\/\/i0.wp.com\/larevistadigital.com.ar\/blog\/wp-content\/uploads\/04d176848e2c13f00adfebb553358b5dbbf557d8.jpg?fit=1140%2C738&ssl=1&resize=1050%2C600 3x"},"classes":[]},{"id":39079,"url":"https:\/\/larevistadigital.com.ar\/blog\/preocupacion-en-mar-chiquita-por-el-impacto-del-decreto-216-2025-en-el-turismo\/","url_meta":{"origin":22850,"position":2},"title":"Preocupaci\u00f3n en Mar Chiquita por el impacto del decreto 216\/2025 en el turismo","author":"Alejandro Sosa Ruda","date":"22 marzo, 2025","format":false,"excerpt":"Las autoridades del Partido de Mar Chiquita, expresaron su preocupaci\u00f3n por el decreto impulsado por el Gobierno Nacional para modificar la Ley Nacional de Turismo. 22 De Marzo de 2025 MAR CHIQUITA -\u00a0 Desde la Secretar\u00eda de Turismo y Ambiente del Partido de Mar Chiquita, a cargo de Diego Ginestra,\u2026","rel":"","context":"En \u00abPOLITICA PROVINCIAL\u00bb","block_context":{"text":"POLITICA PROVINCIAL","link":"https:\/\/larevistadigital.com.ar\/blog\/category\/politica\/politica-provincial\/"},"img":{"alt_text":"","src":"https:\/\/i0.wp.com\/larevistadigital.com.ar\/blog\/wp-content\/uploads\/79a5625977ae8d129a181da58db2fdee15ca6ef6.jpg?fit=1140%2C820&ssl=1&resize=350%2C200","width":350,"height":200,"srcset":"https:\/\/i0.wp.com\/larevistadigital.com.ar\/blog\/wp-content\/uploads\/79a5625977ae8d129a181da58db2fdee15ca6ef6.jpg?fit=1140%2C820&ssl=1&resize=350%2C200 1x, https:\/\/i0.wp.com\/larevistadigital.com.ar\/blog\/wp-content\/uploads\/79a5625977ae8d129a181da58db2fdee15ca6ef6.jpg?fit=1140%2C820&ssl=1&resize=525%2C300 1.5x, https:\/\/i0.wp.com\/larevistadigital.com.ar\/blog\/wp-content\/uploads\/79a5625977ae8d129a181da58db2fdee15ca6ef6.jpg?fit=1140%2C820&ssl=1&resize=700%2C400 2x, https:\/\/i0.wp.com\/larevistadigital.com.ar\/blog\/wp-content\/uploads\/79a5625977ae8d129a181da58db2fdee15ca6ef6.jpg?fit=1140%2C820&ssl=1&resize=1050%2C600 3x"},"classes":[]},{"id":2956,"url":"https:\/\/larevistadigital.com.ar\/blog\/el-presidente-de-la-nacion-mauricio-macri-recordo-al-momo-venegas-en-su-discurso-inaugural-en-la-exposicion-rural\/","url_meta":{"origin":22850,"position":3},"title":"El presidente de la Naci\u00f3n, Mauricio Macri record\u00f3 al \u00abMomo Venegas\u00bb en su discurso inaugural en la Exposici\u00f3n Rural","author":"admin","date":"1 agosto, 2017","format":false,"excerpt":"Al pronunciar su discurso inaugural en la 131\u00ba Exposici\u00f3n Rural de Palermo, el presidente de la Naci\u00f3n, Mauricio Macri, rindi\u00f3 homenaje al recientemente fallecido l\u00edder de los trabajadores rurales, Ger\u00f3nimo Venegas. \"Ger\u00f3nimo Venegas un luchador, un gran dirigente, un defensor de la libertad.\u00a0 Mis condolencias a sus hijas ac\u00e1 presentes\".\u2026","rel":"","context":"En \u00abGREMIALES\u00bb","block_context":{"text":"GREMIALES","link":"https:\/\/larevistadigital.com.ar\/blog\/category\/gremiales\/"},"img":{"alt_text":"","src":"https:\/\/i0.wp.com\/larevistadigital.com.ar\/blog\/wp-content\/uploads\/2017\/08\/6504.jpg?fit=396%2C230&ssl=1&resize=350%2C200","width":350,"height":200},"classes":[]},{"id":9786,"url":"https:\/\/larevistadigital.com.ar\/blog\/pila-el-intendente-modifico-por-decreto-las-cuotas-uva-del-programa-pila-crece\/","url_meta":{"origin":22850,"position":4},"title":"PILA: EL INTENDENTE MODIFIC\u00d3 POR DECRETO LAS CUOTAS UVA DEL PROGRAMA \u00abPILA CRECE\u00bb","author":"Alejandro Sosa Ruda","date":"22 abril, 2019","format":false,"excerpt":"El Intendente Municipal de Pila, Gustavo A. Walker, mediante el Decreto Municipal 113\/19 atento a los incesantes aumentos UVA de las cuotas del Programa Pila Crece, modific\u00f3 las mismas que pasar\u00e1n a ser ajustadas por el salario m\u00ednimo vital y m\u00f3vil ampliando en 12 cuotas m\u00e1s. Motiva la decisi\u00f3n la\u2026","rel":"","context":"En \u00abPILA\u00bb","block_context":{"text":"PILA","link":"https:\/\/larevistadigital.com.ar\/blog\/category\/pila\/"},"img":{"alt_text":"","src":"https:\/\/i0.wp.com\/larevistadigital.com.ar\/blog\/wp-content\/uploads\/2019\/04\/58376375_2107681432613981_3583461583520530432_n.jpg?fit=639%2C514&ssl=1&resize=350%2C200","width":350,"height":200,"srcset":"https:\/\/i0.wp.com\/larevistadigital.com.ar\/blog\/wp-content\/uploads\/2019\/04\/58376375_2107681432613981_3583461583520530432_n.jpg?fit=639%2C514&ssl=1&resize=350%2C200 1x, https:\/\/i0.wp.com\/larevistadigital.com.ar\/blog\/wp-content\/uploads\/2019\/04\/58376375_2107681432613981_3583461583520530432_n.jpg?fit=639%2C514&ssl=1&resize=525%2C300 1.5x"},"classes":[]},{"id":44212,"url":"https:\/\/larevistadigital.com.ar\/blog\/axel-kicillof-ante-empresarios-del-turismo-este-modelo-los-esta-fundiendo-y-va-a-cerrar-mas-empresas\/","url_meta":{"origin":22850,"position":5},"title":"Axel Kicillof ante empresarios del turismo: \u201cEste modelo los est\u00e1 fundiendo y va a cerrar m\u00e1s empresas\u201d","author":"Alejandro Sosa Ruda","date":"28 febrero, 2026","format":false,"excerpt":"El gobernador bonaerense llam\u00f3 a \u201chablar de pol\u00edtica\u201d frente a la crisis del sector, cuestion\u00f3 con dureza el rumbo econ\u00f3mico nacional y advirti\u00f3 que, de continuar la actual situaci\u00f3n, se profundizar\u00e1n los cierres y la p\u00e9rdida de empleo. Adem\u00e1s, inaugur\u00f3 equipamiento de alta complejidad en hospitales marplatenses. 28 de febrero\u2026","rel":"","context":"En \u00abPOLITICA\u00bb","block_context":{"text":"POLITICA","link":"https:\/\/larevistadigital.com.ar\/blog\/category\/politica\/"},"img":{"alt_text":"","src":"https:\/\/i0.wp.com\/larevistadigital.com.ar\/blog\/wp-content\/uploads\/Captura-de-pantalla-2026-02-28-015049.jpg?fit=596%2C353&ssl=1&resize=350%2C200","width":350,"height":200,"srcset":"https:\/\/i0.wp.com\/larevistadigital.com.ar\/blog\/wp-content\/uploads\/Captura-de-pantalla-2026-02-28-015049.jpg?fit=596%2C353&ssl=1&resize=350%2C200 1x, https:\/\/i0.wp.com\/larevistadigital.com.ar\/blog\/wp-content\/uploads\/Captura-de-pantalla-2026-02-28-015049.jpg?fit=596%2C353&ssl=1&resize=525%2C300 1.5x"},"classes":[]}],"_links":{"self":[{"href":"https:\/\/larevistadigital.com.ar\/blog\/wp-json\/wp\/v2\/posts\/22850","targetHints":{"allow":["GET"]}}],"collection":[{"href":"https:\/\/larevistadigital.com.ar\/blog\/wp-json\/wp\/v2\/posts"}],"about":[{"href":"https:\/\/larevistadigital.com.ar\/blog\/wp-json\/wp\/v2\/types\/post"}],"author":[{"embeddable":true,"href":"https:\/\/larevistadigital.com.ar\/blog\/wp-json\/wp\/v2\/users\/3"}],"replies":[{"embeddable":true,"href":"https:\/\/larevistadigital.com.ar\/blog\/wp-json\/wp\/v2\/comments?post=22850"}],"version-history":[{"count":1,"href":"https:\/\/larevistadigital.com.ar\/blog\/wp-json\/wp\/v2\/posts\/22850\/revisions"}],"predecessor-version":[{"id":22852,"href":"https:\/\/larevistadigital.com.ar\/blog\/wp-json\/wp\/v2\/posts\/22850\/revisions\/22852"}],"wp:featuredmedia":[{"embeddable":true,"href":"https:\/\/larevistadigital.com.ar\/blog\/wp-json\/wp\/v2\/media\/22851"}],"wp:attachment":[{"href":"https:\/\/larevistadigital.com.ar\/blog\/wp-json\/wp\/v2\/media?parent=22850"}],"wp:term":[{"taxonomy":"category","embeddable":true,"href":"https:\/\/larevistadigital.com.ar\/blog\/wp-json\/wp\/v2\/categories?post=22850"},{"taxonomy":"post_tag","embeddable":true,"href":"https:\/\/larevistadigital.com.ar\/blog\/wp-json\/wp\/v2\/tags?post=22850"}],"curies":[{"name":"wp","href":"https:\/\/api.w.org\/{rel}","templated":true}]}}