{"id":22853,"date":"2021-12-05T16:12:54","date_gmt":"2021-12-05T16:12:54","guid":{"rendered":"https:\/\/larevistadigital.com.ar\/blog\/?p=22853"},"modified":"2021-12-05T16:12:54","modified_gmt":"2021-12-05T16:12:54","slug":"jorge-brito-es-el-nuevo-presidente-de-river-plate","status":"publish","type":"post","link":"https:\/\/larevistadigital.com.ar\/blog\/jorge-brito-es-el-nuevo-presidente-de-river-plate\/","title":{"rendered":"JORGE BRITO ES EL NUEVO PRESIDENTE DE RIVER PLATE"},"content":{"rendered":"<h2>Jorge Brito, el candidato oficialista, fue el m\u00e1s votado en las elecciones de este s\u00e1bado en River Plate, que cerraron con \u201calta participaci\u00f3n\u201d.<\/h2>\n<p><strong>Brito<\/strong>, actual vicepresidente, estuvo acompa\u00f1ado en la f\u00f3rmula por <strong>Mat\u00edas Patanian<\/strong> e <strong>Ignacio Villarroel<\/strong>, quienes tambi\u00e9n fueron parte de la gesti\u00f3n que<strong> Jorge D\u2019Onofrio<\/strong> lider\u00f3 desde 2013. De acuerdo a datos extraoficiales, la lista obtuvo cerca del 70 por ciento de los votos.<\/p>\n<blockquote>\n<h3>Por la oposici\u00f3n se presentaron tres listas, encabezadas por Antonio Caselli junto al exdelantero francoargentino David Trezeguet, Carlos Trillo con Alex Cambell y Luis Belli con la nieta de Alfredo D\u00e1vicce, Dolores Pizarro.<\/h3>\n<\/blockquote>\n<p>Estaban habilitados para votar 50.481 socios en 80 mesas distribuidas en diferentes sectores del estadio Monumental.<\/p>\n<p><em><strong>\u201cCon alta participaci\u00f3n y luego de 10 horas y media de votaci\u00f3n, finaliz\u00f3 la jornada de elecciones en el Club. \u00a1Gracias, familia riverplatense!\u201d<\/strong><\/em>, comunic\u00f3 la instituci\u00f3n en sus redes sociales.<\/p>\n","protected":false},"excerpt":{"rendered":"<div class=\"mh-excerpt\"><p>Jorge Brito, el candidato oficialista, fue el m\u00e1s votado en las elecciones de este s\u00e1bado en River Plate, que cerraron con \u201calta participaci\u00f3n\u201d. Brito, actual vicepresidente, estuvo acompa\u00f1ado en la f\u00f3rmula por Mat\u00edas Patanian e <a class=\"mh-excerpt-more\" href=\"https:\/\/larevistadigital.com.ar\/blog\/jorge-brito-es-el-nuevo-presidente-de-river-plate\/\" title=\"JORGE BRITO ES EL NUEVO PRESIDENTE DE RIVER PLATE\">[Leer M\u00e1s]<\/a><\/p>\n<\/div>","protected":false},"author":3,"featured_media":22854,"comment_status":"open","ping_status":"open","sticky":false,"template":"","format":"standard","meta":{"_jetpack_memberships_contains_paid_content":false,"footnotes":"","jetpack_publicize_message":"","jetpack_publicize_feature_enabled":true,"jetpack_social_post_already_shared":true,"jetpack_social_options":{"image_generator_settings":{"template":"highway","default_image_id":0,"font":"","enabled":false},"version":2}},"categories":[8,50],"tags":[],"class_list":{"0":"post-22853","1":"post","2":"type-post","3":"status-publish","4":"format-standard","5":"has-post-thumbnail","7":"category-deportes","8":"category-interes-general"},"jetpack_publicize_connections":[],"jetpack_featured_media_url":"https:\/\/i0.wp.com\/larevistadigital.com.ar\/blog\/wp-content\/uploads\/Captura-de-pantalla-2021-12-05-131054.jpg?fit=1007%2C567&ssl=1","jetpack_sharing_enabled":true,"jetpack_shortlink":"https:\/\/wp.me\/p8qtrQ-5WB","jetpack-related-posts":[{"id":22909,"url":"https:\/\/larevistadigital.com.ar\/blog\/gallardo-anuncio-que-se-queda-en-river\/","url_meta":{"origin":22853,"position":0},"title":"GALLARDO ANUNCI\u00d3 QUE SE QUEDA EN RIVER","author":"Alejandro Sosa Ruda","date":"8 diciembre, 2021","format":false,"excerpt":"El director t\u00e9cnico convoc\u00f3 a una sorpresiva conferencia de prensa y dijo que contin\u00faa al mando del \"Millonario\" un a\u00f1o m\u00e1s. El t\u00e9cnico de River Plate, Marcelo Gallardo, confirm\u00f3 su continuidad como entrenador\u00a0en una sorpresiva conferencia de prensa en el River Camp, luego de tener en vilo a todos los\u2026","rel":"","context":"En \u00abDESTACADAS\u00bb","block_context":{"text":"DESTACADAS","link":"https:\/\/larevistadigital.com.ar\/blog\/category\/destacadas\/"},"img":{"alt_text":"","src":"https:\/\/i0.wp.com\/larevistadigital.com.ar\/blog\/wp-content\/uploads\/RCFCCAFTLRCXZGJTD23HEFPPTQ.jpg?fit=768%2C512&ssl=1&resize=350%2C200","width":350,"height":200,"srcset":"https:\/\/i0.wp.com\/larevistadigital.com.ar\/blog\/wp-content\/uploads\/RCFCCAFTLRCXZGJTD23HEFPPTQ.jpg?fit=768%2C512&ssl=1&resize=350%2C200 1x, https:\/\/i0.wp.com\/larevistadigital.com.ar\/blog\/wp-content\/uploads\/RCFCCAFTLRCXZGJTD23HEFPPTQ.jpg?fit=768%2C512&ssl=1&resize=525%2C300 1.5x, https:\/\/i0.wp.com\/larevistadigital.com.ar\/blog\/wp-content\/uploads\/RCFCCAFTLRCXZGJTD23HEFPPTQ.jpg?fit=768%2C512&ssl=1&resize=700%2C400 2x"},"classes":[]},{"id":28416,"url":"https:\/\/larevistadigital.com.ar\/blog\/ultimo-momento-marcelo-gallardo-anuncio-que-se-va-de-river\/","url_meta":{"origin":22853,"position":1},"title":"\u00daLTIMO MOMENTO: MARCELO GALLARDO ANUNCI\u00d3 QUE SE VA DE RIVER","author":"Alejandro Sosa Ruda","date":"13 octubre, 2022","format":false,"excerpt":"Lo anunci\u00f3 hace instantes en una conferencia de prensa. As\u00ed culmina el inmejorable per\u00edodo de ocho a\u00f1os y medio donde entre otras cosas conquist\u00f3 el t\u00edtulo m\u00e1s importante de la historia de River: ganar la final de la copa Libertadores con el eterno rival en Madrid. 13 de octubre de\u2026","rel":"","context":"En \u00abDEPORTES\u00bb","block_context":{"text":"DEPORTES","link":"https:\/\/larevistadigital.com.ar\/blog\/category\/deportes\/"},"img":{"alt_text":"","src":"https:\/\/i0.wp.com\/larevistadigital.com.ar\/blog\/wp-content\/uploads\/Captura-de-pantalla-2022-10-13-130639.jpg?fit=714%2C326&ssl=1&resize=350%2C200","width":350,"height":200,"srcset":"https:\/\/i0.wp.com\/larevistadigital.com.ar\/blog\/wp-content\/uploads\/Captura-de-pantalla-2022-10-13-130639.jpg?fit=714%2C326&ssl=1&resize=350%2C200 1x, https:\/\/i0.wp.com\/larevistadigital.com.ar\/blog\/wp-content\/uploads\/Captura-de-pantalla-2022-10-13-130639.jpg?fit=714%2C326&ssl=1&resize=525%2C300 1.5x, https:\/\/i0.wp.com\/larevistadigital.com.ar\/blog\/wp-content\/uploads\/Captura-de-pantalla-2022-10-13-130639.jpg?fit=714%2C326&ssl=1&resize=700%2C400 2x"},"classes":[]},{"id":32411,"url":"https:\/\/larevistadigital.com.ar\/blog\/aca-te-mostramos-el-modelo-argentino-por-el-que-se-habria-separado-ricky-martin\/","url_meta":{"origin":22853,"position":2},"title":"AC\u00c1 TE MOSTRAMOS EL MODELO ARGENTINO POR EL QUE SE HABR\u00cdA SEPARADO RICKY MARTIN","author":"Alejandro Sosa Ruda","date":"15 julio, 2023","format":false,"excerpt":"Tras el anuncio del boricua de su separaci\u00f3n de Jwan Josef,\u00a0\u00c1ngel de Brito\u00a0cont\u00f3 que el cantante se ve con\u00a0Santiago Elissalt. Dicen que \"Le habr\u00eda enviado un avi\u00f3n\". 15 de julio de 2023 La noticia de la separaci\u00f3n de Ricky Martin (51) y Jwan Josef (38) despu\u00e9s de seis a\u00f1os de\u2026","rel":"","context":"En \u00abINTERES GENERAL\u00bb","block_context":{"text":"INTERES GENERAL","link":"https:\/\/larevistadigital.com.ar\/blog\/category\/interes-general\/"},"img":{"alt_text":"","src":"https:\/\/i0.wp.com\/larevistadigital.com.ar\/blog\/wp-content\/uploads\/551755.jpg?fit=1137%2C614&ssl=1&resize=350%2C200","width":350,"height":200,"srcset":"https:\/\/i0.wp.com\/larevistadigital.com.ar\/blog\/wp-content\/uploads\/551755.jpg?fit=1137%2C614&ssl=1&resize=350%2C200 1x, https:\/\/i0.wp.com\/larevistadigital.com.ar\/blog\/wp-content\/uploads\/551755.jpg?fit=1137%2C614&ssl=1&resize=525%2C300 1.5x, https:\/\/i0.wp.com\/larevistadigital.com.ar\/blog\/wp-content\/uploads\/551755.jpg?fit=1137%2C614&ssl=1&resize=700%2C400 2x, https:\/\/i0.wp.com\/larevistadigital.com.ar\/blog\/wp-content\/uploads\/551755.jpg?fit=1137%2C614&ssl=1&resize=1050%2C600 3x"},"classes":[]},{"id":20361,"url":"https:\/\/larevistadigital.com.ar\/blog\/un-river-muy-diezmado-y-con-enzo-perez-al-arco-va-por-la-epica-ante-independiente-de-santa-fe\/","url_meta":{"origin":22853,"position":3},"title":"UN RIVER MUY DIEZMADO Y CON ENZO PEREZ AL ARCO, VA POR LA \u00c9PICA ANTE INDEPENDIENTE DE SANTA FE","author":"Alejandro Sosa Ruda","date":"19 mayo, 2021","format":false,"excerpt":"Desde las 21, el equipo de Marcelo Gallardo jugar\u00e1 un partido por la clasificaci\u00f3n con Enzo P\u00e9rez al arco, tras el aluvi\u00f3n de contagios que dinamit\u00f3 su plantel. River Plate, muy diezmado a causa de los 20 casos positivos de coronavirus que lo obligar\u00e1n a tener un jugador de campo\u2026","rel":"","context":"En \u00abDEPORTES\u00bb","block_context":{"text":"DEPORTES","link":"https:\/\/larevistadigital.com.ar\/blog\/category\/deportes\/"},"img":{"alt_text":"","src":"https:\/\/i0.wp.com\/larevistadigital.com.ar\/blog\/wp-content\/uploads\/Enzo-Perez-River-1.jpg?fit=1200%2C672&ssl=1&resize=350%2C200","width":350,"height":200,"srcset":"https:\/\/i0.wp.com\/larevistadigital.com.ar\/blog\/wp-content\/uploads\/Enzo-Perez-River-1.jpg?fit=1200%2C672&ssl=1&resize=350%2C200 1x, https:\/\/i0.wp.com\/larevistadigital.com.ar\/blog\/wp-content\/uploads\/Enzo-Perez-River-1.jpg?fit=1200%2C672&ssl=1&resize=525%2C300 1.5x, https:\/\/i0.wp.com\/larevistadigital.com.ar\/blog\/wp-content\/uploads\/Enzo-Perez-River-1.jpg?fit=1200%2C672&ssl=1&resize=700%2C400 2x, https:\/\/i0.wp.com\/larevistadigital.com.ar\/blog\/wp-content\/uploads\/Enzo-Perez-River-1.jpg?fit=1200%2C672&ssl=1&resize=1050%2C600 3x"},"classes":[]},{"id":31953,"url":"https:\/\/larevistadigital.com.ar\/blog\/homenaje-de-las-penas-y-filiales-unidas-de-chascomus-a-los-veteranos-de-malvinas\/","url_meta":{"origin":22853,"position":4},"title":"HOMENAJE DE LAS \u00abPE\u00d1AS Y FILIALES UNIDAS DE CHASCOM\u00daS\u00bb A LOS VETERANOS DE MALVINAS","author":"Alejandro Sosa Ruda","date":"12 junio, 2023","format":false,"excerpt":"Las Pe\u00f1as y Filiales Unidas de Chascom\u00fas se organizaron para homenajear este mi\u00e9rcoles 14 de junio, en contexto del d\u00eda del fin del conflicto armado, a Veteranos de Guerra de Malvinas locales que estuvieron en las islas. Un total de ocho Ex Combatientes, como as\u00ed tambi\u00e9n familiares de otros tres,\u2026","rel":"","context":"En \u00abCHASCOM\u00daS\u00bb","block_context":{"text":"CHASCOM\u00daS","link":"https:\/\/larevistadigital.com.ar\/blog\/category\/chascomus\/"},"img":{"alt_text":"","src":"https:\/\/i0.wp.com\/larevistadigital.com.ar\/blog\/wp-content\/uploads\/Malvinas.jpg?fit=800%2C673&ssl=1&resize=350%2C200","width":350,"height":200,"srcset":"https:\/\/i0.wp.com\/larevistadigital.com.ar\/blog\/wp-content\/uploads\/Malvinas.jpg?fit=800%2C673&ssl=1&resize=350%2C200 1x, https:\/\/i0.wp.com\/larevistadigital.com.ar\/blog\/wp-content\/uploads\/Malvinas.jpg?fit=800%2C673&ssl=1&resize=525%2C300 1.5x, https:\/\/i0.wp.com\/larevistadigital.com.ar\/blog\/wp-content\/uploads\/Malvinas.jpg?fit=800%2C673&ssl=1&resize=700%2C400 2x"},"classes":[]},{"id":32167,"url":"https:\/\/larevistadigital.com.ar\/blog\/silvina-juna-fue-internada-ayer-en-terapia-intensiva-hoy-se-encuentra-un-poco\/","url_meta":{"origin":22853,"position":5},"title":"SILVINA JUNA FUE INTERNADA AYER EN TERAPIA INTENSIVA. HOY SE ENCUENTRA UN POCO","author":"Alejandro Sosa Ruda","date":"29 junio, 2023","format":false,"excerpt":"\u00c1ngel de Brito revel\u00f3 el delicado estado de salud de Silvina Luna, exmodelo de Gran Hermano, como consecuencia de las secuelas de una mala praxis quir\u00fargica ocurrida en 2011, a manos del cirujano An\u00edbal Lotocki. 29 de junio de 2023 Actualmente, Luna se encuentra sedada, conectada a un respirador y\u2026","rel":"","context":"En \u00abINTERES GENERAL\u00bb","block_context":{"text":"INTERES GENERAL","link":"https:\/\/larevistadigital.com.ar\/blog\/category\/interes-general\/"},"img":{"alt_text":"","src":"https:\/\/i0.wp.com\/larevistadigital.com.ar\/blog\/wp-content\/uploads\/Captura-de-pantalla-2023-06-29-112850.jpg?fit=854%2C457&ssl=1&resize=350%2C200","width":350,"height":200,"srcset":"https:\/\/i0.wp.com\/larevistadigital.com.ar\/blog\/wp-content\/uploads\/Captura-de-pantalla-2023-06-29-112850.jpg?fit=854%2C457&ssl=1&resize=350%2C200 1x, https:\/\/i0.wp.com\/larevistadigital.com.ar\/blog\/wp-content\/uploads\/Captura-de-pantalla-2023-06-29-112850.jpg?fit=854%2C457&ssl=1&resize=525%2C300 1.5x, https:\/\/i0.wp.com\/larevistadigital.com.ar\/blog\/wp-content\/uploads\/Captura-de-pantalla-2023-06-29-112850.jpg?fit=854%2C457&ssl=1&resize=700%2C400 2x"},"classes":[]}],"_links":{"self":[{"href":"https:\/\/larevistadigital.com.ar\/blog\/wp-json\/wp\/v2\/posts\/22853","targetHints":{"allow":["GET"]}}],"collection":[{"href":"https:\/\/larevistadigital.com.ar\/blog\/wp-json\/wp\/v2\/posts"}],"about":[{"href":"https:\/\/larevistadigital.com.ar\/blog\/wp-json\/wp\/v2\/types\/post"}],"author":[{"embeddable":true,"href":"https:\/\/larevistadigital.com.ar\/blog\/wp-json\/wp\/v2\/users\/3"}],"replies":[{"embeddable":true,"href":"https:\/\/larevistadigital.com.ar\/blog\/wp-json\/wp\/v2\/comments?post=22853"}],"version-history":[{"count":1,"href":"https:\/\/larevistadigital.com.ar\/blog\/wp-json\/wp\/v2\/posts\/22853\/revisions"}],"predecessor-version":[{"id":22855,"href":"https:\/\/larevistadigital.com.ar\/blog\/wp-json\/wp\/v2\/posts\/22853\/revisions\/22855"}],"wp:featuredmedia":[{"embeddable":true,"href":"https:\/\/larevistadigital.com.ar\/blog\/wp-json\/wp\/v2\/media\/22854"}],"wp:attachment":[{"href":"https:\/\/larevistadigital.com.ar\/blog\/wp-json\/wp\/v2\/media?parent=22853"}],"wp:term":[{"taxonomy":"category","embeddable":true,"href":"https:\/\/larevistadigital.com.ar\/blog\/wp-json\/wp\/v2\/categories?post=22853"},{"taxonomy":"post_tag","embeddable":true,"href":"https:\/\/larevistadigital.com.ar\/blog\/wp-json\/wp\/v2\/tags?post=22853"}],"curies":[{"name":"wp","href":"https:\/\/api.w.org\/{rel}","templated":true}]}}