{"id":2286,"date":"2017-05-12T15:24:40","date_gmt":"2017-05-12T15:24:40","guid":{"rendered":"https:\/\/larevistadigital.com.ar\/blog\/?p=2286"},"modified":"2017-05-12T15:24:40","modified_gmt":"2017-05-12T15:24:40","slug":"sorpresivamente-soldados-de-scioli-abandonaron-el-barco-y-se-bajaron-de-la-ola-naranja","status":"publish","type":"post","link":"https:\/\/larevistadigital.com.ar\/blog\/sorpresivamente-soldados-de-scioli-abandonaron-el-barco-y-se-bajaron-de-la-ola-naranja\/","title":{"rendered":"SORPRESIVAMENTE,  SOLDADOS DE SCIOLI ABANDONARON EL BARCO Y SE BAJARON DE \u201cLA OLA NARANJA\u201d"},"content":{"rendered":"<p><strong><em>\u00a0\u201cMe sumo a mi amigo @RandazzoF. Para desarrollar Argentina, desde un peronismo moderno, institucional, transformador\u201d<\/em><\/strong>, poste\u00f3 <strong>Montoya<\/strong> en su cuenta de Twitter y de esa manera sell\u00f3 su divorcio del sciolismo.<\/p>\n<p>As\u00ed, qued\u00f3 plasmado el que seguramente fue el caso m\u00e1s resonante de migraci\u00f3n del espacio que conduce el ex gobernador bonaerense en donde \u00a0el ex recaudador <strong>Santiago Montoya<\/strong>, quien luego de reunirse con <strong>Florencio Randazzo<\/strong> anunci\u00f3 la noticia a trav\u00e9s de las redes sociales. S\u00ed, el ex uno de ARBA y del Grupo Provincia decidi\u00f3 subirse al tren del ex ministro de Transporte y desde ese lugar participar de los comicios.<\/p>\n<p><a href=\"https:\/\/i0.wp.com\/larevistadigital.com.ar\/blog\/wp-content\/uploads\/2017\/05\/20151114224956_adesase.jpg?ssl=1\"><img data-recalc-dims=\"1\" loading=\"lazy\" decoding=\"async\" class=\"size-full wp-image-2288 aligncenter\" src=\"https:\/\/i0.wp.com\/larevistadigital.com.ar\/blog\/wp-content\/uploads\/2017\/05\/20151114224956_adesase.jpg?resize=620%2C454&#038;ssl=1\" alt=\"\" width=\"620\" height=\"454\" srcset=\"https:\/\/i0.wp.com\/larevistadigital.com.ar\/blog\/wp-content\/uploads\/2017\/05\/20151114224956_adesase.jpg?w=620&amp;ssl=1 620w, https:\/\/i0.wp.com\/larevistadigital.com.ar\/blog\/wp-content\/uploads\/2017\/05\/20151114224956_adesase.jpg?resize=300%2C220&amp;ssl=1 300w, https:\/\/i0.wp.com\/larevistadigital.com.ar\/blog\/wp-content\/uploads\/2017\/05\/20151114224956_adesase.jpg?resize=80%2C60&amp;ssl=1 80w\" sizes=\"auto, (max-width: 620px) 100vw, 620px\" \/><\/a><\/p>\n<p>Por otra parte, y a trav\u00e9s de una gacetilla de prensa, el ex Secretario de Servicios P\u00fablicos de la Provincia, <strong>Franco La Porta<\/strong>, mientras cuestionaba duro a <strong>Vidal<\/strong>, aprovech\u00f3 para pegarle duro al ex motonauta, demostrando as\u00ed, de manera contundente, que ya no es m\u00e1s parte del equipo S.<\/p>\n<blockquote>\n<h3><strong><em>\u00abCuando me toc\u00f3 estar al frente de Loter\u00eda hicimos todo lo posible para regular el juego, incluso enviamos la Ley contra el Juego Clandestino, hicimos la primer campa\u00f1a de concientizaci\u00f3n sobre juego compulsivo e intentamos que el Estado intervenga en todos los aspectos del juego. La gesti\u00f3n de Scioli no le dio importancia al tema, y Vidal va por el mismo camino\u00bb<\/em><\/strong>, asever\u00f3 el hombre de San Miguel.<\/h3>\n<\/blockquote>\n<p>Igualmente, esto no termina aqu\u00ed, ya que se suman otros casos. Por ejemplo hace unos d\u00edas <strong>Gustavo Marangoni<\/strong>, ex presidente del Banco Provincia participando de la movida \u00abBajemos los precios\u00bb, la \u00faltima muestra de fuerza del Frente Renovador y el GEN. Fue en Mercedes, junto al diputado nacional Carlos Selva. Nada es casual ni inocente.<\/p>\n<p>Otro que dio el salto con anterioridad, fue \u00a0el ex diputado <strong>Guido Lorenzino<\/strong>, actual Defensor del Pueblo, que lleg\u00f3 al puesto de la mano del ahora un tanto dividido Grupo Esmeralda.<\/p>\n<p><strong>FUENTE: LA TECLA <\/strong><\/p>\n<p>&nbsp;<\/p>\n","protected":false},"excerpt":{"rendered":"<div class=\"mh-excerpt\"><p>\u00a0\u201cMe sumo a mi amigo @RandazzoF. Para desarrollar Argentina, desde un peronismo moderno, institucional, transformador\u201d, poste\u00f3 Montoya en su cuenta de Twitter y de esa manera sell\u00f3 su divorcio del sciolismo. As\u00ed, qued\u00f3 plasmado el <a class=\"mh-excerpt-more\" href=\"https:\/\/larevistadigital.com.ar\/blog\/sorpresivamente-soldados-de-scioli-abandonaron-el-barco-y-se-bajaron-de-la-ola-naranja\/\" title=\"SORPRESIVAMENTE,  SOLDADOS DE SCIOLI ABANDONARON EL BARCO Y SE BAJARON DE \u201cLA OLA NARANJA\u201d\">[Leer M\u00e1s]<\/a><\/p>\n<\/div>","protected":false},"author":3,"featured_media":2291,"comment_status":"open","ping_status":"open","sticky":false,"template":"","format":"standard","meta":{"_jetpack_memberships_contains_paid_content":false,"footnotes":"","jetpack_publicize_message":"","jetpack_publicize_feature_enabled":true,"jetpack_social_post_already_shared":true,"jetpack_social_options":{"image_generator_settings":{"template":"highway","default_image_id":0,"font":"","enabled":false},"version":2}},"categories":[41,12,24],"tags":[],"class_list":{"0":"post-2286","1":"post","2":"type-post","3":"status-publish","4":"format-standard","5":"has-post-thumbnail","7":"category-destacadas","8":"category-politica","9":"category-politica-provincial"},"jetpack_publicize_connections":[],"jetpack_featured_media_url":"https:\/\/i0.wp.com\/larevistadigital.com.ar\/blog\/wp-content\/uploads\/2017\/05\/Scioli-dientes-1.jpg?fit=666%2C599&ssl=1","jetpack_sharing_enabled":true,"jetpack_shortlink":"https:\/\/wp.me\/p8qtrQ-AS","jetpack-related-posts":[{"id":2282,"url":"https:\/\/larevistadigital.com.ar\/blog\/los-partidarios-de-randazzo-negocian-de-manera-intensa-para-sumar-a-felipe-sola\/","url_meta":{"origin":2286,"position":0},"title":"LOS PARTIDARIOS DE RANDAZZO NEGOCIAN DE MANERA INTENSA PARA SUMAR A FELIPE SOLA","author":"Alejandro Sosa Ruda","date":"12 mayo, 2017","format":false,"excerpt":"Desde el martes \u00faltimo, el equipo de Randazzo cuenta con un nuevo integrante: Nada menos que Alberto Fern\u00e1ndez es el nuevo jefe de campa\u00f1a del ex \u00a0ministro del interior.Fue la primera incorporaci\u00f3n resonante luego de que la mayor\u00eda de los dirigentes que forman parte del armado hayan asegurado en p\u00fablico\u2026","rel":"","context":"En \u00abDESTACADAS\u00bb","block_context":{"text":"DESTACADAS","link":"https:\/\/larevistadigital.com.ar\/blog\/category\/destacadas\/"},"img":{"alt_text":"","src":"https:\/\/i0.wp.com\/larevistadigital.com.ar\/blog\/wp-content\/uploads\/2017\/05\/randazzo-sola.jpg?fit=650%2C496&ssl=1&resize=350%2C200","width":350,"height":200,"srcset":"https:\/\/i0.wp.com\/larevistadigital.com.ar\/blog\/wp-content\/uploads\/2017\/05\/randazzo-sola.jpg?fit=650%2C496&ssl=1&resize=350%2C200 1x, https:\/\/i0.wp.com\/larevistadigital.com.ar\/blog\/wp-content\/uploads\/2017\/05\/randazzo-sola.jpg?fit=650%2C496&ssl=1&resize=525%2C300 1.5x"},"classes":[]},{"id":40163,"url":"https:\/\/larevistadigital.com.ar\/blog\/cruce-politico-por-el-parque-termal-etchevarren-responde-y-acusa-a-la-gestion-actual\/","url_meta":{"origin":2286,"position":1},"title":"Cruce pol\u00edtico por el Parque Termal: Etchevarren responde y acusa a la gesti\u00f3n actual","author":"Alejandro Sosa Ruda","date":"24 junio, 2025","format":false,"excerpt":"Tras la denuncia del Municipio por una millonaria deuda, el ex intendente de Dolores sali\u00f3 al cruce: neg\u00f3 el reclamo y defendi\u00f3 su gesti\u00f3n en el desarrollo del complejo tur\u00edstico. 24 De Junio de 2025 DOLORES\u00a0 -\u00a0 \u00a0La pol\u00e9mica por el reclamo judicial de m\u00e1s de 21 mil millones de\u2026","rel":"","context":"En \u00abDOLORES\u00bb","block_context":{"text":"DOLORES","link":"https:\/\/larevistadigital.com.ar\/blog\/category\/dolores\/"},"img":{"alt_text":"","src":"https:\/\/i0.wp.com\/larevistadigital.com.ar\/blog\/wp-content\/uploads\/CAMILO-ECHARREN-.jpg?fit=771%2C526&ssl=1&resize=350%2C200","width":350,"height":200,"srcset":"https:\/\/i0.wp.com\/larevistadigital.com.ar\/blog\/wp-content\/uploads\/CAMILO-ECHARREN-.jpg?fit=771%2C526&ssl=1&resize=350%2C200 1x, https:\/\/i0.wp.com\/larevistadigital.com.ar\/blog\/wp-content\/uploads\/CAMILO-ECHARREN-.jpg?fit=771%2C526&ssl=1&resize=525%2C300 1.5x, https:\/\/i0.wp.com\/larevistadigital.com.ar\/blog\/wp-content\/uploads\/CAMILO-ECHARREN-.jpg?fit=771%2C526&ssl=1&resize=700%2C400 2x"},"classes":[]},{"id":943,"url":"https:\/\/larevistadigital.com.ar\/blog\/reclamo-de-ex-combatientes-en-pami\/","url_meta":{"origin":2286,"position":2},"title":"RECLAMO DE EX COMBATIENTES EN PAMI Y OTRAS INSTITUCIONES","author":"Alejandro Sosa Ruda","date":"10 marzo, 2017","format":false,"excerpt":"Durante la jornada de ayer se llev\u00f3 a cabo una movilizaci\u00f3n de ex combatientes de Malvinas a las oficinas de PAMI\u00a0 ubicadas en Corrientes 665 (entre Maip\u00fa y Florida)\u00a0 de la Ciudad Aut\u00f3noma de Buenos Aires. Unos 5.800 ex combatientes de todo el pa\u00eds acercaron sus inquietudes en Anses, Pami,\u2026","rel":"","context":"En \u00abPOLITICA NACIONAL\u00bb","block_context":{"text":"POLITICA NACIONAL","link":"https:\/\/larevistadigital.com.ar\/blog\/category\/politica\/politica-nacional\/"},"img":{"alt_text":"","src":"https:\/\/i0.wp.com\/larevistadigital.com.ar\/blog\/wp-content\/uploads\/2017\/03\/verimg.jpg?fit=640%2C511&ssl=1&resize=350%2C200","width":350,"height":200,"srcset":"https:\/\/i0.wp.com\/larevistadigital.com.ar\/blog\/wp-content\/uploads\/2017\/03\/verimg.jpg?fit=640%2C511&ssl=1&resize=350%2C200 1x, https:\/\/i0.wp.com\/larevistadigital.com.ar\/blog\/wp-content\/uploads\/2017\/03\/verimg.jpg?fit=640%2C511&ssl=1&resize=525%2C300 1.5x"},"classes":[]},{"id":9006,"url":"https:\/\/larevistadigital.com.ar\/blog\/el-kirchnerismo-furioso-con-rioseco-lo-acusan-de-intoxicar-a-cristina-con-mala-informacion\/","url_meta":{"origin":2286,"position":3},"title":"EL KIRCHNER\u00cdSMO FURIOSO CON RIOSECO. LO ACUSAN DE \u00abINTOXICAR\u00bb A CRISTINA CON MALA INFORMACI\u00d3N","author":"Alejandro Sosa Ruda","date":"11 marzo, 2019","format":false,"excerpt":"Dicen que desde la provincia les inflaron las encuestas y por eso la ex Presidenta se involucr\u00f3 en la campa\u00f1a. La amplia derrota del kirchnerista Ram\u00f3n Rioseco contra el gobernador Omar Guti\u00e9rrez en Neuqu\u00e9n desat\u00f3 la bronca en el Instituto Patria, donde creen que desde la provincia le pasaron \"mala\u2026","rel":"","context":"En \u00abPOLITICA\u00bb","block_context":{"text":"POLITICA","link":"https:\/\/larevistadigital.com.ar\/blog\/category\/politica\/"},"img":{"alt_text":"","src":"https:\/\/i0.wp.com\/larevistadigital.com.ar\/blog\/wp-content\/uploads\/2019\/03\/5c7f09885f90d_940_529.jpg?fit=940%2C529&ssl=1&resize=350%2C200","width":350,"height":200,"srcset":"https:\/\/i0.wp.com\/larevistadigital.com.ar\/blog\/wp-content\/uploads\/2019\/03\/5c7f09885f90d_940_529.jpg?fit=940%2C529&ssl=1&resize=350%2C200 1x, https:\/\/i0.wp.com\/larevistadigital.com.ar\/blog\/wp-content\/uploads\/2019\/03\/5c7f09885f90d_940_529.jpg?fit=940%2C529&ssl=1&resize=525%2C300 1.5x, https:\/\/i0.wp.com\/larevistadigital.com.ar\/blog\/wp-content\/uploads\/2019\/03\/5c7f09885f90d_940_529.jpg?fit=940%2C529&ssl=1&resize=700%2C400 2x"},"classes":[]},{"id":1820,"url":"https:\/\/larevistadigital.com.ar\/blog\/1820-2\/","url_meta":{"origin":2286,"position":4},"title":"LO \u00a0DETERMIN\u00d3 BONAD\u00cdO EN LA\u2026","author":"Alejandro Sosa Ruda","date":"4 abril, 2017","format":false,"excerpt":"LO \u00a0DETERMIN\u00d3 BONAD\u00cdO EN LA CAUSA \"LOS SAUCES\". TAMBI\u00c9N PROCES\u00d3 A B\u00c1EZ Y L\u00d3PEZ. TIENEN PROHIBIDO SALIR DEL PA\u00cdS. El Juez Federal Claudio Bonad\u00edo proces\u00f3 a la ex presidente Cristina Fern\u00e1ndez de Kirchner, y le trab\u00f3 un embargo por 130 millones de pesos por su responsabilidad en la causa \"Los\u2026","rel":"","context":"En \u00abDESTACADAS\u00bb","block_context":{"text":"DESTACADAS","link":"https:\/\/larevistadigital.com.ar\/blog\/category\/destacadas\/"},"img":{"alt_text":"","src":"https:\/\/i0.wp.com\/larevistadigital.com.ar\/blog\/wp-content\/uploads\/2017\/04\/724629_20170404120723.jpg?fit=970%2C546&ssl=1&resize=350%2C200","width":350,"height":200,"srcset":"https:\/\/i0.wp.com\/larevistadigital.com.ar\/blog\/wp-content\/uploads\/2017\/04\/724629_20170404120723.jpg?fit=970%2C546&ssl=1&resize=350%2C200 1x, https:\/\/i0.wp.com\/larevistadigital.com.ar\/blog\/wp-content\/uploads\/2017\/04\/724629_20170404120723.jpg?fit=970%2C546&ssl=1&resize=525%2C300 1.5x, https:\/\/i0.wp.com\/larevistadigital.com.ar\/blog\/wp-content\/uploads\/2017\/04\/724629_20170404120723.jpg?fit=970%2C546&ssl=1&resize=700%2C400 2x"},"classes":[]},{"id":3792,"url":"https:\/\/larevistadigital.com.ar\/blog\/tandil-se-escondio-bano-mato-punaladas-ex-pareja\/","url_meta":{"origin":2286,"position":5},"title":"TANDIL: SE ESCONDI\u00d3 EN EL BA\u00d1O, Y MAT\u00d3 A PU\u00d1ALADAS A SU EX PAREJA","author":"Alejandro Sosa Ruda","date":"12 noviembre, 2017","format":false,"excerpt":"Ail\u00edn Torres ten\u00eda 26 a\u00f1os y era due\u00f1a de una peluquer\u00eda canina. Fue atacada en su casa por su ex pareja que intent\u00f3 suicidarse. Una proteccionista de animales de 26 a\u00f1os fue asesinada a pu\u00f1aladas esta madrugada, en Tandil, por su ex pareja, quien hab\u00eda entrado a su departamento y\u00a0la\u2026","rel":"","context":"En \u00abPOLICIALES\u00bb","block_context":{"text":"POLICIALES","link":"https:\/\/larevistadigital.com.ar\/blog\/category\/policiales\/"},"img":{"alt_text":"","src":"https:\/\/i0.wp.com\/larevistadigital.com.ar\/blog\/wp-content\/uploads\/2017\/11\/Sin-t%C3%ADtulo-2.jpg?fit=750%2C484&ssl=1&resize=350%2C200","width":350,"height":200,"srcset":"https:\/\/i0.wp.com\/larevistadigital.com.ar\/blog\/wp-content\/uploads\/2017\/11\/Sin-t%C3%ADtulo-2.jpg?fit=750%2C484&ssl=1&resize=350%2C200 1x, https:\/\/i0.wp.com\/larevistadigital.com.ar\/blog\/wp-content\/uploads\/2017\/11\/Sin-t%C3%ADtulo-2.jpg?fit=750%2C484&ssl=1&resize=525%2C300 1.5x, https:\/\/i0.wp.com\/larevistadigital.com.ar\/blog\/wp-content\/uploads\/2017\/11\/Sin-t%C3%ADtulo-2.jpg?fit=750%2C484&ssl=1&resize=700%2C400 2x"},"classes":[]}],"_links":{"self":[{"href":"https:\/\/larevistadigital.com.ar\/blog\/wp-json\/wp\/v2\/posts\/2286","targetHints":{"allow":["GET"]}}],"collection":[{"href":"https:\/\/larevistadigital.com.ar\/blog\/wp-json\/wp\/v2\/posts"}],"about":[{"href":"https:\/\/larevistadigital.com.ar\/blog\/wp-json\/wp\/v2\/types\/post"}],"author":[{"embeddable":true,"href":"https:\/\/larevistadigital.com.ar\/blog\/wp-json\/wp\/v2\/users\/3"}],"replies":[{"embeddable":true,"href":"https:\/\/larevistadigital.com.ar\/blog\/wp-json\/wp\/v2\/comments?post=2286"}],"version-history":[{"count":1,"href":"https:\/\/larevistadigital.com.ar\/blog\/wp-json\/wp\/v2\/posts\/2286\/revisions"}],"predecessor-version":[{"id":2289,"href":"https:\/\/larevistadigital.com.ar\/blog\/wp-json\/wp\/v2\/posts\/2286\/revisions\/2289"}],"wp:featuredmedia":[{"embeddable":true,"href":"https:\/\/larevistadigital.com.ar\/blog\/wp-json\/wp\/v2\/media\/2291"}],"wp:attachment":[{"href":"https:\/\/larevistadigital.com.ar\/blog\/wp-json\/wp\/v2\/media?parent=2286"}],"wp:term":[{"taxonomy":"category","embeddable":true,"href":"https:\/\/larevistadigital.com.ar\/blog\/wp-json\/wp\/v2\/categories?post=2286"},{"taxonomy":"post_tag","embeddable":true,"href":"https:\/\/larevistadigital.com.ar\/blog\/wp-json\/wp\/v2\/tags?post=2286"}],"curies":[{"name":"wp","href":"https:\/\/api.w.org\/{rel}","templated":true}]}}