{"id":22927,"date":"2021-12-08T23:02:25","date_gmt":"2021-12-08T23:02:25","guid":{"rendered":"https:\/\/larevistadigital.com.ar\/blog\/?p=22927"},"modified":"2021-12-08T23:02:25","modified_gmt":"2021-12-08T23:02:25","slug":"mar-del-plata-choque-y-vuelco-en-colon-y-guemes","status":"publish","type":"post","link":"https:\/\/larevistadigital.com.ar\/blog\/mar-del-plata-choque-y-vuelco-en-colon-y-guemes\/","title":{"rendered":"MAR DEL PLATA: CHOQUE Y VUELCO EN COL\u00d3N Y G\u00dcEMES"},"content":{"rendered":"<p>El siniestro vial se produjo durante las primeras horas de la ma\u00f1ana de este mi\u00e9rcoles. Un fuerte\u00a0<strong>choque y vuelco<\/strong>\u00a0se produjo durante las primeras horas de la ma\u00f1ana de este mi\u00e9rcoles en la zona de la avenida\u00a0<strong>Col\u00f3n a la altura de la calle G\u00fcemes:<\/strong>\u00a0el conductor de un auto perdi\u00f3 el control e impact\u00f3 contra otros dos veh\u00edculos estacionados, uno de los cuales termin\u00f3 volcado.<\/p>\n<blockquote>\n<h3>De acuerdo a las primeras informaciones, el siniestro vial se produjo alrededor de las 8 de este mi\u00e9rcoles feriado cuando, por motivos que se intentan determinar, el conductor de un<em>\u00a0Peugeot 306<\/em>\u00a0perdi\u00f3 el control del auto y a gran velocidad<strong>\u00a0impact\u00f3 contra dos veh\u00edculos estacionados<\/strong>.<\/h3>\n<\/blockquote>\n<p>Producto del muy fuerte impacto, uno de esos autos que estaba estacionado termin\u00f3<strong>\u00a0volcado sobre la avenida.<\/strong><\/p>\n<p>Como consecuencia del siniestro, el conductor del Peugeot 306 sufri\u00f3 heridas por lo que fue trasladado en una ambulancia del SAME el Hospital Interzonal General de Agudos (HIGA)<\/p>\n<blockquote>\n<h3>Una joven, que fue testigo ya que se desplazaba por esa zona al momento del hecho, relat\u00f3 en di\u00e1logo con<em>\u00a0radio Brisas<\/em>\u00a0(98.5) que el conductor\u00a0<strong>cruz\u00f3 un sem\u00e1foro en rojo<\/strong>\u00a0y perdi\u00f3 el control al realizar una maniobra para esquivar a otro auto que circulaba correctamente.<\/h3>\n<\/blockquote>\n<p>En el lugar trabaj\u00f3 personal de la Polic\u00eda, de Bomberos con una unidad de Rescate y de la Patrulla Municipal.<\/p>\n<p>N. de la R; fuente QUE DIGITAL MdP.<\/p>\n","protected":false},"excerpt":{"rendered":"<div class=\"mh-excerpt\"><p>El siniestro vial se produjo durante las primeras horas de la ma\u00f1ana de este mi\u00e9rcoles. Un fuerte\u00a0choque y vuelco\u00a0se produjo durante las primeras horas de la ma\u00f1ana de este mi\u00e9rcoles en la zona de la <a class=\"mh-excerpt-more\" href=\"https:\/\/larevistadigital.com.ar\/blog\/mar-del-plata-choque-y-vuelco-en-colon-y-guemes\/\" title=\"MAR DEL PLATA: CHOQUE Y VUELCO EN COL\u00d3N Y G\u00dcEMES\">[Leer M\u00e1s]<\/a><\/p>\n<\/div>","protected":false},"author":3,"featured_media":22928,"comment_status":"open","ping_status":"open","sticky":false,"template":"","format":"standard","meta":{"_jetpack_memberships_contains_paid_content":false,"footnotes":"","jetpack_publicize_message":"","jetpack_publicize_feature_enabled":true,"jetpack_social_post_already_shared":true,"jetpack_social_options":{"image_generator_settings":{"template":"highway","default_image_id":0,"font":"","enabled":false},"version":2}},"categories":[44,51],"tags":[],"class_list":{"0":"post-22927","1":"post","2":"type-post","3":"status-publish","4":"format-standard","5":"has-post-thumbnail","7":"category-policiales","8":"category-regionales"},"jetpack_publicize_connections":[],"jetpack_featured_media_url":"https:\/\/i0.wp.com\/larevistadigital.com.ar\/blog\/wp-content\/uploads\/choque-guemes-y-colon-dic-2021.jpg?fit=770%2C433&ssl=1","jetpack_sharing_enabled":true,"jetpack_shortlink":"https:\/\/wp.me\/p8qtrQ-5XN","jetpack-related-posts":[{"id":18385,"url":"https:\/\/larevistadigital.com.ar\/blog\/mar-del-plata-triple-choque-y-vuelco-en-avenida-colon-hay-heridos\/","url_meta":{"origin":22927,"position":0},"title":"MAR DEL PLATA: TRIPLE CHOQUE Y VUELCO EN AVENIDA COLON. HAY HERIDOS","author":"Alejandro Sosa Ruda","date":"29 diciembre, 2020","format":false,"excerpt":"El accidente se produjo este lunes por la noche, cuando una camioneta tipo utilitario colision\u00f3 con otros dos rodados y se despist\u00f3. Se realiz\u00f3 un importante operativo y se detuvo el tr\u00e1nsito en el lugar. MAR DEL PLATA - Un accidente de gravedad se registr\u00f3 este lunes por la noche\u2026","rel":"","context":"En \u00abPOLICIALES\u00bb","block_context":{"text":"POLICIALES","link":"https:\/\/larevistadigital.com.ar\/blog\/category\/policiales\/"},"img":{"alt_text":"","src":"https:\/\/i0.wp.com\/larevistadigital.com.ar\/blog\/wp-content\/uploads\/Screenshot_2-124.jpg?fit=1012%2C567&ssl=1&resize=350%2C200","width":350,"height":200,"srcset":"https:\/\/i0.wp.com\/larevistadigital.com.ar\/blog\/wp-content\/uploads\/Screenshot_2-124.jpg?fit=1012%2C567&ssl=1&resize=350%2C200 1x, https:\/\/i0.wp.com\/larevistadigital.com.ar\/blog\/wp-content\/uploads\/Screenshot_2-124.jpg?fit=1012%2C567&ssl=1&resize=525%2C300 1.5x, https:\/\/i0.wp.com\/larevistadigital.com.ar\/blog\/wp-content\/uploads\/Screenshot_2-124.jpg?fit=1012%2C567&ssl=1&resize=700%2C400 2x"},"classes":[]},{"id":22562,"url":"https:\/\/larevistadigital.com.ar\/blog\/tandil-impactante-colision-el-lunes-y-vuelco-el-dia-domingo\/","url_meta":{"origin":22927,"position":1},"title":"TANDIL: IMPACTANTE COLISI\u00d3N EL LUNES, Y VUELCO EL D\u00cdA DOMINGO","author":"Alejandro Sosa Ruda","date":"2 noviembre, 2021","format":false,"excerpt":"TANDIL\u00a0 -\u00a0 Este lunes, a las 7:10 de la ma\u00f1ana, se produjo una colisi\u00f3n entre un transporte perteneciente a la empresa Equimac S.A. y una Renault Duster, cuyo conductor debi\u00f3 ser hospitalizado con heridas. El siniestro vial ocurri\u00f3 cuando el chofer de la combi (una Fiat Iveco patente AA126CE), que\u2026","rel":"","context":"En \u00abPOLICIALES\u00bb","block_context":{"text":"POLICIALES","link":"https:\/\/larevistadigital.com.ar\/blog\/category\/policiales\/"},"img":{"alt_text":"","src":"https:\/\/i0.wp.com\/larevistadigital.com.ar\/blog\/wp-content\/uploads\/choque-tandil-1-11-2021.jpg?fit=800%2C530&ssl=1&resize=350%2C200","width":350,"height":200,"srcset":"https:\/\/i0.wp.com\/larevistadigital.com.ar\/blog\/wp-content\/uploads\/choque-tandil-1-11-2021.jpg?fit=800%2C530&ssl=1&resize=350%2C200 1x, https:\/\/i0.wp.com\/larevistadigital.com.ar\/blog\/wp-content\/uploads\/choque-tandil-1-11-2021.jpg?fit=800%2C530&ssl=1&resize=525%2C300 1.5x, https:\/\/i0.wp.com\/larevistadigital.com.ar\/blog\/wp-content\/uploads\/choque-tandil-1-11-2021.jpg?fit=800%2C530&ssl=1&resize=700%2C400 2x"},"classes":[]},{"id":33722,"url":"https:\/\/larevistadigital.com.ar\/blog\/ruta-11-terrible-choque-y-vuelco-a-la-altura-de-las-toninas\/","url_meta":{"origin":22927,"position":2},"title":"RUTA 11: TERRIBLE CHOQUE Y VUELCO A LA ALTURA DE LAS TONINAS","author":"Alejandro Sosa Ruda","date":"3 octubre, 2023","format":false,"excerpt":"Sucedi\u00f3 ayer por la tarde, estuvieron implicados en dos autom\u00f3viles. 03 de Octubre de 2023 LAS TONINAS -\u00a0 Ayer por la tarde ocurri\u00f3 un\u00a0grave accidente en la ruta 11, a la altura de la localidad bonaerense de Las Toninas\u00a0en el Partido de La Costa. El violento choque fue protagonizado por\u2026","rel":"","context":"En \u00abPOLICIALES\u00bb","block_context":{"text":"POLICIALES","link":"https:\/\/larevistadigital.com.ar\/blog\/category\/policiales\/"},"img":{"alt_text":"","src":"https:\/\/i0.wp.com\/larevistadigital.com.ar\/blog\/wp-content\/uploads\/982be5a8262baa171d10642c6219dc6bb2eb779d.jpg?fit=1140%2C420&ssl=1&resize=350%2C200","width":350,"height":200,"srcset":"https:\/\/i0.wp.com\/larevistadigital.com.ar\/blog\/wp-content\/uploads\/982be5a8262baa171d10642c6219dc6bb2eb779d.jpg?fit=1140%2C420&ssl=1&resize=350%2C200 1x, https:\/\/i0.wp.com\/larevistadigital.com.ar\/blog\/wp-content\/uploads\/982be5a8262baa171d10642c6219dc6bb2eb779d.jpg?fit=1140%2C420&ssl=1&resize=525%2C300 1.5x, https:\/\/i0.wp.com\/larevistadigital.com.ar\/blog\/wp-content\/uploads\/982be5a8262baa171d10642c6219dc6bb2eb779d.jpg?fit=1140%2C420&ssl=1&resize=700%2C400 2x, https:\/\/i0.wp.com\/larevistadigital.com.ar\/blog\/wp-content\/uploads\/982be5a8262baa171d10642c6219dc6bb2eb779d.jpg?fit=1140%2C420&ssl=1&resize=1050%2C600 3x"},"classes":[]},{"id":43458,"url":"https:\/\/larevistadigital.com.ar\/blog\/mar-del-plata-murio-un-motociclista-tras-chocar-con-un-auto-en-castelli-e-independencia\/","url_meta":{"origin":22927,"position":3},"title":"Mar del Plata: Muri\u00f3 un motociclista tras chocar con un auto en Castelli e Independencia","author":"Alejandro Sosa Ruda","date":"19 enero, 2026","format":false,"excerpt":"El choque ocurri\u00f3 esta ma\u00f1ana en la intersecci\u00f3n de Independencia y Castelli. La v\u00edctima ten\u00eda 30 a\u00f1os y falleci\u00f3 horas despu\u00e9s en el HIGA. 19 de enero de 2026 MAR DEL PLATA\u00a0 -\u00a0 \u00a0Un grave siniestro vial ocurrido en la ma\u00f1ana de este lunes en la ciudad de Mar del\u2026","rel":"","context":"En \u00abPOLICIALES\u00bb","block_context":{"text":"POLICIALES","link":"https:\/\/larevistadigital.com.ar\/blog\/category\/policiales\/"},"img":{"alt_text":"","src":"https:\/\/i0.wp.com\/larevistadigital.com.ar\/blog\/wp-content\/uploads\/accidente-mardel.jpg?fit=854%2C368&ssl=1&resize=350%2C200","width":350,"height":200,"srcset":"https:\/\/i0.wp.com\/larevistadigital.com.ar\/blog\/wp-content\/uploads\/accidente-mardel.jpg?fit=854%2C368&ssl=1&resize=350%2C200 1x, https:\/\/i0.wp.com\/larevistadigital.com.ar\/blog\/wp-content\/uploads\/accidente-mardel.jpg?fit=854%2C368&ssl=1&resize=525%2C300 1.5x, https:\/\/i0.wp.com\/larevistadigital.com.ar\/blog\/wp-content\/uploads\/accidente-mardel.jpg?fit=854%2C368&ssl=1&resize=700%2C400 2x"},"classes":[]},{"id":41433,"url":"https:\/\/larevistadigital.com.ar\/blog\/ruta-226-conductor-hospitalizado-tras-un-vuelco\/","url_meta":{"origin":22927,"position":4},"title":"RUTA 226: Conductor hospitalizado tras un vuelco","author":"Alejandro Sosa Ruda","date":"12 septiembre, 2025","format":false,"excerpt":"Un Peugeot 307 perdi\u00f3 el control durante la madrugada y cay\u00f3 a un desnivel de tres metros. El conductor, de 37 a\u00f1os, fue trasladado de urgencia al Hospital Municipal Ram\u00f3n Santamarina. 12 de septiembre de 2025 BUENOS AIRES\u00a0 \u00a0-\u00a0 \u00a0En la madrugada de este mi\u00e9rcoles, cerca de las 3:30, un\u2026","rel":"","context":"En \u00abPOLICIALES\u00bb","block_context":{"text":"POLICIALES","link":"https:\/\/larevistadigital.com.ar\/blog\/category\/policiales\/"},"img":{"alt_text":"","src":"https:\/\/i0.wp.com\/larevistadigital.com.ar\/blog\/wp-content\/uploads\/1620734310362.jpg?fit=1200%2C798&ssl=1&resize=350%2C200","width":350,"height":200,"srcset":"https:\/\/i0.wp.com\/larevistadigital.com.ar\/blog\/wp-content\/uploads\/1620734310362.jpg?fit=1200%2C798&ssl=1&resize=350%2C200 1x, https:\/\/i0.wp.com\/larevistadigital.com.ar\/blog\/wp-content\/uploads\/1620734310362.jpg?fit=1200%2C798&ssl=1&resize=525%2C300 1.5x, https:\/\/i0.wp.com\/larevistadigital.com.ar\/blog\/wp-content\/uploads\/1620734310362.jpg?fit=1200%2C798&ssl=1&resize=700%2C400 2x, https:\/\/i0.wp.com\/larevistadigital.com.ar\/blog\/wp-content\/uploads\/1620734310362.jpg?fit=1200%2C798&ssl=1&resize=1050%2C600 3x"},"classes":[]},{"id":30711,"url":"https:\/\/larevistadigital.com.ar\/blog\/tragedia-triple-choque-mortal-en-la-ruta-7\/","url_meta":{"origin":22927,"position":5},"title":"TRAGEDIA: TRIPLE CHOQUE MORTAL EN LA RUTA 7","author":"Alejandro Sosa Ruda","date":"24 marzo, 2023","format":false,"excerpt":"De acuerdo a lo revelado por fuentes oficiales, del terrible siniestro colisionaron un Peugeot 3008, un transporte de carga procedente del Brasil y una pick up marca Toyota cabina simple. 24 de marzo de 2023 JUNIN -\u00a0\u00a0Durante el fin de semana largo se produjo un tr\u00e1gico accidente vial en el\u2026","rel":"","context":"En \u00abINTERES GENERAL\u00bb","block_context":{"text":"INTERES GENERAL","link":"https:\/\/larevistadigital.com.ar\/blog\/category\/interes-general\/"},"img":{"alt_text":"","src":"https:\/\/i0.wp.com\/larevistadigital.com.ar\/blog\/wp-content\/uploads\/20230324174028_choque.jpg?fit=880%2C512&ssl=1&resize=350%2C200","width":350,"height":200,"srcset":"https:\/\/i0.wp.com\/larevistadigital.com.ar\/blog\/wp-content\/uploads\/20230324174028_choque.jpg?fit=880%2C512&ssl=1&resize=350%2C200 1x, https:\/\/i0.wp.com\/larevistadigital.com.ar\/blog\/wp-content\/uploads\/20230324174028_choque.jpg?fit=880%2C512&ssl=1&resize=525%2C300 1.5x, https:\/\/i0.wp.com\/larevistadigital.com.ar\/blog\/wp-content\/uploads\/20230324174028_choque.jpg?fit=880%2C512&ssl=1&resize=700%2C400 2x"},"classes":[]}],"_links":{"self":[{"href":"https:\/\/larevistadigital.com.ar\/blog\/wp-json\/wp\/v2\/posts\/22927","targetHints":{"allow":["GET"]}}],"collection":[{"href":"https:\/\/larevistadigital.com.ar\/blog\/wp-json\/wp\/v2\/posts"}],"about":[{"href":"https:\/\/larevistadigital.com.ar\/blog\/wp-json\/wp\/v2\/types\/post"}],"author":[{"embeddable":true,"href":"https:\/\/larevistadigital.com.ar\/blog\/wp-json\/wp\/v2\/users\/3"}],"replies":[{"embeddable":true,"href":"https:\/\/larevistadigital.com.ar\/blog\/wp-json\/wp\/v2\/comments?post=22927"}],"version-history":[{"count":1,"href":"https:\/\/larevistadigital.com.ar\/blog\/wp-json\/wp\/v2\/posts\/22927\/revisions"}],"predecessor-version":[{"id":22929,"href":"https:\/\/larevistadigital.com.ar\/blog\/wp-json\/wp\/v2\/posts\/22927\/revisions\/22929"}],"wp:featuredmedia":[{"embeddable":true,"href":"https:\/\/larevistadigital.com.ar\/blog\/wp-json\/wp\/v2\/media\/22928"}],"wp:attachment":[{"href":"https:\/\/larevistadigital.com.ar\/blog\/wp-json\/wp\/v2\/media?parent=22927"}],"wp:term":[{"taxonomy":"category","embeddable":true,"href":"https:\/\/larevistadigital.com.ar\/blog\/wp-json\/wp\/v2\/categories?post=22927"},{"taxonomy":"post_tag","embeddable":true,"href":"https:\/\/larevistadigital.com.ar\/blog\/wp-json\/wp\/v2\/tags?post=22927"}],"curies":[{"name":"wp","href":"https:\/\/api.w.org\/{rel}","templated":true}]}}