{"id":22933,"date":"2021-12-14T23:20:16","date_gmt":"2021-12-14T23:20:16","guid":{"rendered":"https:\/\/larevistadigital.com.ar\/blog\/?p=22933"},"modified":"2021-12-14T23:20:16","modified_gmt":"2021-12-14T23:20:16","slug":"la-asociacion-bancaria-renovo-autoridades-en-una-ejemplar-eleccion-nacional","status":"publish","type":"post","link":"https:\/\/larevistadigital.com.ar\/blog\/la-asociacion-bancaria-renovo-autoridades-en-una-ejemplar-eleccion-nacional\/","title":{"rendered":"LA ASOCIACI\u00d3N BANCARIA RENOV\u00d3 AUTORIDADES EN UNA EJEMPLAR ELECCI\u00d3N NACIONAL"},"content":{"rendered":"<h2>As\u00ed ocurri\u00f3 en Chascom\u00fas como en todo el pa\u00eds. La seccional cuyo referente es el dirigente nacional Juan Emilio Pallo, y que tiene como secretario general a Franc\u00edsco Rodriguez dio un ejemplo de democracia, transparencia y unidad.<\/h2>\n<p><strong>CHASCOM\u00daS &#8211;<\/strong>\u00a0 En el d\u00eda de hoy, 14 de diciembre, se llevaron a cabo en el \u00e1mbito de nuestra Seccional, como en toda la Rep\u00fablica Argentina, las <strong>Elecciones Generales Nacionales<\/strong> para la renovaci\u00f3n de autoridades para el per\u00edodo 15\/12\/2021 al 14\/12\/2025 en los cuerpos de la Asociaci\u00f3n Bancaria.<\/p>\n<p>En la Seccional Chascom\u00fas, emiti\u00f3 su voto\u00a0 el 8% del padr\u00f3n habilitado, con un 99% de votos a favor de la <strong>Lista N\u00b01 Celeste y Blanca,\u00a0<\/strong>encabezada por el compa\u00f1ero <strong>Sergio Palazzo<\/strong> como Secretario General Nacional, y con la presencia de nuestro Referente Nacional <strong>Juan Emilio Pallo<\/strong>, quien ocupar\u00e1 el cargo de Pro Secretario de Seccionales.<\/p>\n<p>Agradecemos a todos nuestros compa\u00f1eros activos y jubilados, quienes se acercaron a nuestra Seccional a cumplir con su voto, y a quienes recibieron las urnas en las sucursales bancarias.<\/p>\n<p>Sin dudas, toda la jornada electoral, nos hace crecer como organizaci\u00f3n sindical, y reafirmar la defensa de los trabajadores bancarios.<\/p>\n<p><strong>Onnainty Carolina<\/strong>\u00a0 \u00a0 \u00a0 \u00a0<strong>(SECRETARIA DE PRENSA)<\/strong><\/p>\n<p><strong>Rodriguez Francisco\u00a0 \u00a0 (SECRETARIO GENERAL)<\/strong><\/p>\n<p><strong>SECRETARIADO SECCIONAL CHASCOM\u00daS\u00a0 &#8211; ASOCIACI\u00d3N BANCARIA-<\/strong><\/p>\n","protected":false},"excerpt":{"rendered":"<div class=\"mh-excerpt\"><p>As\u00ed ocurri\u00f3 en Chascom\u00fas como en todo el pa\u00eds. La seccional cuyo referente es el dirigente nacional Juan Emilio Pallo, y que tiene como secretario general a Franc\u00edsco Rodriguez dio un ejemplo de democracia, transparencia <a class=\"mh-excerpt-more\" href=\"https:\/\/larevistadigital.com.ar\/blog\/la-asociacion-bancaria-renovo-autoridades-en-una-ejemplar-eleccion-nacional\/\" title=\"LA ASOCIACI\u00d3N BANCARIA RENOV\u00d3 AUTORIDADES EN UNA EJEMPLAR ELECCI\u00d3N NACIONAL\">[Leer M\u00e1s]<\/a><\/p>\n<\/div>","protected":false},"author":3,"featured_media":2127,"comment_status":"open","ping_status":"open","sticky":false,"template":"","format":"standard","meta":{"_jetpack_memberships_contains_paid_content":false,"footnotes":"","jetpack_publicize_message":"","jetpack_publicize_feature_enabled":true,"jetpack_social_post_already_shared":true,"jetpack_social_options":{"image_generator_settings":{"template":"highway","default_image_id":0,"font":"","enabled":false},"version":2}},"categories":[41],"tags":[],"class_list":{"0":"post-22933","1":"post","2":"type-post","3":"status-publish","4":"format-standard","5":"has-post-thumbnail","7":"category-destacadas"},"jetpack_publicize_connections":[],"jetpack_featured_media_url":"https:\/\/i0.wp.com\/larevistadigital.com.ar\/blog\/wp-content\/uploads\/2017\/04\/tema_Asociacion_Bancaria030816930711.jpg?fit=960%2C460&ssl=1","jetpack_sharing_enabled":true,"jetpack_shortlink":"https:\/\/wp.me\/p8qtrQ-5XT","jetpack-related-posts":[{"id":22084,"url":"https:\/\/larevistadigital.com.ar\/blog\/juan-emilio-pallo-un-querido-chascomunense-que-sigue-firme-como-dirigente-bancario\/","url_meta":{"origin":22933,"position":0},"title":"JUAN EMILIO PALLO, UN QUERIDO CHASCOMUNENSE QUE SIGUE FIRME COMO DIRIGENTE BANCARIO","author":"Alejandro Sosa Ruda","date":"22 septiembre, 2021","format":false,"excerpt":"Durante la jornada de ayer, se present\u00f3 la lista Celeste y Blanca n\u00b01, del gremio de los Bancarios, para las elecciones nacionales que se llevar\u00e1n a cabo el pr\u00f3ximo 14 de diciembre en el sindicato. Desde el sindicato, en Chascom\u00fas, entre otras cosas emitieron un comunicado donde expresan su alegr\u00eda\u2026","rel":"","context":"En \u00abINTERES GENERAL\u00bb","block_context":{"text":"INTERES GENERAL","link":"https:\/\/larevistadigital.com.ar\/blog\/category\/interes-general\/"},"img":{"alt_text":"","src":"https:\/\/i0.wp.com\/larevistadigital.com.ar\/blog\/wp-content\/uploads\/WhatsApp-Image-2021-09-22-at-08.37.46.jpeg?fit=720%2C720&ssl=1&resize=350%2C200","width":350,"height":200,"srcset":"https:\/\/i0.wp.com\/larevistadigital.com.ar\/blog\/wp-content\/uploads\/WhatsApp-Image-2021-09-22-at-08.37.46.jpeg?fit=720%2C720&ssl=1&resize=350%2C200 1x, https:\/\/i0.wp.com\/larevistadigital.com.ar\/blog\/wp-content\/uploads\/WhatsApp-Image-2021-09-22-at-08.37.46.jpeg?fit=720%2C720&ssl=1&resize=525%2C300 1.5x, https:\/\/i0.wp.com\/larevistadigital.com.ar\/blog\/wp-content\/uploads\/WhatsApp-Image-2021-09-22-at-08.37.46.jpeg?fit=720%2C720&ssl=1&resize=700%2C400 2x"},"classes":[]},{"id":18753,"url":"https:\/\/larevistadigital.com.ar\/blog\/juan-emilio-pallo-dirigente-nacional-bancario-denuncia-una-grave-situacion\/","url_meta":{"origin":22933,"position":1},"title":"JUAN EMILIO PALLO, DIRIGENTE NACIONAL BANCARIO, DENUNCIA UNA GRAVE SITUACI\u00d3N","author":"Alejandro Sosa Ruda","date":"7 febrero, 2021","format":false,"excerpt":"Se trata de una peligrosa e irresponsable actitud del Gerente Zonal de Banco Naci\u00f3n (Dolores) que pone en riesgo a sus compa\u00f1eros. En un comunicado emitido por la Seccional Chascom\u00fas de la Asociaci\u00f3n Bancaria, el dirigente nacional Juan Emilio Pallo, dio a conocer una situaci\u00f3n que ocurre por decisi\u00f3n del\u2026","rel":"","context":"En \u00abDESTACADAS\u00bb","block_context":{"text":"DESTACADAS","link":"https:\/\/larevistadigital.com.ar\/blog\/category\/destacadas\/"},"img":{"alt_text":"","src":"https:\/\/i0.wp.com\/larevistadigital.com.ar\/blog\/wp-content\/uploads\/2017\/05\/labancaria.jpg?fit=800%2C407&ssl=1&resize=350%2C200","width":350,"height":200,"srcset":"https:\/\/i0.wp.com\/larevistadigital.com.ar\/blog\/wp-content\/uploads\/2017\/05\/labancaria.jpg?fit=800%2C407&ssl=1&resize=350%2C200 1x, https:\/\/i0.wp.com\/larevistadigital.com.ar\/blog\/wp-content\/uploads\/2017\/05\/labancaria.jpg?fit=800%2C407&ssl=1&resize=525%2C300 1.5x, https:\/\/i0.wp.com\/larevistadigital.com.ar\/blog\/wp-content\/uploads\/2017\/05\/labancaria.jpg?fit=800%2C407&ssl=1&resize=700%2C400 2x"},"classes":[]},{"id":18762,"url":"https:\/\/larevistadigital.com.ar\/blog\/la-intervencion-del-dirigente-bancario-juan-emilio-pallo-dio-resultado-y-el-gerente-zonal-de-banco-nacion-dio-marcha-atras\/","url_meta":{"origin":22933,"position":2},"title":"LA INTERVENCI\u00d3N DEL DIRIGENTE BANCARIO JUAN EMILIO PALLO, DIO RESULTADO Y EL GERENTE ZONAL DE BANCO NACI\u00d3N DIO MARCHA ATR\u00c1S CON UNA POL\u00c9MICA MEDIDA","author":"Alejandro Sosa Ruda","date":"8 febrero, 2021","format":false,"excerpt":"La r\u00e1pida reacci\u00f3n del dirigente nacional bancario Juan Emilio Pallo, logr\u00f3 hacer reflexionar al gerente zonal (Zona Dolores Banco Naci\u00f3n) Pablo Madrid, dando marcha atr\u00e1s con su pol\u00e9mica y peligrosa actitud. Aqu\u00ed las notas y los detalles. Luego de la nota que escribi\u00f3 el dirigente nacional de La Bancaria, Juan\u2026","rel":"","context":"En \u00abDESTACADAS\u00bb","block_context":{"text":"DESTACADAS","link":"https:\/\/larevistadigital.com.ar\/blog\/category\/destacadas\/"},"img":{"alt_text":"","src":"https:\/\/i0.wp.com\/larevistadigital.com.ar\/blog\/wp-content\/uploads\/bancaria_08denoviembrede2017_elfuerte.jpg?fit=737%2C415&ssl=1&resize=350%2C200","width":350,"height":200,"srcset":"https:\/\/i0.wp.com\/larevistadigital.com.ar\/blog\/wp-content\/uploads\/bancaria_08denoviembrede2017_elfuerte.jpg?fit=737%2C415&ssl=1&resize=350%2C200 1x, https:\/\/i0.wp.com\/larevistadigital.com.ar\/blog\/wp-content\/uploads\/bancaria_08denoviembrede2017_elfuerte.jpg?fit=737%2C415&ssl=1&resize=525%2C300 1.5x, https:\/\/i0.wp.com\/larevistadigital.com.ar\/blog\/wp-content\/uploads\/bancaria_08denoviembrede2017_elfuerte.jpg?fit=737%2C415&ssl=1&resize=700%2C400 2x"},"classes":[]},{"id":29706,"url":"https:\/\/larevistadigital.com.ar\/blog\/chascomus-sergio-palazzo-y-secretarios-nacionales-proclamaron-la-nueva-conduccion-local-de-la-bancaria\/","url_meta":{"origin":22933,"position":3},"title":"CHASCOM\u00daS: SERGIO PALAZZO Y SECRETARIOS NACIONALES PROCLAMARON LA NUEVA CONDUCCI\u00d3N LOCAL DE LA BANCARIA","author":"Alejandro Sosa Ruda","date":"30 diciembre, 2022","format":false,"excerpt":"Se reunieron el d\u00eda de hoy en la sede de Chascom\u00fas, con el ganador de la elecci\u00f3n Fernando Latorre y algunos dirigentes para proclamar la nueva conducci\u00f3n. 29 de diciembre de 2022 CHASCOM\u00daS -\u00a0\u00a0Durante la jornada de hoy, se vivi\u00f3 una importante reuni\u00f3n en el \u00e1mbito del sindicato Bancario, con\u2026","rel":"","context":"En \u00abGREMIALES\u00bb","block_context":{"text":"GREMIALES","link":"https:\/\/larevistadigital.com.ar\/blog\/category\/gremiales\/"},"img":{"alt_text":"","src":"https:\/\/i0.wp.com\/larevistadigital.com.ar\/blog\/wp-content\/uploads\/WhatsApp-Image-2022-12-29-at-20.23.02.jpeg?fit=750%2C802&ssl=1&resize=350%2C200","width":350,"height":200,"srcset":"https:\/\/i0.wp.com\/larevistadigital.com.ar\/blog\/wp-content\/uploads\/WhatsApp-Image-2022-12-29-at-20.23.02.jpeg?fit=750%2C802&ssl=1&resize=350%2C200 1x, https:\/\/i0.wp.com\/larevistadigital.com.ar\/blog\/wp-content\/uploads\/WhatsApp-Image-2022-12-29-at-20.23.02.jpeg?fit=750%2C802&ssl=1&resize=525%2C300 1.5x, https:\/\/i0.wp.com\/larevistadigital.com.ar\/blog\/wp-content\/uploads\/WhatsApp-Image-2022-12-29-at-20.23.02.jpeg?fit=750%2C802&ssl=1&resize=700%2C400 2x"},"classes":[]},{"id":23721,"url":"https:\/\/larevistadigital.com.ar\/blog\/incluye-galeria-de-fotos-la-bancaria-de-chascomus-nuevo-sum-para-un-gremio-ejemplar\/","url_meta":{"origin":22933,"position":4},"title":"[INCLUYE GALER\u00cdA DE FOTOS] LA BANCARIA DE CHASCOM\u00daS, NUEVO SUM PARA UN GREMIO EJEMPLAR","author":"Alejandro Sosa Ruda","date":"1 febrero, 2022","format":false,"excerpt":"CHASCOM\u00daS -\u00a0\u00a0Luego del azote de una pandemia que ha afectado a todo y todos de alguna u otra manera, el sindicato de los empleados bancarios, La Bancaria, sigue dando muestras de gesti\u00f3n, y esto se refleja en las distintas sedes que posee a lo ancho y largo de todo el\u2026","rel":"","context":"En \u00abDESTACADAS\u00bb","block_context":{"text":"DESTACADAS","link":"https:\/\/larevistadigital.com.ar\/blog\/category\/destacadas\/"},"img":{"alt_text":"","src":"https:\/\/i0.wp.com\/larevistadigital.com.ar\/blog\/wp-content\/uploads\/WhatsApp-Image-2022-01-31-at-11.07.58-1.jpeg?fit=1200%2C894&ssl=1&resize=350%2C200","width":350,"height":200,"srcset":"https:\/\/i0.wp.com\/larevistadigital.com.ar\/blog\/wp-content\/uploads\/WhatsApp-Image-2022-01-31-at-11.07.58-1.jpeg?fit=1200%2C894&ssl=1&resize=350%2C200 1x, https:\/\/i0.wp.com\/larevistadigital.com.ar\/blog\/wp-content\/uploads\/WhatsApp-Image-2022-01-31-at-11.07.58-1.jpeg?fit=1200%2C894&ssl=1&resize=525%2C300 1.5x, https:\/\/i0.wp.com\/larevistadigital.com.ar\/blog\/wp-content\/uploads\/WhatsApp-Image-2022-01-31-at-11.07.58-1.jpeg?fit=1200%2C894&ssl=1&resize=700%2C400 2x, https:\/\/i0.wp.com\/larevistadigital.com.ar\/blog\/wp-content\/uploads\/WhatsApp-Image-2022-01-31-at-11.07.58-1.jpeg?fit=1200%2C894&ssl=1&resize=1050%2C600 3x"},"classes":[]},{"id":23226,"url":"https:\/\/larevistadigital.com.ar\/blog\/juan-emilio-pallo-un-dirigente-sindical-con-mayusculas\/","url_meta":{"origin":22933,"position":5},"title":"JUAN EMILIO PALLO: UN DIRIGENTE SINDICAL CON MAY\u00daSCULAS","author":"Alejandro Sosa Ruda","date":"8 enero, 2022","format":false,"excerpt":"Un hombre del sindicalismo, con una gran trayectoria, que ha trascendido las fronteras de Chascom\u00fas y hoy es uno de los representantes dentro del Secretariado Nacional de los Bancarios. Hombre de pocas palabras, con una enorme capacidad para detectar y formar cuadros. Si hay un representante gremial que se aleja\u2026","rel":"","context":"En \u00abGREMIALES\u00bb","block_context":{"text":"GREMIALES","link":"https:\/\/larevistadigital.com.ar\/blog\/category\/gremiales\/"},"img":{"alt_text":"","src":"https:\/\/i0.wp.com\/larevistadigital.com.ar\/blog\/wp-content\/uploads\/WhatsApp-Image-2022-01-07-at-21.08.08.jpeg?fit=808%2C1200&ssl=1&resize=350%2C200","width":350,"height":200,"srcset":"https:\/\/i0.wp.com\/larevistadigital.com.ar\/blog\/wp-content\/uploads\/WhatsApp-Image-2022-01-07-at-21.08.08.jpeg?fit=808%2C1200&ssl=1&resize=350%2C200 1x, https:\/\/i0.wp.com\/larevistadigital.com.ar\/blog\/wp-content\/uploads\/WhatsApp-Image-2022-01-07-at-21.08.08.jpeg?fit=808%2C1200&ssl=1&resize=525%2C300 1.5x, https:\/\/i0.wp.com\/larevistadigital.com.ar\/blog\/wp-content\/uploads\/WhatsApp-Image-2022-01-07-at-21.08.08.jpeg?fit=808%2C1200&ssl=1&resize=700%2C400 2x"},"classes":[]}],"_links":{"self":[{"href":"https:\/\/larevistadigital.com.ar\/blog\/wp-json\/wp\/v2\/posts\/22933","targetHints":{"allow":["GET"]}}],"collection":[{"href":"https:\/\/larevistadigital.com.ar\/blog\/wp-json\/wp\/v2\/posts"}],"about":[{"href":"https:\/\/larevistadigital.com.ar\/blog\/wp-json\/wp\/v2\/types\/post"}],"author":[{"embeddable":true,"href":"https:\/\/larevistadigital.com.ar\/blog\/wp-json\/wp\/v2\/users\/3"}],"replies":[{"embeddable":true,"href":"https:\/\/larevistadigital.com.ar\/blog\/wp-json\/wp\/v2\/comments?post=22933"}],"version-history":[{"count":1,"href":"https:\/\/larevistadigital.com.ar\/blog\/wp-json\/wp\/v2\/posts\/22933\/revisions"}],"predecessor-version":[{"id":22934,"href":"https:\/\/larevistadigital.com.ar\/blog\/wp-json\/wp\/v2\/posts\/22933\/revisions\/22934"}],"wp:featuredmedia":[{"embeddable":true,"href":"https:\/\/larevistadigital.com.ar\/blog\/wp-json\/wp\/v2\/media\/2127"}],"wp:attachment":[{"href":"https:\/\/larevistadigital.com.ar\/blog\/wp-json\/wp\/v2\/media?parent=22933"}],"wp:term":[{"taxonomy":"category","embeddable":true,"href":"https:\/\/larevistadigital.com.ar\/blog\/wp-json\/wp\/v2\/categories?post=22933"},{"taxonomy":"post_tag","embeddable":true,"href":"https:\/\/larevistadigital.com.ar\/blog\/wp-json\/wp\/v2\/tags?post=22933"}],"curies":[{"name":"wp","href":"https:\/\/api.w.org\/{rel}","templated":true}]}}