{"id":22935,"date":"2021-12-14T23:52:48","date_gmt":"2021-12-14T23:52:48","guid":{"rendered":"https:\/\/larevistadigital.com.ar\/blog\/?p=22935"},"modified":"2021-12-14T23:52:48","modified_gmt":"2021-12-14T23:52:48","slug":"una-familia-completa-perdio-la-vida-en-un-accidente-automovilistico","status":"publish","type":"post","link":"https:\/\/larevistadigital.com.ar\/blog\/una-familia-completa-perdio-la-vida-en-un-accidente-automovilistico\/","title":{"rendered":"UNA FAMILIA COMPLETA PERDI\u00d3 LA VIDA EN UN ACCIDENTE AUTOMOVIL\u00cdSTICO"},"content":{"rendered":"<h2>Ocurri\u00f3 en Guamin\u00ed. En el cruce de las rutas 33 y 60. Las v\u00edctimas fatales fueron identificadas como Pablo Conrado Stellato, de 34 a\u00f1os de edad; Alicia Genoveva Cedro, de 34 a\u00f1os; Jer\u00f3nimo Adriel Stellato, de 11 a\u00f1os, y Valentina Anabella Stellato, de 13 a\u00f1os.<\/h2>\n<p class=\"selectionShareable\">Un impactante accidente entre un autom\u00f3vil y un cami\u00f3n en el cruce de las rutas Nacional 33 y Provincia 60, dej\u00f3 el saldo fatal de cuatro personas fallecidas. En el siniestro particip\u00f3 un Ford Mondeo en el que viajaba una familia de Neuqu\u00e9n, con destino a Mar del Plata, y un acoplado de la firma Transportes JB.<\/p>\n<blockquote>\n<h3 class=\"selectionShareable\">Fuentes policiales indicaron que se trat\u00f3 de una familia compuesta por una mujer y un hombre mayores de edad y sus dos hijos menores de edad.<\/h3>\n<\/blockquote>\n<p class=\"selectionShareable\">Como producto del tremendo impacto, los adultos y un menor de edad fallecieron al instante. El otro menor tambi\u00e9n falleci\u00f3 en el hospital de Guamin\u00ed por las graves heridas sufridas.<\/p>\n<blockquote>\n<h3 class=\"selectionShareable\">Las v\u00edctimas fatales fueron identificadas como Pablo Conrado Stellato, de 34 a\u00f1os de edad; Alicia Genoveva Cedro, de 34 a\u00f1os; Jer\u00f3nimo Adriel Stellato, de 11 a\u00f1os, y Valentina Anabella Stellato, de 13 a\u00f1os.<\/h3>\n<\/blockquote>\n<p class=\"selectionShareable\">En tanto el conductor del cami\u00f3n, <strong>Jorge Eduardo Brea<\/strong> (40), result\u00f3 con heridas que no revestir\u00edan gravedad, pero fue trasladado al mismo centro m\u00e9dico. (<b>InfoGEI<\/b>) Mg<\/p>\n","protected":false},"excerpt":{"rendered":"<div class=\"mh-excerpt\"><p>Ocurri\u00f3 en Guamin\u00ed. En el cruce de las rutas 33 y 60. Las v\u00edctimas fatales fueron identificadas como Pablo Conrado Stellato, de 34 a\u00f1os de edad; Alicia Genoveva Cedro, de 34 a\u00f1os; Jer\u00f3nimo Adriel Stellato, <a class=\"mh-excerpt-more\" href=\"https:\/\/larevistadigital.com.ar\/blog\/una-familia-completa-perdio-la-vida-en-un-accidente-automovilistico\/\" title=\"UNA FAMILIA COMPLETA PERDI\u00d3 LA VIDA EN UN ACCIDENTE AUTOMOVIL\u00cdSTICO\">[Leer M\u00e1s]<\/a><\/p>\n<\/div>","protected":false},"author":3,"featured_media":22936,"comment_status":"open","ping_status":"open","sticky":false,"template":"","format":"standard","meta":{"_jetpack_memberships_contains_paid_content":false,"footnotes":"","jetpack_publicize_message":"","jetpack_publicize_feature_enabled":true,"jetpack_social_post_already_shared":true,"jetpack_social_options":{"image_generator_settings":{"template":"highway","default_image_id":0,"font":"","enabled":false},"version":2}},"categories":[44,51],"tags":[],"class_list":{"0":"post-22935","1":"post","2":"type-post","3":"status-publish","4":"format-standard","5":"has-post-thumbnail","7":"category-policiales","8":"category-regionales"},"jetpack_publicize_connections":[],"jetpack_featured_media_url":"https:\/\/i0.wp.com\/larevistadigital.com.ar\/blog\/wp-content\/uploads\/20211214180910_cho.jpg?fit=880%2C512&ssl=1","jetpack_sharing_enabled":true,"jetpack_shortlink":"https:\/\/wp.me\/p8qtrQ-5XV","jetpack-related-posts":[{"id":9339,"url":"https:\/\/larevistadigital.com.ar\/blog\/mueren-9-personas-en-tragico-accidente-en-el-cruce-de-rutas-51-y-7\/","url_meta":{"origin":22935,"position":0},"title":"MUEREN 9 PERSONAS EN TR\u00c1GICO ACCIDENTE EN EL CRUCE DE RUTAS 51 Y  7","author":"Alejandro Sosa Ruda","date":"25 marzo, 2019","format":false,"excerpt":"Un cami\u00f3n de gran porte choc\u00f3 contra una camioneta en la ruta provincial 51, a la altura de Carmen de Areco, y\u00a0nueve personas murieron por el impacto, cinco\u00a0de ellos menores de edad. El accidente se registr\u00f3 esta tarde en el cruce de la ruta provincial con la ruta nacional n\u00famero\u2026","rel":"","context":"En \u00abPOLICIALES\u00bb","block_context":{"text":"POLICIALES","link":"https:\/\/larevistadigital.com.ar\/blog\/category\/policiales\/"},"img":{"alt_text":"","src":"https:\/\/i0.wp.com\/larevistadigital.com.ar\/blog\/wp-content\/uploads\/2019\/03\/7G-Uihy9X_1256x620__2.jpg?fit=1200%2C592&ssl=1&resize=350%2C200","width":350,"height":200,"srcset":"https:\/\/i0.wp.com\/larevistadigital.com.ar\/blog\/wp-content\/uploads\/2019\/03\/7G-Uihy9X_1256x620__2.jpg?fit=1200%2C592&ssl=1&resize=350%2C200 1x, https:\/\/i0.wp.com\/larevistadigital.com.ar\/blog\/wp-content\/uploads\/2019\/03\/7G-Uihy9X_1256x620__2.jpg?fit=1200%2C592&ssl=1&resize=525%2C300 1.5x, https:\/\/i0.wp.com\/larevistadigital.com.ar\/blog\/wp-content\/uploads\/2019\/03\/7G-Uihy9X_1256x620__2.jpg?fit=1200%2C592&ssl=1&resize=700%2C400 2x, https:\/\/i0.wp.com\/larevistadigital.com.ar\/blog\/wp-content\/uploads\/2019\/03\/7G-Uihy9X_1256x620__2.jpg?fit=1200%2C592&ssl=1&resize=1050%2C600 3x"},"classes":[]},{"id":32029,"url":"https:\/\/larevistadigital.com.ar\/blog\/ruta-11-un-auto-atropello-y-mato-a-una-mujer-y-su-hijita-de-7-anos\/","url_meta":{"origin":22935,"position":1},"title":"RUTA 11: UN AUTO ATROPELL\u00d3 Y MAT\u00d3 A UNA MUJER Y SU HIJITA DE 7 A\u00d1OS","author":"Alejandro Sosa Ruda","date":"16 junio, 2023","format":false,"excerpt":"El suceso ocurri\u00f3 alrededor de las 7:30 de la ma\u00f1ana de ayer en el cruce de la ruta 11 y la calle 690, cuando un hombre de 44 a\u00f1os que conduc\u00eda un Toyota Corolla impact\u00f3 contra la mujer y la menor, arrebat\u00e1ndoles la vida en el acto. 16 de junio\u2026","rel":"","context":"En \u00abPOLICIALES\u00bb","block_context":{"text":"POLICIALES","link":"https:\/\/larevistadigital.com.ar\/blog\/category\/policiales\/"},"img":{"alt_text":"","src":"https:\/\/i0.wp.com\/larevistadigital.com.ar\/blog\/wp-content\/uploads\/20230615174043_cho.jpg?fit=880%2C512&ssl=1&resize=350%2C200","width":350,"height":200,"srcset":"https:\/\/i0.wp.com\/larevistadigital.com.ar\/blog\/wp-content\/uploads\/20230615174043_cho.jpg?fit=880%2C512&ssl=1&resize=350%2C200 1x, https:\/\/i0.wp.com\/larevistadigital.com.ar\/blog\/wp-content\/uploads\/20230615174043_cho.jpg?fit=880%2C512&ssl=1&resize=525%2C300 1.5x, https:\/\/i0.wp.com\/larevistadigital.com.ar\/blog\/wp-content\/uploads\/20230615174043_cho.jpg?fit=880%2C512&ssl=1&resize=700%2C400 2x"},"classes":[]},{"id":9032,"url":"https:\/\/larevistadigital.com.ar\/blog\/san-vicente-accidente-fatal-en-ruta-6\/","url_meta":{"origin":22935,"position":2},"title":"SAN VICENTE: ACCIDENTE FATAL EN RUTA 6","author":"Alejandro Sosa Ruda","date":"12 marzo, 2019","format":false,"excerpt":"En las \u00faltimas horas se produjo un\u00a0grave accidente\u00a0en\u00a0ruta 6\u00a0a la altura del\u00a0peaje en construcci\u00f3n\u00a0de\u00a0San Vicente, donde lamentablemente\u00a0falleci\u00f3 el conductor de un cami\u00f3n, tras impactar con otro cami\u00f3n. La v\u00edctima fatal es un hombre de 28 a\u00f1os de edad. Fuentes policiales indicaron a\u00a0DLN\u00a0que en la ruta 6, un cami\u00f3n Mercedes Benz\u00a0colision\u00f3\u2026","rel":"","context":"En \u00abPOLICIALES\u00bb","block_context":{"text":"POLICIALES","link":"https:\/\/larevistadigital.com.ar\/blog\/category\/policiales\/"},"img":{"alt_text":"","src":"https:\/\/i0.wp.com\/larevistadigital.com.ar\/blog\/wp-content\/uploads\/2019\/03\/WhatsApp-Image-2019-03-12-at-09.41.18.jpeg?fit=1024%2C575&ssl=1&resize=350%2C200","width":350,"height":200,"srcset":"https:\/\/i0.wp.com\/larevistadigital.com.ar\/blog\/wp-content\/uploads\/2019\/03\/WhatsApp-Image-2019-03-12-at-09.41.18.jpeg?fit=1024%2C575&ssl=1&resize=350%2C200 1x, https:\/\/i0.wp.com\/larevistadigital.com.ar\/blog\/wp-content\/uploads\/2019\/03\/WhatsApp-Image-2019-03-12-at-09.41.18.jpeg?fit=1024%2C575&ssl=1&resize=525%2C300 1.5x, https:\/\/i0.wp.com\/larevistadigital.com.ar\/blog\/wp-content\/uploads\/2019\/03\/WhatsApp-Image-2019-03-12-at-09.41.18.jpeg?fit=1024%2C575&ssl=1&resize=700%2C400 2x"},"classes":[]},{"id":43049,"url":"https:\/\/larevistadigital.com.ar\/blog\/tragico-vuelco-en-la-ruta-murio-un-hombre-de-68-anos-cuando-viajaba-hacia-la-costa-atlantica\/","url_meta":{"origin":22935,"position":3},"title":"Tr\u00e1gico vuelco en la ruta: muri\u00f3 un hombre de 68 a\u00f1os cuando viajaba hacia la Costa Atl\u00e1ntica","author":"Alejandro Sosa Ruda","date":"29 diciembre, 2025","format":false,"excerpt":"El accidente ocurri\u00f3 en el cruce de las rutas provinciales 6 y 215, en la localidad de Olmos. La v\u00edctima falleci\u00f3 en el lugar y su esposa result\u00f3 ilesa. 29 de diciembre de 2025 Un hombre de 68 a\u00f1os perdi\u00f3 la vida este domingo tras protagonizar un tr\u00e1gico accidente de\u2026","rel":"","context":"En \u00abDESTACADAS\u00bb","block_context":{"text":"DESTACADAS","link":"https:\/\/larevistadigital.com.ar\/blog\/category\/destacadas\/"},"img":{"alt_text":"","src":"https:\/\/i0.wp.com\/larevistadigital.com.ar\/blog\/wp-content\/uploads\/ef20d36c08db01c4ee34f44f3b23e2adf0da0ea7.png?fit=1140%2C632&ssl=1&resize=350%2C200","width":350,"height":200,"srcset":"https:\/\/i0.wp.com\/larevistadigital.com.ar\/blog\/wp-content\/uploads\/ef20d36c08db01c4ee34f44f3b23e2adf0da0ea7.png?fit=1140%2C632&ssl=1&resize=350%2C200 1x, https:\/\/i0.wp.com\/larevistadigital.com.ar\/blog\/wp-content\/uploads\/ef20d36c08db01c4ee34f44f3b23e2adf0da0ea7.png?fit=1140%2C632&ssl=1&resize=525%2C300 1.5x, https:\/\/i0.wp.com\/larevistadigital.com.ar\/blog\/wp-content\/uploads\/ef20d36c08db01c4ee34f44f3b23e2adf0da0ea7.png?fit=1140%2C632&ssl=1&resize=700%2C400 2x, https:\/\/i0.wp.com\/larevistadigital.com.ar\/blog\/wp-content\/uploads\/ef20d36c08db01c4ee34f44f3b23e2adf0da0ea7.png?fit=1140%2C632&ssl=1&resize=1050%2C600 3x"},"classes":[]},{"id":39456,"url":"https:\/\/larevistadigital.com.ar\/blog\/tandil-cayo-de-la-moto-y-se-fracturo-la-pierna-y-las-costillas\/","url_meta":{"origin":22935,"position":4},"title":"Tandil: Cay\u00f3 de la moto y se fractur\u00f3 la pierna y las costillas","author":"Alejandro Sosa Ruda","date":"20 abril, 2025","format":false,"excerpt":"Ocurri\u00f3 la madrugada del domingo, entre Lober\u00eda y Larrea. 20 de Abril de 2025 TANDIL -\u00a0 Era la madrugada y un hombre circulaba en una moto marca Motomel Skua, acompa\u00f1ado de otro, cuando tras perder el control del veh\u00edculo, impactaron contra la carteler\u00eda y cayendo ambos sobre el asfalto en\u2026","rel":"","context":"En \u00abPOLICIALES\u00bb","block_context":{"text":"POLICIALES","link":"https:\/\/larevistadigital.com.ar\/blog\/category\/policiales\/"},"img":{"alt_text":"","src":"https:\/\/i0.wp.com\/larevistadigital.com.ar\/blog\/wp-content\/uploads\/accidente_alvear.jpg?fit=768%2C590&ssl=1&resize=350%2C200","width":350,"height":200,"srcset":"https:\/\/i0.wp.com\/larevistadigital.com.ar\/blog\/wp-content\/uploads\/accidente_alvear.jpg?fit=768%2C590&ssl=1&resize=350%2C200 1x, https:\/\/i0.wp.com\/larevistadigital.com.ar\/blog\/wp-content\/uploads\/accidente_alvear.jpg?fit=768%2C590&ssl=1&resize=525%2C300 1.5x, https:\/\/i0.wp.com\/larevistadigital.com.ar\/blog\/wp-content\/uploads\/accidente_alvear.jpg?fit=768%2C590&ssl=1&resize=700%2C400 2x"},"classes":[]},{"id":29573,"url":"https:\/\/larevistadigital.com.ar\/blog\/diputada-bonaerense-se-accidento-en-el-cruce-de-las-rutas-74-y-50\/","url_meta":{"origin":22935,"position":5},"title":"DIPUTADA BONAERENSE SE ACCIDENT\u00d3 EN EL CRUCE DE LAS RUTAS 74 Y 50","author":"Alejandro Sosa Ruda","date":"21 diciembre, 2022","format":false,"excerpt":"El siniestro fue producto de un choque frontal entre un Volkswagen Vento conducido por un masculino y un Ford Fiesta en el que transitaba la diputada Melisa Greco junto a un acompa\u00f1ante. 21 de septiembre de 2022 AYACUCHO -\u00a0 La diputada provincial del radicalismo Melisa Greco sufri\u00f3 este domingo por\u2026","rel":"","context":"En \u00abPOLICIALES\u00bb","block_context":{"text":"POLICIALES","link":"https:\/\/larevistadigital.com.ar\/blog\/category\/policiales\/"},"img":{"alt_text":"","src":"https:\/\/i0.wp.com\/larevistadigital.com.ar\/blog\/wp-content\/uploads\/20221220161201_20221218-choquemelisa.jpg?fit=880%2C512&ssl=1&resize=350%2C200","width":350,"height":200,"srcset":"https:\/\/i0.wp.com\/larevistadigital.com.ar\/blog\/wp-content\/uploads\/20221220161201_20221218-choquemelisa.jpg?fit=880%2C512&ssl=1&resize=350%2C200 1x, https:\/\/i0.wp.com\/larevistadigital.com.ar\/blog\/wp-content\/uploads\/20221220161201_20221218-choquemelisa.jpg?fit=880%2C512&ssl=1&resize=525%2C300 1.5x, https:\/\/i0.wp.com\/larevistadigital.com.ar\/blog\/wp-content\/uploads\/20221220161201_20221218-choquemelisa.jpg?fit=880%2C512&ssl=1&resize=700%2C400 2x"},"classes":[]}],"_links":{"self":[{"href":"https:\/\/larevistadigital.com.ar\/blog\/wp-json\/wp\/v2\/posts\/22935","targetHints":{"allow":["GET"]}}],"collection":[{"href":"https:\/\/larevistadigital.com.ar\/blog\/wp-json\/wp\/v2\/posts"}],"about":[{"href":"https:\/\/larevistadigital.com.ar\/blog\/wp-json\/wp\/v2\/types\/post"}],"author":[{"embeddable":true,"href":"https:\/\/larevistadigital.com.ar\/blog\/wp-json\/wp\/v2\/users\/3"}],"replies":[{"embeddable":true,"href":"https:\/\/larevistadigital.com.ar\/blog\/wp-json\/wp\/v2\/comments?post=22935"}],"version-history":[{"count":2,"href":"https:\/\/larevistadigital.com.ar\/blog\/wp-json\/wp\/v2\/posts\/22935\/revisions"}],"predecessor-version":[{"id":22963,"href":"https:\/\/larevistadigital.com.ar\/blog\/wp-json\/wp\/v2\/posts\/22935\/revisions\/22963"}],"wp:featuredmedia":[{"embeddable":true,"href":"https:\/\/larevistadigital.com.ar\/blog\/wp-json\/wp\/v2\/media\/22936"}],"wp:attachment":[{"href":"https:\/\/larevistadigital.com.ar\/blog\/wp-json\/wp\/v2\/media?parent=22935"}],"wp:term":[{"taxonomy":"category","embeddable":true,"href":"https:\/\/larevistadigital.com.ar\/blog\/wp-json\/wp\/v2\/categories?post=22935"},{"taxonomy":"post_tag","embeddable":true,"href":"https:\/\/larevistadigital.com.ar\/blog\/wp-json\/wp\/v2\/tags?post=22935"}],"curies":[{"name":"wp","href":"https:\/\/api.w.org\/{rel}","templated":true}]}}